{"id":258836,"date":"2025-12-10T23:31:14","date_gmt":"2025-12-10T22:31:14","guid":{"rendered":"https:\/\/www.prijedordanas.com\/?p=258836"},"modified":"2025-12-24T23:42:07","modified_gmt":"2025-12-24T22:42:07","slug":"muzej-kozare-otvorena-izlozba-embodiment-katarine-nedeljkovic-video","status":"publish","type":"post","link":"https:\/\/www.prijedordanas.com\/?p=258836","title":{"rendered":"Muzej Kozare: Otvorena izlo\u017eba &#8220;Embodiment&#8221; Katarine Nedeljkovi\u0107 &#8211; VIDEO"},"content":{"rendered":"<p><a href=\"https:\/\/www.prijedordanas.com\/wp-content\/uploads\/2025\/12\/kozarski-katarina-nedeljkovic.jpg\"><img loading=\"lazy\" decoding=\"async\" src=\"https:\/\/www.prijedordanas.com\/wp-content\/uploads\/2025\/12\/kozarski-katarina-nedeljkovic-300x225.jpg\" alt=\"\" width=\"300\" height=\"225\" class=\"alignleft size-medium wp-image-259745\" srcset=\"https:\/\/www.prijedordanas.com\/wp-content\/uploads\/2025\/12\/kozarski-katarina-nedeljkovic-300x225.jpg 300w, https:\/\/www.prijedordanas.com\/wp-content\/uploads\/2025\/12\/kozarski-katarina-nedeljkovic-640x480.jpg 640w, https:\/\/www.prijedordanas.com\/wp-content\/uploads\/2025\/12\/kozarski-katarina-nedeljkovic.jpg 667w\" sizes=\"(max-width: 300px) 100vw, 300px\" \/><\/a>U Muzeju \u201eKozare\u201c otvorena je izlo\u017eba Katarine Nedeljkovi\u0107 \u201eEMBODIMENT\u201c. Nikola Dabi\u0107 kustos Muzeja \u201eKozare\u201c rekao je novinarima da je Nedeljkovi\u0107 po drugi put u Prijedoru, te da se bavi istra\u017eivanjem akta, odnosno ljudskog tijela.<\/p>\n<p>\u201eUradila je 14 radova tehnikom uglja na papiru. Moram re\u0107i da je ugljen kao sirovina veoma dobro povezana sa ideolo\u0161kim i konceptualnim aspektom Katarininih radova jer ona kroz te radove \u017eeli prikazati ranjivost, odnosno \u010dvrstinu \u017eenskog tijela. Ovo je ujedno i na\u0161a poslednja izlo\u017eba ove godine\u201c, rekao je Dabi\u0107.<\/p>\n<p>Nedeljkovi\u0107 je istakla da je ovo njena druga izlo\u017eba u gradu na Sani, ali da je ona prvi put u Prijedoru.<\/p>\n<p>\u201eU pitanju su novi crte\u017ei iz nove serije \u201eBODIMENT\u201c. Radi se konkretno o jednom modelu, o \u017eenskoj figuri, o aktu i \u017eelim naglasiti da moji radovi nemaju nikakvu seksualnu konotaciju. U pitanju je samo telo, prIrodno, bez i\u010deg dodatog na sebi. Ina\u010de se ovaj opus nadovezuje na moja ranija izlaganja. Uglavnom obra\u0111ujem temu \u010doveka i neke dodate potrebe i tih nekih imperijalnih stvari koje su nam nametnute.I dalje je figura primarni vid izra\u017eavanja i istra\u017eivanja, s tim \u0161to sam u ovoj seriji istra\u017eivala telo kao neki svojevrsni pejza\u017e\u201c, rekla je Nedeljkovi\u0107.<\/p>\n<p>Izlo\u017eba je otvorena do 31. decembra.<\/p>\n<p><a href=\"https:\/\/kozarski.com\/otvorena-izlozba-embodiment-katarine-nedeljkovic\/\" rel=\"noopener\" target=\"_blank\">kozarski.com<\/a><\/p>\n<p><iframe loading=\"lazy\" title=\"OTVORENA IZLO\u017dBA \u201eEMBODIMENT\u201c KATARINE NEDELJKOVI\u0106\" width=\"500\" height=\"281\" src=\"https:\/\/www.youtube.com\/embed\/ZqjbwAY7t5g?feature=oembed\" frameborder=\"0\" allow=\"accelerometer; autoplay; clipboard-write; encrypted-media; gyroscope; picture-in-picture; web-share\" referrerpolicy=\"strict-origin-when-cross-origin\" allowfullscreen><\/iframe><\/p>\n","protected":false},"excerpt":{"rendered":"<p>U Muzeju \u201eKozare\u201c otvorena je izlo\u017eba Katarine Nedeljkovi\u0107 \u201eEMBODIMENT\u201c. Nikola Dabi\u0107 kustos Muzeja \u201eKozare\u201c rekao je novinarima da je Nedeljkovi\u0107 po drugi put u Prijedoru, te da se bavi istra\u017eivanjem [&hellip;]<\/p>\n","protected":false},"author":1,"featured_media":0,"comment_status":"closed","ping_status":"open","sticky":false,"template":"","format":"standard","meta":{"_monsterinsights_skip_tracking":false,"_monsterinsights_sitenote_active":false,"_monsterinsights_sitenote_note":"","_monsterinsights_sitenote_category":0,"footnotes":""},"categories":[6],"tags":[],"yoast_head":"<!-- This site is optimized with the Yoast SEO plugin v21.6 - https:\/\/yoast.com\/wordpress\/plugins\/seo\/ -->\n<title>Muzej Kozare: Otvorena izlo\u017eba &quot;Embodiment&quot; Katarine Nedeljkovi\u0107 - VIDEO - PrijedorDanas.com - Prijedorski gradski portal<\/title>\n<meta name=\"robots\" content=\"index, follow, max-snippet:-1, max-image-preview:large, max-video-preview:-1\" \/>\n<link rel=\"canonical\" href=\"https:\/\/www.prijedordanas.com\/?p=258836\" \/>\n<meta property=\"og:locale\" content=\"en_US\" \/>\n<meta property=\"og:type\" content=\"article\" \/>\n<meta property=\"og:title\" content=\"Muzej Kozare: Otvorena izlo\u017eba &quot;Embodiment&quot; Katarine Nedeljkovi\u0107 - VIDEO - PrijedorDanas.com - Prijedorski gradski portal\" \/>\n<meta property=\"og:description\" content=\"U Muzeju \u201eKozare\u201c otvorena je izlo\u017eba Katarine Nedeljkovi\u0107 \u201eEMBODIMENT\u201c. Nikola Dabi\u0107 kustos Muzeja \u201eKozare\u201c rekao je novinarima da je Nedeljkovi\u0107 po drugi put u Prijedoru, te da se bavi istra\u017eivanjem [&hellip;]\" \/>\n<meta property=\"og:url\" content=\"https:\/\/www.prijedordanas.com\/?p=258836\" \/>\n<meta property=\"og:site_name\" content=\"PrijedorDanas.com - Prijedorski gradski portal\" \/>\n<meta property=\"article:publisher\" content=\"https:\/\/www.facebook.com\/PrijedorDanasCom\/\" \/>\n<meta property=\"article:published_time\" content=\"2025-12-10T22:31:14+00:00\" \/>\n<meta property=\"article:modified_time\" content=\"2025-12-24T22:42:07+00:00\" \/>\n<meta property=\"og:image\" content=\"https:\/\/www.prijedordanas.com\/wp-content\/uploads\/2025\/12\/kozarski-katarina-nedeljkovic-300x225.jpg\" \/>\n<meta name=\"author\" content=\"admin\" \/>\n<meta name=\"twitter:card\" content=\"summary_large_image\" \/>\n<meta name=\"twitter:label1\" content=\"Written by\" \/>\n\t<meta name=\"twitter:data1\" content=\"admin\" \/>\n<script type=\"application\/ld+json\" class=\"yoast-schema-graph\">{\"@context\":\"https:\/\/schema.org\",\"@graph\":[{\"@type\":\"Article\",\"@id\":\"https:\/\/www.prijedordanas.com\/?p=258836#article\",\"isPartOf\":{\"@id\":\"https:\/\/www.prijedordanas.com\/?p=258836\"},\"author\":{\"name\":\"admin\",\"@id\":\"https:\/\/www.prijedordanas.com\/#\/schema\/person\/4e08ccf29b506ca916ff86d46bb700e6\"},\"headline\":\"Muzej Kozare: Otvorena izlo\u017eba &#8220;Embodiment&#8221; Katarine Nedeljkovi\u0107 &#8211; VIDEO\",\"datePublished\":\"2025-12-10T22:31:14+00:00\",\"dateModified\":\"2025-12-24T22:42:07+00:00\",\"mainEntityOfPage\":{\"@id\":\"https:\/\/www.prijedordanas.com\/?p=258836\"},\"wordCount\":237,\"publisher\":{\"@id\":\"https:\/\/www.prijedordanas.com\/#organization\"},\"articleSection\":[\"Kultura\"],\"inLanguage\":\"en-US\"},{\"@type\":\"WebPage\",\"@id\":\"https:\/\/www.prijedordanas.com\/?p=258836\",\"url\":\"https:\/\/www.prijedordanas.com\/?p=258836\",\"name\":\"Muzej Kozare: Otvorena izlo\u017eba \\\"Embodiment\\\" Katarine Nedeljkovi\u0107 - VIDEO - PrijedorDanas.com - Prijedorski gradski portal\",\"isPartOf\":{\"@id\":\"https:\/\/www.prijedordanas.com\/#website\"},\"datePublished\":\"2025-12-10T22:31:14+00:00\",\"dateModified\":\"2025-12-24T22:42:07+00:00\",\"breadcrumb\":{\"@id\":\"https:\/\/www.prijedordanas.com\/?p=258836#breadcrumb\"},\"inLanguage\":\"en-US\",\"potentialAction\":[{\"@type\":\"ReadAction\",\"target\":[\"https:\/\/www.prijedordanas.com\/?p=258836\"]}]},{\"@type\":\"BreadcrumbList\",\"@id\":\"https:\/\/www.prijedordanas.com\/?p=258836#breadcrumb\",\"itemListElement\":[{\"@type\":\"ListItem\",\"position\":1,\"name\":\"Home\",\"item\":\"https:\/\/www.prijedordanas.com\/\"},{\"@type\":\"ListItem\",\"position\":2,\"name\":\"Muzej Kozare: Otvorena izlo\u017eba &#8220;Embodiment&#8221; Katarine Nedeljkovi\u0107 &#8211; VIDEO\"}]},{\"@type\":\"WebSite\",\"@id\":\"https:\/\/www.prijedordanas.com\/#website\",\"url\":\"https:\/\/www.prijedordanas.com\/\",\"name\":\"PrijedorDanas.com - Prijedorski gradski portal\",\"description\":\"Portal o doga\u0111anjima u gradu Prijedoru\",\"publisher\":{\"@id\":\"https:\/\/www.prijedordanas.com\/#organization\"},\"potentialAction\":[{\"@type\":\"SearchAction\",\"target\":{\"@type\":\"EntryPoint\",\"urlTemplate\":\"https:\/\/www.prijedordanas.com\/?s={search_term_string}\"},\"query-input\":\"required name=search_term_string\"}],\"inLanguage\":\"en-US\"},{\"@type\":\"Organization\",\"@id\":\"https:\/\/www.prijedordanas.com\/#organization\",\"name\":\"PrijedorDanas.com\",\"url\":\"https:\/\/www.prijedordanas.com\/\",\"logo\":{\"@type\":\"ImageObject\",\"inLanguage\":\"en-US\",\"@id\":\"https:\/\/www.prijedordanas.com\/#\/schema\/logo\/image\/\",\"url\":\"http:\/\/www.prijedordanas.com\/wp-content\/uploads\/2021\/12\/logopng.png\",\"contentUrl\":\"http:\/\/www.prijedordanas.com\/wp-content\/uploads\/2021\/12\/logopng.png\",\"width\":1019,\"height\":776,\"caption\":\"PrijedorDanas.com\"},\"image\":{\"@id\":\"https:\/\/www.prijedordanas.com\/#\/schema\/logo\/image\/\"},\"sameAs\":[\"https:\/\/www.facebook.com\/PrijedorDanasCom\/\"]},{\"@type\":\"Person\",\"@id\":\"https:\/\/www.prijedordanas.com\/#\/schema\/person\/4e08ccf29b506ca916ff86d46bb700e6\",\"name\":\"admin\",\"image\":{\"@type\":\"ImageObject\",\"inLanguage\":\"en-US\",\"@id\":\"https:\/\/www.prijedordanas.com\/#\/schema\/person\/image\/\",\"url\":\"https:\/\/secure.gravatar.com\/avatar\/1d3fc949d550f0b53a5f0d51e06dfd79?s=96&d=mm&r=g\",\"contentUrl\":\"https:\/\/secure.gravatar.com\/avatar\/1d3fc949d550f0b53a5f0d51e06dfd79?s=96&d=mm&r=g\",\"caption\":\"admin\"},\"url\":\"https:\/\/www.prijedordanas.com\/?author=1\"}]}<\/script>\n<!-- \/ Yoast SEO plugin. -->","yoast_head_json":{"title":"Muzej Kozare: Otvorena izlo\u017eba \"Embodiment\" Katarine Nedeljkovi\u0107 - VIDEO - PrijedorDanas.com - Prijedorski gradski portal","robots":{"index":"index","follow":"follow","max-snippet":"max-snippet:-1","max-image-preview":"max-image-preview:large","max-video-preview":"max-video-preview:-1"},"canonical":"https:\/\/www.prijedordanas.com\/?p=258836","og_locale":"en_US","og_type":"article","og_title":"Muzej Kozare: Otvorena izlo\u017eba \"Embodiment\" Katarine Nedeljkovi\u0107 - VIDEO - PrijedorDanas.com - Prijedorski gradski portal","og_description":"U Muzeju \u201eKozare\u201c otvorena je izlo\u017eba Katarine Nedeljkovi\u0107 \u201eEMBODIMENT\u201c. Nikola Dabi\u0107 kustos Muzeja \u201eKozare\u201c rekao je novinarima da je Nedeljkovi\u0107 po drugi put u Prijedoru, te da se bavi istra\u017eivanjem [&hellip;]","og_url":"https:\/\/www.prijedordanas.com\/?p=258836","og_site_name":"PrijedorDanas.com - Prijedorski gradski portal","article_publisher":"https:\/\/www.facebook.com\/PrijedorDanasCom\/","article_published_time":"2025-12-10T22:31:14+00:00","article_modified_time":"2025-12-24T22:42:07+00:00","og_image":[{"url":"https:\/\/www.prijedordanas.com\/wp-content\/uploads\/2025\/12\/kozarski-katarina-nedeljkovic-300x225.jpg"}],"author":"admin","twitter_card":"summary_large_image","twitter_misc":{"Written by":"admin"},"schema":{"@context":"https:\/\/schema.org","@graph":[{"@type":"Article","@id":"https:\/\/www.prijedordanas.com\/?p=258836#article","isPartOf":{"@id":"https:\/\/www.prijedordanas.com\/?p=258836"},"author":{"name":"admin","@id":"https:\/\/www.prijedordanas.com\/#\/schema\/person\/4e08ccf29b506ca916ff86d46bb700e6"},"headline":"Muzej Kozare: Otvorena izlo\u017eba &#8220;Embodiment&#8221; Katarine Nedeljkovi\u0107 &#8211; VIDEO","datePublished":"2025-12-10T22:31:14+00:00","dateModified":"2025-12-24T22:42:07+00:00","mainEntityOfPage":{"@id":"https:\/\/www.prijedordanas.com\/?p=258836"},"wordCount":237,"publisher":{"@id":"https:\/\/www.prijedordanas.com\/#organization"},"articleSection":["Kultura"],"inLanguage":"en-US"},{"@type":"WebPage","@id":"https:\/\/www.prijedordanas.com\/?p=258836","url":"https:\/\/www.prijedordanas.com\/?p=258836","name":"Muzej Kozare: Otvorena izlo\u017eba \"Embodiment\" Katarine Nedeljkovi\u0107 - VIDEO - PrijedorDanas.com - Prijedorski gradski portal","isPartOf":{"@id":"https:\/\/www.prijedordanas.com\/#website"},"datePublished":"2025-12-10T22:31:14+00:00","dateModified":"2025-12-24T22:42:07+00:00","breadcrumb":{"@id":"https:\/\/www.prijedordanas.com\/?p=258836#breadcrumb"},"inLanguage":"en-US","potentialAction":[{"@type":"ReadAction","target":["https:\/\/www.prijedordanas.com\/?p=258836"]}]},{"@type":"BreadcrumbList","@id":"https:\/\/www.prijedordanas.com\/?p=258836#breadcrumb","itemListElement":[{"@type":"ListItem","position":1,"name":"Home","item":"https:\/\/www.prijedordanas.com\/"},{"@type":"ListItem","position":2,"name":"Muzej Kozare: Otvorena izlo\u017eba &#8220;Embodiment&#8221; Katarine Nedeljkovi\u0107 &#8211; VIDEO"}]},{"@type":"WebSite","@id":"https:\/\/www.prijedordanas.com\/#website","url":"https:\/\/www.prijedordanas.com\/","name":"PrijedorDanas.com - Prijedorski gradski portal","description":"Portal o doga\u0111anjima u gradu Prijedoru","publisher":{"@id":"https:\/\/www.prijedordanas.com\/#organization"},"potentialAction":[{"@type":"SearchAction","target":{"@type":"EntryPoint","urlTemplate":"https:\/\/www.prijedordanas.com\/?s={search_term_string}"},"query-input":"required name=search_term_string"}],"inLanguage":"en-US"},{"@type":"Organization","@id":"https:\/\/www.prijedordanas.com\/#organization","name":"PrijedorDanas.com","url":"https:\/\/www.prijedordanas.com\/","logo":{"@type":"ImageObject","inLanguage":"en-US","@id":"https:\/\/www.prijedordanas.com\/#\/schema\/logo\/image\/","url":"http:\/\/www.prijedordanas.com\/wp-content\/uploads\/2021\/12\/logopng.png","contentUrl":"http:\/\/www.prijedordanas.com\/wp-content\/uploads\/2021\/12\/logopng.png","width":1019,"height":776,"caption":"PrijedorDanas.com"},"image":{"@id":"https:\/\/www.prijedordanas.com\/#\/schema\/logo\/image\/"},"sameAs":["https:\/\/www.facebook.com\/PrijedorDanasCom\/"]},{"@type":"Person","@id":"https:\/\/www.prijedordanas.com\/#\/schema\/person\/4e08ccf29b506ca916ff86d46bb700e6","name":"admin","image":{"@type":"ImageObject","inLanguage":"en-US","@id":"https:\/\/www.prijedordanas.com\/#\/schema\/person\/image\/","url":"https:\/\/secure.gravatar.com\/avatar\/1d3fc949d550f0b53a5f0d51e06dfd79?s=96&d=mm&r=g","contentUrl":"https:\/\/secure.gravatar.com\/avatar\/1d3fc949d550f0b53a5f0d51e06dfd79?s=96&d=mm&r=g","caption":"admin"},"url":"https:\/\/www.prijedordanas.com\/?author=1"}]}},"_links":{"self":[{"href":"https:\/\/www.prijedordanas.com\/index.php?rest_route=\/wp\/v2\/posts\/258836"}],"collection":[{"href":"https:\/\/www.prijedordanas.com\/index.php?rest_route=\/wp\/v2\/posts"}],"about":[{"href":"https:\/\/www.prijedordanas.com\/index.php?rest_route=\/wp\/v2\/types\/post"}],"author":[{"embeddable":true,"href":"https:\/\/www.prijedordanas.com\/index.php?rest_route=\/wp\/v2\/users\/1"}],"replies":[{"embeddable":true,"href":"https:\/\/www.prijedordanas.com\/index.php?rest_route=%2Fwp%2Fv2%2Fcomments&post=258836"}],"version-history":[{"count":2,"href":"https:\/\/www.prijedordanas.com\/index.php?rest_route=\/wp\/v2\/posts\/258836\/revisions"}],"predecessor-version":[{"id":259746,"href":"https:\/\/www.prijedordanas.com\/index.php?rest_route=\/wp\/v2\/posts\/258836\/revisions\/259746"}],"wp:attachment":[{"href":"https:\/\/www.prijedordanas.com\/index.php?rest_route=%2Fwp%2Fv2%2Fmedia&parent=258836"}],"wp:term":[{"taxonomy":"category","embeddable":true,"href":"https:\/\/www.prijedordanas.com\/index.php?rest_route=%2Fwp%2Fv2%2Fcategories&post=258836"},{"taxonomy":"post_tag","embeddable":true,"href":"https:\/\/www.prijedordanas.com\/index.php?rest_route=%2Fwp%2Fv2%2Ftags&post=258836"}],"curies":[{"name":"wp","href":"https:\/\/api.w.org\/{rel}","templated":true}]}}