{"id":258728,"date":"2025-12-08T16:34:44","date_gmt":"2025-12-08T15:34:44","guid":{"rendered":"https:\/\/www.prijedordanas.com\/?p=258728"},"modified":"2025-12-08T16:34:44","modified_gmt":"2025-12-08T15:34:44","slug":"prijedor-gnjatic-sindikat-obrazovanja-trazi-povecanje-plate-i-za-radnike-sa-srednjom-i-visom-skolom-video","status":"publish","type":"post","link":"https:\/\/www.prijedordanas.com\/?p=258728","title":{"rendered":"Prijedor &#8211; Gnjati\u0107: Sindikat obrazovanja tra\u017ei pove\u0107anje plate i za radnike sa srednjom i vi\u0161om \u0161kolom &#8211; VIDEO"},"content":{"rendered":"<p><a href=\"https:\/\/www.prijedordanas.com\/wp-content\/uploads\/2025\/12\/kozarski-sindikat-gnjatic.jpg\"><img loading=\"lazy\" decoding=\"async\" src=\"https:\/\/www.prijedordanas.com\/wp-content\/uploads\/2025\/12\/kozarski-sindikat-gnjatic-300x225.jpg\" alt=\"\" width=\"300\" height=\"225\" class=\"alignleft size-medium wp-image-258729\" srcset=\"https:\/\/www.prijedordanas.com\/wp-content\/uploads\/2025\/12\/kozarski-sindikat-gnjatic-300x225.jpg 300w, https:\/\/www.prijedordanas.com\/wp-content\/uploads\/2025\/12\/kozarski-sindikat-gnjatic-640x480.jpg 640w, https:\/\/www.prijedordanas.com\/wp-content\/uploads\/2025\/12\/kozarski-sindikat-gnjatic.jpg 667w\" sizes=\"(max-width: 300px) 100vw, 300px\" \/><\/a>Sa Ministarstvom prosvjete i kulture i Ministarstvom za visoko obrazobvanje i nau\u010dno tehnolo\u0161ki razvoj Republike Srpske, polovinom 2023. godine Sindikat obrazovanja, nauke i kulture potpisao je sporazum o dinamici uskla\u0111ivanja platnih koeficijenata za zaposlene sa visokom stru\u010dnom spremom u obrazovanju i kulturi sa onima koji imaju visoku stru\u010dnu spremu u organima uprave Republike Srpske. <\/p>\n<p>Nakon toga, plate prosvjetarima sa visokom stru\u010dnom spremom dva puta su pove\u0107avane, a predvi\u0111eno je da uskla\u0111ivanje bude zavr\u0161eno do 1. januara 2026. godine izmjenama Zakona o platama. <\/p>\n<p>U Sindikatu obrazovanja, nauke i kulture ka\u017eu da \u0107e time biti zavr\u0161en jedan dio problema, dodaju\u0107i da \u0107e u nepovljnom polo\u017eaju ostati zaposleni u obrazovanju i klulturi sa srednjom i vi\u0161om stru\u010dnom spremom. <\/p>\n<p>Predsjednik ovog Sindikata Dragan Gnjati\u0107 napominje da \u0107e pregovori sa resornim ministarstvima biti nastavljeni i izra\u017eava nadu da \u0107e rezultat biti pozitivan. <\/p>\n<p>\u201cNastavi\u0107emo pregovore koji su prethodnih godina bili intenzivni da ispravimo odre\u0111ene nelogi\u010dnosti. Prije svega mislim na radnike koji imaju vi\u0161u \u0161kolu, vrijedno, po\u0161teno, korektno i kvalitetno rade svoj posao kao nastavnici, potpuno isti posao. Tako\u0111e na radnike koji imaju srednju stru\u010dnu spremu a dr\u017ee nastavu. Imamo odre\u0111en broj sekretara, ra\u010dunovo\u0111a koji imaju vi\u0161u ili srednju \u0161kolu i imamo odre\u0111en broj radnika  gdje vidimo odre\u0111ene nelog\u010dosti. \u0160ta to zna\u010di? Radnik nastavnik sa visokom stru\u010dnom spremom \u0107e poslije usla\u0111ivanja imati 1.915 maraka, radnik sa vi\u0161om \u0161kolom koji radi potpuno isti posao \u0107e ostati na 1.620 maraka, a radnik koji sa srednjom stru\u010dnom spremom predaje recimo muzi\u010dko,  osta\u0107e na nekih 1.300 maraka. Te razlike su prevelike. Mi tra\u017eimo ve\u0107 godinama da te razlike postoje, ali u mnogo manjem obimu. Sindikat obrazovanja, nauke i kulture apsolutno pozdravlja realizaciju sporazuma i zadovoljni smo time da kona\u010dno ovaj posao zavr\u0161imo, ali ove nelogu\u0107nosti su ne\u0161to \u0161to je evidentno i mi \u0107emo insistirati na tome da one budu ispravljene u narodnom periodu\u201d, poru\u010dio je Gnjati\u0107.  <\/p>\n<p>Po njegovim rije\u010dima, za pove\u0107enje plata i dostojanstva radnicima u prosvjeti i kulturi koji imaju srednju i vi\u0161u stru\u010dnu spremu,  na godi\u0161njem nivou bi trebalo oko 1,4 miliona maraka.<\/p>\n<p><strong><a href=\"https:\/\/kozarski.com\/sindikat-obrazovanja-trazi-povecanje-plate-i-za-radnke-sa-srednjom-i-visom-skolom\/\" rel=\"noopener\" target=\"_blank\">kozarski.com<\/a><\/strong><\/p>\n<p><iframe loading=\"lazy\" title=\"SINDIKAT OBRAZOVANJA TRA\u017dI POVE\u0106ANJE PLATE I ZA RADNIKE SA SREDNJOM I VI\u0160OM \u0160KOLOM\" width=\"500\" height=\"281\" src=\"https:\/\/www.youtube.com\/embed\/yCcNCZCccbw?feature=oembed\" frameborder=\"0\" allow=\"accelerometer; autoplay; clipboard-write; encrypted-media; gyroscope; picture-in-picture; web-share\" referrerpolicy=\"strict-origin-when-cross-origin\" allowfullscreen><\/iframe><\/p>\n","protected":false},"excerpt":{"rendered":"<p>Sa Ministarstvom prosvjete i kulture i Ministarstvom za visoko obrazobvanje i nau\u010dno tehnolo\u0161ki razvoj Republike Srpske, polovinom 2023. godine Sindikat obrazovanja, nauke i kulture potpisao je sporazum o dinamici uskla\u0111ivanja [&hellip;]<\/p>\n","protected":false},"author":1,"featured_media":0,"comment_status":"closed","ping_status":"open","sticky":false,"template":"","format":"standard","meta":{"_monsterinsights_skip_tracking":false,"_monsterinsights_sitenote_active":false,"_monsterinsights_sitenote_note":"","_monsterinsights_sitenote_category":0,"footnotes":""},"categories":[8],"tags":[],"yoast_head":"<!-- This site is optimized with the Yoast SEO plugin v21.6 - https:\/\/yoast.com\/wordpress\/plugins\/seo\/ -->\n<title>Prijedor - Gnjati\u0107: Sindikat obrazovanja tra\u017ei pove\u0107anje plate i za radnike sa srednjom i vi\u0161om \u0161kolom - VIDEO - PrijedorDanas.com - Prijedorski gradski portal<\/title>\n<meta name=\"robots\" content=\"index, follow, max-snippet:-1, max-image-preview:large, max-video-preview:-1\" \/>\n<link rel=\"canonical\" href=\"https:\/\/www.prijedordanas.com\/?p=258728\" \/>\n<meta property=\"og:locale\" content=\"en_US\" \/>\n<meta property=\"og:type\" content=\"article\" \/>\n<meta property=\"og:title\" content=\"Prijedor - Gnjati\u0107: Sindikat obrazovanja tra\u017ei pove\u0107anje plate i za radnike sa srednjom i vi\u0161om \u0161kolom - VIDEO - PrijedorDanas.com - Prijedorski gradski portal\" \/>\n<meta property=\"og:description\" content=\"Sa Ministarstvom prosvjete i kulture i Ministarstvom za visoko obrazobvanje i nau\u010dno tehnolo\u0161ki razvoj Republike Srpske, polovinom 2023. godine Sindikat obrazovanja, nauke i kulture potpisao je sporazum o dinamici uskla\u0111ivanja [&hellip;]\" \/>\n<meta property=\"og:url\" content=\"https:\/\/www.prijedordanas.com\/?p=258728\" \/>\n<meta property=\"og:site_name\" content=\"PrijedorDanas.com - Prijedorski gradski portal\" \/>\n<meta property=\"article:publisher\" content=\"https:\/\/www.facebook.com\/PrijedorDanasCom\/\" \/>\n<meta property=\"article:published_time\" content=\"2025-12-08T15:34:44+00:00\" \/>\n<meta property=\"og:image\" content=\"https:\/\/www.prijedordanas.com\/wp-content\/uploads\/2025\/12\/kozarski-sindikat-gnjatic-300x225.jpg\" \/>\n<meta name=\"author\" content=\"admin\" \/>\n<meta name=\"twitter:card\" content=\"summary_large_image\" \/>\n<meta name=\"twitter:label1\" content=\"Written by\" \/>\n\t<meta name=\"twitter:data1\" content=\"admin\" \/>\n<script type=\"application\/ld+json\" class=\"yoast-schema-graph\">{\"@context\":\"https:\/\/schema.org\",\"@graph\":[{\"@type\":\"Article\",\"@id\":\"https:\/\/www.prijedordanas.com\/?p=258728#article\",\"isPartOf\":{\"@id\":\"https:\/\/www.prijedordanas.com\/?p=258728\"},\"author\":{\"name\":\"admin\",\"@id\":\"https:\/\/www.prijedordanas.com\/#\/schema\/person\/4e08ccf29b506ca916ff86d46bb700e6\"},\"headline\":\"Prijedor &#8211; Gnjati\u0107: Sindikat obrazovanja tra\u017ei pove\u0107anje plate i za radnike sa srednjom i vi\u0161om \u0161kolom &#8211; VIDEO\",\"datePublished\":\"2025-12-08T15:34:44+00:00\",\"dateModified\":\"2025-12-08T15:34:44+00:00\",\"mainEntityOfPage\":{\"@id\":\"https:\/\/www.prijedordanas.com\/?p=258728\"},\"wordCount\":407,\"publisher\":{\"@id\":\"https:\/\/www.prijedordanas.com\/#organization\"},\"articleSection\":[\"Svakodnevno\"],\"inLanguage\":\"en-US\"},{\"@type\":\"WebPage\",\"@id\":\"https:\/\/www.prijedordanas.com\/?p=258728\",\"url\":\"https:\/\/www.prijedordanas.com\/?p=258728\",\"name\":\"Prijedor - Gnjati\u0107: Sindikat obrazovanja tra\u017ei pove\u0107anje plate i za radnike sa srednjom i vi\u0161om \u0161kolom - VIDEO - PrijedorDanas.com - Prijedorski gradski portal\",\"isPartOf\":{\"@id\":\"https:\/\/www.prijedordanas.com\/#website\"},\"datePublished\":\"2025-12-08T15:34:44+00:00\",\"dateModified\":\"2025-12-08T15:34:44+00:00\",\"breadcrumb\":{\"@id\":\"https:\/\/www.prijedordanas.com\/?p=258728#breadcrumb\"},\"inLanguage\":\"en-US\",\"potentialAction\":[{\"@type\":\"ReadAction\",\"target\":[\"https:\/\/www.prijedordanas.com\/?p=258728\"]}]},{\"@type\":\"BreadcrumbList\",\"@id\":\"https:\/\/www.prijedordanas.com\/?p=258728#breadcrumb\",\"itemListElement\":[{\"@type\":\"ListItem\",\"position\":1,\"name\":\"Home\",\"item\":\"https:\/\/www.prijedordanas.com\/\"},{\"@type\":\"ListItem\",\"position\":2,\"name\":\"Prijedor &#8211; Gnjati\u0107: Sindikat obrazovanja tra\u017ei pove\u0107anje plate i za radnike sa srednjom i vi\u0161om \u0161kolom &#8211; VIDEO\"}]},{\"@type\":\"WebSite\",\"@id\":\"https:\/\/www.prijedordanas.com\/#website\",\"url\":\"https:\/\/www.prijedordanas.com\/\",\"name\":\"PrijedorDanas.com - Prijedorski gradski portal\",\"description\":\"Portal o doga\u0111anjima u gradu Prijedoru\",\"publisher\":{\"@id\":\"https:\/\/www.prijedordanas.com\/#organization\"},\"potentialAction\":[{\"@type\":\"SearchAction\",\"target\":{\"@type\":\"EntryPoint\",\"urlTemplate\":\"https:\/\/www.prijedordanas.com\/?s={search_term_string}\"},\"query-input\":\"required name=search_term_string\"}],\"inLanguage\":\"en-US\"},{\"@type\":\"Organization\",\"@id\":\"https:\/\/www.prijedordanas.com\/#organization\",\"name\":\"PrijedorDanas.com\",\"url\":\"https:\/\/www.prijedordanas.com\/\",\"logo\":{\"@type\":\"ImageObject\",\"inLanguage\":\"en-US\",\"@id\":\"https:\/\/www.prijedordanas.com\/#\/schema\/logo\/image\/\",\"url\":\"http:\/\/www.prijedordanas.com\/wp-content\/uploads\/2021\/12\/logopng.png\",\"contentUrl\":\"http:\/\/www.prijedordanas.com\/wp-content\/uploads\/2021\/12\/logopng.png\",\"width\":1019,\"height\":776,\"caption\":\"PrijedorDanas.com\"},\"image\":{\"@id\":\"https:\/\/www.prijedordanas.com\/#\/schema\/logo\/image\/\"},\"sameAs\":[\"https:\/\/www.facebook.com\/PrijedorDanasCom\/\"]},{\"@type\":\"Person\",\"@id\":\"https:\/\/www.prijedordanas.com\/#\/schema\/person\/4e08ccf29b506ca916ff86d46bb700e6\",\"name\":\"admin\",\"image\":{\"@type\":\"ImageObject\",\"inLanguage\":\"en-US\",\"@id\":\"https:\/\/www.prijedordanas.com\/#\/schema\/person\/image\/\",\"url\":\"https:\/\/secure.gravatar.com\/avatar\/1d3fc949d550f0b53a5f0d51e06dfd79?s=96&d=mm&r=g\",\"contentUrl\":\"https:\/\/secure.gravatar.com\/avatar\/1d3fc949d550f0b53a5f0d51e06dfd79?s=96&d=mm&r=g\",\"caption\":\"admin\"},\"url\":\"https:\/\/www.prijedordanas.com\/?author=1\"}]}<\/script>\n<!-- \/ Yoast SEO plugin. -->","yoast_head_json":{"title":"Prijedor - Gnjati\u0107: Sindikat obrazovanja tra\u017ei pove\u0107anje plate i za radnike sa srednjom i vi\u0161om \u0161kolom - VIDEO - PrijedorDanas.com - Prijedorski gradski portal","robots":{"index":"index","follow":"follow","max-snippet":"max-snippet:-1","max-image-preview":"max-image-preview:large","max-video-preview":"max-video-preview:-1"},"canonical":"https:\/\/www.prijedordanas.com\/?p=258728","og_locale":"en_US","og_type":"article","og_title":"Prijedor - Gnjati\u0107: Sindikat obrazovanja tra\u017ei pove\u0107anje plate i za radnike sa srednjom i vi\u0161om \u0161kolom - VIDEO - PrijedorDanas.com - Prijedorski gradski portal","og_description":"Sa Ministarstvom prosvjete i kulture i Ministarstvom za visoko obrazobvanje i nau\u010dno tehnolo\u0161ki razvoj Republike Srpske, polovinom 2023. godine Sindikat obrazovanja, nauke i kulture potpisao je sporazum o dinamici uskla\u0111ivanja [&hellip;]","og_url":"https:\/\/www.prijedordanas.com\/?p=258728","og_site_name":"PrijedorDanas.com - Prijedorski gradski portal","article_publisher":"https:\/\/www.facebook.com\/PrijedorDanasCom\/","article_published_time":"2025-12-08T15:34:44+00:00","og_image":[{"url":"https:\/\/www.prijedordanas.com\/wp-content\/uploads\/2025\/12\/kozarski-sindikat-gnjatic-300x225.jpg"}],"author":"admin","twitter_card":"summary_large_image","twitter_misc":{"Written by":"admin"},"schema":{"@context":"https:\/\/schema.org","@graph":[{"@type":"Article","@id":"https:\/\/www.prijedordanas.com\/?p=258728#article","isPartOf":{"@id":"https:\/\/www.prijedordanas.com\/?p=258728"},"author":{"name":"admin","@id":"https:\/\/www.prijedordanas.com\/#\/schema\/person\/4e08ccf29b506ca916ff86d46bb700e6"},"headline":"Prijedor &#8211; Gnjati\u0107: Sindikat obrazovanja tra\u017ei pove\u0107anje plate i za radnike sa srednjom i vi\u0161om \u0161kolom &#8211; VIDEO","datePublished":"2025-12-08T15:34:44+00:00","dateModified":"2025-12-08T15:34:44+00:00","mainEntityOfPage":{"@id":"https:\/\/www.prijedordanas.com\/?p=258728"},"wordCount":407,"publisher":{"@id":"https:\/\/www.prijedordanas.com\/#organization"},"articleSection":["Svakodnevno"],"inLanguage":"en-US"},{"@type":"WebPage","@id":"https:\/\/www.prijedordanas.com\/?p=258728","url":"https:\/\/www.prijedordanas.com\/?p=258728","name":"Prijedor - Gnjati\u0107: Sindikat obrazovanja tra\u017ei pove\u0107anje plate i za radnike sa srednjom i vi\u0161om \u0161kolom - VIDEO - PrijedorDanas.com - Prijedorski gradski portal","isPartOf":{"@id":"https:\/\/www.prijedordanas.com\/#website"},"datePublished":"2025-12-08T15:34:44+00:00","dateModified":"2025-12-08T15:34:44+00:00","breadcrumb":{"@id":"https:\/\/www.prijedordanas.com\/?p=258728#breadcrumb"},"inLanguage":"en-US","potentialAction":[{"@type":"ReadAction","target":["https:\/\/www.prijedordanas.com\/?p=258728"]}]},{"@type":"BreadcrumbList","@id":"https:\/\/www.prijedordanas.com\/?p=258728#breadcrumb","itemListElement":[{"@type":"ListItem","position":1,"name":"Home","item":"https:\/\/www.prijedordanas.com\/"},{"@type":"ListItem","position":2,"name":"Prijedor &#8211; Gnjati\u0107: Sindikat obrazovanja tra\u017ei pove\u0107anje plate i za radnike sa srednjom i vi\u0161om \u0161kolom &#8211; VIDEO"}]},{"@type":"WebSite","@id":"https:\/\/www.prijedordanas.com\/#website","url":"https:\/\/www.prijedordanas.com\/","name":"PrijedorDanas.com - Prijedorski gradski portal","description":"Portal o doga\u0111anjima u gradu Prijedoru","publisher":{"@id":"https:\/\/www.prijedordanas.com\/#organization"},"potentialAction":[{"@type":"SearchAction","target":{"@type":"EntryPoint","urlTemplate":"https:\/\/www.prijedordanas.com\/?s={search_term_string}"},"query-input":"required name=search_term_string"}],"inLanguage":"en-US"},{"@type":"Organization","@id":"https:\/\/www.prijedordanas.com\/#organization","name":"PrijedorDanas.com","url":"https:\/\/www.prijedordanas.com\/","logo":{"@type":"ImageObject","inLanguage":"en-US","@id":"https:\/\/www.prijedordanas.com\/#\/schema\/logo\/image\/","url":"http:\/\/www.prijedordanas.com\/wp-content\/uploads\/2021\/12\/logopng.png","contentUrl":"http:\/\/www.prijedordanas.com\/wp-content\/uploads\/2021\/12\/logopng.png","width":1019,"height":776,"caption":"PrijedorDanas.com"},"image":{"@id":"https:\/\/www.prijedordanas.com\/#\/schema\/logo\/image\/"},"sameAs":["https:\/\/www.facebook.com\/PrijedorDanasCom\/"]},{"@type":"Person","@id":"https:\/\/www.prijedordanas.com\/#\/schema\/person\/4e08ccf29b506ca916ff86d46bb700e6","name":"admin","image":{"@type":"ImageObject","inLanguage":"en-US","@id":"https:\/\/www.prijedordanas.com\/#\/schema\/person\/image\/","url":"https:\/\/secure.gravatar.com\/avatar\/1d3fc949d550f0b53a5f0d51e06dfd79?s=96&d=mm&r=g","contentUrl":"https:\/\/secure.gravatar.com\/avatar\/1d3fc949d550f0b53a5f0d51e06dfd79?s=96&d=mm&r=g","caption":"admin"},"url":"https:\/\/www.prijedordanas.com\/?author=1"}]}},"_links":{"self":[{"href":"https:\/\/www.prijedordanas.com\/index.php?rest_route=\/wp\/v2\/posts\/258728"}],"collection":[{"href":"https:\/\/www.prijedordanas.com\/index.php?rest_route=\/wp\/v2\/posts"}],"about":[{"href":"https:\/\/www.prijedordanas.com\/index.php?rest_route=\/wp\/v2\/types\/post"}],"author":[{"embeddable":true,"href":"https:\/\/www.prijedordanas.com\/index.php?rest_route=\/wp\/v2\/users\/1"}],"replies":[{"embeddable":true,"href":"https:\/\/www.prijedordanas.com\/index.php?rest_route=%2Fwp%2Fv2%2Fcomments&post=258728"}],"version-history":[{"count":1,"href":"https:\/\/www.prijedordanas.com\/index.php?rest_route=\/wp\/v2\/posts\/258728\/revisions"}],"predecessor-version":[{"id":258730,"href":"https:\/\/www.prijedordanas.com\/index.php?rest_route=\/wp\/v2\/posts\/258728\/revisions\/258730"}],"wp:attachment":[{"href":"https:\/\/www.prijedordanas.com\/index.php?rest_route=%2Fwp%2Fv2%2Fmedia&parent=258728"}],"wp:term":[{"taxonomy":"category","embeddable":true,"href":"https:\/\/www.prijedordanas.com\/index.php?rest_route=%2Fwp%2Fv2%2Fcategories&post=258728"},{"taxonomy":"post_tag","embeddable":true,"href":"https:\/\/www.prijedordanas.com\/index.php?rest_route=%2Fwp%2Fv2%2Ftags&post=258728"}],"curies":[{"name":"wp","href":"https:\/\/api.w.org\/{rel}","templated":true}]}}