{"id":258218,"date":"2025-11-28T23:58:49","date_gmt":"2025-11-28T22:58:49","guid":{"rendered":"https:\/\/www.prijedordanas.com\/?p=258218"},"modified":"2025-11-28T23:58:49","modified_gmt":"2025-11-28T22:58:49","slug":"prijedor-otvorena-izlozba-sitnih-zivotinja-foto-video-2","status":"publish","type":"post","link":"https:\/\/www.prijedordanas.com\/?p=258218","title":{"rendered":"Prijedor: Otvorena izlo\u017eba sitnih \u017eivotinja &#8211; FOTO\/VIDEO"},"content":{"rendered":"<p><a href=\"https:\/\/www.prijedordanas.com\/wp-content\/uploads\/2025\/11\/golub-izlozba-2025-otvaranje-1.jpg\"><img loading=\"lazy\" decoding=\"async\" class=\"alignleft size-medium wp-image-258219\" src=\"https:\/\/www.prijedordanas.com\/wp-content\/uploads\/2025\/11\/golub-izlozba-2025-otvaranje-1-300x225.jpg\" alt=\"\" width=\"300\" height=\"225\" srcset=\"https:\/\/www.prijedordanas.com\/wp-content\/uploads\/2025\/11\/golub-izlozba-2025-otvaranje-1-300x225.jpg 300w, https:\/\/www.prijedordanas.com\/wp-content\/uploads\/2025\/11\/golub-izlozba-2025-otvaranje-1-640x480.jpg 640w, https:\/\/www.prijedordanas.com\/wp-content\/uploads\/2025\/11\/golub-izlozba-2025-otvaranje-1.jpg 667w\" sizes=\"(max-width: 300px) 100vw, 300px\" \/><\/a>U Prijedoru je danas sve\u010dano otvorena izlo\u017eba sitnih \u017eivotinja. Najvi\u0161e odu\u0161evljenja, o\u010dekivano, pokazali su najmla\u0111i.<\/p>\n<p>\u201cNa ovu izlo\u017ebu uvijek do\u0111em sa mamom i tatom, a ove godine sam do\u0161la sa drugarima iz \u0161kole. Vidjeli smo razne \u017eivotinje, a najvi\u0161e su mi se svidjeli ze\u010devi i pili\u0107i\u201d, rekla je Tara Kljaji\u0107 iz Osnovne \u0161kole \u201cDesanka Maksimovi\u0107\u201d.<\/p>\n<p>Organizator izlo\u017ebe je Dru\u0161tvo za uzgoj i za\u0161titu sitnih \u017eivotinja \u201cGolub\u201d. Ovo je 16. dr\u017eavna i 44. me\u0111ugradska izlo\u017eba sitnih \u017eivotinja.<\/p>\n<p>\u201cImamo preko 100 izlaga\u010da iz BiH. Izlo\u017eeno je preko 1.700 eksponata. Ono \u0161to nas posebno raduje, prijavljen je rekordan broj \u017eivine, 770 eksponata, \u0161to nije rekord samo za na\u0161e udru\u017eenje i na\u0161u manifestaciju, nego i za manifestacije koje se organizuju \u0161irom BiH i u okru\u017eenju\u201d, istakao je Mladen Goronji\u0107, predsjednik Dru\u0161tva \u201cGolub\u201d.<\/p>\n<p><a href=\"https:\/\/www.prijedordanas.com\/wp-content\/uploads\/2025\/11\/golub-izlozba-2025-otvaranje-3.jpg\"><img loading=\"lazy\" decoding=\"async\" src=\"https:\/\/www.prijedordanas.com\/wp-content\/uploads\/2025\/11\/golub-izlozba-2025-otvaranje-3-300x225.jpg\" alt=\"\" width=\"300\" height=\"225\" class=\"alignleft size-medium wp-image-258220\" srcset=\"https:\/\/www.prijedordanas.com\/wp-content\/uploads\/2025\/11\/golub-izlozba-2025-otvaranje-3-300x225.jpg 300w, https:\/\/www.prijedordanas.com\/wp-content\/uploads\/2025\/11\/golub-izlozba-2025-otvaranje-3-640x480.jpg 640w, https:\/\/www.prijedordanas.com\/wp-content\/uploads\/2025\/11\/golub-izlozba-2025-otvaranje-3.jpg 667w\" sizes=\"(max-width: 300px) 100vw, 300px\" \/><\/a>\u201cOvo je 16. dr\u017eavna izlo\u017eba i to je ne\u0161to najve\u0107e \u0161to se tokom izlo\u017ebene sezone odr\u017eava u BiH. Imamo \u010dast da je to ba\u0161 Prijedor. Ovaj grad po drugi put odr\u017eava ovakvu izlo\u017ebu i samim tim ovdje djeluje jedno od najja\u010dih dru\u0161tava u RS\u201d, dodao je \u0110uro Mitrakovi\u0107, predsjednik Saveza za uzgoj i za\u0161titu sitnih \u017eivotinja BiH.<\/p>\n<p>Pokrovitelj izlo\u017ebe sitnih \u017eivotinja je Grad Prijedor.<\/p>\n<p>\u201cGradska uprava je podr\u017eala ovu manifestaciju, na\u0161a podr\u0161ka ovom udru\u017eenju ne\u0107e izostati ni u narednom periodu. U ime Gradske uprave \u017eelim da se zahvalim svim izlaga\u010dima koji su do\u0161li u na\u0161 grad, da u\u017eivaju, da ponesu najljep\u0161e uspomene i da nam se vrate naredne godine u jo\u0161 ve\u0107em broju\u201d, rekao je Boris An\u0111i\u0107, portparol Gradske uprave Prijedor.<\/p>\n<p>Na sve\u010danom otvaranju izlo\u017ebe dodijeljene su zahvalnice svima koji su podr\u017eali ovu manifestaciju, te predstavnicima osnovnih \u0161kola i vrti\u0107a.<\/p>\n<p>U Sportskoj dvorani \u201cMladost\u201d i sutra \u0107e izlo\u017eba biti otvorena za posjetioce, od 8.00 do 21.00 \u010das. U nedjelju \u0107e, tradicionalno, biti odr\u017eana berza sitnih \u017eivotinja od 8.00 do 12.00 \u010dasova.<\/p>\n<p><a href=\"https:\/\/kozarski.com\/otvorena-izlozba-sitnih-zivotinja\/\" target=\"_blank\" rel=\"noopener\">kozarski.com<\/a><\/p>\n<p><a href=\"https:\/\/www.prijedordanas.com\/wp-content\/uploads\/2025\/11\/golub-izlozba-2025-otvaranje-4.jpg\"><img loading=\"lazy\" decoding=\"async\" src=\"https:\/\/www.prijedordanas.com\/wp-content\/uploads\/2025\/11\/golub-izlozba-2025-otvaranje-4-300x225.jpg\" alt=\"\" width=\"300\" height=\"225\" class=\"alignleft size-medium wp-image-258221\" srcset=\"https:\/\/www.prijedordanas.com\/wp-content\/uploads\/2025\/11\/golub-izlozba-2025-otvaranje-4-300x225.jpg 300w, https:\/\/www.prijedordanas.com\/wp-content\/uploads\/2025\/11\/golub-izlozba-2025-otvaranje-4-640x480.jpg 640w, https:\/\/www.prijedordanas.com\/wp-content\/uploads\/2025\/11\/golub-izlozba-2025-otvaranje-4.jpg 667w\" sizes=\"(max-width: 300px) 100vw, 300px\" \/><\/a> <a href=\"https:\/\/www.prijedordanas.com\/wp-content\/uploads\/2025\/11\/golub-izlozba-2025-otvaranje-2.jpg\"><img loading=\"lazy\" decoding=\"async\" src=\"https:\/\/www.prijedordanas.com\/wp-content\/uploads\/2025\/11\/golub-izlozba-2025-otvaranje-2-300x225.jpg\" alt=\"\" width=\"300\" height=\"225\" class=\"alignleft size-medium wp-image-258222\" srcset=\"https:\/\/www.prijedordanas.com\/wp-content\/uploads\/2025\/11\/golub-izlozba-2025-otvaranje-2-300x225.jpg 300w, https:\/\/www.prijedordanas.com\/wp-content\/uploads\/2025\/11\/golub-izlozba-2025-otvaranje-2-640x480.jpg 640w, https:\/\/www.prijedordanas.com\/wp-content\/uploads\/2025\/11\/golub-izlozba-2025-otvaranje-2.jpg 667w\" sizes=\"(max-width: 300px) 100vw, 300px\" \/><\/a> <a href=\"https:\/\/www.prijedordanas.com\/wp-content\/uploads\/2025\/11\/golub-izlozba-2025-otvaranje-5.jpg\"><img loading=\"lazy\" decoding=\"async\" src=\"https:\/\/www.prijedordanas.com\/wp-content\/uploads\/2025\/11\/golub-izlozba-2025-otvaranje-5-300x200.jpg\" alt=\"\" width=\"300\" height=\"200\" class=\"alignleft size-medium wp-image-258223\" srcset=\"https:\/\/www.prijedordanas.com\/wp-content\/uploads\/2025\/11\/golub-izlozba-2025-otvaranje-5-300x200.jpg 300w, https:\/\/www.prijedordanas.com\/wp-content\/uploads\/2025\/11\/golub-izlozba-2025-otvaranje-5-480x320.jpg 480w, https:\/\/www.prijedordanas.com\/wp-content\/uploads\/2025\/11\/golub-izlozba-2025-otvaranje-5.jpg 600w\" sizes=\"(max-width: 300px) 100vw, 300px\" \/><\/a> <a href=\"https:\/\/www.prijedordanas.com\/wp-content\/uploads\/2025\/11\/golub-izlozba-2025-otvaranje-6.jpg\"><img loading=\"lazy\" decoding=\"async\" src=\"https:\/\/www.prijedordanas.com\/wp-content\/uploads\/2025\/11\/golub-izlozba-2025-otvaranje-6-300x200.jpg\" alt=\"\" width=\"300\" height=\"200\" class=\"alignleft size-medium wp-image-258224\" srcset=\"https:\/\/www.prijedordanas.com\/wp-content\/uploads\/2025\/11\/golub-izlozba-2025-otvaranje-6-300x200.jpg 300w, https:\/\/www.prijedordanas.com\/wp-content\/uploads\/2025\/11\/golub-izlozba-2025-otvaranje-6-480x320.jpg 480w, https:\/\/www.prijedordanas.com\/wp-content\/uploads\/2025\/11\/golub-izlozba-2025-otvaranje-6.jpg 600w\" sizes=\"(max-width: 300px) 100vw, 300px\" \/><\/a><\/p>\n<p><iframe loading=\"lazy\" style=\"border: none; overflow: hidden;\" src=\"https:\/\/www.facebook.com\/plugins\/video.php?height=476&amp;href=https%3A%2F%2Fwww.facebook.com%2Freel%2F1871664423427681%2F&amp;show_text=false&amp;width=267&amp;t=0\" width=\"267\" height=\"476\" frameborder=\"0\" scrolling=\"no\" allowfullscreen=\"allowfullscreen\"><\/iframe><\/p>\n<p><a href=\"https:\/\/www.prijedordanas.com\/wp-content\/uploads\/2025\/11\/golub-izlozba-2025-otvaranje-7.jpg\"><img loading=\"lazy\" decoding=\"async\" src=\"https:\/\/www.prijedordanas.com\/wp-content\/uploads\/2025\/11\/golub-izlozba-2025-otvaranje-7-300x200.jpg\" alt=\"\" width=\"300\" height=\"200\" class=\"alignleft size-medium wp-image-258225\" srcset=\"https:\/\/www.prijedordanas.com\/wp-content\/uploads\/2025\/11\/golub-izlozba-2025-otvaranje-7-300x200.jpg 300w, https:\/\/www.prijedordanas.com\/wp-content\/uploads\/2025\/11\/golub-izlozba-2025-otvaranje-7-480x320.jpg 480w, https:\/\/www.prijedordanas.com\/wp-content\/uploads\/2025\/11\/golub-izlozba-2025-otvaranje-7.jpg 600w\" sizes=\"(max-width: 300px) 100vw, 300px\" \/><\/a> <a href=\"https:\/\/www.prijedordanas.com\/wp-content\/uploads\/2025\/11\/golub-izlozba-2025-otvaranje-8.jpg\"><img loading=\"lazy\" decoding=\"async\" src=\"https:\/\/www.prijedordanas.com\/wp-content\/uploads\/2025\/11\/golub-izlozba-2025-otvaranje-8-300x200.jpg\" alt=\"\" width=\"300\" height=\"200\" class=\"alignleft size-medium wp-image-258226\" srcset=\"https:\/\/www.prijedordanas.com\/wp-content\/uploads\/2025\/11\/golub-izlozba-2025-otvaranje-8-300x200.jpg 300w, https:\/\/www.prijedordanas.com\/wp-content\/uploads\/2025\/11\/golub-izlozba-2025-otvaranje-8-480x320.jpg 480w, https:\/\/www.prijedordanas.com\/wp-content\/uploads\/2025\/11\/golub-izlozba-2025-otvaranje-8.jpg 600w\" sizes=\"(max-width: 300px) 100vw, 300px\" \/><\/a> <a href=\"https:\/\/www.prijedordanas.com\/wp-content\/uploads\/2025\/11\/golub-izlozba-2025-otvaranje-9.jpg\"><img loading=\"lazy\" decoding=\"async\" src=\"https:\/\/www.prijedordanas.com\/wp-content\/uploads\/2025\/11\/golub-izlozba-2025-otvaranje-9-300x200.jpg\" alt=\"\" width=\"300\" height=\"200\" class=\"alignleft size-medium wp-image-258227\" srcset=\"https:\/\/www.prijedordanas.com\/wp-content\/uploads\/2025\/11\/golub-izlozba-2025-otvaranje-9-300x200.jpg 300w, https:\/\/www.prijedordanas.com\/wp-content\/uploads\/2025\/11\/golub-izlozba-2025-otvaranje-9-480x320.jpg 480w, https:\/\/www.prijedordanas.com\/wp-content\/uploads\/2025\/11\/golub-izlozba-2025-otvaranje-9.jpg 600w\" sizes=\"(max-width: 300px) 100vw, 300px\" \/><\/a> <a href=\"https:\/\/www.prijedordanas.com\/wp-content\/uploads\/2025\/11\/golub-izlozba-2025-otvaranje-10.jpg\"><img loading=\"lazy\" decoding=\"async\" src=\"https:\/\/www.prijedordanas.com\/wp-content\/uploads\/2025\/11\/golub-izlozba-2025-otvaranje-10-300x200.jpg\" alt=\"\" width=\"300\" height=\"200\" class=\"alignleft size-medium wp-image-258228\" srcset=\"https:\/\/www.prijedordanas.com\/wp-content\/uploads\/2025\/11\/golub-izlozba-2025-otvaranje-10-300x200.jpg 300w, https:\/\/www.prijedordanas.com\/wp-content\/uploads\/2025\/11\/golub-izlozba-2025-otvaranje-10-480x320.jpg 480w, https:\/\/www.prijedordanas.com\/wp-content\/uploads\/2025\/11\/golub-izlozba-2025-otvaranje-10.jpg 600w\" sizes=\"(max-width: 300px) 100vw, 300px\" \/><\/a> <a href=\"https:\/\/www.prijedordanas.com\/wp-content\/uploads\/2025\/11\/golub-izlozba-2025-otvaranje-11.jpg\"><img loading=\"lazy\" decoding=\"async\" src=\"https:\/\/www.prijedordanas.com\/wp-content\/uploads\/2025\/11\/golub-izlozba-2025-otvaranje-11-300x200.jpg\" alt=\"\" width=\"300\" height=\"200\" class=\"alignleft size-medium wp-image-258229\" srcset=\"https:\/\/www.prijedordanas.com\/wp-content\/uploads\/2025\/11\/golub-izlozba-2025-otvaranje-11-300x200.jpg 300w, https:\/\/www.prijedordanas.com\/wp-content\/uploads\/2025\/11\/golub-izlozba-2025-otvaranje-11-480x320.jpg 480w, https:\/\/www.prijedordanas.com\/wp-content\/uploads\/2025\/11\/golub-izlozba-2025-otvaranje-11.jpg 600w\" sizes=\"(max-width: 300px) 100vw, 300px\" \/><\/a> <a href=\"https:\/\/www.prijedordanas.com\/wp-content\/uploads\/2025\/11\/golub-izlozba-2025-otvaranje-13.jpg\"><img loading=\"lazy\" decoding=\"async\" src=\"https:\/\/www.prijedordanas.com\/wp-content\/uploads\/2025\/11\/golub-izlozba-2025-otvaranje-13-300x200.jpg\" alt=\"\" width=\"300\" height=\"200\" class=\"alignleft size-medium wp-image-258230\" srcset=\"https:\/\/www.prijedordanas.com\/wp-content\/uploads\/2025\/11\/golub-izlozba-2025-otvaranje-13-300x200.jpg 300w, https:\/\/www.prijedordanas.com\/wp-content\/uploads\/2025\/11\/golub-izlozba-2025-otvaranje-13-480x320.jpg 480w, https:\/\/www.prijedordanas.com\/wp-content\/uploads\/2025\/11\/golub-izlozba-2025-otvaranje-13.jpg 600w\" sizes=\"(max-width: 300px) 100vw, 300px\" \/><\/a> <a href=\"https:\/\/www.prijedordanas.com\/wp-content\/uploads\/2025\/11\/golub-izlozba-2025-otvaranje-14.jpg\"><img loading=\"lazy\" decoding=\"async\" src=\"https:\/\/www.prijedordanas.com\/wp-content\/uploads\/2025\/11\/golub-izlozba-2025-otvaranje-14-300x200.jpg\" alt=\"\" width=\"300\" height=\"200\" class=\"alignleft size-medium wp-image-258231\" srcset=\"https:\/\/www.prijedordanas.com\/wp-content\/uploads\/2025\/11\/golub-izlozba-2025-otvaranje-14-300x200.jpg 300w, https:\/\/www.prijedordanas.com\/wp-content\/uploads\/2025\/11\/golub-izlozba-2025-otvaranje-14-480x320.jpg 480w, https:\/\/www.prijedordanas.com\/wp-content\/uploads\/2025\/11\/golub-izlozba-2025-otvaranje-14.jpg 600w\" sizes=\"(max-width: 300px) 100vw, 300px\" \/><\/a> <a href=\"https:\/\/www.prijedordanas.com\/wp-content\/uploads\/2025\/11\/golub-izlozba-2025-otvaranje-12.jpg\"><img loading=\"lazy\" decoding=\"async\" src=\"https:\/\/www.prijedordanas.com\/wp-content\/uploads\/2025\/11\/golub-izlozba-2025-otvaranje-12-300x200.jpg\" alt=\"\" width=\"300\" height=\"200\" class=\"alignleft size-medium wp-image-258232\" srcset=\"https:\/\/www.prijedordanas.com\/wp-content\/uploads\/2025\/11\/golub-izlozba-2025-otvaranje-12-300x200.jpg 300w, https:\/\/www.prijedordanas.com\/wp-content\/uploads\/2025\/11\/golub-izlozba-2025-otvaranje-12-480x320.jpg 480w, https:\/\/www.prijedordanas.com\/wp-content\/uploads\/2025\/11\/golub-izlozba-2025-otvaranje-12.jpg 600w\" sizes=\"(max-width: 300px) 100vw, 300px\" \/><\/a><\/p>\n<p><iframe loading=\"lazy\" title=\"OTVORENA IZLO\u017dBA SITNIH \u017dIVOTINJA\" width=\"500\" height=\"281\" src=\"https:\/\/www.youtube.com\/embed\/1Nv9QeAik7E?feature=oembed\" frameborder=\"0\" allow=\"accelerometer; autoplay; clipboard-write; encrypted-media; gyroscope; picture-in-picture; web-share\" referrerpolicy=\"strict-origin-when-cross-origin\" allowfullscreen><\/iframe><\/p>\n","protected":false},"excerpt":{"rendered":"<p>U Prijedoru je danas sve\u010dano otvorena izlo\u017eba sitnih \u017eivotinja. Najvi\u0161e odu\u0161evljenja, o\u010dekivano, pokazali su najmla\u0111i. \u201cNa ovu izlo\u017ebu uvijek do\u0111em sa mamom i tatom, a ove godine sam do\u0161la sa [&hellip;]<\/p>\n","protected":false},"author":1,"featured_media":0,"comment_status":"closed","ping_status":"open","sticky":false,"template":"","format":"standard","meta":{"_monsterinsights_skip_tracking":false,"_monsterinsights_sitenote_active":false,"_monsterinsights_sitenote_note":"","_monsterinsights_sitenote_category":0,"footnotes":""},"categories":[4,7515,7517],"tags":[],"yoast_head":"<!-- This site is optimized with the Yoast SEO plugin v21.6 - https:\/\/yoast.com\/wordpress\/plugins\/seo\/ -->\n<title>Prijedor: Otvorena izlo\u017eba sitnih \u017eivotinja - FOTO\/VIDEO - PrijedorDanas.com - Prijedorski gradski portal<\/title>\n<meta name=\"robots\" content=\"index, follow, max-snippet:-1, max-image-preview:large, max-video-preview:-1\" \/>\n<link rel=\"canonical\" href=\"https:\/\/www.prijedordanas.com\/?p=258218\" \/>\n<meta property=\"og:locale\" content=\"en_US\" \/>\n<meta property=\"og:type\" content=\"article\" \/>\n<meta property=\"og:title\" content=\"Prijedor: Otvorena izlo\u017eba sitnih \u017eivotinja - FOTO\/VIDEO - PrijedorDanas.com - Prijedorski gradski portal\" \/>\n<meta property=\"og:description\" content=\"U Prijedoru je danas sve\u010dano otvorena izlo\u017eba sitnih \u017eivotinja. Najvi\u0161e odu\u0161evljenja, o\u010dekivano, pokazali su najmla\u0111i. \u201cNa ovu izlo\u017ebu uvijek do\u0111em sa mamom i tatom, a ove godine sam do\u0161la sa [&hellip;]\" \/>\n<meta property=\"og:url\" content=\"https:\/\/www.prijedordanas.com\/?p=258218\" \/>\n<meta property=\"og:site_name\" content=\"PrijedorDanas.com - Prijedorski gradski portal\" \/>\n<meta property=\"article:publisher\" content=\"https:\/\/www.facebook.com\/PrijedorDanasCom\/\" \/>\n<meta property=\"article:published_time\" content=\"2025-11-28T22:58:49+00:00\" \/>\n<meta property=\"og:image\" content=\"https:\/\/www.prijedordanas.com\/wp-content\/uploads\/2025\/11\/golub-izlozba-2025-otvaranje-1-300x225.jpg\" \/>\n<meta name=\"author\" content=\"admin\" \/>\n<meta name=\"twitter:card\" content=\"summary_large_image\" \/>\n<meta name=\"twitter:label1\" content=\"Written by\" \/>\n\t<meta name=\"twitter:data1\" content=\"admin\" \/>\n\t<meta name=\"twitter:label2\" content=\"Est. reading time\" \/>\n\t<meta name=\"twitter:data2\" content=\"2 minutes\" \/>\n<script type=\"application\/ld+json\" class=\"yoast-schema-graph\">{\"@context\":\"https:\/\/schema.org\",\"@graph\":[{\"@type\":\"Article\",\"@id\":\"https:\/\/www.prijedordanas.com\/?p=258218#article\",\"isPartOf\":{\"@id\":\"https:\/\/www.prijedordanas.com\/?p=258218\"},\"author\":{\"name\":\"admin\",\"@id\":\"https:\/\/www.prijedordanas.com\/#\/schema\/person\/4e08ccf29b506ca916ff86d46bb700e6\"},\"headline\":\"Prijedor: Otvorena izlo\u017eba sitnih \u017eivotinja &#8211; FOTO\/VIDEO\",\"datePublished\":\"2025-11-28T22:58:49+00:00\",\"dateModified\":\"2025-11-28T22:58:49+00:00\",\"mainEntityOfPage\":{\"@id\":\"https:\/\/www.prijedordanas.com\/?p=258218\"},\"wordCount\":364,\"publisher\":{\"@id\":\"https:\/\/www.prijedordanas.com\/#organization\"},\"articleSection\":[\"Dru\u0161tvo\",\"Foto dana\",\"Video dana\"],\"inLanguage\":\"en-US\"},{\"@type\":\"WebPage\",\"@id\":\"https:\/\/www.prijedordanas.com\/?p=258218\",\"url\":\"https:\/\/www.prijedordanas.com\/?p=258218\",\"name\":\"Prijedor: Otvorena izlo\u017eba sitnih \u017eivotinja - FOTO\/VIDEO - PrijedorDanas.com - Prijedorski gradski portal\",\"isPartOf\":{\"@id\":\"https:\/\/www.prijedordanas.com\/#website\"},\"datePublished\":\"2025-11-28T22:58:49+00:00\",\"dateModified\":\"2025-11-28T22:58:49+00:00\",\"breadcrumb\":{\"@id\":\"https:\/\/www.prijedordanas.com\/?p=258218#breadcrumb\"},\"inLanguage\":\"en-US\",\"potentialAction\":[{\"@type\":\"ReadAction\",\"target\":[\"https:\/\/www.prijedordanas.com\/?p=258218\"]}]},{\"@type\":\"BreadcrumbList\",\"@id\":\"https:\/\/www.prijedordanas.com\/?p=258218#breadcrumb\",\"itemListElement\":[{\"@type\":\"ListItem\",\"position\":1,\"name\":\"Home\",\"item\":\"https:\/\/www.prijedordanas.com\/\"},{\"@type\":\"ListItem\",\"position\":2,\"name\":\"Prijedor: Otvorena izlo\u017eba sitnih \u017eivotinja &#8211; FOTO\/VIDEO\"}]},{\"@type\":\"WebSite\",\"@id\":\"https:\/\/www.prijedordanas.com\/#website\",\"url\":\"https:\/\/www.prijedordanas.com\/\",\"name\":\"PrijedorDanas.com - Prijedorski gradski portal\",\"description\":\"Portal o doga\u0111anjima u gradu Prijedoru\",\"publisher\":{\"@id\":\"https:\/\/www.prijedordanas.com\/#organization\"},\"potentialAction\":[{\"@type\":\"SearchAction\",\"target\":{\"@type\":\"EntryPoint\",\"urlTemplate\":\"https:\/\/www.prijedordanas.com\/?s={search_term_string}\"},\"query-input\":\"required name=search_term_string\"}],\"inLanguage\":\"en-US\"},{\"@type\":\"Organization\",\"@id\":\"https:\/\/www.prijedordanas.com\/#organization\",\"name\":\"PrijedorDanas.com\",\"url\":\"https:\/\/www.prijedordanas.com\/\",\"logo\":{\"@type\":\"ImageObject\",\"inLanguage\":\"en-US\",\"@id\":\"https:\/\/www.prijedordanas.com\/#\/schema\/logo\/image\/\",\"url\":\"http:\/\/www.prijedordanas.com\/wp-content\/uploads\/2021\/12\/logopng.png\",\"contentUrl\":\"http:\/\/www.prijedordanas.com\/wp-content\/uploads\/2021\/12\/logopng.png\",\"width\":1019,\"height\":776,\"caption\":\"PrijedorDanas.com\"},\"image\":{\"@id\":\"https:\/\/www.prijedordanas.com\/#\/schema\/logo\/image\/\"},\"sameAs\":[\"https:\/\/www.facebook.com\/PrijedorDanasCom\/\"]},{\"@type\":\"Person\",\"@id\":\"https:\/\/www.prijedordanas.com\/#\/schema\/person\/4e08ccf29b506ca916ff86d46bb700e6\",\"name\":\"admin\",\"image\":{\"@type\":\"ImageObject\",\"inLanguage\":\"en-US\",\"@id\":\"https:\/\/www.prijedordanas.com\/#\/schema\/person\/image\/\",\"url\":\"https:\/\/secure.gravatar.com\/avatar\/1d3fc949d550f0b53a5f0d51e06dfd79?s=96&d=mm&r=g\",\"contentUrl\":\"https:\/\/secure.gravatar.com\/avatar\/1d3fc949d550f0b53a5f0d51e06dfd79?s=96&d=mm&r=g\",\"caption\":\"admin\"},\"url\":\"https:\/\/www.prijedordanas.com\/?author=1\"}]}<\/script>\n<!-- \/ Yoast SEO plugin. -->","yoast_head_json":{"title":"Prijedor: Otvorena izlo\u017eba sitnih \u017eivotinja - FOTO\/VIDEO - PrijedorDanas.com - Prijedorski gradski portal","robots":{"index":"index","follow":"follow","max-snippet":"max-snippet:-1","max-image-preview":"max-image-preview:large","max-video-preview":"max-video-preview:-1"},"canonical":"https:\/\/www.prijedordanas.com\/?p=258218","og_locale":"en_US","og_type":"article","og_title":"Prijedor: Otvorena izlo\u017eba sitnih \u017eivotinja - FOTO\/VIDEO - PrijedorDanas.com - Prijedorski gradski portal","og_description":"U Prijedoru je danas sve\u010dano otvorena izlo\u017eba sitnih \u017eivotinja. Najvi\u0161e odu\u0161evljenja, o\u010dekivano, pokazali su najmla\u0111i. \u201cNa ovu izlo\u017ebu uvijek do\u0111em sa mamom i tatom, a ove godine sam do\u0161la sa [&hellip;]","og_url":"https:\/\/www.prijedordanas.com\/?p=258218","og_site_name":"PrijedorDanas.com - Prijedorski gradski portal","article_publisher":"https:\/\/www.facebook.com\/PrijedorDanasCom\/","article_published_time":"2025-11-28T22:58:49+00:00","og_image":[{"url":"https:\/\/www.prijedordanas.com\/wp-content\/uploads\/2025\/11\/golub-izlozba-2025-otvaranje-1-300x225.jpg"}],"author":"admin","twitter_card":"summary_large_image","twitter_misc":{"Written by":"admin","Est. reading time":"2 minutes"},"schema":{"@context":"https:\/\/schema.org","@graph":[{"@type":"Article","@id":"https:\/\/www.prijedordanas.com\/?p=258218#article","isPartOf":{"@id":"https:\/\/www.prijedordanas.com\/?p=258218"},"author":{"name":"admin","@id":"https:\/\/www.prijedordanas.com\/#\/schema\/person\/4e08ccf29b506ca916ff86d46bb700e6"},"headline":"Prijedor: Otvorena izlo\u017eba sitnih \u017eivotinja &#8211; FOTO\/VIDEO","datePublished":"2025-11-28T22:58:49+00:00","dateModified":"2025-11-28T22:58:49+00:00","mainEntityOfPage":{"@id":"https:\/\/www.prijedordanas.com\/?p=258218"},"wordCount":364,"publisher":{"@id":"https:\/\/www.prijedordanas.com\/#organization"},"articleSection":["Dru\u0161tvo","Foto dana","Video dana"],"inLanguage":"en-US"},{"@type":"WebPage","@id":"https:\/\/www.prijedordanas.com\/?p=258218","url":"https:\/\/www.prijedordanas.com\/?p=258218","name":"Prijedor: Otvorena izlo\u017eba sitnih \u017eivotinja - FOTO\/VIDEO - PrijedorDanas.com - Prijedorski gradski portal","isPartOf":{"@id":"https:\/\/www.prijedordanas.com\/#website"},"datePublished":"2025-11-28T22:58:49+00:00","dateModified":"2025-11-28T22:58:49+00:00","breadcrumb":{"@id":"https:\/\/www.prijedordanas.com\/?p=258218#breadcrumb"},"inLanguage":"en-US","potentialAction":[{"@type":"ReadAction","target":["https:\/\/www.prijedordanas.com\/?p=258218"]}]},{"@type":"BreadcrumbList","@id":"https:\/\/www.prijedordanas.com\/?p=258218#breadcrumb","itemListElement":[{"@type":"ListItem","position":1,"name":"Home","item":"https:\/\/www.prijedordanas.com\/"},{"@type":"ListItem","position":2,"name":"Prijedor: Otvorena izlo\u017eba sitnih \u017eivotinja &#8211; FOTO\/VIDEO"}]},{"@type":"WebSite","@id":"https:\/\/www.prijedordanas.com\/#website","url":"https:\/\/www.prijedordanas.com\/","name":"PrijedorDanas.com - Prijedorski gradski portal","description":"Portal o doga\u0111anjima u gradu Prijedoru","publisher":{"@id":"https:\/\/www.prijedordanas.com\/#organization"},"potentialAction":[{"@type":"SearchAction","target":{"@type":"EntryPoint","urlTemplate":"https:\/\/www.prijedordanas.com\/?s={search_term_string}"},"query-input":"required name=search_term_string"}],"inLanguage":"en-US"},{"@type":"Organization","@id":"https:\/\/www.prijedordanas.com\/#organization","name":"PrijedorDanas.com","url":"https:\/\/www.prijedordanas.com\/","logo":{"@type":"ImageObject","inLanguage":"en-US","@id":"https:\/\/www.prijedordanas.com\/#\/schema\/logo\/image\/","url":"http:\/\/www.prijedordanas.com\/wp-content\/uploads\/2021\/12\/logopng.png","contentUrl":"http:\/\/www.prijedordanas.com\/wp-content\/uploads\/2021\/12\/logopng.png","width":1019,"height":776,"caption":"PrijedorDanas.com"},"image":{"@id":"https:\/\/www.prijedordanas.com\/#\/schema\/logo\/image\/"},"sameAs":["https:\/\/www.facebook.com\/PrijedorDanasCom\/"]},{"@type":"Person","@id":"https:\/\/www.prijedordanas.com\/#\/schema\/person\/4e08ccf29b506ca916ff86d46bb700e6","name":"admin","image":{"@type":"ImageObject","inLanguage":"en-US","@id":"https:\/\/www.prijedordanas.com\/#\/schema\/person\/image\/","url":"https:\/\/secure.gravatar.com\/avatar\/1d3fc949d550f0b53a5f0d51e06dfd79?s=96&d=mm&r=g","contentUrl":"https:\/\/secure.gravatar.com\/avatar\/1d3fc949d550f0b53a5f0d51e06dfd79?s=96&d=mm&r=g","caption":"admin"},"url":"https:\/\/www.prijedordanas.com\/?author=1"}]}},"_links":{"self":[{"href":"https:\/\/www.prijedordanas.com\/index.php?rest_route=\/wp\/v2\/posts\/258218"}],"collection":[{"href":"https:\/\/www.prijedordanas.com\/index.php?rest_route=\/wp\/v2\/posts"}],"about":[{"href":"https:\/\/www.prijedordanas.com\/index.php?rest_route=\/wp\/v2\/types\/post"}],"author":[{"embeddable":true,"href":"https:\/\/www.prijedordanas.com\/index.php?rest_route=\/wp\/v2\/users\/1"}],"replies":[{"embeddable":true,"href":"https:\/\/www.prijedordanas.com\/index.php?rest_route=%2Fwp%2Fv2%2Fcomments&post=258218"}],"version-history":[{"count":1,"href":"https:\/\/www.prijedordanas.com\/index.php?rest_route=\/wp\/v2\/posts\/258218\/revisions"}],"predecessor-version":[{"id":258233,"href":"https:\/\/www.prijedordanas.com\/index.php?rest_route=\/wp\/v2\/posts\/258218\/revisions\/258233"}],"wp:attachment":[{"href":"https:\/\/www.prijedordanas.com\/index.php?rest_route=%2Fwp%2Fv2%2Fmedia&parent=258218"}],"wp:term":[{"taxonomy":"category","embeddable":true,"href":"https:\/\/www.prijedordanas.com\/index.php?rest_route=%2Fwp%2Fv2%2Fcategories&post=258218"},{"taxonomy":"post_tag","embeddable":true,"href":"https:\/\/www.prijedordanas.com\/index.php?rest_route=%2Fwp%2Fv2%2Ftags&post=258218"}],"curies":[{"name":"wp","href":"https:\/\/api.w.org\/{rel}","templated":true}]}}