{"id":257964,"date":"2025-11-25T14:29:44","date_gmt":"2025-11-25T13:29:44","guid":{"rendered":"https:\/\/www.prijedordanas.com\/?p=257964"},"modified":"2025-11-25T14:29:44","modified_gmt":"2025-11-25T13:29:44","slug":"prijedor-pocela-kampanja-16-dana-aktivizma-protiv-nasilja-nad-zenama-foto","status":"publish","type":"post","link":"https:\/\/www.prijedordanas.com\/?p=257964","title":{"rendered":"Prijedor: Po\u010dela kampanja &#8220;16 dana aktivizma protiv nasilja nad \u017eenama&#8221; &#8211; FOTO"},"content":{"rendered":"<p><a href=\"https:\/\/www.prijedordanas.com\/wp-content\/uploads\/2025\/11\/kozarski-kampanja-16-dana-aktivizma-protiv-nasilja-nad-zenama-1.jpg\"><img loading=\"lazy\" decoding=\"async\" class=\"alignleft size-medium wp-image-257965\" src=\"https:\/\/www.prijedordanas.com\/wp-content\/uploads\/2025\/11\/kozarski-kampanja-16-dana-aktivizma-protiv-nasilja-nad-zenama-1-300x225.jpg\" alt=\"\" width=\"300\" height=\"225\" srcset=\"https:\/\/www.prijedordanas.com\/wp-content\/uploads\/2025\/11\/kozarski-kampanja-16-dana-aktivizma-protiv-nasilja-nad-zenama-1-300x225.jpg 300w, https:\/\/www.prijedordanas.com\/wp-content\/uploads\/2025\/11\/kozarski-kampanja-16-dana-aktivizma-protiv-nasilja-nad-zenama-1-640x480.jpg 640w, https:\/\/www.prijedordanas.com\/wp-content\/uploads\/2025\/11\/kozarski-kampanja-16-dana-aktivizma-protiv-nasilja-nad-zenama-1.jpg 667w\" sizes=\"(max-width: 300px) 100vw, 300px\" \/><\/a>U Republici Srpskoj po\u010dinje kampanja \u201c16 dana aktivizma protiv nasilja nad \u017eenama\u201d, s akcentom na digitalno nasilje.<\/p>\n<p>Ministar Selma \u010cabri\u0107 istakla je da je nasilje neprihvatljivo i da institucije Srpske imaju nultu toleranciju.<\/p>\n<p>Po\u010detak kampanje, 25. novembra je obilje\u017een podjelom promo-materijala u organizaciji Centra za socijalni rad.<\/p>\n<p>\u201cCilj kao i svake godine je i ove godine da podignemo svijest ljudi o svim oblicima nasilja nad \u017eenama i djevoj\u010dicama. Sve i jedan oblik nasilja, izme\u0111u ostalog i digitalni koji je dosta prisutan u skorije vrijeme. Statistika govori za cijelu 2024. godinu bilo je 147 prijava, a do novembra ove godine imamo 143, dakle nasilje je u porastu.\u201d, rekla je Ivana E\u0107im, socijalni radnik u Centru za socijalni rad Prijedor.<\/p>\n<p><a href=\"https:\/\/www.prijedordanas.com\/wp-content\/uploads\/2025\/11\/kozarski-kampanja-16-dana-aktivizma-protiv-nasilja-nad-zenama-2.jpg\"><img loading=\"lazy\" decoding=\"async\" class=\"alignleft size-medium wp-image-257966\" src=\"https:\/\/www.prijedordanas.com\/wp-content\/uploads\/2025\/11\/kozarski-kampanja-16-dana-aktivizma-protiv-nasilja-nad-zenama-2-300x169.jpg\" alt=\"\" width=\"300\" height=\"169\" srcset=\"https:\/\/www.prijedordanas.com\/wp-content\/uploads\/2025\/11\/kozarski-kampanja-16-dana-aktivizma-protiv-nasilja-nad-zenama-2-300x169.jpg 300w, https:\/\/www.prijedordanas.com\/wp-content\/uploads\/2025\/11\/kozarski-kampanja-16-dana-aktivizma-protiv-nasilja-nad-zenama-2.jpg 600w\" sizes=\"(max-width: 300px) 100vw, 300px\" \/><\/a>Na promotivnom letku se nalaze informacije kome se sve mo\u017ee prijaviti nasilje, a tako\u0111e nosi i poruku da nasilnik nikad nije \u017ertva i da \u017eena nije sama.<\/p>\n<p>U\u010denici Medicinske \u0161kole danas su vi\u0161e saznali o nasilju nad \u017eenama i samoj kampanji.<\/p>\n<p>\u201cPri\u010damo sa razrednicima na \u010dasu. Imamo takve teme i razredna se dosta trudi da nam to objasni, jer mislim da su sada godine kad treba da steknemo to znanje I da se informi\u0161emo\u201d, isti\u010de u\u010denica Medicinske \u0161kole Marija Brajdi\u0107.<\/p>\n<p><a href=\"https:\/\/www.prijedordanas.com\/wp-content\/uploads\/2025\/11\/kozarski-kampanja-16-dana-aktivizma-protiv-nasilja-nad-zenama-3.jpg\"><img loading=\"lazy\" decoding=\"async\" class=\"alignleft size-medium wp-image-257967\" src=\"https:\/\/www.prijedordanas.com\/wp-content\/uploads\/2025\/11\/kozarski-kampanja-16-dana-aktivizma-protiv-nasilja-nad-zenama-3-300x169.jpg\" alt=\"\" width=\"300\" height=\"169\" srcset=\"https:\/\/www.prijedordanas.com\/wp-content\/uploads\/2025\/11\/kozarski-kampanja-16-dana-aktivizma-protiv-nasilja-nad-zenama-3-300x169.jpg 300w, https:\/\/www.prijedordanas.com\/wp-content\/uploads\/2025\/11\/kozarski-kampanja-16-dana-aktivizma-protiv-nasilja-nad-zenama-3.jpg 600w\" sizes=\"(max-width: 300px) 100vw, 300px\" \/><\/a>Gradska uprava Prijedor je zajedno s Centrom za socijalni rad Prijedor objavila zajedni\u010dki kalendar aktivnosti koji je sa\u010dinjen i od pojedina\u010dnih aktivnosti subjekata za\u0161tite.<\/p>\n<p>\u201cPo\u010dinjemo internet kampanju \u201cPrijedor protiv nasilja\u201d koja \u0107e te\u0107i svih ovih 16 dana koliko traje kampanja. Ono \u0161to je \u017eelja svih nas jeste da se \u010duje glas svih na\u0161ih sugra\u0111ana, da uka\u017eemo na problem, da probamo na neki na\u010din da smanjimo stigmu \u017ertve nasilja, da oslobodimo ljude da se u ovakvim situacijama javljaju i tra\u017ee pomo\u0107.Grad generalno ima ulogu kooridnatora u radnoj grupi koja se bavi primjenom protokola u slu\u010daju nasilja u porodici i mi kroz svoje redovne periodi\u010dne sastanke na tromjese\u010dnom nivou na osnovu polugodi\u0161njih i godi\u0161njih izvje\u0161taja pratimo stanje nasilja u porodici na podru\u010dju grada Prijedora i na osnovu tih izvje\u0161taja predla\u017eemo odre\u0111ene mjere i aktivnosti\u201d, navela je Olivera Brdar Mirkovi\u0107, v.d. na\u010delnica Odjeljenja za obrazovanje, zdravstvo, socijalnu za\u0161titu I pronatalitetnu i demografsku politiku.<\/p>\n<p><a href=\"https:\/\/www.prijedordanas.com\/wp-content\/uploads\/2025\/11\/kozarski-kampanja-16-dana-aktivizma-protiv-nasilja-nad-zenama-4.jpg\"><img loading=\"lazy\" decoding=\"async\" src=\"https:\/\/www.prijedordanas.com\/wp-content\/uploads\/2025\/11\/kozarski-kampanja-16-dana-aktivizma-protiv-nasilja-nad-zenama-4-300x169.jpg\" alt=\"\" width=\"300\" height=\"169\" class=\"alignleft size-medium wp-image-257968\" srcset=\"https:\/\/www.prijedordanas.com\/wp-content\/uploads\/2025\/11\/kozarski-kampanja-16-dana-aktivizma-protiv-nasilja-nad-zenama-4-300x169.jpg 300w, https:\/\/www.prijedordanas.com\/wp-content\/uploads\/2025\/11\/kozarski-kampanja-16-dana-aktivizma-protiv-nasilja-nad-zenama-4.jpg 600w\" sizes=\"(max-width: 300px) 100vw, 300px\" \/><\/a>Ve\u010deras \u0107e zgrada Gradske uprave u Prijedoru i spomenik na Mrakovici biti osvijetljeni narand\u017eastom bojom u povodu kampanje \u201c16 dana aktivizma protiv nasilja nad \u017eenama\u201d.<\/p>\n<p>U Centru \u201cSunce\u201d organizovan je i besplatan trening samoodbrane u 19 \u010dasova u organizaciji Krav Maga 360.<\/p>\n<p>\u201c16 dana aktivizma protiv nasilja nad \u017eenama\u201d je globalna, svjetska kampanja koju obilje\u017eava 1.700 organizacija u preko 100 dr\u017eava sveta. Kampanja po\u010dinje 25. novembra Me\u0111unarodnim danom borbe protiv nasilja nad \u017eenama i zavr\u0161ava 10. decembra Me\u0111unarodnim danom ljudskih prava.<\/p>\n<p><strong><a href=\"https:\/\/kozarski.com\/pocela-kampanja-16-dana-aktivizma-protiv-nasilja-nad-zenama\/\" target=\"_blank\" rel=\"noopener\">kozarski.com<\/a><\/strong><\/p>\n<p><a href=\"https:\/\/www.prijedordanas.com\/wp-content\/uploads\/2025\/11\/kozarski-kampanja-16-dana-aktivizma-protiv-nasilja-nad-zenama-5.jpg\"><img loading=\"lazy\" decoding=\"async\" src=\"https:\/\/www.prijedordanas.com\/wp-content\/uploads\/2025\/11\/kozarski-kampanja-16-dana-aktivizma-protiv-nasilja-nad-zenama-5-300x169.jpg\" alt=\"\" width=\"300\" height=\"169\" class=\"alignleft size-medium wp-image-257969\" srcset=\"https:\/\/www.prijedordanas.com\/wp-content\/uploads\/2025\/11\/kozarski-kampanja-16-dana-aktivizma-protiv-nasilja-nad-zenama-5-300x169.jpg 300w, https:\/\/www.prijedordanas.com\/wp-content\/uploads\/2025\/11\/kozarski-kampanja-16-dana-aktivizma-protiv-nasilja-nad-zenama-5.jpg 600w\" sizes=\"(max-width: 300px) 100vw, 300px\" \/><\/a><\/p>\n","protected":false},"excerpt":{"rendered":"<p>U Republici Srpskoj po\u010dinje kampanja \u201c16 dana aktivizma protiv nasilja nad \u017eenama\u201d, s akcentom na digitalno nasilje. Ministar Selma \u010cabri\u0107 istakla je da je nasilje neprihvatljivo i da institucije Srpske [&hellip;]<\/p>\n","protected":false},"author":1,"featured_media":0,"comment_status":"closed","ping_status":"open","sticky":false,"template":"","format":"standard","meta":{"_monsterinsights_skip_tracking":false,"_monsterinsights_sitenote_active":false,"_monsterinsights_sitenote_note":"","_monsterinsights_sitenote_category":0,"footnotes":""},"categories":[4],"tags":[],"yoast_head":"<!-- This site is optimized with the Yoast SEO plugin v21.6 - https:\/\/yoast.com\/wordpress\/plugins\/seo\/ -->\n<title>Prijedor: Po\u010dela kampanja &quot;16 dana aktivizma protiv nasilja nad \u017eenama&quot; - FOTO - PrijedorDanas.com - Prijedorski gradski portal<\/title>\n<meta name=\"robots\" content=\"index, follow, max-snippet:-1, max-image-preview:large, max-video-preview:-1\" \/>\n<link rel=\"canonical\" href=\"https:\/\/www.prijedordanas.com\/?p=257964\" \/>\n<meta property=\"og:locale\" content=\"en_US\" \/>\n<meta property=\"og:type\" content=\"article\" \/>\n<meta property=\"og:title\" content=\"Prijedor: Po\u010dela kampanja &quot;16 dana aktivizma protiv nasilja nad \u017eenama&quot; - FOTO - PrijedorDanas.com - Prijedorski gradski portal\" \/>\n<meta property=\"og:description\" content=\"U Republici Srpskoj po\u010dinje kampanja \u201c16 dana aktivizma protiv nasilja nad \u017eenama\u201d, s akcentom na digitalno nasilje. Ministar Selma \u010cabri\u0107 istakla je da je nasilje neprihvatljivo i da institucije Srpske [&hellip;]\" \/>\n<meta property=\"og:url\" content=\"https:\/\/www.prijedordanas.com\/?p=257964\" \/>\n<meta property=\"og:site_name\" content=\"PrijedorDanas.com - Prijedorski gradski portal\" \/>\n<meta property=\"article:publisher\" content=\"https:\/\/www.facebook.com\/PrijedorDanasCom\/\" \/>\n<meta property=\"article:published_time\" content=\"2025-11-25T13:29:44+00:00\" \/>\n<meta property=\"og:image\" content=\"https:\/\/www.prijedordanas.com\/wp-content\/uploads\/2025\/11\/kozarski-kampanja-16-dana-aktivizma-protiv-nasilja-nad-zenama-1-300x225.jpg\" \/>\n<meta name=\"author\" content=\"admin\" \/>\n<meta name=\"twitter:card\" content=\"summary_large_image\" \/>\n<meta name=\"twitter:label1\" content=\"Written by\" \/>\n\t<meta name=\"twitter:data1\" content=\"admin\" \/>\n\t<meta name=\"twitter:label2\" content=\"Est. reading time\" \/>\n\t<meta name=\"twitter:data2\" content=\"3 minutes\" \/>\n<script type=\"application\/ld+json\" class=\"yoast-schema-graph\">{\"@context\":\"https:\/\/schema.org\",\"@graph\":[{\"@type\":\"Article\",\"@id\":\"https:\/\/www.prijedordanas.com\/?p=257964#article\",\"isPartOf\":{\"@id\":\"https:\/\/www.prijedordanas.com\/?p=257964\"},\"author\":{\"name\":\"admin\",\"@id\":\"https:\/\/www.prijedordanas.com\/#\/schema\/person\/4e08ccf29b506ca916ff86d46bb700e6\"},\"headline\":\"Prijedor: Po\u010dela kampanja &#8220;16 dana aktivizma protiv nasilja nad \u017eenama&#8221; &#8211; FOTO\",\"datePublished\":\"2025-11-25T13:29:44+00:00\",\"dateModified\":\"2025-11-25T13:29:44+00:00\",\"mainEntityOfPage\":{\"@id\":\"https:\/\/www.prijedordanas.com\/?p=257964\"},\"wordCount\":476,\"publisher\":{\"@id\":\"https:\/\/www.prijedordanas.com\/#organization\"},\"articleSection\":[\"Dru\u0161tvo\"],\"inLanguage\":\"en-US\"},{\"@type\":\"WebPage\",\"@id\":\"https:\/\/www.prijedordanas.com\/?p=257964\",\"url\":\"https:\/\/www.prijedordanas.com\/?p=257964\",\"name\":\"Prijedor: Po\u010dela kampanja \\\"16 dana aktivizma protiv nasilja nad \u017eenama\\\" - FOTO - PrijedorDanas.com - Prijedorski gradski portal\",\"isPartOf\":{\"@id\":\"https:\/\/www.prijedordanas.com\/#website\"},\"datePublished\":\"2025-11-25T13:29:44+00:00\",\"dateModified\":\"2025-11-25T13:29:44+00:00\",\"breadcrumb\":{\"@id\":\"https:\/\/www.prijedordanas.com\/?p=257964#breadcrumb\"},\"inLanguage\":\"en-US\",\"potentialAction\":[{\"@type\":\"ReadAction\",\"target\":[\"https:\/\/www.prijedordanas.com\/?p=257964\"]}]},{\"@type\":\"BreadcrumbList\",\"@id\":\"https:\/\/www.prijedordanas.com\/?p=257964#breadcrumb\",\"itemListElement\":[{\"@type\":\"ListItem\",\"position\":1,\"name\":\"Home\",\"item\":\"https:\/\/www.prijedordanas.com\/\"},{\"@type\":\"ListItem\",\"position\":2,\"name\":\"Prijedor: Po\u010dela kampanja &#8220;16 dana aktivizma protiv nasilja nad \u017eenama&#8221; &#8211; FOTO\"}]},{\"@type\":\"WebSite\",\"@id\":\"https:\/\/www.prijedordanas.com\/#website\",\"url\":\"https:\/\/www.prijedordanas.com\/\",\"name\":\"PrijedorDanas.com - Prijedorski gradski portal\",\"description\":\"Portal o doga\u0111anjima u gradu Prijedoru\",\"publisher\":{\"@id\":\"https:\/\/www.prijedordanas.com\/#organization\"},\"potentialAction\":[{\"@type\":\"SearchAction\",\"target\":{\"@type\":\"EntryPoint\",\"urlTemplate\":\"https:\/\/www.prijedordanas.com\/?s={search_term_string}\"},\"query-input\":\"required name=search_term_string\"}],\"inLanguage\":\"en-US\"},{\"@type\":\"Organization\",\"@id\":\"https:\/\/www.prijedordanas.com\/#organization\",\"name\":\"PrijedorDanas.com\",\"url\":\"https:\/\/www.prijedordanas.com\/\",\"logo\":{\"@type\":\"ImageObject\",\"inLanguage\":\"en-US\",\"@id\":\"https:\/\/www.prijedordanas.com\/#\/schema\/logo\/image\/\",\"url\":\"http:\/\/www.prijedordanas.com\/wp-content\/uploads\/2021\/12\/logopng.png\",\"contentUrl\":\"http:\/\/www.prijedordanas.com\/wp-content\/uploads\/2021\/12\/logopng.png\",\"width\":1019,\"height\":776,\"caption\":\"PrijedorDanas.com\"},\"image\":{\"@id\":\"https:\/\/www.prijedordanas.com\/#\/schema\/logo\/image\/\"},\"sameAs\":[\"https:\/\/www.facebook.com\/PrijedorDanasCom\/\"]},{\"@type\":\"Person\",\"@id\":\"https:\/\/www.prijedordanas.com\/#\/schema\/person\/4e08ccf29b506ca916ff86d46bb700e6\",\"name\":\"admin\",\"image\":{\"@type\":\"ImageObject\",\"inLanguage\":\"en-US\",\"@id\":\"https:\/\/www.prijedordanas.com\/#\/schema\/person\/image\/\",\"url\":\"https:\/\/secure.gravatar.com\/avatar\/1d3fc949d550f0b53a5f0d51e06dfd79?s=96&d=mm&r=g\",\"contentUrl\":\"https:\/\/secure.gravatar.com\/avatar\/1d3fc949d550f0b53a5f0d51e06dfd79?s=96&d=mm&r=g\",\"caption\":\"admin\"},\"url\":\"https:\/\/www.prijedordanas.com\/?author=1\"}]}<\/script>\n<!-- \/ Yoast SEO plugin. -->","yoast_head_json":{"title":"Prijedor: Po\u010dela kampanja \"16 dana aktivizma protiv nasilja nad \u017eenama\" - FOTO - PrijedorDanas.com - Prijedorski gradski portal","robots":{"index":"index","follow":"follow","max-snippet":"max-snippet:-1","max-image-preview":"max-image-preview:large","max-video-preview":"max-video-preview:-1"},"canonical":"https:\/\/www.prijedordanas.com\/?p=257964","og_locale":"en_US","og_type":"article","og_title":"Prijedor: Po\u010dela kampanja \"16 dana aktivizma protiv nasilja nad \u017eenama\" - FOTO - PrijedorDanas.com - Prijedorski gradski portal","og_description":"U Republici Srpskoj po\u010dinje kampanja \u201c16 dana aktivizma protiv nasilja nad \u017eenama\u201d, s akcentom na digitalno nasilje. Ministar Selma \u010cabri\u0107 istakla je da je nasilje neprihvatljivo i da institucije Srpske [&hellip;]","og_url":"https:\/\/www.prijedordanas.com\/?p=257964","og_site_name":"PrijedorDanas.com - Prijedorski gradski portal","article_publisher":"https:\/\/www.facebook.com\/PrijedorDanasCom\/","article_published_time":"2025-11-25T13:29:44+00:00","og_image":[{"url":"https:\/\/www.prijedordanas.com\/wp-content\/uploads\/2025\/11\/kozarski-kampanja-16-dana-aktivizma-protiv-nasilja-nad-zenama-1-300x225.jpg"}],"author":"admin","twitter_card":"summary_large_image","twitter_misc":{"Written by":"admin","Est. reading time":"3 minutes"},"schema":{"@context":"https:\/\/schema.org","@graph":[{"@type":"Article","@id":"https:\/\/www.prijedordanas.com\/?p=257964#article","isPartOf":{"@id":"https:\/\/www.prijedordanas.com\/?p=257964"},"author":{"name":"admin","@id":"https:\/\/www.prijedordanas.com\/#\/schema\/person\/4e08ccf29b506ca916ff86d46bb700e6"},"headline":"Prijedor: Po\u010dela kampanja &#8220;16 dana aktivizma protiv nasilja nad \u017eenama&#8221; &#8211; FOTO","datePublished":"2025-11-25T13:29:44+00:00","dateModified":"2025-11-25T13:29:44+00:00","mainEntityOfPage":{"@id":"https:\/\/www.prijedordanas.com\/?p=257964"},"wordCount":476,"publisher":{"@id":"https:\/\/www.prijedordanas.com\/#organization"},"articleSection":["Dru\u0161tvo"],"inLanguage":"en-US"},{"@type":"WebPage","@id":"https:\/\/www.prijedordanas.com\/?p=257964","url":"https:\/\/www.prijedordanas.com\/?p=257964","name":"Prijedor: Po\u010dela kampanja \"16 dana aktivizma protiv nasilja nad \u017eenama\" - FOTO - PrijedorDanas.com - Prijedorski gradski portal","isPartOf":{"@id":"https:\/\/www.prijedordanas.com\/#website"},"datePublished":"2025-11-25T13:29:44+00:00","dateModified":"2025-11-25T13:29:44+00:00","breadcrumb":{"@id":"https:\/\/www.prijedordanas.com\/?p=257964#breadcrumb"},"inLanguage":"en-US","potentialAction":[{"@type":"ReadAction","target":["https:\/\/www.prijedordanas.com\/?p=257964"]}]},{"@type":"BreadcrumbList","@id":"https:\/\/www.prijedordanas.com\/?p=257964#breadcrumb","itemListElement":[{"@type":"ListItem","position":1,"name":"Home","item":"https:\/\/www.prijedordanas.com\/"},{"@type":"ListItem","position":2,"name":"Prijedor: Po\u010dela kampanja &#8220;16 dana aktivizma protiv nasilja nad \u017eenama&#8221; &#8211; FOTO"}]},{"@type":"WebSite","@id":"https:\/\/www.prijedordanas.com\/#website","url":"https:\/\/www.prijedordanas.com\/","name":"PrijedorDanas.com - Prijedorski gradski portal","description":"Portal o doga\u0111anjima u gradu Prijedoru","publisher":{"@id":"https:\/\/www.prijedordanas.com\/#organization"},"potentialAction":[{"@type":"SearchAction","target":{"@type":"EntryPoint","urlTemplate":"https:\/\/www.prijedordanas.com\/?s={search_term_string}"},"query-input":"required name=search_term_string"}],"inLanguage":"en-US"},{"@type":"Organization","@id":"https:\/\/www.prijedordanas.com\/#organization","name":"PrijedorDanas.com","url":"https:\/\/www.prijedordanas.com\/","logo":{"@type":"ImageObject","inLanguage":"en-US","@id":"https:\/\/www.prijedordanas.com\/#\/schema\/logo\/image\/","url":"http:\/\/www.prijedordanas.com\/wp-content\/uploads\/2021\/12\/logopng.png","contentUrl":"http:\/\/www.prijedordanas.com\/wp-content\/uploads\/2021\/12\/logopng.png","width":1019,"height":776,"caption":"PrijedorDanas.com"},"image":{"@id":"https:\/\/www.prijedordanas.com\/#\/schema\/logo\/image\/"},"sameAs":["https:\/\/www.facebook.com\/PrijedorDanasCom\/"]},{"@type":"Person","@id":"https:\/\/www.prijedordanas.com\/#\/schema\/person\/4e08ccf29b506ca916ff86d46bb700e6","name":"admin","image":{"@type":"ImageObject","inLanguage":"en-US","@id":"https:\/\/www.prijedordanas.com\/#\/schema\/person\/image\/","url":"https:\/\/secure.gravatar.com\/avatar\/1d3fc949d550f0b53a5f0d51e06dfd79?s=96&d=mm&r=g","contentUrl":"https:\/\/secure.gravatar.com\/avatar\/1d3fc949d550f0b53a5f0d51e06dfd79?s=96&d=mm&r=g","caption":"admin"},"url":"https:\/\/www.prijedordanas.com\/?author=1"}]}},"_links":{"self":[{"href":"https:\/\/www.prijedordanas.com\/index.php?rest_route=\/wp\/v2\/posts\/257964"}],"collection":[{"href":"https:\/\/www.prijedordanas.com\/index.php?rest_route=\/wp\/v2\/posts"}],"about":[{"href":"https:\/\/www.prijedordanas.com\/index.php?rest_route=\/wp\/v2\/types\/post"}],"author":[{"embeddable":true,"href":"https:\/\/www.prijedordanas.com\/index.php?rest_route=\/wp\/v2\/users\/1"}],"replies":[{"embeddable":true,"href":"https:\/\/www.prijedordanas.com\/index.php?rest_route=%2Fwp%2Fv2%2Fcomments&post=257964"}],"version-history":[{"count":1,"href":"https:\/\/www.prijedordanas.com\/index.php?rest_route=\/wp\/v2\/posts\/257964\/revisions"}],"predecessor-version":[{"id":257970,"href":"https:\/\/www.prijedordanas.com\/index.php?rest_route=\/wp\/v2\/posts\/257964\/revisions\/257970"}],"wp:attachment":[{"href":"https:\/\/www.prijedordanas.com\/index.php?rest_route=%2Fwp%2Fv2%2Fmedia&parent=257964"}],"wp:term":[{"taxonomy":"category","embeddable":true,"href":"https:\/\/www.prijedordanas.com\/index.php?rest_route=%2Fwp%2Fv2%2Fcategories&post=257964"},{"taxonomy":"post_tag","embeddable":true,"href":"https:\/\/www.prijedordanas.com\/index.php?rest_route=%2Fwp%2Fv2%2Ftags&post=257964"}],"curies":[{"name":"wp","href":"https:\/\/api.w.org\/{rel}","templated":true}]}}