{"id":257959,"date":"2025-11-25T11:06:49","date_gmt":"2025-11-25T10:06:49","guid":{"rendered":"https:\/\/www.prijedordanas.com\/?p=257959"},"modified":"2025-11-25T11:06:49","modified_gmt":"2025-11-25T10:06:49","slug":"pogledajte-kako-su-na-prijevremenim-izborima-za-predsjednika-rs-glasala-pojedina-prijedorska-naselja","status":"publish","type":"post","link":"https:\/\/www.prijedordanas.com\/?p=257959","title":{"rendered":"Pogledajte kako su na prijevremenim izborima za predsjednika RS glasala pojedina prijedorska naselja"},"content":{"rendered":"<p><a href=\"https:\/\/www.prijedordanas.com\/wp-content\/uploads\/2025\/11\/izbori-2025-glasanje-3.jpg\"><img loading=\"lazy\" decoding=\"async\" src=\"https:\/\/www.prijedordanas.com\/wp-content\/uploads\/2025\/11\/izbori-2025-glasanje-3-300x225.jpg\" alt=\"\" width=\"300\" height=\"225\" class=\"alignleft size-medium wp-image-257840\" srcset=\"https:\/\/www.prijedordanas.com\/wp-content\/uploads\/2025\/11\/izbori-2025-glasanje-3-300x225.jpg 300w, https:\/\/www.prijedordanas.com\/wp-content\/uploads\/2025\/11\/izbori-2025-glasanje-3-640x480.jpg 640w, https:\/\/www.prijedordanas.com\/wp-content\/uploads\/2025\/11\/izbori-2025-glasanje-3.jpg 667w\" sizes=\"(max-width: 300px) 100vw, 300px\" \/><\/a>SNSD-ov kandidat za predsjednika Srpske imao je niz nula i u prijedorskim mjesnim zajednicama i naseljima u kojima su Bo\u0161njaci ve\u0107ina.<\/p>\n<p>Tako je od \u0161est bira\u010dkih mjesta u Kozarcu Karan na jednom zabilje\u017eio nulu, a na preostalih pet osvojio ukupno 32 glasa. Blanu\u0161a je, me\u0111utim, imao zapa\u017eeniji rezultat i upisao 276 glasova.<\/p>\n<p>Nova nula za Karana uslijedila je ve\u0107 u Hrni\u0107ima, dok je u ovom mjestu Blanu\u0161a zabilje\u017eio 35 glasova.<\/p>\n<p>Od tri bira\u010dka mjesta u Kami\u010danima, na jednom je SNSD-ov kandidat imao nula glasova, a na preostala dva svega 9. Blanu\u0161a je na ova tri birali\u0161ta u pomenutom mjestu dobio povjerenje 130 osoba vi\u0161e nego karan (ukupno 139 glasova).<\/p>\n<p>Nije Karan izgubio ba\u0161 u svim mjestima gdje je ve\u0107inski bo\u0161nja\u010dko stanovni\u0161tvo. U Toma\u0161ici je imao \u010dak 15 glasova vi\u0161e nego Blanu\u0161a &#8211; 69 naspram 54.<\/p>\n<p>Svi kandidati osim Blanu\u0161e upisali su po jo\u0161 jednu nulu u mjestu Kevljani, gdje je SDS-ov kandidat imao 18 glasova.<\/p>\n<p>U Hambarinama je Blanu\u0161a osvojio 24, a Karan 15 glasova, dok je na dva bira\u010dka mjesta u Petrovu SDS-ov kandidat imao 139, a SNSD-ov 67 glasova.<\/p>\n<p>Karanovo ime u Donjoj Ljubiji prekri\u017eeno je na 3 listi\u0107a, a Blanu\u0161ino na 34.<\/p>\n<p>Dva bira\u010dka mjesta u \u010carakovu donijela su Karanu jo\u0161 dvije nule, dok su Blanu\u0161i donijela 60 glasova.<\/p>\n<p>Na tri bira\u010dka mjesta u Ra\u0161kovcu Blanu\u0161a je osvojio ukupno 292 glasa, a Karan 201.<\/p>\n<p><a href=\"https:\/\/atvbl.rs\/lat\/vijesti\/republika-srpska\/gdje-se-sve-sinisa-karan-nakupio-nula\/2203515\" rel=\"noopener\" target=\"_blank\">atvbl.rs<\/a><\/p>\n","protected":false},"excerpt":{"rendered":"<p>SNSD-ov kandidat za predsjednika Srpske imao je niz nula i u prijedorskim mjesnim zajednicama i naseljima u kojima su Bo\u0161njaci ve\u0107ina. Tako je od \u0161est bira\u010dkih mjesta u Kozarcu Karan [&hellip;]<\/p>\n","protected":false},"author":1,"featured_media":0,"comment_status":"closed","ping_status":"open","sticky":false,"template":"","format":"standard","meta":{"_monsterinsights_skip_tracking":false,"_monsterinsights_sitenote_active":false,"_monsterinsights_sitenote_note":"","_monsterinsights_sitenote_category":0,"footnotes":""},"categories":[11585,8],"tags":[],"yoast_head":"<!-- This site is optimized with the Yoast SEO plugin v21.6 - https:\/\/yoast.com\/wordpress\/plugins\/seo\/ -->\n<title>Pogledajte kako su na prijevremenim izborima za predsjednika RS glasala pojedina prijedorska naselja - PrijedorDanas.com - Prijedorski gradski portal<\/title>\n<meta name=\"robots\" content=\"index, follow, max-snippet:-1, max-image-preview:large, max-video-preview:-1\" \/>\n<link rel=\"canonical\" href=\"https:\/\/www.prijedordanas.com\/?p=257959\" \/>\n<meta property=\"og:locale\" content=\"en_US\" \/>\n<meta property=\"og:type\" content=\"article\" \/>\n<meta property=\"og:title\" content=\"Pogledajte kako su na prijevremenim izborima za predsjednika RS glasala pojedina prijedorska naselja - PrijedorDanas.com - Prijedorski gradski portal\" \/>\n<meta property=\"og:description\" content=\"SNSD-ov kandidat za predsjednika Srpske imao je niz nula i u prijedorskim mjesnim zajednicama i naseljima u kojima su Bo\u0161njaci ve\u0107ina. Tako je od \u0161est bira\u010dkih mjesta u Kozarcu Karan [&hellip;]\" \/>\n<meta property=\"og:url\" content=\"https:\/\/www.prijedordanas.com\/?p=257959\" \/>\n<meta property=\"og:site_name\" content=\"PrijedorDanas.com - Prijedorski gradski portal\" \/>\n<meta property=\"article:publisher\" content=\"https:\/\/www.facebook.com\/PrijedorDanasCom\/\" \/>\n<meta property=\"article:published_time\" content=\"2025-11-25T10:06:49+00:00\" \/>\n<meta property=\"og:image\" content=\"https:\/\/www.prijedordanas.com\/wp-content\/uploads\/2025\/11\/izbori-2025-glasanje-3-300x225.jpg\" \/>\n<meta name=\"author\" content=\"admin\" \/>\n<meta name=\"twitter:card\" content=\"summary_large_image\" \/>\n<meta name=\"twitter:label1\" content=\"Written by\" \/>\n\t<meta name=\"twitter:data1\" content=\"admin\" \/>\n<script type=\"application\/ld+json\" class=\"yoast-schema-graph\">{\"@context\":\"https:\/\/schema.org\",\"@graph\":[{\"@type\":\"Article\",\"@id\":\"https:\/\/www.prijedordanas.com\/?p=257959#article\",\"isPartOf\":{\"@id\":\"https:\/\/www.prijedordanas.com\/?p=257959\"},\"author\":{\"name\":\"admin\",\"@id\":\"https:\/\/www.prijedordanas.com\/#\/schema\/person\/4e08ccf29b506ca916ff86d46bb700e6\"},\"headline\":\"Pogledajte kako su na prijevremenim izborima za predsjednika RS glasala pojedina prijedorska naselja\",\"datePublished\":\"2025-11-25T10:06:49+00:00\",\"dateModified\":\"2025-11-25T10:06:49+00:00\",\"mainEntityOfPage\":{\"@id\":\"https:\/\/www.prijedordanas.com\/?p=257959\"},\"wordCount\":256,\"publisher\":{\"@id\":\"https:\/\/www.prijedordanas.com\/#organization\"},\"articleSection\":[\"Izbori\",\"Svakodnevno\"],\"inLanguage\":\"en-US\"},{\"@type\":\"WebPage\",\"@id\":\"https:\/\/www.prijedordanas.com\/?p=257959\",\"url\":\"https:\/\/www.prijedordanas.com\/?p=257959\",\"name\":\"Pogledajte kako su na prijevremenim izborima za predsjednika RS glasala pojedina prijedorska naselja - PrijedorDanas.com - Prijedorski gradski portal\",\"isPartOf\":{\"@id\":\"https:\/\/www.prijedordanas.com\/#website\"},\"datePublished\":\"2025-11-25T10:06:49+00:00\",\"dateModified\":\"2025-11-25T10:06:49+00:00\",\"breadcrumb\":{\"@id\":\"https:\/\/www.prijedordanas.com\/?p=257959#breadcrumb\"},\"inLanguage\":\"en-US\",\"potentialAction\":[{\"@type\":\"ReadAction\",\"target\":[\"https:\/\/www.prijedordanas.com\/?p=257959\"]}]},{\"@type\":\"BreadcrumbList\",\"@id\":\"https:\/\/www.prijedordanas.com\/?p=257959#breadcrumb\",\"itemListElement\":[{\"@type\":\"ListItem\",\"position\":1,\"name\":\"Home\",\"item\":\"https:\/\/www.prijedordanas.com\/\"},{\"@type\":\"ListItem\",\"position\":2,\"name\":\"Pogledajte kako su na prijevremenim izborima za predsjednika RS glasala pojedina prijedorska naselja\"}]},{\"@type\":\"WebSite\",\"@id\":\"https:\/\/www.prijedordanas.com\/#website\",\"url\":\"https:\/\/www.prijedordanas.com\/\",\"name\":\"PrijedorDanas.com - Prijedorski gradski portal\",\"description\":\"Portal o doga\u0111anjima u gradu Prijedoru\",\"publisher\":{\"@id\":\"https:\/\/www.prijedordanas.com\/#organization\"},\"potentialAction\":[{\"@type\":\"SearchAction\",\"target\":{\"@type\":\"EntryPoint\",\"urlTemplate\":\"https:\/\/www.prijedordanas.com\/?s={search_term_string}\"},\"query-input\":\"required name=search_term_string\"}],\"inLanguage\":\"en-US\"},{\"@type\":\"Organization\",\"@id\":\"https:\/\/www.prijedordanas.com\/#organization\",\"name\":\"PrijedorDanas.com\",\"url\":\"https:\/\/www.prijedordanas.com\/\",\"logo\":{\"@type\":\"ImageObject\",\"inLanguage\":\"en-US\",\"@id\":\"https:\/\/www.prijedordanas.com\/#\/schema\/logo\/image\/\",\"url\":\"http:\/\/www.prijedordanas.com\/wp-content\/uploads\/2021\/12\/logopng.png\",\"contentUrl\":\"http:\/\/www.prijedordanas.com\/wp-content\/uploads\/2021\/12\/logopng.png\",\"width\":1019,\"height\":776,\"caption\":\"PrijedorDanas.com\"},\"image\":{\"@id\":\"https:\/\/www.prijedordanas.com\/#\/schema\/logo\/image\/\"},\"sameAs\":[\"https:\/\/www.facebook.com\/PrijedorDanasCom\/\"]},{\"@type\":\"Person\",\"@id\":\"https:\/\/www.prijedordanas.com\/#\/schema\/person\/4e08ccf29b506ca916ff86d46bb700e6\",\"name\":\"admin\",\"image\":{\"@type\":\"ImageObject\",\"inLanguage\":\"en-US\",\"@id\":\"https:\/\/www.prijedordanas.com\/#\/schema\/person\/image\/\",\"url\":\"https:\/\/secure.gravatar.com\/avatar\/1d3fc949d550f0b53a5f0d51e06dfd79?s=96&d=mm&r=g\",\"contentUrl\":\"https:\/\/secure.gravatar.com\/avatar\/1d3fc949d550f0b53a5f0d51e06dfd79?s=96&d=mm&r=g\",\"caption\":\"admin\"},\"url\":\"https:\/\/www.prijedordanas.com\/?author=1\"}]}<\/script>\n<!-- \/ Yoast SEO plugin. -->","yoast_head_json":{"title":"Pogledajte kako su na prijevremenim izborima za predsjednika RS glasala pojedina prijedorska naselja - PrijedorDanas.com - Prijedorski gradski portal","robots":{"index":"index","follow":"follow","max-snippet":"max-snippet:-1","max-image-preview":"max-image-preview:large","max-video-preview":"max-video-preview:-1"},"canonical":"https:\/\/www.prijedordanas.com\/?p=257959","og_locale":"en_US","og_type":"article","og_title":"Pogledajte kako su na prijevremenim izborima za predsjednika RS glasala pojedina prijedorska naselja - PrijedorDanas.com - Prijedorski gradski portal","og_description":"SNSD-ov kandidat za predsjednika Srpske imao je niz nula i u prijedorskim mjesnim zajednicama i naseljima u kojima su Bo\u0161njaci ve\u0107ina. Tako je od \u0161est bira\u010dkih mjesta u Kozarcu Karan [&hellip;]","og_url":"https:\/\/www.prijedordanas.com\/?p=257959","og_site_name":"PrijedorDanas.com - Prijedorski gradski portal","article_publisher":"https:\/\/www.facebook.com\/PrijedorDanasCom\/","article_published_time":"2025-11-25T10:06:49+00:00","og_image":[{"url":"https:\/\/www.prijedordanas.com\/wp-content\/uploads\/2025\/11\/izbori-2025-glasanje-3-300x225.jpg"}],"author":"admin","twitter_card":"summary_large_image","twitter_misc":{"Written by":"admin"},"schema":{"@context":"https:\/\/schema.org","@graph":[{"@type":"Article","@id":"https:\/\/www.prijedordanas.com\/?p=257959#article","isPartOf":{"@id":"https:\/\/www.prijedordanas.com\/?p=257959"},"author":{"name":"admin","@id":"https:\/\/www.prijedordanas.com\/#\/schema\/person\/4e08ccf29b506ca916ff86d46bb700e6"},"headline":"Pogledajte kako su na prijevremenim izborima za predsjednika RS glasala pojedina prijedorska naselja","datePublished":"2025-11-25T10:06:49+00:00","dateModified":"2025-11-25T10:06:49+00:00","mainEntityOfPage":{"@id":"https:\/\/www.prijedordanas.com\/?p=257959"},"wordCount":256,"publisher":{"@id":"https:\/\/www.prijedordanas.com\/#organization"},"articleSection":["Izbori","Svakodnevno"],"inLanguage":"en-US"},{"@type":"WebPage","@id":"https:\/\/www.prijedordanas.com\/?p=257959","url":"https:\/\/www.prijedordanas.com\/?p=257959","name":"Pogledajte kako su na prijevremenim izborima za predsjednika RS glasala pojedina prijedorska naselja - PrijedorDanas.com - Prijedorski gradski portal","isPartOf":{"@id":"https:\/\/www.prijedordanas.com\/#website"},"datePublished":"2025-11-25T10:06:49+00:00","dateModified":"2025-11-25T10:06:49+00:00","breadcrumb":{"@id":"https:\/\/www.prijedordanas.com\/?p=257959#breadcrumb"},"inLanguage":"en-US","potentialAction":[{"@type":"ReadAction","target":["https:\/\/www.prijedordanas.com\/?p=257959"]}]},{"@type":"BreadcrumbList","@id":"https:\/\/www.prijedordanas.com\/?p=257959#breadcrumb","itemListElement":[{"@type":"ListItem","position":1,"name":"Home","item":"https:\/\/www.prijedordanas.com\/"},{"@type":"ListItem","position":2,"name":"Pogledajte kako su na prijevremenim izborima za predsjednika RS glasala pojedina prijedorska naselja"}]},{"@type":"WebSite","@id":"https:\/\/www.prijedordanas.com\/#website","url":"https:\/\/www.prijedordanas.com\/","name":"PrijedorDanas.com - Prijedorski gradski portal","description":"Portal o doga\u0111anjima u gradu Prijedoru","publisher":{"@id":"https:\/\/www.prijedordanas.com\/#organization"},"potentialAction":[{"@type":"SearchAction","target":{"@type":"EntryPoint","urlTemplate":"https:\/\/www.prijedordanas.com\/?s={search_term_string}"},"query-input":"required name=search_term_string"}],"inLanguage":"en-US"},{"@type":"Organization","@id":"https:\/\/www.prijedordanas.com\/#organization","name":"PrijedorDanas.com","url":"https:\/\/www.prijedordanas.com\/","logo":{"@type":"ImageObject","inLanguage":"en-US","@id":"https:\/\/www.prijedordanas.com\/#\/schema\/logo\/image\/","url":"http:\/\/www.prijedordanas.com\/wp-content\/uploads\/2021\/12\/logopng.png","contentUrl":"http:\/\/www.prijedordanas.com\/wp-content\/uploads\/2021\/12\/logopng.png","width":1019,"height":776,"caption":"PrijedorDanas.com"},"image":{"@id":"https:\/\/www.prijedordanas.com\/#\/schema\/logo\/image\/"},"sameAs":["https:\/\/www.facebook.com\/PrijedorDanasCom\/"]},{"@type":"Person","@id":"https:\/\/www.prijedordanas.com\/#\/schema\/person\/4e08ccf29b506ca916ff86d46bb700e6","name":"admin","image":{"@type":"ImageObject","inLanguage":"en-US","@id":"https:\/\/www.prijedordanas.com\/#\/schema\/person\/image\/","url":"https:\/\/secure.gravatar.com\/avatar\/1d3fc949d550f0b53a5f0d51e06dfd79?s=96&d=mm&r=g","contentUrl":"https:\/\/secure.gravatar.com\/avatar\/1d3fc949d550f0b53a5f0d51e06dfd79?s=96&d=mm&r=g","caption":"admin"},"url":"https:\/\/www.prijedordanas.com\/?author=1"}]}},"_links":{"self":[{"href":"https:\/\/www.prijedordanas.com\/index.php?rest_route=\/wp\/v2\/posts\/257959"}],"collection":[{"href":"https:\/\/www.prijedordanas.com\/index.php?rest_route=\/wp\/v2\/posts"}],"about":[{"href":"https:\/\/www.prijedordanas.com\/index.php?rest_route=\/wp\/v2\/types\/post"}],"author":[{"embeddable":true,"href":"https:\/\/www.prijedordanas.com\/index.php?rest_route=\/wp\/v2\/users\/1"}],"replies":[{"embeddable":true,"href":"https:\/\/www.prijedordanas.com\/index.php?rest_route=%2Fwp%2Fv2%2Fcomments&post=257959"}],"version-history":[{"count":1,"href":"https:\/\/www.prijedordanas.com\/index.php?rest_route=\/wp\/v2\/posts\/257959\/revisions"}],"predecessor-version":[{"id":257960,"href":"https:\/\/www.prijedordanas.com\/index.php?rest_route=\/wp\/v2\/posts\/257959\/revisions\/257960"}],"wp:attachment":[{"href":"https:\/\/www.prijedordanas.com\/index.php?rest_route=%2Fwp%2Fv2%2Fmedia&parent=257959"}],"wp:term":[{"taxonomy":"category","embeddable":true,"href":"https:\/\/www.prijedordanas.com\/index.php?rest_route=%2Fwp%2Fv2%2Fcategories&post=257959"},{"taxonomy":"post_tag","embeddable":true,"href":"https:\/\/www.prijedordanas.com\/index.php?rest_route=%2Fwp%2Fv2%2Ftags&post=257959"}],"curies":[{"name":"wp","href":"https:\/\/api.w.org\/{rel}","templated":true}]}}