{"id":25781,"date":"2015-07-13T16:01:05","date_gmt":"2015-07-13T15:01:05","guid":{"rendered":"https:\/\/www.prijedordanas.com\/?p=25781"},"modified":"2015-07-13T16:01:05","modified_gmt":"2015-07-13T15:01:05","slug":"odgodeno-sudenje-za-zlocin-u-zecovima","status":"publish","type":"post","link":"https:\/\/www.prijedordanas.com\/?p=25781","title":{"rendered":"ODGO\u0110ENO SU\u0110ENJE ZA ZLO\u010cIN U ZECOVIMA"},"content":{"rendered":"<p><a href=\"https:\/\/www.prijedordanas.com\/wp-content\/uploads\/2015\/07\/sud-bih-11.jpg\"><img loading=\"lazy\" decoding=\"async\" src=\"https:\/\/www.prijedordanas.com\/wp-content\/uploads\/2015\/07\/sud-bih-11-300x200.jpg\" alt=\"sud bih (1)\" width=\"300\" height=\"200\" class=\"alignleft size-medium wp-image-25782\" srcset=\"https:\/\/www.prijedordanas.com\/wp-content\/uploads\/2015\/07\/sud-bih-11-300x200.jpg 300w, https:\/\/www.prijedordanas.com\/wp-content\/uploads\/2015\/07\/sud-bih-11-150x100.jpg 150w, https:\/\/www.prijedordanas.com\/wp-content\/uploads\/2015\/07\/sud-bih-11-200x133.jpg 200w, https:\/\/www.prijedordanas.com\/wp-content\/uploads\/2015\/07\/sud-bih-11-250x166.jpg 250w, https:\/\/www.prijedordanas.com\/wp-content\/uploads\/2015\/07\/sud-bih-11-480x320.jpg 480w, https:\/\/www.prijedordanas.com\/wp-content\/uploads\/2015\/07\/sud-bih-11.jpg 600w\" sizes=\"(max-width: 300px) 100vw, 300px\" \/><\/a>Zbog bolesti optu\u017eenog Du\u0161ka Zori\u0107a, su\u0111enje za zlo\u010dine po\u010dinjene u selu Zecovi kod Prijedora odgo\u0111eno je proteklog petka za ovu sedmicu.<\/p>\n<p>\u201cOptu\u017eeni Zori\u0107 Du\u0161ko je bolestan i nije sposoban, kako je navedeno iz zdravstvene slu\u017ebe Kazneno-popravnog zavoda (KPZ) Zenica, da ide na pretres\u201d, rekao je \u0160aban Maksumi\u0107, predsjedavaju\u0107i Sudskog vije\u0107a.<\/p>\n<p>Maksumi\u0107 je kazao da Vije\u0107e nije moglo obavijestiti Odbrane da ne dolaze na Sud, jer nije ranije dobilo informaciju iz KPZ-a.<\/p>\n<p>Todor Todorovi\u0107, branilac optu\u017eenog Zori\u0107a, koji je na izdr\u017eavanju kazne zbog drugog krivi\u010dnog djela, rekao je kako je prije tri dana razgovarao sa optu\u017eenim, ali da mu on ni\u0161ta nije kazao o zdravstvenom stanju.<\/p>\n<p>Zori\u0107 je, zajedno s Du\u0161anom Miluni\u0107em, Radomirom Stojni\u0107em, Radovanom \u010ceti\u0107em, Zoranom Stojni\u0107em, \u017deljkom Grbi\u0107em, Ilijom Zori\u0107em, Zoranom Miluni\u0107em, Bo\u0161kom Gruji\u010di\u0107em, Ljubi\u0161om \u010ceti\u0107em, Radetom i Uro\u0161em Gruj\u010di\u0107em, Zdravkom Antoni\u0107em i Rajkom Gnjatovi\u0107em, optu\u017een za zlo\u010dine po\u010dinjene u selu Zecovi.<\/p>\n<p>Prema optu\u017enici, Miluni\u0107 je bio komandir Rasava\u010dke \u010dete 6. bataljona 43. brigade Vojske Republike Srpske (VRS), Radomir Stojni\u0107 komandir Rezervne stanice milicije Rasavci, a Radovan \u010ceti\u0107 predsjednik Srpske demokratske stranke (SDS) i Kriznog \u0161taba za selo Rasavci. Ostali su bili pripadnici Rasava\u010dke \u010dete, milicije te drugih formacija.<\/p>\n<p>Su\u0111enje \u0107e se nastaviti u \u010detvrtak, 16. jula, saslu\u0161anjem svjedoka Tu\u017eila\u0161tva BiH.<\/p>\n<p>BIRN<\/p>\n","protected":false},"excerpt":{"rendered":"<p>Zbog bolesti optu\u017eenog Du\u0161ka Zori\u0107a, su\u0111enje za zlo\u010dine po\u010dinjene u selu Zecovi kod Prijedora odgo\u0111eno je proteklog petka za ovu sedmicu. \u201cOptu\u017eeni Zori\u0107 Du\u0161ko je bolestan i nije sposoban, kako [&hellip;]<\/p>\n","protected":false},"author":1,"featured_media":0,"comment_status":"closed","ping_status":"open","sticky":false,"template":"","format":"standard","meta":{"_monsterinsights_skip_tracking":false,"_monsterinsights_sitenote_active":false,"_monsterinsights_sitenote_note":"","_monsterinsights_sitenote_category":0,"footnotes":""},"categories":[5],"tags":[531,249],"yoast_head":"<!-- This site is optimized with the Yoast SEO plugin v21.6 - https:\/\/yoast.com\/wordpress\/plugins\/seo\/ -->\n<title>ODGO\u0110ENO SU\u0110ENJE ZA ZLO\u010cIN U ZECOVIMA - PrijedorDanas.com - Prijedorski gradski portal<\/title>\n<meta name=\"robots\" content=\"index, follow, max-snippet:-1, max-image-preview:large, max-video-preview:-1\" \/>\n<link rel=\"canonical\" href=\"https:\/\/www.prijedordanas.com\/?p=25781\" \/>\n<meta property=\"og:locale\" content=\"en_US\" \/>\n<meta property=\"og:type\" content=\"article\" \/>\n<meta property=\"og:title\" content=\"ODGO\u0110ENO SU\u0110ENJE ZA ZLO\u010cIN U ZECOVIMA - PrijedorDanas.com - Prijedorski gradski portal\" \/>\n<meta property=\"og:description\" content=\"Zbog bolesti optu\u017eenog Du\u0161ka Zori\u0107a, su\u0111enje za zlo\u010dine po\u010dinjene u selu Zecovi kod Prijedora odgo\u0111eno je proteklog petka za ovu sedmicu. \u201cOptu\u017eeni Zori\u0107 Du\u0161ko je bolestan i nije sposoban, kako [&hellip;]\" \/>\n<meta property=\"og:url\" content=\"https:\/\/www.prijedordanas.com\/?p=25781\" \/>\n<meta property=\"og:site_name\" content=\"PrijedorDanas.com - Prijedorski gradski portal\" \/>\n<meta property=\"article:publisher\" content=\"https:\/\/www.facebook.com\/PrijedorDanasCom\/\" \/>\n<meta property=\"article:published_time\" content=\"2015-07-13T15:01:05+00:00\" \/>\n<meta property=\"og:image\" content=\"https:\/\/www.prijedordanas.com\/wp-content\/uploads\/2015\/07\/sud-bih-11-300x200.jpg\" \/>\n<meta name=\"author\" content=\"admin\" \/>\n<meta name=\"twitter:card\" content=\"summary_large_image\" \/>\n<meta name=\"twitter:label1\" content=\"Written by\" \/>\n\t<meta name=\"twitter:data1\" content=\"admin\" \/>\n\t<meta name=\"twitter:label2\" content=\"Est. reading time\" \/>\n\t<meta name=\"twitter:data2\" content=\"1 minute\" \/>\n<script type=\"application\/ld+json\" class=\"yoast-schema-graph\">{\"@context\":\"https:\/\/schema.org\",\"@graph\":[{\"@type\":\"Article\",\"@id\":\"https:\/\/www.prijedordanas.com\/?p=25781#article\",\"isPartOf\":{\"@id\":\"https:\/\/www.prijedordanas.com\/?p=25781\"},\"author\":{\"name\":\"admin\",\"@id\":\"https:\/\/www.prijedordanas.com\/#\/schema\/person\/4e08ccf29b506ca916ff86d46bb700e6\"},\"headline\":\"ODGO\u0110ENO SU\u0110ENJE ZA ZLO\u010cIN U ZECOVIMA\",\"datePublished\":\"2015-07-13T15:01:05+00:00\",\"dateModified\":\"2015-07-13T15:01:05+00:00\",\"mainEntityOfPage\":{\"@id\":\"https:\/\/www.prijedordanas.com\/?p=25781\"},\"wordCount\":256,\"publisher\":{\"@id\":\"https:\/\/www.prijedordanas.com\/#organization\"},\"keywords\":[\"Sud BiH\",\"su\u0111enje\"],\"articleSection\":[\"Hronika\"],\"inLanguage\":\"en-US\"},{\"@type\":\"WebPage\",\"@id\":\"https:\/\/www.prijedordanas.com\/?p=25781\",\"url\":\"https:\/\/www.prijedordanas.com\/?p=25781\",\"name\":\"ODGO\u0110ENO SU\u0110ENJE ZA ZLO\u010cIN U ZECOVIMA - PrijedorDanas.com - Prijedorski gradski portal\",\"isPartOf\":{\"@id\":\"https:\/\/www.prijedordanas.com\/#website\"},\"datePublished\":\"2015-07-13T15:01:05+00:00\",\"dateModified\":\"2015-07-13T15:01:05+00:00\",\"breadcrumb\":{\"@id\":\"https:\/\/www.prijedordanas.com\/?p=25781#breadcrumb\"},\"inLanguage\":\"en-US\",\"potentialAction\":[{\"@type\":\"ReadAction\",\"target\":[\"https:\/\/www.prijedordanas.com\/?p=25781\"]}]},{\"@type\":\"BreadcrumbList\",\"@id\":\"https:\/\/www.prijedordanas.com\/?p=25781#breadcrumb\",\"itemListElement\":[{\"@type\":\"ListItem\",\"position\":1,\"name\":\"Home\",\"item\":\"https:\/\/www.prijedordanas.com\/\"},{\"@type\":\"ListItem\",\"position\":2,\"name\":\"ODGO\u0110ENO SU\u0110ENJE ZA ZLO\u010cIN U ZECOVIMA\"}]},{\"@type\":\"WebSite\",\"@id\":\"https:\/\/www.prijedordanas.com\/#website\",\"url\":\"https:\/\/www.prijedordanas.com\/\",\"name\":\"PrijedorDanas.com - Prijedorski gradski portal\",\"description\":\"Portal o doga\u0111anjima u gradu Prijedoru\",\"publisher\":{\"@id\":\"https:\/\/www.prijedordanas.com\/#organization\"},\"potentialAction\":[{\"@type\":\"SearchAction\",\"target\":{\"@type\":\"EntryPoint\",\"urlTemplate\":\"https:\/\/www.prijedordanas.com\/?s={search_term_string}\"},\"query-input\":\"required name=search_term_string\"}],\"inLanguage\":\"en-US\"},{\"@type\":\"Organization\",\"@id\":\"https:\/\/www.prijedordanas.com\/#organization\",\"name\":\"PrijedorDanas.com\",\"url\":\"https:\/\/www.prijedordanas.com\/\",\"logo\":{\"@type\":\"ImageObject\",\"inLanguage\":\"en-US\",\"@id\":\"https:\/\/www.prijedordanas.com\/#\/schema\/logo\/image\/\",\"url\":\"http:\/\/www.prijedordanas.com\/wp-content\/uploads\/2021\/12\/logopng.png\",\"contentUrl\":\"http:\/\/www.prijedordanas.com\/wp-content\/uploads\/2021\/12\/logopng.png\",\"width\":1019,\"height\":776,\"caption\":\"PrijedorDanas.com\"},\"image\":{\"@id\":\"https:\/\/www.prijedordanas.com\/#\/schema\/logo\/image\/\"},\"sameAs\":[\"https:\/\/www.facebook.com\/PrijedorDanasCom\/\"]},{\"@type\":\"Person\",\"@id\":\"https:\/\/www.prijedordanas.com\/#\/schema\/person\/4e08ccf29b506ca916ff86d46bb700e6\",\"name\":\"admin\",\"image\":{\"@type\":\"ImageObject\",\"inLanguage\":\"en-US\",\"@id\":\"https:\/\/www.prijedordanas.com\/#\/schema\/person\/image\/\",\"url\":\"https:\/\/secure.gravatar.com\/avatar\/1d3fc949d550f0b53a5f0d51e06dfd79?s=96&d=mm&r=g\",\"contentUrl\":\"https:\/\/secure.gravatar.com\/avatar\/1d3fc949d550f0b53a5f0d51e06dfd79?s=96&d=mm&r=g\",\"caption\":\"admin\"},\"url\":\"https:\/\/www.prijedordanas.com\/?author=1\"}]}<\/script>\n<!-- \/ Yoast SEO plugin. -->","yoast_head_json":{"title":"ODGO\u0110ENO SU\u0110ENJE ZA ZLO\u010cIN U ZECOVIMA - PrijedorDanas.com - Prijedorski gradski portal","robots":{"index":"index","follow":"follow","max-snippet":"max-snippet:-1","max-image-preview":"max-image-preview:large","max-video-preview":"max-video-preview:-1"},"canonical":"https:\/\/www.prijedordanas.com\/?p=25781","og_locale":"en_US","og_type":"article","og_title":"ODGO\u0110ENO SU\u0110ENJE ZA ZLO\u010cIN U ZECOVIMA - PrijedorDanas.com - Prijedorski gradski portal","og_description":"Zbog bolesti optu\u017eenog Du\u0161ka Zori\u0107a, su\u0111enje za zlo\u010dine po\u010dinjene u selu Zecovi kod Prijedora odgo\u0111eno je proteklog petka za ovu sedmicu. \u201cOptu\u017eeni Zori\u0107 Du\u0161ko je bolestan i nije sposoban, kako [&hellip;]","og_url":"https:\/\/www.prijedordanas.com\/?p=25781","og_site_name":"PrijedorDanas.com - Prijedorski gradski portal","article_publisher":"https:\/\/www.facebook.com\/PrijedorDanasCom\/","article_published_time":"2015-07-13T15:01:05+00:00","og_image":[{"url":"https:\/\/www.prijedordanas.com\/wp-content\/uploads\/2015\/07\/sud-bih-11-300x200.jpg"}],"author":"admin","twitter_card":"summary_large_image","twitter_misc":{"Written by":"admin","Est. reading time":"1 minute"},"schema":{"@context":"https:\/\/schema.org","@graph":[{"@type":"Article","@id":"https:\/\/www.prijedordanas.com\/?p=25781#article","isPartOf":{"@id":"https:\/\/www.prijedordanas.com\/?p=25781"},"author":{"name":"admin","@id":"https:\/\/www.prijedordanas.com\/#\/schema\/person\/4e08ccf29b506ca916ff86d46bb700e6"},"headline":"ODGO\u0110ENO SU\u0110ENJE ZA ZLO\u010cIN U ZECOVIMA","datePublished":"2015-07-13T15:01:05+00:00","dateModified":"2015-07-13T15:01:05+00:00","mainEntityOfPage":{"@id":"https:\/\/www.prijedordanas.com\/?p=25781"},"wordCount":256,"publisher":{"@id":"https:\/\/www.prijedordanas.com\/#organization"},"keywords":["Sud BiH","su\u0111enje"],"articleSection":["Hronika"],"inLanguage":"en-US"},{"@type":"WebPage","@id":"https:\/\/www.prijedordanas.com\/?p=25781","url":"https:\/\/www.prijedordanas.com\/?p=25781","name":"ODGO\u0110ENO SU\u0110ENJE ZA ZLO\u010cIN U ZECOVIMA - PrijedorDanas.com - Prijedorski gradski portal","isPartOf":{"@id":"https:\/\/www.prijedordanas.com\/#website"},"datePublished":"2015-07-13T15:01:05+00:00","dateModified":"2015-07-13T15:01:05+00:00","breadcrumb":{"@id":"https:\/\/www.prijedordanas.com\/?p=25781#breadcrumb"},"inLanguage":"en-US","potentialAction":[{"@type":"ReadAction","target":["https:\/\/www.prijedordanas.com\/?p=25781"]}]},{"@type":"BreadcrumbList","@id":"https:\/\/www.prijedordanas.com\/?p=25781#breadcrumb","itemListElement":[{"@type":"ListItem","position":1,"name":"Home","item":"https:\/\/www.prijedordanas.com\/"},{"@type":"ListItem","position":2,"name":"ODGO\u0110ENO SU\u0110ENJE ZA ZLO\u010cIN U ZECOVIMA"}]},{"@type":"WebSite","@id":"https:\/\/www.prijedordanas.com\/#website","url":"https:\/\/www.prijedordanas.com\/","name":"PrijedorDanas.com - Prijedorski gradski portal","description":"Portal o doga\u0111anjima u gradu Prijedoru","publisher":{"@id":"https:\/\/www.prijedordanas.com\/#organization"},"potentialAction":[{"@type":"SearchAction","target":{"@type":"EntryPoint","urlTemplate":"https:\/\/www.prijedordanas.com\/?s={search_term_string}"},"query-input":"required name=search_term_string"}],"inLanguage":"en-US"},{"@type":"Organization","@id":"https:\/\/www.prijedordanas.com\/#organization","name":"PrijedorDanas.com","url":"https:\/\/www.prijedordanas.com\/","logo":{"@type":"ImageObject","inLanguage":"en-US","@id":"https:\/\/www.prijedordanas.com\/#\/schema\/logo\/image\/","url":"http:\/\/www.prijedordanas.com\/wp-content\/uploads\/2021\/12\/logopng.png","contentUrl":"http:\/\/www.prijedordanas.com\/wp-content\/uploads\/2021\/12\/logopng.png","width":1019,"height":776,"caption":"PrijedorDanas.com"},"image":{"@id":"https:\/\/www.prijedordanas.com\/#\/schema\/logo\/image\/"},"sameAs":["https:\/\/www.facebook.com\/PrijedorDanasCom\/"]},{"@type":"Person","@id":"https:\/\/www.prijedordanas.com\/#\/schema\/person\/4e08ccf29b506ca916ff86d46bb700e6","name":"admin","image":{"@type":"ImageObject","inLanguage":"en-US","@id":"https:\/\/www.prijedordanas.com\/#\/schema\/person\/image\/","url":"https:\/\/secure.gravatar.com\/avatar\/1d3fc949d550f0b53a5f0d51e06dfd79?s=96&d=mm&r=g","contentUrl":"https:\/\/secure.gravatar.com\/avatar\/1d3fc949d550f0b53a5f0d51e06dfd79?s=96&d=mm&r=g","caption":"admin"},"url":"https:\/\/www.prijedordanas.com\/?author=1"}]}},"_links":{"self":[{"href":"https:\/\/www.prijedordanas.com\/index.php?rest_route=\/wp\/v2\/posts\/25781"}],"collection":[{"href":"https:\/\/www.prijedordanas.com\/index.php?rest_route=\/wp\/v2\/posts"}],"about":[{"href":"https:\/\/www.prijedordanas.com\/index.php?rest_route=\/wp\/v2\/types\/post"}],"author":[{"embeddable":true,"href":"https:\/\/www.prijedordanas.com\/index.php?rest_route=\/wp\/v2\/users\/1"}],"replies":[{"embeddable":true,"href":"https:\/\/www.prijedordanas.com\/index.php?rest_route=%2Fwp%2Fv2%2Fcomments&post=25781"}],"version-history":[{"count":1,"href":"https:\/\/www.prijedordanas.com\/index.php?rest_route=\/wp\/v2\/posts\/25781\/revisions"}],"predecessor-version":[{"id":25783,"href":"https:\/\/www.prijedordanas.com\/index.php?rest_route=\/wp\/v2\/posts\/25781\/revisions\/25783"}],"wp:attachment":[{"href":"https:\/\/www.prijedordanas.com\/index.php?rest_route=%2Fwp%2Fv2%2Fmedia&parent=25781"}],"wp:term":[{"taxonomy":"category","embeddable":true,"href":"https:\/\/www.prijedordanas.com\/index.php?rest_route=%2Fwp%2Fv2%2Fcategories&post=25781"},{"taxonomy":"post_tag","embeddable":true,"href":"https:\/\/www.prijedordanas.com\/index.php?rest_route=%2Fwp%2Fv2%2Ftags&post=25781"}],"curies":[{"name":"wp","href":"https:\/\/api.w.org\/{rel}","templated":true}]}}