{"id":257538,"date":"2025-11-23T10:24:18","date_gmt":"2025-11-23T09:24:18","guid":{"rendered":"https:\/\/www.prijedordanas.com\/?p=257538"},"modified":"2025-11-23T10:24:18","modified_gmt":"2025-11-23T09:24:18","slug":"da-li-ce-novo-najavljeno-povecanje-plata-dovesti-novog-rasta-inflacije","status":"publish","type":"post","link":"https:\/\/www.prijedordanas.com\/?p=257538","title":{"rendered":"Da li \u0107e novo najavljeno pove\u0107anje plata dovesti novog rasta inflacije?"},"content":{"rendered":"<p><a href=\"https:\/\/www.prijedordanas.com\/wp-content\/uploads\/2025\/11\/cbbih-novac.jpg\"><span data-mce-type=\"bookmark\" style=\"display: inline-block; width: 0px; overflow: hidden; line-height: 0;\" class=\"mce_SELRES_start\">\ufeff<\/span><img loading=\"lazy\" decoding=\"async\" src=\"https:\/\/www.prijedordanas.com\/wp-content\/uploads\/2025\/11\/cbbih-novac-300x225.jpg\" alt=\"\" width=\"300\" height=\"225\" class=\"alignleft size-medium wp-image-257539\" srcset=\"https:\/\/www.prijedordanas.com\/wp-content\/uploads\/2025\/11\/cbbih-novac-300x225.jpg 300w, https:\/\/www.prijedordanas.com\/wp-content\/uploads\/2025\/11\/cbbih-novac-640x480.jpg 640w, https:\/\/www.prijedordanas.com\/wp-content\/uploads\/2025\/11\/cbbih-novac.jpg 667w\" sizes=\"(max-width: 300px) 100vw, 300px\" \/><\/a>Cijene osnovnih \u017eivotnih namirnica rastu iz dana u dan, pa svako pove\u0107anje plata \u201epojede inflacija\u201c. Da li \u0107e novo najavljeno pove\u0107anje plata dovesti to novog rasta inlfacije i novog talasa smanjenja kupovne mo\u0107i stanovni\u0161tva?<\/p>\n<p>Od 1. januara idu\u0107e godine u Republici Srpskoj najni\u017ea plata za nekvalifikovane radnike bi\u0107e 1,000 a, za visoku stru\u010dnu spremu 1,450 maraka.<\/p>\n<p>Do kraja godine o\u010dekuje se i da \u0107e Vlada Federacije donijeti sli\u010dnu odluku.<\/p>\n<p>Rast plata prema procjenama stru\u010dnjaka ne zna\u010di i pove\u0107anje kupovne mo\u0107i gra\u0111ana, jer stalna inflacija koja na dnevnom nivou uti\u010de na poskupljenje osnovnih \u017eivotnih namirnica.<\/p>\n<p>\u201cPove\u0107anje plata u ovakvim okolnostima jednako je pove\u0107anju poreza. Od tog pove\u0107anja 50 odsto ide dr\u017eavi. Idemo prema izborima, treba vi\u0161e para i oni pote\u017eu ovom populisti\u010dkom obliku, pa brinu se za radnike. Mene je strah kad \u010dujem da se brinu, o bilo kakvoj strukturi. Kad se brinu o penzionerima oni nabelaje, a kad se brinu o radnicima i njihovoj plati onda oni fasuju \u017eestoko\u201c.<\/p>\n<p>Profesor Ekonomskog fakulteta u Isto\u010dnom Sarajevu Predrag Mlinarevi\u0107 smatra da pove\u0107anje najni\u017ee plate ne\u0107e dovesti i do pove\u0107enja inflacije.<\/p>\n<p>\u201eOva odluka se prije svega mo\u017ee posmatrati kao redistributivna uloga minimalne zarade. U smislu da se jedan dio dohotka iz profita poslodavaca u industrijama koje nisu naro\u010dito konkurentne i sofisticirane da preusmjeri na pobolj\u0161anje standarda na\u0161ih radnika, zato \u0161to smo imali jedan apsurd u na\u0161oj ekonomiji da u takvim vrstama djelatnosti ste imali relativno visoke dobiti i pora\u0111ali smo milionere, a da se sve to moglo desiti na u\u0161trb standarda radnika. Zato je ova mjera vezana za pove\u0107anje minimalca ne\u0161to \u0161to trebamo pozdraviti\u201c, rekao je Mlinarevi\u0107.<\/p>\n<p>Ono u \u010demu se ekonomisti sla\u017eu, jeste to da dr\u017eava treba da razmi\u0161lja o fiskalnom rastere\u0107enju i smanjenju poreza i doprinosa.<\/p>\n<p>\u201eSmanjite ih za 10 odsto pa \u0107ete vidjeti da \u0107e se pove\u0107ati ekonomska aktivnost, a radnici \u0107e imati pove\u0107anje plate u ekvivalentu onih doprinosa koji oni pla\u0107aju\u201c, ka\u017ee ekonomista Muharem Karamji\u0107, a ekonomista Predrag Mlinarevi\u0107 smatra da dr\u017eava odricanjem jednim dijelom novca od poreza i doprinosa ne bi imala \u201erupe u bud\u017eetu\u201c.<\/p>\n<p>\u201eZbog \u010dinjenice da \u0107e se to pove\u0107anje usmjeriti na dodatnu tra\u017enju kroz druge oblike poreskih prihoda, to onda bude poreski neutralno, \u0161to zna\u010di da dr\u017eava ne napravi rupu u bud\u017eetu, nego sa druge strane da jedan dio onoga \u0161to je ona ranije uzimala prema radnicima\u201c, istakao je Mlinarevi\u0107.<\/p>\n<p>Osim \u0161to se dr\u017eava ne bavi olak\u0161icama za poslodavace, ne bavi se ni kontolom cijena osnovnih \u017eivotnih namirnica, koje rastu iz dana u dan. To primje\u0107uju i gra\u0111ani.<\/p>\n<p>\u201eTo ide kako je kome \u0107ejf, \u010dini mi se da tako i di\u017ee cijene\u201c, \u201e Najvi\u0161e hrana poskupljuje\u201c, \u201ePoskupljuje sve po malim granapima\u201c, \u201eRast cijena u zadnjim godinama i rast plata i penzija uop\u0161te jedno drugo ne prati\u201c, rekli su anketirani gra\u0111ani Isto\u010dnog Sarajeva.<\/p>\n<p>Da cijena potro\u0161a\u010dke korpe raste iz mjeseca u mjesec potvr\u0111uju i iz Udru\u017eenja potro\u0161a\u010da \u201eDON\u201c iz Prijedora.<\/p>\n<p>\u201eSvakodnevno smo svjedoci da imamo sve vi\u0161e proizvoda sa smanjenom grama\u017eom, a imamo sve ve\u0107e cijene bilo kog proizvoda. Na ovo niko i ne obra\u0107a pa\u017enju, a gra\u0111ani ispa\u0161taju.<\/p>\n<p>Treba definitivno da se porekene jedna velika akcija provjere svih cijena namirnica koji su na na\u0161em tr\u017ei\u0161tu, da se ovo ne dozvoli, tolika mar\u017ea na lijekove koju sada imamo od oko 20 odsto i da se prehrambeni artikli ne mogu poskupljivati svaki dan\u201c, zaklju\u010dila je Murisa Mari\u0107 izvr\u0161ni direktor Udru\u017eenja potro\u0161a\u010da \u201eDON\u201c \u2013 Prijedor<\/p>\n<p>Iz Udru\u017eenja potro\u0161a\u010da upozoravaju da se u Srpskoj priprema i poskupljenje svih komunalnih usluga za 20 odsto.<\/p>\n<p>Uz ve\u0107 najavljeno poskupljenje goriva, plus svakodnevni rast cijena osnovnih \u017eivotnih namirnica, dolazimo do zaklju\u010dka da \u201eKo pre\u017eivi, pri\u010da\u0107e\u201c.<\/p>\n<p><a href=\"https:\/\/capital.ba\/da-li-ce-novo-najavljeno-povecanje-plata-dovesti-novog-rasta-inflacije\/\" rel=\"noopener\" target=\"_blank\">capital.ba<\/a><\/p>\n","protected":false},"excerpt":{"rendered":"<p>\ufeffCijene osnovnih \u017eivotnih namirnica rastu iz dana u dan, pa svako pove\u0107anje plata \u201epojede inflacija\u201c. Da li \u0107e novo najavljeno pove\u0107anje plata dovesti to novog rasta inlfacije i novog talasa [&hellip;]<\/p>\n","protected":false},"author":1,"featured_media":0,"comment_status":"closed","ping_status":"open","sticky":false,"template":"","format":"standard","meta":{"_monsterinsights_skip_tracking":false,"_monsterinsights_sitenote_active":false,"_monsterinsights_sitenote_note":"","_monsterinsights_sitenote_category":0,"footnotes":""},"categories":[3],"tags":[],"yoast_head":"<!-- This site is optimized with the Yoast SEO plugin v21.6 - https:\/\/yoast.com\/wordpress\/plugins\/seo\/ -->\n<title>Da li \u0107e novo najavljeno pove\u0107anje plata dovesti novog rasta inflacije? - PrijedorDanas.com - Prijedorski gradski portal<\/title>\n<meta name=\"robots\" content=\"index, follow, max-snippet:-1, max-image-preview:large, max-video-preview:-1\" \/>\n<link rel=\"canonical\" href=\"https:\/\/www.prijedordanas.com\/?p=257538\" \/>\n<meta property=\"og:locale\" content=\"en_US\" \/>\n<meta property=\"og:type\" content=\"article\" \/>\n<meta property=\"og:title\" content=\"Da li \u0107e novo najavljeno pove\u0107anje plata dovesti novog rasta inflacije? - PrijedorDanas.com - Prijedorski gradski portal\" \/>\n<meta property=\"og:description\" content=\"\ufeffCijene osnovnih \u017eivotnih namirnica rastu iz dana u dan, pa svako pove\u0107anje plata \u201epojede inflacija\u201c. Da li \u0107e novo najavljeno pove\u0107anje plata dovesti to novog rasta inlfacije i novog talasa [&hellip;]\" \/>\n<meta property=\"og:url\" content=\"https:\/\/www.prijedordanas.com\/?p=257538\" \/>\n<meta property=\"og:site_name\" content=\"PrijedorDanas.com - Prijedorski gradski portal\" \/>\n<meta property=\"article:publisher\" content=\"https:\/\/www.facebook.com\/PrijedorDanasCom\/\" \/>\n<meta property=\"article:published_time\" content=\"2025-11-23T09:24:18+00:00\" \/>\n<meta property=\"og:image\" content=\"https:\/\/www.prijedordanas.com\/wp-content\/uploads\/2025\/11\/cbbih-novac-300x225.jpg\" \/>\n<meta name=\"author\" content=\"admin\" \/>\n<meta name=\"twitter:card\" content=\"summary_large_image\" \/>\n<meta name=\"twitter:label1\" content=\"Written by\" \/>\n\t<meta name=\"twitter:data1\" content=\"admin\" \/>\n\t<meta name=\"twitter:label2\" content=\"Est. reading time\" \/>\n\t<meta name=\"twitter:data2\" content=\"3 minutes\" \/>\n<script type=\"application\/ld+json\" class=\"yoast-schema-graph\">{\"@context\":\"https:\/\/schema.org\",\"@graph\":[{\"@type\":\"Article\",\"@id\":\"https:\/\/www.prijedordanas.com\/?p=257538#article\",\"isPartOf\":{\"@id\":\"https:\/\/www.prijedordanas.com\/?p=257538\"},\"author\":{\"name\":\"admin\",\"@id\":\"https:\/\/www.prijedordanas.com\/#\/schema\/person\/4e08ccf29b506ca916ff86d46bb700e6\"},\"headline\":\"Da li \u0107e novo najavljeno pove\u0107anje plata dovesti novog rasta inflacije?\",\"datePublished\":\"2025-11-23T09:24:18+00:00\",\"dateModified\":\"2025-11-23T09:24:18+00:00\",\"mainEntityOfPage\":{\"@id\":\"https:\/\/www.prijedordanas.com\/?p=257538\"},\"wordCount\":688,\"publisher\":{\"@id\":\"https:\/\/www.prijedordanas.com\/#organization\"},\"articleSection\":[\"\u017divot\"],\"inLanguage\":\"en-US\"},{\"@type\":\"WebPage\",\"@id\":\"https:\/\/www.prijedordanas.com\/?p=257538\",\"url\":\"https:\/\/www.prijedordanas.com\/?p=257538\",\"name\":\"Da li \u0107e novo najavljeno pove\u0107anje plata dovesti novog rasta inflacije? - PrijedorDanas.com - Prijedorski gradski portal\",\"isPartOf\":{\"@id\":\"https:\/\/www.prijedordanas.com\/#website\"},\"datePublished\":\"2025-11-23T09:24:18+00:00\",\"dateModified\":\"2025-11-23T09:24:18+00:00\",\"breadcrumb\":{\"@id\":\"https:\/\/www.prijedordanas.com\/?p=257538#breadcrumb\"},\"inLanguage\":\"en-US\",\"potentialAction\":[{\"@type\":\"ReadAction\",\"target\":[\"https:\/\/www.prijedordanas.com\/?p=257538\"]}]},{\"@type\":\"BreadcrumbList\",\"@id\":\"https:\/\/www.prijedordanas.com\/?p=257538#breadcrumb\",\"itemListElement\":[{\"@type\":\"ListItem\",\"position\":1,\"name\":\"Home\",\"item\":\"https:\/\/www.prijedordanas.com\/\"},{\"@type\":\"ListItem\",\"position\":2,\"name\":\"Da li \u0107e novo najavljeno pove\u0107anje plata dovesti novog rasta inflacije?\"}]},{\"@type\":\"WebSite\",\"@id\":\"https:\/\/www.prijedordanas.com\/#website\",\"url\":\"https:\/\/www.prijedordanas.com\/\",\"name\":\"PrijedorDanas.com - Prijedorski gradski portal\",\"description\":\"Portal o doga\u0111anjima u gradu Prijedoru\",\"publisher\":{\"@id\":\"https:\/\/www.prijedordanas.com\/#organization\"},\"potentialAction\":[{\"@type\":\"SearchAction\",\"target\":{\"@type\":\"EntryPoint\",\"urlTemplate\":\"https:\/\/www.prijedordanas.com\/?s={search_term_string}\"},\"query-input\":\"required name=search_term_string\"}],\"inLanguage\":\"en-US\"},{\"@type\":\"Organization\",\"@id\":\"https:\/\/www.prijedordanas.com\/#organization\",\"name\":\"PrijedorDanas.com\",\"url\":\"https:\/\/www.prijedordanas.com\/\",\"logo\":{\"@type\":\"ImageObject\",\"inLanguage\":\"en-US\",\"@id\":\"https:\/\/www.prijedordanas.com\/#\/schema\/logo\/image\/\",\"url\":\"http:\/\/www.prijedordanas.com\/wp-content\/uploads\/2021\/12\/logopng.png\",\"contentUrl\":\"http:\/\/www.prijedordanas.com\/wp-content\/uploads\/2021\/12\/logopng.png\",\"width\":1019,\"height\":776,\"caption\":\"PrijedorDanas.com\"},\"image\":{\"@id\":\"https:\/\/www.prijedordanas.com\/#\/schema\/logo\/image\/\"},\"sameAs\":[\"https:\/\/www.facebook.com\/PrijedorDanasCom\/\"]},{\"@type\":\"Person\",\"@id\":\"https:\/\/www.prijedordanas.com\/#\/schema\/person\/4e08ccf29b506ca916ff86d46bb700e6\",\"name\":\"admin\",\"image\":{\"@type\":\"ImageObject\",\"inLanguage\":\"en-US\",\"@id\":\"https:\/\/www.prijedordanas.com\/#\/schema\/person\/image\/\",\"url\":\"https:\/\/secure.gravatar.com\/avatar\/1d3fc949d550f0b53a5f0d51e06dfd79?s=96&d=mm&r=g\",\"contentUrl\":\"https:\/\/secure.gravatar.com\/avatar\/1d3fc949d550f0b53a5f0d51e06dfd79?s=96&d=mm&r=g\",\"caption\":\"admin\"},\"url\":\"https:\/\/www.prijedordanas.com\/?author=1\"}]}<\/script>\n<!-- \/ Yoast SEO plugin. -->","yoast_head_json":{"title":"Da li \u0107e novo najavljeno pove\u0107anje plata dovesti novog rasta inflacije? - PrijedorDanas.com - Prijedorski gradski portal","robots":{"index":"index","follow":"follow","max-snippet":"max-snippet:-1","max-image-preview":"max-image-preview:large","max-video-preview":"max-video-preview:-1"},"canonical":"https:\/\/www.prijedordanas.com\/?p=257538","og_locale":"en_US","og_type":"article","og_title":"Da li \u0107e novo najavljeno pove\u0107anje plata dovesti novog rasta inflacije? - PrijedorDanas.com - Prijedorski gradski portal","og_description":"\ufeffCijene osnovnih \u017eivotnih namirnica rastu iz dana u dan, pa svako pove\u0107anje plata \u201epojede inflacija\u201c. Da li \u0107e novo najavljeno pove\u0107anje plata dovesti to novog rasta inlfacije i novog talasa [&hellip;]","og_url":"https:\/\/www.prijedordanas.com\/?p=257538","og_site_name":"PrijedorDanas.com - Prijedorski gradski portal","article_publisher":"https:\/\/www.facebook.com\/PrijedorDanasCom\/","article_published_time":"2025-11-23T09:24:18+00:00","og_image":[{"url":"https:\/\/www.prijedordanas.com\/wp-content\/uploads\/2025\/11\/cbbih-novac-300x225.jpg"}],"author":"admin","twitter_card":"summary_large_image","twitter_misc":{"Written by":"admin","Est. reading time":"3 minutes"},"schema":{"@context":"https:\/\/schema.org","@graph":[{"@type":"Article","@id":"https:\/\/www.prijedordanas.com\/?p=257538#article","isPartOf":{"@id":"https:\/\/www.prijedordanas.com\/?p=257538"},"author":{"name":"admin","@id":"https:\/\/www.prijedordanas.com\/#\/schema\/person\/4e08ccf29b506ca916ff86d46bb700e6"},"headline":"Da li \u0107e novo najavljeno pove\u0107anje plata dovesti novog rasta inflacije?","datePublished":"2025-11-23T09:24:18+00:00","dateModified":"2025-11-23T09:24:18+00:00","mainEntityOfPage":{"@id":"https:\/\/www.prijedordanas.com\/?p=257538"},"wordCount":688,"publisher":{"@id":"https:\/\/www.prijedordanas.com\/#organization"},"articleSection":["\u017divot"],"inLanguage":"en-US"},{"@type":"WebPage","@id":"https:\/\/www.prijedordanas.com\/?p=257538","url":"https:\/\/www.prijedordanas.com\/?p=257538","name":"Da li \u0107e novo najavljeno pove\u0107anje plata dovesti novog rasta inflacije? - PrijedorDanas.com - Prijedorski gradski portal","isPartOf":{"@id":"https:\/\/www.prijedordanas.com\/#website"},"datePublished":"2025-11-23T09:24:18+00:00","dateModified":"2025-11-23T09:24:18+00:00","breadcrumb":{"@id":"https:\/\/www.prijedordanas.com\/?p=257538#breadcrumb"},"inLanguage":"en-US","potentialAction":[{"@type":"ReadAction","target":["https:\/\/www.prijedordanas.com\/?p=257538"]}]},{"@type":"BreadcrumbList","@id":"https:\/\/www.prijedordanas.com\/?p=257538#breadcrumb","itemListElement":[{"@type":"ListItem","position":1,"name":"Home","item":"https:\/\/www.prijedordanas.com\/"},{"@type":"ListItem","position":2,"name":"Da li \u0107e novo najavljeno pove\u0107anje plata dovesti novog rasta inflacije?"}]},{"@type":"WebSite","@id":"https:\/\/www.prijedordanas.com\/#website","url":"https:\/\/www.prijedordanas.com\/","name":"PrijedorDanas.com - Prijedorski gradski portal","description":"Portal o doga\u0111anjima u gradu Prijedoru","publisher":{"@id":"https:\/\/www.prijedordanas.com\/#organization"},"potentialAction":[{"@type":"SearchAction","target":{"@type":"EntryPoint","urlTemplate":"https:\/\/www.prijedordanas.com\/?s={search_term_string}"},"query-input":"required name=search_term_string"}],"inLanguage":"en-US"},{"@type":"Organization","@id":"https:\/\/www.prijedordanas.com\/#organization","name":"PrijedorDanas.com","url":"https:\/\/www.prijedordanas.com\/","logo":{"@type":"ImageObject","inLanguage":"en-US","@id":"https:\/\/www.prijedordanas.com\/#\/schema\/logo\/image\/","url":"http:\/\/www.prijedordanas.com\/wp-content\/uploads\/2021\/12\/logopng.png","contentUrl":"http:\/\/www.prijedordanas.com\/wp-content\/uploads\/2021\/12\/logopng.png","width":1019,"height":776,"caption":"PrijedorDanas.com"},"image":{"@id":"https:\/\/www.prijedordanas.com\/#\/schema\/logo\/image\/"},"sameAs":["https:\/\/www.facebook.com\/PrijedorDanasCom\/"]},{"@type":"Person","@id":"https:\/\/www.prijedordanas.com\/#\/schema\/person\/4e08ccf29b506ca916ff86d46bb700e6","name":"admin","image":{"@type":"ImageObject","inLanguage":"en-US","@id":"https:\/\/www.prijedordanas.com\/#\/schema\/person\/image\/","url":"https:\/\/secure.gravatar.com\/avatar\/1d3fc949d550f0b53a5f0d51e06dfd79?s=96&d=mm&r=g","contentUrl":"https:\/\/secure.gravatar.com\/avatar\/1d3fc949d550f0b53a5f0d51e06dfd79?s=96&d=mm&r=g","caption":"admin"},"url":"https:\/\/www.prijedordanas.com\/?author=1"}]}},"_links":{"self":[{"href":"https:\/\/www.prijedordanas.com\/index.php?rest_route=\/wp\/v2\/posts\/257538"}],"collection":[{"href":"https:\/\/www.prijedordanas.com\/index.php?rest_route=\/wp\/v2\/posts"}],"about":[{"href":"https:\/\/www.prijedordanas.com\/index.php?rest_route=\/wp\/v2\/types\/post"}],"author":[{"embeddable":true,"href":"https:\/\/www.prijedordanas.com\/index.php?rest_route=\/wp\/v2\/users\/1"}],"replies":[{"embeddable":true,"href":"https:\/\/www.prijedordanas.com\/index.php?rest_route=%2Fwp%2Fv2%2Fcomments&post=257538"}],"version-history":[{"count":2,"href":"https:\/\/www.prijedordanas.com\/index.php?rest_route=\/wp\/v2\/posts\/257538\/revisions"}],"predecessor-version":[{"id":257831,"href":"https:\/\/www.prijedordanas.com\/index.php?rest_route=\/wp\/v2\/posts\/257538\/revisions\/257831"}],"wp:attachment":[{"href":"https:\/\/www.prijedordanas.com\/index.php?rest_route=%2Fwp%2Fv2%2Fmedia&parent=257538"}],"wp:term":[{"taxonomy":"category","embeddable":true,"href":"https:\/\/www.prijedordanas.com\/index.php?rest_route=%2Fwp%2Fv2%2Fcategories&post=257538"},{"taxonomy":"post_tag","embeddable":true,"href":"https:\/\/www.prijedordanas.com\/index.php?rest_route=%2Fwp%2Fv2%2Ftags&post=257538"}],"curies":[{"name":"wp","href":"https:\/\/api.w.org\/{rel}","templated":true}]}}