{"id":256525,"date":"2025-10-31T20:28:22","date_gmt":"2025-10-31T19:28:22","guid":{"rendered":"https:\/\/www.prijedordanas.com\/?p=256525"},"modified":"2025-10-31T20:28:22","modified_gmt":"2025-10-31T19:28:22","slug":"omarska-nije-dobila-status-opstine-ni-pet-godina-od-dodikovih-obecanja-video","status":"publish","type":"post","link":"https:\/\/www.prijedordanas.com\/?p=256525","title":{"rendered":"Omarska nije dobila status op\u0161tine ni pet godina od Dodikovih obe\u0107anja &#8211; VIDEO"},"content":{"rendered":"<p><a href=\"https:\/\/www.prijedordanas.com\/wp-content\/uploads\/2025\/10\/rtvbn-opstina-omarska.jpg\"><img loading=\"lazy\" decoding=\"async\" src=\"https:\/\/www.prijedordanas.com\/wp-content\/uploads\/2025\/10\/rtvbn-opstina-omarska-300x226.jpg\" alt=\"\" width=\"300\" height=\"226\" class=\"alignleft size-medium wp-image-256526\" srcset=\"https:\/\/www.prijedordanas.com\/wp-content\/uploads\/2025\/10\/rtvbn-opstina-omarska-300x226.jpg 300w, https:\/\/www.prijedordanas.com\/wp-content\/uploads\/2025\/10\/rtvbn-opstina-omarska-640x480.jpg 640w, https:\/\/www.prijedordanas.com\/wp-content\/uploads\/2025\/10\/rtvbn-opstina-omarska.jpg 663w\" sizes=\"(max-width: 300px) 100vw, 300px\" \/><\/a>Dvadeset i petog oktobra 2020. godine tada\u0161nji lider SNSD-a i \u010dlan Predsjedni\u0161tva BiH Milorad Dodik obe\u0107ao je na sastanku sa grupom odabranih lokalnih zavni\u010dnika i najavio formiranje op\u0161tine Omarska, i to kako je tada re\u010deno po ekspresnoj proceduri. <\/p>\n<p>Kroz nekoliko dana navr\u0161i\u0107e se punih pet godina kako je pokrenuta ta inicijativa, odnosno vra\u0107anje statusa koji je Omarska prije 60 godina. Iako su jo\u0161 davno sprovedene sve procedure, vlast u ladici dr\u017ei nacrt zakona i bez obrazlo\u017eenja odugovla\u010di \u010ditav proces.<\/p>\n<p>Nedavno je stiglo novo obe\u0107anje ovoga puta samo od Milorada Dodika, budu\u0107i da su mu pravosna\u017enom presudom Suda BiH ukinute sve funkcije.<\/p>\n<p>On je na dru\u0161tvenoj mre\u017ei &#8220;Iks&#8221; pod znacima navoda &#8220;prozvao&#8221; nadle\u017ene lokalne i republi\u010dke institucije da ubrzaju proceduru.<\/p>\n<p>Mje\u0161tani koji su u \u017eargonu &#8220;pali&#8221; na Dodikova obe\u0107anja ka\u017eu da Omarska nikada ne\u0107e biti op\u0161tina jer zapu\u0161tene ulice, te\u0161ka pro\u0161lost i neizvjesna budu\u0107nost ogledalo je vlasti.<\/p>\n<p>Grad Prijedor je uradio sve u svojoj mo\u0107i da bi se do\u0161lo do statusa op\u0161tine Omarska, ka\u017ee prvi \u010dovjek grada Slobodan Javor. Sada je na potezu republi\u010dki nivo. U prevodu, puno se pri\u010dalo a ni\u0161ta radilo, ka\u017eu poznavaoci prilika u gradu na Sani.<\/p>\n<p>&#8220;Mi \u0107emo opet u narednom periodu opet oti\u0107i na teren i razgovarati sa svima da vidimo koji su naredni koraci, odnosno \u0161ta je ostalo da bi op\u0161tina Omarska dobila svoj pravni status. Ono \u0161to je ostalo sporno jeste pitanje finansijske konstrukcije i postojanja same op\u0161tine Omarska da li je to odr\u017eivo&#8221;- poru\u010dio je Javor.<\/p>\n<p>Odbornik PDP-a u gradskoj Skup\u0161tini Prijedora Predrag Kukolj ka\u017ee da je postala praksa da SNSD uo\u010di svakih izbora o\u017eivi stara obe\u0107anja.<\/p>\n<p>&#8220;Pri\u010da da \u0107e Omarska biti op\u0161tina je pri\u010da na koju je SNSD prije ta\u010dno pet godina dobio ubjedljivo lokalne izbore u Prijedoru. Danas sa sigurno\u0161\u0107u mo\u017eemo re\u0107i da su gra\u0111ani prevareni&#8221;- isti\u010de Kukolj.<\/p>\n<p>Rijetki su optimisti da \u0107e dobijanjem pod znacima navoda ,,samostalne op\u0161tine,, biti bolje jer kako sami ka\u017eu mje\u0161tani Omarske,  siti su praznih obe\u0107anja i politi\u010dkih igrica.<\/p>\n<p><a href=\"https:\/\/www.rtvbn.com\/4083599\/omarska-nije-dobila-status-opstine-ni-pet-godina-od-dodikovih-obecanja\" rel=\"noopener\" target=\"_blank\">rtvbn.com<\/a><\/p>\n<p><iframe loading=\"lazy\" title=\"Prijedor: Omarska nije dobila status op\u0161tine ni pet godina od Dodikovih obe\u0107anja\" width=\"500\" height=\"281\" src=\"https:\/\/www.youtube.com\/embed\/dcqUeRozWQs?feature=oembed\" frameborder=\"0\" allow=\"accelerometer; autoplay; clipboard-write; encrypted-media; gyroscope; picture-in-picture; web-share\" referrerpolicy=\"strict-origin-when-cross-origin\" allowfullscreen><\/iframe><\/p>\n","protected":false},"excerpt":{"rendered":"<p>Dvadeset i petog oktobra 2020. godine tada\u0161nji lider SNSD-a i \u010dlan Predsjedni\u0161tva BiH Milorad Dodik obe\u0107ao je na sastanku sa grupom odabranih lokalnih zavni\u010dnika i najavio formiranje op\u0161tine Omarska, i [&hellip;]<\/p>\n","protected":false},"author":1,"featured_media":0,"comment_status":"closed","ping_status":"open","sticky":false,"template":"","format":"standard","meta":{"_monsterinsights_skip_tracking":false,"_monsterinsights_sitenote_active":false,"_monsterinsights_sitenote_note":"","_monsterinsights_sitenote_category":0,"footnotes":""},"categories":[4],"tags":[],"yoast_head":"<!-- This site is optimized with the Yoast SEO plugin v21.6 - https:\/\/yoast.com\/wordpress\/plugins\/seo\/ -->\n<title>Omarska nije dobila status op\u0161tine ni pet godina od Dodikovih obe\u0107anja - VIDEO - PrijedorDanas.com - Prijedorski gradski portal<\/title>\n<meta name=\"robots\" content=\"index, follow, max-snippet:-1, max-image-preview:large, max-video-preview:-1\" \/>\n<link rel=\"canonical\" href=\"https:\/\/www.prijedordanas.com\/?p=256525\" \/>\n<meta property=\"og:locale\" content=\"en_US\" \/>\n<meta property=\"og:type\" content=\"article\" \/>\n<meta property=\"og:title\" content=\"Omarska nije dobila status op\u0161tine ni pet godina od Dodikovih obe\u0107anja - VIDEO - PrijedorDanas.com - Prijedorski gradski portal\" \/>\n<meta property=\"og:description\" content=\"Dvadeset i petog oktobra 2020. godine tada\u0161nji lider SNSD-a i \u010dlan Predsjedni\u0161tva BiH Milorad Dodik obe\u0107ao je na sastanku sa grupom odabranih lokalnih zavni\u010dnika i najavio formiranje op\u0161tine Omarska, i [&hellip;]\" \/>\n<meta property=\"og:url\" content=\"https:\/\/www.prijedordanas.com\/?p=256525\" \/>\n<meta property=\"og:site_name\" content=\"PrijedorDanas.com - Prijedorski gradski portal\" \/>\n<meta property=\"article:publisher\" content=\"https:\/\/www.facebook.com\/PrijedorDanasCom\/\" \/>\n<meta property=\"article:published_time\" content=\"2025-10-31T19:28:22+00:00\" \/>\n<meta property=\"og:image\" content=\"https:\/\/www.prijedordanas.com\/wp-content\/uploads\/2025\/10\/rtvbn-opstina-omarska-300x226.jpg\" \/>\n<meta name=\"author\" content=\"admin\" \/>\n<meta name=\"twitter:card\" content=\"summary_large_image\" \/>\n<meta name=\"twitter:label1\" content=\"Written by\" \/>\n\t<meta name=\"twitter:data1\" content=\"admin\" \/>\n<script type=\"application\/ld+json\" class=\"yoast-schema-graph\">{\"@context\":\"https:\/\/schema.org\",\"@graph\":[{\"@type\":\"Article\",\"@id\":\"https:\/\/www.prijedordanas.com\/?p=256525#article\",\"isPartOf\":{\"@id\":\"https:\/\/www.prijedordanas.com\/?p=256525\"},\"author\":{\"name\":\"admin\",\"@id\":\"https:\/\/www.prijedordanas.com\/#\/schema\/person\/4e08ccf29b506ca916ff86d46bb700e6\"},\"headline\":\"Omarska nije dobila status op\u0161tine ni pet godina od Dodikovih obe\u0107anja &#8211; VIDEO\",\"datePublished\":\"2025-10-31T19:28:22+00:00\",\"dateModified\":\"2025-10-31T19:28:22+00:00\",\"mainEntityOfPage\":{\"@id\":\"https:\/\/www.prijedordanas.com\/?p=256525\"},\"wordCount\":408,\"publisher\":{\"@id\":\"https:\/\/www.prijedordanas.com\/#organization\"},\"articleSection\":[\"Dru\u0161tvo\"],\"inLanguage\":\"en-US\"},{\"@type\":\"WebPage\",\"@id\":\"https:\/\/www.prijedordanas.com\/?p=256525\",\"url\":\"https:\/\/www.prijedordanas.com\/?p=256525\",\"name\":\"Omarska nije dobila status op\u0161tine ni pet godina od Dodikovih obe\u0107anja - VIDEO - PrijedorDanas.com - Prijedorski gradski portal\",\"isPartOf\":{\"@id\":\"https:\/\/www.prijedordanas.com\/#website\"},\"datePublished\":\"2025-10-31T19:28:22+00:00\",\"dateModified\":\"2025-10-31T19:28:22+00:00\",\"breadcrumb\":{\"@id\":\"https:\/\/www.prijedordanas.com\/?p=256525#breadcrumb\"},\"inLanguage\":\"en-US\",\"potentialAction\":[{\"@type\":\"ReadAction\",\"target\":[\"https:\/\/www.prijedordanas.com\/?p=256525\"]}]},{\"@type\":\"BreadcrumbList\",\"@id\":\"https:\/\/www.prijedordanas.com\/?p=256525#breadcrumb\",\"itemListElement\":[{\"@type\":\"ListItem\",\"position\":1,\"name\":\"Home\",\"item\":\"https:\/\/www.prijedordanas.com\/\"},{\"@type\":\"ListItem\",\"position\":2,\"name\":\"Omarska nije dobila status op\u0161tine ni pet godina od Dodikovih obe\u0107anja &#8211; VIDEO\"}]},{\"@type\":\"WebSite\",\"@id\":\"https:\/\/www.prijedordanas.com\/#website\",\"url\":\"https:\/\/www.prijedordanas.com\/\",\"name\":\"PrijedorDanas.com - Prijedorski gradski portal\",\"description\":\"Portal o doga\u0111anjima u gradu Prijedoru\",\"publisher\":{\"@id\":\"https:\/\/www.prijedordanas.com\/#organization\"},\"potentialAction\":[{\"@type\":\"SearchAction\",\"target\":{\"@type\":\"EntryPoint\",\"urlTemplate\":\"https:\/\/www.prijedordanas.com\/?s={search_term_string}\"},\"query-input\":\"required name=search_term_string\"}],\"inLanguage\":\"en-US\"},{\"@type\":\"Organization\",\"@id\":\"https:\/\/www.prijedordanas.com\/#organization\",\"name\":\"PrijedorDanas.com\",\"url\":\"https:\/\/www.prijedordanas.com\/\",\"logo\":{\"@type\":\"ImageObject\",\"inLanguage\":\"en-US\",\"@id\":\"https:\/\/www.prijedordanas.com\/#\/schema\/logo\/image\/\",\"url\":\"http:\/\/www.prijedordanas.com\/wp-content\/uploads\/2021\/12\/logopng.png\",\"contentUrl\":\"http:\/\/www.prijedordanas.com\/wp-content\/uploads\/2021\/12\/logopng.png\",\"width\":1019,\"height\":776,\"caption\":\"PrijedorDanas.com\"},\"image\":{\"@id\":\"https:\/\/www.prijedordanas.com\/#\/schema\/logo\/image\/\"},\"sameAs\":[\"https:\/\/www.facebook.com\/PrijedorDanasCom\/\"]},{\"@type\":\"Person\",\"@id\":\"https:\/\/www.prijedordanas.com\/#\/schema\/person\/4e08ccf29b506ca916ff86d46bb700e6\",\"name\":\"admin\",\"image\":{\"@type\":\"ImageObject\",\"inLanguage\":\"en-US\",\"@id\":\"https:\/\/www.prijedordanas.com\/#\/schema\/person\/image\/\",\"url\":\"https:\/\/secure.gravatar.com\/avatar\/1d3fc949d550f0b53a5f0d51e06dfd79?s=96&d=mm&r=g\",\"contentUrl\":\"https:\/\/secure.gravatar.com\/avatar\/1d3fc949d550f0b53a5f0d51e06dfd79?s=96&d=mm&r=g\",\"caption\":\"admin\"},\"url\":\"https:\/\/www.prijedordanas.com\/?author=1\"}]}<\/script>\n<!-- \/ Yoast SEO plugin. -->","yoast_head_json":{"title":"Omarska nije dobila status op\u0161tine ni pet godina od Dodikovih obe\u0107anja - VIDEO - PrijedorDanas.com - Prijedorski gradski portal","robots":{"index":"index","follow":"follow","max-snippet":"max-snippet:-1","max-image-preview":"max-image-preview:large","max-video-preview":"max-video-preview:-1"},"canonical":"https:\/\/www.prijedordanas.com\/?p=256525","og_locale":"en_US","og_type":"article","og_title":"Omarska nije dobila status op\u0161tine ni pet godina od Dodikovih obe\u0107anja - VIDEO - PrijedorDanas.com - Prijedorski gradski portal","og_description":"Dvadeset i petog oktobra 2020. godine tada\u0161nji lider SNSD-a i \u010dlan Predsjedni\u0161tva BiH Milorad Dodik obe\u0107ao je na sastanku sa grupom odabranih lokalnih zavni\u010dnika i najavio formiranje op\u0161tine Omarska, i [&hellip;]","og_url":"https:\/\/www.prijedordanas.com\/?p=256525","og_site_name":"PrijedorDanas.com - Prijedorski gradski portal","article_publisher":"https:\/\/www.facebook.com\/PrijedorDanasCom\/","article_published_time":"2025-10-31T19:28:22+00:00","og_image":[{"url":"https:\/\/www.prijedordanas.com\/wp-content\/uploads\/2025\/10\/rtvbn-opstina-omarska-300x226.jpg"}],"author":"admin","twitter_card":"summary_large_image","twitter_misc":{"Written by":"admin"},"schema":{"@context":"https:\/\/schema.org","@graph":[{"@type":"Article","@id":"https:\/\/www.prijedordanas.com\/?p=256525#article","isPartOf":{"@id":"https:\/\/www.prijedordanas.com\/?p=256525"},"author":{"name":"admin","@id":"https:\/\/www.prijedordanas.com\/#\/schema\/person\/4e08ccf29b506ca916ff86d46bb700e6"},"headline":"Omarska nije dobila status op\u0161tine ni pet godina od Dodikovih obe\u0107anja &#8211; VIDEO","datePublished":"2025-10-31T19:28:22+00:00","dateModified":"2025-10-31T19:28:22+00:00","mainEntityOfPage":{"@id":"https:\/\/www.prijedordanas.com\/?p=256525"},"wordCount":408,"publisher":{"@id":"https:\/\/www.prijedordanas.com\/#organization"},"articleSection":["Dru\u0161tvo"],"inLanguage":"en-US"},{"@type":"WebPage","@id":"https:\/\/www.prijedordanas.com\/?p=256525","url":"https:\/\/www.prijedordanas.com\/?p=256525","name":"Omarska nije dobila status op\u0161tine ni pet godina od Dodikovih obe\u0107anja - VIDEO - PrijedorDanas.com - Prijedorski gradski portal","isPartOf":{"@id":"https:\/\/www.prijedordanas.com\/#website"},"datePublished":"2025-10-31T19:28:22+00:00","dateModified":"2025-10-31T19:28:22+00:00","breadcrumb":{"@id":"https:\/\/www.prijedordanas.com\/?p=256525#breadcrumb"},"inLanguage":"en-US","potentialAction":[{"@type":"ReadAction","target":["https:\/\/www.prijedordanas.com\/?p=256525"]}]},{"@type":"BreadcrumbList","@id":"https:\/\/www.prijedordanas.com\/?p=256525#breadcrumb","itemListElement":[{"@type":"ListItem","position":1,"name":"Home","item":"https:\/\/www.prijedordanas.com\/"},{"@type":"ListItem","position":2,"name":"Omarska nije dobila status op\u0161tine ni pet godina od Dodikovih obe\u0107anja &#8211; VIDEO"}]},{"@type":"WebSite","@id":"https:\/\/www.prijedordanas.com\/#website","url":"https:\/\/www.prijedordanas.com\/","name":"PrijedorDanas.com - Prijedorski gradski portal","description":"Portal o doga\u0111anjima u gradu Prijedoru","publisher":{"@id":"https:\/\/www.prijedordanas.com\/#organization"},"potentialAction":[{"@type":"SearchAction","target":{"@type":"EntryPoint","urlTemplate":"https:\/\/www.prijedordanas.com\/?s={search_term_string}"},"query-input":"required name=search_term_string"}],"inLanguage":"en-US"},{"@type":"Organization","@id":"https:\/\/www.prijedordanas.com\/#organization","name":"PrijedorDanas.com","url":"https:\/\/www.prijedordanas.com\/","logo":{"@type":"ImageObject","inLanguage":"en-US","@id":"https:\/\/www.prijedordanas.com\/#\/schema\/logo\/image\/","url":"http:\/\/www.prijedordanas.com\/wp-content\/uploads\/2021\/12\/logopng.png","contentUrl":"http:\/\/www.prijedordanas.com\/wp-content\/uploads\/2021\/12\/logopng.png","width":1019,"height":776,"caption":"PrijedorDanas.com"},"image":{"@id":"https:\/\/www.prijedordanas.com\/#\/schema\/logo\/image\/"},"sameAs":["https:\/\/www.facebook.com\/PrijedorDanasCom\/"]},{"@type":"Person","@id":"https:\/\/www.prijedordanas.com\/#\/schema\/person\/4e08ccf29b506ca916ff86d46bb700e6","name":"admin","image":{"@type":"ImageObject","inLanguage":"en-US","@id":"https:\/\/www.prijedordanas.com\/#\/schema\/person\/image\/","url":"https:\/\/secure.gravatar.com\/avatar\/1d3fc949d550f0b53a5f0d51e06dfd79?s=96&d=mm&r=g","contentUrl":"https:\/\/secure.gravatar.com\/avatar\/1d3fc949d550f0b53a5f0d51e06dfd79?s=96&d=mm&r=g","caption":"admin"},"url":"https:\/\/www.prijedordanas.com\/?author=1"}]}},"_links":{"self":[{"href":"https:\/\/www.prijedordanas.com\/index.php?rest_route=\/wp\/v2\/posts\/256525"}],"collection":[{"href":"https:\/\/www.prijedordanas.com\/index.php?rest_route=\/wp\/v2\/posts"}],"about":[{"href":"https:\/\/www.prijedordanas.com\/index.php?rest_route=\/wp\/v2\/types\/post"}],"author":[{"embeddable":true,"href":"https:\/\/www.prijedordanas.com\/index.php?rest_route=\/wp\/v2\/users\/1"}],"replies":[{"embeddable":true,"href":"https:\/\/www.prijedordanas.com\/index.php?rest_route=%2Fwp%2Fv2%2Fcomments&post=256525"}],"version-history":[{"count":1,"href":"https:\/\/www.prijedordanas.com\/index.php?rest_route=\/wp\/v2\/posts\/256525\/revisions"}],"predecessor-version":[{"id":256527,"href":"https:\/\/www.prijedordanas.com\/index.php?rest_route=\/wp\/v2\/posts\/256525\/revisions\/256527"}],"wp:attachment":[{"href":"https:\/\/www.prijedordanas.com\/index.php?rest_route=%2Fwp%2Fv2%2Fmedia&parent=256525"}],"wp:term":[{"taxonomy":"category","embeddable":true,"href":"https:\/\/www.prijedordanas.com\/index.php?rest_route=%2Fwp%2Fv2%2Fcategories&post=256525"},{"taxonomy":"post_tag","embeddable":true,"href":"https:\/\/www.prijedordanas.com\/index.php?rest_route=%2Fwp%2Fv2%2Ftags&post=256525"}],"curies":[{"name":"wp","href":"https:\/\/api.w.org\/{rel}","templated":true}]}}