{"id":256134,"date":"2025-10-26T08:00:11","date_gmt":"2025-10-26T07:00:11","guid":{"rendered":"https:\/\/www.prijedordanas.com\/?p=256134"},"modified":"2025-10-26T08:00:11","modified_gmt":"2025-10-26T07:00:11","slug":"masa-arezina-prva-prijedorcanka-u-srpskoj-gimnaziji-u-madarskoj","status":"publish","type":"post","link":"https:\/\/www.prijedordanas.com\/?p=256134","title":{"rendered":"Ma\u0161a Are\u017eina, prva Prijedor\u010danka u srpskoj gimnaziji u Ma\u0111arskoj"},"content":{"rendered":"<p><a href=\"https:\/\/www.prijedordanas.com\/wp-content\/uploads\/2025\/10\/masa-arezina.jpg\"><img loading=\"lazy\" decoding=\"async\" class=\"alignleft size-medium wp-image-256135\" src=\"https:\/\/www.prijedordanas.com\/wp-content\/uploads\/2025\/10\/masa-arezina-300x225.jpg\" alt=\"\" width=\"300\" height=\"225\" srcset=\"https:\/\/www.prijedordanas.com\/wp-content\/uploads\/2025\/10\/masa-arezina-300x225.jpg 300w, https:\/\/www.prijedordanas.com\/wp-content\/uploads\/2025\/10\/masa-arezina-640x480.jpg 640w, https:\/\/www.prijedordanas.com\/wp-content\/uploads\/2025\/10\/masa-arezina.jpg 667w\" sizes=\"(max-width: 300px) 100vw, 300px\" \/><\/a>Ma\u0161a Are\u017eina \/2009\/ iz Prijedora prva je u\u010denica iz grada na Sani koja je upisala i poha\u0111a srpsku gimnaziju u Budimpe\u0161ti, plakala je od sre\u0107e \u0161to je nakon po\u010detne krize tako daleko od ku\u0107e i porodice odlu\u010dila da ostane, za prvo tromjese\u010dje u ma\u0111arskoj prijestonici ka\u017ee da je divno iskustvo i u \u017eivotu se \u017eeli baviti glumom.<\/p>\n<p>Za ovu \u0161kolu saznala je od mame, a mama od svojih radnih koleginica u Banjaluci odakle ima djece i u prethodnim generacijama.<\/p>\n<p>\u201eMamu sam jako smarala za Ameriku, kako \u0107u ja tamo biti kad porastem, pa se ona po\u010dela raspitivati \u0161ta bih ja mogla, a da ne idem odmah u Ameriku. Nije mislila da \u0107u se ja previ\u0161e zainteresovati za to, ali ja jesam\u201c, rekla je Ma\u0161a Srni.<\/p>\n<p>U devetom razredu krenula je istra\u017eivati o \u0161koli preko veb stranice i instagram profila i saznala da Srpski obrazovni i kulturni centar \u201eNikola Tesla\u201c u Budimpe\u0161ti ima vrti\u0107, osnovnu \u0161kolu, gimnaziju i mu\u0161ki i \u017eenski \u0111a\u010dki dom. U januaru ove godine predala je prijavu, svjedo\u010danstva iz vi\u0161ih razreda osnovne \u0161kole, rodni list i motivaciono pismo za koje smatra da je presudno ko \u0107e biti pozvan na prijemni ispit.<\/p>\n<p>\u201eNapisala sam, bi\u0107u iskrena, da \u017eelim da odem iz malog grada i da bi za mene bio veliki uspjeh da tu \u0161kolu upi\u0161em i zavr\u0161im. Zna\u010di, meni je ve\u0107 veliki uspjeh bio \u0161to sam upisala, \u0161to sam uspjela da upi\u0161em to. I napisala sam da sam \u010dula da, kada se uspje\u0161no zavr\u0161i ta \u0161kola i dobije diploma, svi evropski i ameri\u010dki univerziteti imaju \u0161irom otvorena vrata za mene\u201c, navela je Ma\u0161a.<\/p>\n<p><a href=\"https:\/\/www.prijedordanas.com\/wp-content\/uploads\/2025\/10\/masa-arezina-budimpesta.jpg\"><img loading=\"lazy\" decoding=\"async\" src=\"https:\/\/www.prijedordanas.com\/wp-content\/uploads\/2025\/10\/masa-arezina-budimpesta-225x300.jpg\" alt=\"\" width=\"225\" height=\"300\" class=\"alignleft size-medium wp-image-256136\" srcset=\"https:\/\/www.prijedordanas.com\/wp-content\/uploads\/2025\/10\/masa-arezina-budimpesta-225x300.jpg 225w, https:\/\/www.prijedordanas.com\/wp-content\/uploads\/2025\/10\/masa-arezina-budimpesta.jpg 450w\" sizes=\"(max-width: 225px) 100vw, 225px\" \/><\/a>Sje\u0107a se dana, u aprilu ove godine, kad je saznala da je pozvana na prijemni.<\/p>\n<p>\u201eI\u0161la sam iz \u0161kole. Mene mama zove. Ma\u0161o, svaka ti \u010dast! Primljena si. Pozvana si na prijemni. Ja kre\u0107em da vri\u0161tim nasred ulice, je li mogu\u0107e ovo? Je li ovo san? Ja se kre\u0107em \u0161tipati, da se probudim, kad ono nije san\u201c, pri\u010da Ma\u0161a.<\/p>\n<p>Krajem maja na prijemnom ispitu u Budimpe\u0161ti imala testiranje iz srpskog jezika i iz matematike, te intervju sa komisijom koju \u010dine direktorica \u0161kole, direktorica \u0111a\u010dkog doma i psiholog.<\/p>\n<p>\u201e\u010cim sam pro\u0161la audiciju za hor, si\u0161la sam dolje. U hodniku je bila direktorica \u0161kole i krenula je nas tri djevoj\u010dice ispitivati dok smo \u010dekale da se oslobodi u\u010dionica gdje \u0107emo imati intervju. Nisam imala osje\u0107aj da je to neka sad ozbiljna pri\u010da, samo je \u0107askala sa nama, ali je i zapisivala sve. I pita po \u010demu nas mo\u017ee najbolje zapamtiti. Dvije djevoj\u010dice nabrajaju ocjene, takmi\u010denja, diplome, a ja ka\u017eem ja se volim \u0161aliti. Ona me je odmah zagrlila i rekla da joj se svi\u0111am. I tad sam imala osje\u0107aj da \u0107u biti primljena\u201c, sje\u0107a se Ma\u0161a.<\/p>\n<p>Ka\u017ee da je na tom intervjuu bitno pokazati komunikativnost, odlu\u010dnost da se \u017eivi u drugom, velikom gradu, da se ima samopouzdanja, da se ne bude nesiguran dok se pri\u010da.<\/p>\n<p>\u201eImam osje\u0107aj da oni, \u010dim po\u010dne razgovor, znaju da li \u0107u se ja sna\u0107i tamo ili ne\u0107u. Sredinom juna bili smo na moru. Tata ne\u0161to gleda u telefon, provjerava poruke i u jednom trenutku pita me jesam li zapamtila kod s prijemnog, po\u0161to je prijemni \u0161ifrovan. Znala sam ga, napamet, zapamtila ga. I ja mu ka\u017eem, on ovako gleda tu listu i ka\u017ee: primljena si! I mi smo krenuli da slavimo, pu\u0161tali muziku, javljam svima kod ku\u0107e i svima je bilo drago\u201c, sje\u0107a se Ma\u0161a trenutka kad je saznala da je primljena.<\/p>\n<p>Prije 1. septembra, kada je po\u010dela nastava u ovoj \u0161kolskoj godini, jednu sedmicu poha\u0111ala je takozvani bruco\u0161ki kamp za koji ka\u017ee da ga je preplakala i koji bi preporu\u010dila svakome ba\u0161 zato da se prebrodi da prva kriza i da se na\u0111e dru\u0161tvo \u0161to prije.<\/p>\n<p>\u201eJako sam sre\u0107na. Djeci koja su ambiciozna i misle da mogu, vjeruju u sebe i mogu da se sna\u0111u, \u017eelim re\u0107i: samo naprijed. Preporu\u010dujem im stvarno ovo divno iskustvo. Eto, ja sam neki dan plakala od sre\u0107e \u0161to sam odlu\u010dila da ostanem, po\u0161to sam na bruco\u0161kom kampu razmi\u0161ljala da odem ku\u0107i, mislila sam da ne mogu ovo. Roditelji su rekli podr\u017eati svaku moju odluku, svaki moj izbor. I, eto, moj izbor je da ostanem i da ne odustanem i nemam dileme tu uop\u0161te\u201c, poru\u010dila je Ma\u0161a.<\/p>\n<p>Ma\u0161ine cimerke su iz Prnjavora, Dervente i Banjaluke, a u odjeljenju su jo\u0161 i djeca iz Crne Gore i Srbije.<\/p>\n<p>\u201eU svakoj u\u010dionci nema tabla i kreda kao kod nas, ve\u0107 ima pametna tabla i flip \u010dart. I nekako je sve novo i moderno. To mi je bilo neobi\u010dno. I ti novi predmeti, ma\u0111arski jezik, narodopis i ples. Ostali predmeti su kao kod nas. Dva puta sedmi\u010dno imam po \u0161est, a tri puta sedmi\u010dno po osam \u010dasova\u201c, pojasnila je Ma\u0161a.<\/p>\n<p>\u017deli se u \u017eivotu baviti glumom.<\/p>\n<p>\u201eSada trenutno tako razmi\u0161ljam i \u017eelimo to. Jako me gluma interesuje. Nisam sigurna ho\u0107e li mi se mi\u0161ljenje promijeniti. Mo\u017eda ho\u0107e, mo\u017eda ne\u0107e, ali to mi je sada zanimanje pod A. Pod B nema ni\u0161ta\u201c, odlu\u010dna je Ma\u0161a.<\/p>\n<p>Za baku Zoru ka\u017ee da je sretna i ponosna zbog nje, a da je za brata \u0110or\u0111a mislila da \u0107e najvi\u0161e plakati.<\/p>\n<p>\u201eKad sam se spremala na prijemni, plakala sam, a baba me izgrlila, izljubila, kosti polomila kolko me stisla. I mama ka\u017ee: joj, Ma\u0161o, nemoj sad plakati, plaka\u0107e\u0161 kad se bude\u0161 selila tamo. Brat je govorio da jedva \u010deka da odem, kao smaram ga, ovo, ono. Ja sam njemu rekla: ti \u0107e\u0161 najvi\u0161e plakati, zna\u010di, garantujem ti. On se uselio, zna\u010di, tamo u moju sobu gdje ja spavam, sa mojom bakom, sa mojom cimerkom, i on se raduje. I, eto, ja sad do\u0161la, ve\u0107 mu pozlilo. Oh, moj brate dragi, kako si me se u\u017eelio\u201c, smije sa Ma\u0161a.<\/p>\n<p>\u0160kolu finansira Vlada Ma\u0111arske i pokriva tro\u0161kove smje\u0161taja, \u0161kolarine i ve\u0107ine ud\u017ebenika. Roditelji snose tro\u0161ak hrane u menzi od 150 evra mjese\u010dno, privilegovanu cijenu javnog prevoza, izlete u okviru \u0161kolskog programa i ud\u017ebenike za ma\u0111arski i engleski jezik.<\/p>\n<p>SRNA\/Katarina Pani\u0107<\/p>\n","protected":false},"excerpt":{"rendered":"<p>Ma\u0161a Are\u017eina \/2009\/ iz Prijedora prva je u\u010denica iz grada na Sani koja je upisala i poha\u0111a srpsku gimnaziju u Budimpe\u0161ti, plakala je od sre\u0107e \u0161to je nakon po\u010detne krize [&hellip;]<\/p>\n","protected":false},"author":1,"featured_media":0,"comment_status":"closed","ping_status":"open","sticky":false,"template":"","format":"standard","meta":{"_monsterinsights_skip_tracking":false,"_monsterinsights_sitenote_active":false,"_monsterinsights_sitenote_note":"","_monsterinsights_sitenote_category":0,"footnotes":""},"categories":[4,7518],"tags":[],"yoast_head":"<!-- This site is optimized with the Yoast SEO plugin v21.6 - https:\/\/yoast.com\/wordpress\/plugins\/seo\/ -->\n<title>Ma\u0161a Are\u017eina, prva Prijedor\u010danka u srpskoj gimnaziji u Ma\u0111arskoj - PrijedorDanas.com - Prijedorski gradski portal<\/title>\n<meta name=\"robots\" content=\"index, follow, max-snippet:-1, max-image-preview:large, max-video-preview:-1\" \/>\n<link rel=\"canonical\" href=\"https:\/\/www.prijedordanas.com\/?p=256134\" \/>\n<meta property=\"og:locale\" content=\"en_US\" \/>\n<meta property=\"og:type\" content=\"article\" \/>\n<meta property=\"og:title\" content=\"Ma\u0161a Are\u017eina, prva Prijedor\u010danka u srpskoj gimnaziji u Ma\u0111arskoj - PrijedorDanas.com - Prijedorski gradski portal\" \/>\n<meta property=\"og:description\" content=\"Ma\u0161a Are\u017eina \/2009\/ iz Prijedora prva je u\u010denica iz grada na Sani koja je upisala i poha\u0111a srpsku gimnaziju u Budimpe\u0161ti, plakala je od sre\u0107e \u0161to je nakon po\u010detne krize [&hellip;]\" \/>\n<meta property=\"og:url\" content=\"https:\/\/www.prijedordanas.com\/?p=256134\" \/>\n<meta property=\"og:site_name\" content=\"PrijedorDanas.com - Prijedorski gradski portal\" \/>\n<meta property=\"article:publisher\" content=\"https:\/\/www.facebook.com\/PrijedorDanasCom\/\" \/>\n<meta property=\"article:published_time\" content=\"2025-10-26T07:00:11+00:00\" \/>\n<meta property=\"og:image\" content=\"https:\/\/www.prijedordanas.com\/wp-content\/uploads\/2025\/10\/masa-arezina-300x225.jpg\" \/>\n<meta name=\"author\" content=\"admin\" \/>\n<meta name=\"twitter:card\" content=\"summary_large_image\" \/>\n<meta name=\"twitter:label1\" content=\"Written by\" \/>\n\t<meta name=\"twitter:data1\" content=\"admin\" \/>\n\t<meta name=\"twitter:label2\" content=\"Est. reading time\" \/>\n\t<meta name=\"twitter:data2\" content=\"5 minutes\" \/>\n<script type=\"application\/ld+json\" class=\"yoast-schema-graph\">{\"@context\":\"https:\/\/schema.org\",\"@graph\":[{\"@type\":\"Article\",\"@id\":\"https:\/\/www.prijedordanas.com\/?p=256134#article\",\"isPartOf\":{\"@id\":\"https:\/\/www.prijedordanas.com\/?p=256134\"},\"author\":{\"name\":\"admin\",\"@id\":\"https:\/\/www.prijedordanas.com\/#\/schema\/person\/4e08ccf29b506ca916ff86d46bb700e6\"},\"headline\":\"Ma\u0161a Are\u017eina, prva Prijedor\u010danka u srpskoj gimnaziji u Ma\u0111arskoj\",\"datePublished\":\"2025-10-26T07:00:11+00:00\",\"dateModified\":\"2025-10-26T07:00:11+00:00\",\"mainEntityOfPage\":{\"@id\":\"https:\/\/www.prijedordanas.com\/?p=256134\"},\"wordCount\":1123,\"publisher\":{\"@id\":\"https:\/\/www.prijedordanas.com\/#organization\"},\"articleSection\":[\"Dru\u0161tvo\",\"Mladi\"],\"inLanguage\":\"en-US\"},{\"@type\":\"WebPage\",\"@id\":\"https:\/\/www.prijedordanas.com\/?p=256134\",\"url\":\"https:\/\/www.prijedordanas.com\/?p=256134\",\"name\":\"Ma\u0161a Are\u017eina, prva Prijedor\u010danka u srpskoj gimnaziji u Ma\u0111arskoj - PrijedorDanas.com - Prijedorski gradski portal\",\"isPartOf\":{\"@id\":\"https:\/\/www.prijedordanas.com\/#website\"},\"datePublished\":\"2025-10-26T07:00:11+00:00\",\"dateModified\":\"2025-10-26T07:00:11+00:00\",\"breadcrumb\":{\"@id\":\"https:\/\/www.prijedordanas.com\/?p=256134#breadcrumb\"},\"inLanguage\":\"en-US\",\"potentialAction\":[{\"@type\":\"ReadAction\",\"target\":[\"https:\/\/www.prijedordanas.com\/?p=256134\"]}]},{\"@type\":\"BreadcrumbList\",\"@id\":\"https:\/\/www.prijedordanas.com\/?p=256134#breadcrumb\",\"itemListElement\":[{\"@type\":\"ListItem\",\"position\":1,\"name\":\"Home\",\"item\":\"https:\/\/www.prijedordanas.com\/\"},{\"@type\":\"ListItem\",\"position\":2,\"name\":\"Ma\u0161a Are\u017eina, prva Prijedor\u010danka u srpskoj gimnaziji u Ma\u0111arskoj\"}]},{\"@type\":\"WebSite\",\"@id\":\"https:\/\/www.prijedordanas.com\/#website\",\"url\":\"https:\/\/www.prijedordanas.com\/\",\"name\":\"PrijedorDanas.com - Prijedorski gradski portal\",\"description\":\"Portal o doga\u0111anjima u gradu Prijedoru\",\"publisher\":{\"@id\":\"https:\/\/www.prijedordanas.com\/#organization\"},\"potentialAction\":[{\"@type\":\"SearchAction\",\"target\":{\"@type\":\"EntryPoint\",\"urlTemplate\":\"https:\/\/www.prijedordanas.com\/?s={search_term_string}\"},\"query-input\":\"required name=search_term_string\"}],\"inLanguage\":\"en-US\"},{\"@type\":\"Organization\",\"@id\":\"https:\/\/www.prijedordanas.com\/#organization\",\"name\":\"PrijedorDanas.com\",\"url\":\"https:\/\/www.prijedordanas.com\/\",\"logo\":{\"@type\":\"ImageObject\",\"inLanguage\":\"en-US\",\"@id\":\"https:\/\/www.prijedordanas.com\/#\/schema\/logo\/image\/\",\"url\":\"http:\/\/www.prijedordanas.com\/wp-content\/uploads\/2021\/12\/logopng.png\",\"contentUrl\":\"http:\/\/www.prijedordanas.com\/wp-content\/uploads\/2021\/12\/logopng.png\",\"width\":1019,\"height\":776,\"caption\":\"PrijedorDanas.com\"},\"image\":{\"@id\":\"https:\/\/www.prijedordanas.com\/#\/schema\/logo\/image\/\"},\"sameAs\":[\"https:\/\/www.facebook.com\/PrijedorDanasCom\/\"]},{\"@type\":\"Person\",\"@id\":\"https:\/\/www.prijedordanas.com\/#\/schema\/person\/4e08ccf29b506ca916ff86d46bb700e6\",\"name\":\"admin\",\"image\":{\"@type\":\"ImageObject\",\"inLanguage\":\"en-US\",\"@id\":\"https:\/\/www.prijedordanas.com\/#\/schema\/person\/image\/\",\"url\":\"https:\/\/secure.gravatar.com\/avatar\/1d3fc949d550f0b53a5f0d51e06dfd79?s=96&d=mm&r=g\",\"contentUrl\":\"https:\/\/secure.gravatar.com\/avatar\/1d3fc949d550f0b53a5f0d51e06dfd79?s=96&d=mm&r=g\",\"caption\":\"admin\"},\"url\":\"https:\/\/www.prijedordanas.com\/?author=1\"}]}<\/script>\n<!-- \/ Yoast SEO plugin. -->","yoast_head_json":{"title":"Ma\u0161a Are\u017eina, prva Prijedor\u010danka u srpskoj gimnaziji u Ma\u0111arskoj - PrijedorDanas.com - Prijedorski gradski portal","robots":{"index":"index","follow":"follow","max-snippet":"max-snippet:-1","max-image-preview":"max-image-preview:large","max-video-preview":"max-video-preview:-1"},"canonical":"https:\/\/www.prijedordanas.com\/?p=256134","og_locale":"en_US","og_type":"article","og_title":"Ma\u0161a Are\u017eina, prva Prijedor\u010danka u srpskoj gimnaziji u Ma\u0111arskoj - PrijedorDanas.com - Prijedorski gradski portal","og_description":"Ma\u0161a Are\u017eina \/2009\/ iz Prijedora prva je u\u010denica iz grada na Sani koja je upisala i poha\u0111a srpsku gimnaziju u Budimpe\u0161ti, plakala je od sre\u0107e \u0161to je nakon po\u010detne krize [&hellip;]","og_url":"https:\/\/www.prijedordanas.com\/?p=256134","og_site_name":"PrijedorDanas.com - Prijedorski gradski portal","article_publisher":"https:\/\/www.facebook.com\/PrijedorDanasCom\/","article_published_time":"2025-10-26T07:00:11+00:00","og_image":[{"url":"https:\/\/www.prijedordanas.com\/wp-content\/uploads\/2025\/10\/masa-arezina-300x225.jpg"}],"author":"admin","twitter_card":"summary_large_image","twitter_misc":{"Written by":"admin","Est. reading time":"5 minutes"},"schema":{"@context":"https:\/\/schema.org","@graph":[{"@type":"Article","@id":"https:\/\/www.prijedordanas.com\/?p=256134#article","isPartOf":{"@id":"https:\/\/www.prijedordanas.com\/?p=256134"},"author":{"name":"admin","@id":"https:\/\/www.prijedordanas.com\/#\/schema\/person\/4e08ccf29b506ca916ff86d46bb700e6"},"headline":"Ma\u0161a Are\u017eina, prva Prijedor\u010danka u srpskoj gimnaziji u Ma\u0111arskoj","datePublished":"2025-10-26T07:00:11+00:00","dateModified":"2025-10-26T07:00:11+00:00","mainEntityOfPage":{"@id":"https:\/\/www.prijedordanas.com\/?p=256134"},"wordCount":1123,"publisher":{"@id":"https:\/\/www.prijedordanas.com\/#organization"},"articleSection":["Dru\u0161tvo","Mladi"],"inLanguage":"en-US"},{"@type":"WebPage","@id":"https:\/\/www.prijedordanas.com\/?p=256134","url":"https:\/\/www.prijedordanas.com\/?p=256134","name":"Ma\u0161a Are\u017eina, prva Prijedor\u010danka u srpskoj gimnaziji u Ma\u0111arskoj - PrijedorDanas.com - Prijedorski gradski portal","isPartOf":{"@id":"https:\/\/www.prijedordanas.com\/#website"},"datePublished":"2025-10-26T07:00:11+00:00","dateModified":"2025-10-26T07:00:11+00:00","breadcrumb":{"@id":"https:\/\/www.prijedordanas.com\/?p=256134#breadcrumb"},"inLanguage":"en-US","potentialAction":[{"@type":"ReadAction","target":["https:\/\/www.prijedordanas.com\/?p=256134"]}]},{"@type":"BreadcrumbList","@id":"https:\/\/www.prijedordanas.com\/?p=256134#breadcrumb","itemListElement":[{"@type":"ListItem","position":1,"name":"Home","item":"https:\/\/www.prijedordanas.com\/"},{"@type":"ListItem","position":2,"name":"Ma\u0161a Are\u017eina, prva Prijedor\u010danka u srpskoj gimnaziji u Ma\u0111arskoj"}]},{"@type":"WebSite","@id":"https:\/\/www.prijedordanas.com\/#website","url":"https:\/\/www.prijedordanas.com\/","name":"PrijedorDanas.com - Prijedorski gradski portal","description":"Portal o doga\u0111anjima u gradu Prijedoru","publisher":{"@id":"https:\/\/www.prijedordanas.com\/#organization"},"potentialAction":[{"@type":"SearchAction","target":{"@type":"EntryPoint","urlTemplate":"https:\/\/www.prijedordanas.com\/?s={search_term_string}"},"query-input":"required name=search_term_string"}],"inLanguage":"en-US"},{"@type":"Organization","@id":"https:\/\/www.prijedordanas.com\/#organization","name":"PrijedorDanas.com","url":"https:\/\/www.prijedordanas.com\/","logo":{"@type":"ImageObject","inLanguage":"en-US","@id":"https:\/\/www.prijedordanas.com\/#\/schema\/logo\/image\/","url":"http:\/\/www.prijedordanas.com\/wp-content\/uploads\/2021\/12\/logopng.png","contentUrl":"http:\/\/www.prijedordanas.com\/wp-content\/uploads\/2021\/12\/logopng.png","width":1019,"height":776,"caption":"PrijedorDanas.com"},"image":{"@id":"https:\/\/www.prijedordanas.com\/#\/schema\/logo\/image\/"},"sameAs":["https:\/\/www.facebook.com\/PrijedorDanasCom\/"]},{"@type":"Person","@id":"https:\/\/www.prijedordanas.com\/#\/schema\/person\/4e08ccf29b506ca916ff86d46bb700e6","name":"admin","image":{"@type":"ImageObject","inLanguage":"en-US","@id":"https:\/\/www.prijedordanas.com\/#\/schema\/person\/image\/","url":"https:\/\/secure.gravatar.com\/avatar\/1d3fc949d550f0b53a5f0d51e06dfd79?s=96&d=mm&r=g","contentUrl":"https:\/\/secure.gravatar.com\/avatar\/1d3fc949d550f0b53a5f0d51e06dfd79?s=96&d=mm&r=g","caption":"admin"},"url":"https:\/\/www.prijedordanas.com\/?author=1"}]}},"_links":{"self":[{"href":"https:\/\/www.prijedordanas.com\/index.php?rest_route=\/wp\/v2\/posts\/256134"}],"collection":[{"href":"https:\/\/www.prijedordanas.com\/index.php?rest_route=\/wp\/v2\/posts"}],"about":[{"href":"https:\/\/www.prijedordanas.com\/index.php?rest_route=\/wp\/v2\/types\/post"}],"author":[{"embeddable":true,"href":"https:\/\/www.prijedordanas.com\/index.php?rest_route=\/wp\/v2\/users\/1"}],"replies":[{"embeddable":true,"href":"https:\/\/www.prijedordanas.com\/index.php?rest_route=%2Fwp%2Fv2%2Fcomments&post=256134"}],"version-history":[{"count":1,"href":"https:\/\/www.prijedordanas.com\/index.php?rest_route=\/wp\/v2\/posts\/256134\/revisions"}],"predecessor-version":[{"id":256137,"href":"https:\/\/www.prijedordanas.com\/index.php?rest_route=\/wp\/v2\/posts\/256134\/revisions\/256137"}],"wp:attachment":[{"href":"https:\/\/www.prijedordanas.com\/index.php?rest_route=%2Fwp%2Fv2%2Fmedia&parent=256134"}],"wp:term":[{"taxonomy":"category","embeddable":true,"href":"https:\/\/www.prijedordanas.com\/index.php?rest_route=%2Fwp%2Fv2%2Fcategories&post=256134"},{"taxonomy":"post_tag","embeddable":true,"href":"https:\/\/www.prijedordanas.com\/index.php?rest_route=%2Fwp%2Fv2%2Ftags&post=256134"}],"curies":[{"name":"wp","href":"https:\/\/api.w.org\/{rel}","templated":true}]}}