{"id":255892,"date":"2025-10-21T19:36:53","date_gmt":"2025-10-21T17:36:53","guid":{"rendered":"https:\/\/www.prijedordanas.com\/?p=255892"},"modified":"2025-10-21T19:36:53","modified_gmt":"2025-10-21T17:36:53","slug":"delegacija-grada-prijedora-na-oktobarskim-svecanostima-u-kragujevcu","status":"publish","type":"post","link":"https:\/\/www.prijedordanas.com\/?p=255892","title":{"rendered":"Delegacija Grada Prijedora na Oktobarskim sve\u010danostima u Kragujevcu"},"content":{"rendered":"<p><a href=\"https:\/\/www.prijedordanas.com\/wp-content\/uploads\/2025\/10\/prijedorgradorg-oktobarske-svecanosti-kragujevac-2.jpg\"><img loading=\"lazy\" decoding=\"async\" src=\"https:\/\/www.prijedordanas.com\/wp-content\/uploads\/2025\/10\/prijedorgradorg-oktobarske-svecanosti-kragujevac-2-300x225.jpg\" alt=\"\" width=\"300\" height=\"225\" class=\"alignleft size-medium wp-image-255894\" srcset=\"https:\/\/www.prijedordanas.com\/wp-content\/uploads\/2025\/10\/prijedorgradorg-oktobarske-svecanosti-kragujevac-2-300x225.jpg 300w, https:\/\/www.prijedordanas.com\/wp-content\/uploads\/2025\/10\/prijedorgradorg-oktobarske-svecanosti-kragujevac-2-640x480.jpg 640w, https:\/\/www.prijedordanas.com\/wp-content\/uploads\/2025\/10\/prijedorgradorg-oktobarske-svecanosti-kragujevac-2.jpg 667w\" sizes=\"(max-width: 300px) 100vw, 300px\" \/><\/a>Delegacija Grada Prijedora u Kragujevcu je prisustvovala ovogodi\u0161njim Oktobarskim sve\u010danostima &#8211; manifestaciji posve\u0107enoj o\u010duvanju sje\u0107anja na kragujeva\u010dke \u0111ake i profesore stradale u Drugom svjetskom ratu.<\/p>\n<p>Delegaciju Grada Prijedora \u010dinili su v.d. na\u010delnika Odjeljenja za kulturu, me\u0111unarodnu saradnju, sport i nevladine organizacije Aleksandar Milje\u0161i\u0107 i v.d. na\u010delnica Odjeljenja za obrazovanje, zdravstvo, socijalnu za\u0161titu i pronatalitetnu i demografsku politiku Olivera Brdar-Mirkovi\u0107.<\/p>\n<p>Tokom slu\u017ebene posjete, predstavnici Prijedora ju\u010de su prisustvovali Komemorativnoj akademiji u Prvoj kragujeva\u010dkoj gimnaziji, odr\u017eanoj u znak sje\u0107anja na u\u010denike koji su 1941. godine izvedeni iz \u0161kolskih klupa i strijeljani u \u0160umaricama. Akademija, kojom je obilje\u017een Dan \u0161kole, okupila je brojne dr\u017eavne i lokalne zvani\u010dnike, predstavnike gradova pobratima, vojske, policije i prosvjetnih ustanova.<\/p>\n<p>Istog dana delegacija je prisustvovala i tradicionalnom Bdenju u Muzeju &#8220;21. oktobar&#8221;, kao i promociji poeme &#8220;Srce zemlje&#8221; knji\u017eevnika Dragana Bo\u0161kovi\u0107a, koja je najavila centralni program obilje\u017eavanja Dana sje\u0107anja.<\/p>\n<p><a href=\"https:\/\/www.prijedordanas.com\/wp-content\/uploads\/2025\/10\/prijedorgradorg-oktobarske-svecanosti-kragujevac-1.jpg\"><img loading=\"lazy\" decoding=\"async\" class=\"alignleft size-medium wp-image-255893\" src=\"https:\/\/www.prijedordanas.com\/wp-content\/uploads\/2025\/10\/prijedorgradorg-oktobarske-svecanosti-kragujevac-1-300x225.jpg\" alt=\"\" width=\"300\" height=\"225\" srcset=\"https:\/\/www.prijedordanas.com\/wp-content\/uploads\/2025\/10\/prijedorgradorg-oktobarske-svecanosti-kragujevac-1-300x225.jpg 300w, https:\/\/www.prijedordanas.com\/wp-content\/uploads\/2025\/10\/prijedorgradorg-oktobarske-svecanosti-kragujevac-1-640x480.jpg 640w, https:\/\/www.prijedordanas.com\/wp-content\/uploads\/2025\/10\/prijedorgradorg-oktobarske-svecanosti-kragujevac-1.jpg 667w\" sizes=\"(max-width: 300px) 100vw, 300px\" \/><\/a>Predstavnici Prijedora danas su s brojnim delegacijama prisustvovali molebanu kragujeva\u010dkim Novomu\u010denicima i polaganju vijenaca kod Spomen-parka &#8220;Kragujeva\u010dki oktobar&#8221;.<\/p>\n<p>Centralni dio programa bio je Veliki \u0161kolski \u010das, tradicionalna sve\u010danost koja se svake godine odr\u017eava kod Spomenika strijeljanim \u0111acima i profesorima u \u0160umaricama. Ovogodi\u0161nji muzi\u010dki program \u010dinila je poema &#8220;Srce zemlje&#8221; u re\u017eiji Marka \u0110or\u0111evi\u0107a, u izvo\u0111enju hora, orkestra i u\u010denika Prve kragujeva\u010dke gimnazije.<\/p>\n<p>&#8220;Prijedor i Kragujevac povezuje duboka, stradalni\u010dka istorija, ali i sna\u017ena vjera u \u017eivot, u \u010dovjeka i u budu\u0107nost. Mi u Prijedoru dobro znamo \u0161ta zna\u010di \u010duvati sje\u0107anje i pretvarati bol u pouku. Mi nismo genocidan narod kako stvaraoci moderne istorije \u017eele da nas okarakteri\u0161u, nego ba\u0161 naprotiv, imamo stradalni\u010dku istorijupra\u0107enu borbom protiv nacizma i fa\u0161izma. Zato danas, stoje\u0107i rame uz rame s na\u0161im prijateljskim gradom, \u0161aljemo poruku da \u0107emo zajedno \u010duvati istinu, njegovati kulturu sje\u0107anja i s optimizmom graditi nove mostove prijateljstva. Prijedor s gradom Kragujevcom ima potpisanu povelju o saradnji na polju kulture i sporta i radimo na podizanju na\u0161eg prijateljstva na jo\u0161 vi\u0161i nivo&#8221;, poru\u010dio je Aleksandar Milje\u0161i\u0107.<\/p>\n<p>Oktobarske sve\u010danosti u Kragujevcu jedan su od najzna\u010dajnijih memorijalnih doga\u0111aja u Srbiji i regionu, a Prijedor, kao grad pobratim, tradicionalno u\u010destvuje u njihovom obilje\u017eavanju, njeguju\u0107i prijateljstvo zasnovano na uzajamnom po\u0161tovanju, kulturi i istorijskom pam\u0107enju.<\/p>\n<p><a href=\"https:\/\/prijedorgrad.org\/sr-EU\/vijesti-sadrzaj.html?vid=22887\" target=\"_blank\" rel=\"noopener\">prijedorgrad.org<\/a><\/p>\n","protected":false},"excerpt":{"rendered":"<p>Delegacija Grada Prijedora u Kragujevcu je prisustvovala ovogodi\u0161njim Oktobarskim sve\u010danostima &#8211; manifestaciji posve\u0107enoj o\u010duvanju sje\u0107anja na kragujeva\u010dke \u0111ake i profesore stradale u Drugom svjetskom ratu. Delegaciju Grada Prijedora \u010dinili su [&hellip;]<\/p>\n","protected":false},"author":1,"featured_media":0,"comment_status":"closed","ping_status":"open","sticky":false,"template":"","format":"standard","meta":{"_monsterinsights_skip_tracking":false,"_monsterinsights_sitenote_active":false,"_monsterinsights_sitenote_note":"","_monsterinsights_sitenote_category":0,"footnotes":""},"categories":[8],"tags":[],"yoast_head":"<!-- This site is optimized with the Yoast SEO plugin v21.6 - https:\/\/yoast.com\/wordpress\/plugins\/seo\/ -->\n<title>Delegacija Grada Prijedora na Oktobarskim sve\u010danostima u Kragujevcu - PrijedorDanas.com - Prijedorski gradski portal<\/title>\n<meta name=\"robots\" content=\"index, follow, max-snippet:-1, max-image-preview:large, max-video-preview:-1\" \/>\n<link rel=\"canonical\" href=\"https:\/\/www.prijedordanas.com\/?p=255892\" \/>\n<meta property=\"og:locale\" content=\"en_US\" \/>\n<meta property=\"og:type\" content=\"article\" \/>\n<meta property=\"og:title\" content=\"Delegacija Grada Prijedora na Oktobarskim sve\u010danostima u Kragujevcu - PrijedorDanas.com - Prijedorski gradski portal\" \/>\n<meta property=\"og:description\" content=\"Delegacija Grada Prijedora u Kragujevcu je prisustvovala ovogodi\u0161njim Oktobarskim sve\u010danostima &#8211; manifestaciji posve\u0107enoj o\u010duvanju sje\u0107anja na kragujeva\u010dke \u0111ake i profesore stradale u Drugom svjetskom ratu. Delegaciju Grada Prijedora \u010dinili su [&hellip;]\" \/>\n<meta property=\"og:url\" content=\"https:\/\/www.prijedordanas.com\/?p=255892\" \/>\n<meta property=\"og:site_name\" content=\"PrijedorDanas.com - Prijedorski gradski portal\" \/>\n<meta property=\"article:publisher\" content=\"https:\/\/www.facebook.com\/PrijedorDanasCom\/\" \/>\n<meta property=\"article:published_time\" content=\"2025-10-21T17:36:53+00:00\" \/>\n<meta property=\"og:image\" content=\"https:\/\/www.prijedordanas.com\/wp-content\/uploads\/2025\/10\/prijedorgradorg-oktobarske-svecanosti-kragujevac-2-300x225.jpg\" \/>\n<meta name=\"author\" content=\"admin\" \/>\n<meta name=\"twitter:card\" content=\"summary_large_image\" \/>\n<meta name=\"twitter:label1\" content=\"Written by\" \/>\n\t<meta name=\"twitter:data1\" content=\"admin\" \/>\n\t<meta name=\"twitter:label2\" content=\"Est. reading time\" \/>\n\t<meta name=\"twitter:data2\" content=\"2 minutes\" \/>\n<script type=\"application\/ld+json\" class=\"yoast-schema-graph\">{\"@context\":\"https:\/\/schema.org\",\"@graph\":[{\"@type\":\"Article\",\"@id\":\"https:\/\/www.prijedordanas.com\/?p=255892#article\",\"isPartOf\":{\"@id\":\"https:\/\/www.prijedordanas.com\/?p=255892\"},\"author\":{\"name\":\"admin\",\"@id\":\"https:\/\/www.prijedordanas.com\/#\/schema\/person\/4e08ccf29b506ca916ff86d46bb700e6\"},\"headline\":\"Delegacija Grada Prijedora na Oktobarskim sve\u010danostima u Kragujevcu\",\"datePublished\":\"2025-10-21T17:36:53+00:00\",\"dateModified\":\"2025-10-21T17:36:53+00:00\",\"mainEntityOfPage\":{\"@id\":\"https:\/\/www.prijedordanas.com\/?p=255892\"},\"wordCount\":420,\"publisher\":{\"@id\":\"https:\/\/www.prijedordanas.com\/#organization\"},\"articleSection\":[\"Svakodnevno\"],\"inLanguage\":\"en-US\"},{\"@type\":\"WebPage\",\"@id\":\"https:\/\/www.prijedordanas.com\/?p=255892\",\"url\":\"https:\/\/www.prijedordanas.com\/?p=255892\",\"name\":\"Delegacija Grada Prijedora na Oktobarskim sve\u010danostima u Kragujevcu - PrijedorDanas.com - Prijedorski gradski portal\",\"isPartOf\":{\"@id\":\"https:\/\/www.prijedordanas.com\/#website\"},\"datePublished\":\"2025-10-21T17:36:53+00:00\",\"dateModified\":\"2025-10-21T17:36:53+00:00\",\"breadcrumb\":{\"@id\":\"https:\/\/www.prijedordanas.com\/?p=255892#breadcrumb\"},\"inLanguage\":\"en-US\",\"potentialAction\":[{\"@type\":\"ReadAction\",\"target\":[\"https:\/\/www.prijedordanas.com\/?p=255892\"]}]},{\"@type\":\"BreadcrumbList\",\"@id\":\"https:\/\/www.prijedordanas.com\/?p=255892#breadcrumb\",\"itemListElement\":[{\"@type\":\"ListItem\",\"position\":1,\"name\":\"Home\",\"item\":\"https:\/\/www.prijedordanas.com\/\"},{\"@type\":\"ListItem\",\"position\":2,\"name\":\"Delegacija Grada Prijedora na Oktobarskim sve\u010danostima u Kragujevcu\"}]},{\"@type\":\"WebSite\",\"@id\":\"https:\/\/www.prijedordanas.com\/#website\",\"url\":\"https:\/\/www.prijedordanas.com\/\",\"name\":\"PrijedorDanas.com - Prijedorski gradski portal\",\"description\":\"Portal o doga\u0111anjima u gradu Prijedoru\",\"publisher\":{\"@id\":\"https:\/\/www.prijedordanas.com\/#organization\"},\"potentialAction\":[{\"@type\":\"SearchAction\",\"target\":{\"@type\":\"EntryPoint\",\"urlTemplate\":\"https:\/\/www.prijedordanas.com\/?s={search_term_string}\"},\"query-input\":\"required name=search_term_string\"}],\"inLanguage\":\"en-US\"},{\"@type\":\"Organization\",\"@id\":\"https:\/\/www.prijedordanas.com\/#organization\",\"name\":\"PrijedorDanas.com\",\"url\":\"https:\/\/www.prijedordanas.com\/\",\"logo\":{\"@type\":\"ImageObject\",\"inLanguage\":\"en-US\",\"@id\":\"https:\/\/www.prijedordanas.com\/#\/schema\/logo\/image\/\",\"url\":\"http:\/\/www.prijedordanas.com\/wp-content\/uploads\/2021\/12\/logopng.png\",\"contentUrl\":\"http:\/\/www.prijedordanas.com\/wp-content\/uploads\/2021\/12\/logopng.png\",\"width\":1019,\"height\":776,\"caption\":\"PrijedorDanas.com\"},\"image\":{\"@id\":\"https:\/\/www.prijedordanas.com\/#\/schema\/logo\/image\/\"},\"sameAs\":[\"https:\/\/www.facebook.com\/PrijedorDanasCom\/\"]},{\"@type\":\"Person\",\"@id\":\"https:\/\/www.prijedordanas.com\/#\/schema\/person\/4e08ccf29b506ca916ff86d46bb700e6\",\"name\":\"admin\",\"image\":{\"@type\":\"ImageObject\",\"inLanguage\":\"en-US\",\"@id\":\"https:\/\/www.prijedordanas.com\/#\/schema\/person\/image\/\",\"url\":\"https:\/\/secure.gravatar.com\/avatar\/1d3fc949d550f0b53a5f0d51e06dfd79?s=96&d=mm&r=g\",\"contentUrl\":\"https:\/\/secure.gravatar.com\/avatar\/1d3fc949d550f0b53a5f0d51e06dfd79?s=96&d=mm&r=g\",\"caption\":\"admin\"},\"url\":\"https:\/\/www.prijedordanas.com\/?author=1\"}]}<\/script>\n<!-- \/ Yoast SEO plugin. -->","yoast_head_json":{"title":"Delegacija Grada Prijedora na Oktobarskim sve\u010danostima u Kragujevcu - PrijedorDanas.com - Prijedorski gradski portal","robots":{"index":"index","follow":"follow","max-snippet":"max-snippet:-1","max-image-preview":"max-image-preview:large","max-video-preview":"max-video-preview:-1"},"canonical":"https:\/\/www.prijedordanas.com\/?p=255892","og_locale":"en_US","og_type":"article","og_title":"Delegacija Grada Prijedora na Oktobarskim sve\u010danostima u Kragujevcu - PrijedorDanas.com - Prijedorski gradski portal","og_description":"Delegacija Grada Prijedora u Kragujevcu je prisustvovala ovogodi\u0161njim Oktobarskim sve\u010danostima &#8211; manifestaciji posve\u0107enoj o\u010duvanju sje\u0107anja na kragujeva\u010dke \u0111ake i profesore stradale u Drugom svjetskom ratu. Delegaciju Grada Prijedora \u010dinili su [&hellip;]","og_url":"https:\/\/www.prijedordanas.com\/?p=255892","og_site_name":"PrijedorDanas.com - Prijedorski gradski portal","article_publisher":"https:\/\/www.facebook.com\/PrijedorDanasCom\/","article_published_time":"2025-10-21T17:36:53+00:00","og_image":[{"url":"https:\/\/www.prijedordanas.com\/wp-content\/uploads\/2025\/10\/prijedorgradorg-oktobarske-svecanosti-kragujevac-2-300x225.jpg"}],"author":"admin","twitter_card":"summary_large_image","twitter_misc":{"Written by":"admin","Est. reading time":"2 minutes"},"schema":{"@context":"https:\/\/schema.org","@graph":[{"@type":"Article","@id":"https:\/\/www.prijedordanas.com\/?p=255892#article","isPartOf":{"@id":"https:\/\/www.prijedordanas.com\/?p=255892"},"author":{"name":"admin","@id":"https:\/\/www.prijedordanas.com\/#\/schema\/person\/4e08ccf29b506ca916ff86d46bb700e6"},"headline":"Delegacija Grada Prijedora na Oktobarskim sve\u010danostima u Kragujevcu","datePublished":"2025-10-21T17:36:53+00:00","dateModified":"2025-10-21T17:36:53+00:00","mainEntityOfPage":{"@id":"https:\/\/www.prijedordanas.com\/?p=255892"},"wordCount":420,"publisher":{"@id":"https:\/\/www.prijedordanas.com\/#organization"},"articleSection":["Svakodnevno"],"inLanguage":"en-US"},{"@type":"WebPage","@id":"https:\/\/www.prijedordanas.com\/?p=255892","url":"https:\/\/www.prijedordanas.com\/?p=255892","name":"Delegacija Grada Prijedora na Oktobarskim sve\u010danostima u Kragujevcu - PrijedorDanas.com - Prijedorski gradski portal","isPartOf":{"@id":"https:\/\/www.prijedordanas.com\/#website"},"datePublished":"2025-10-21T17:36:53+00:00","dateModified":"2025-10-21T17:36:53+00:00","breadcrumb":{"@id":"https:\/\/www.prijedordanas.com\/?p=255892#breadcrumb"},"inLanguage":"en-US","potentialAction":[{"@type":"ReadAction","target":["https:\/\/www.prijedordanas.com\/?p=255892"]}]},{"@type":"BreadcrumbList","@id":"https:\/\/www.prijedordanas.com\/?p=255892#breadcrumb","itemListElement":[{"@type":"ListItem","position":1,"name":"Home","item":"https:\/\/www.prijedordanas.com\/"},{"@type":"ListItem","position":2,"name":"Delegacija Grada Prijedora na Oktobarskim sve\u010danostima u Kragujevcu"}]},{"@type":"WebSite","@id":"https:\/\/www.prijedordanas.com\/#website","url":"https:\/\/www.prijedordanas.com\/","name":"PrijedorDanas.com - Prijedorski gradski portal","description":"Portal o doga\u0111anjima u gradu Prijedoru","publisher":{"@id":"https:\/\/www.prijedordanas.com\/#organization"},"potentialAction":[{"@type":"SearchAction","target":{"@type":"EntryPoint","urlTemplate":"https:\/\/www.prijedordanas.com\/?s={search_term_string}"},"query-input":"required name=search_term_string"}],"inLanguage":"en-US"},{"@type":"Organization","@id":"https:\/\/www.prijedordanas.com\/#organization","name":"PrijedorDanas.com","url":"https:\/\/www.prijedordanas.com\/","logo":{"@type":"ImageObject","inLanguage":"en-US","@id":"https:\/\/www.prijedordanas.com\/#\/schema\/logo\/image\/","url":"http:\/\/www.prijedordanas.com\/wp-content\/uploads\/2021\/12\/logopng.png","contentUrl":"http:\/\/www.prijedordanas.com\/wp-content\/uploads\/2021\/12\/logopng.png","width":1019,"height":776,"caption":"PrijedorDanas.com"},"image":{"@id":"https:\/\/www.prijedordanas.com\/#\/schema\/logo\/image\/"},"sameAs":["https:\/\/www.facebook.com\/PrijedorDanasCom\/"]},{"@type":"Person","@id":"https:\/\/www.prijedordanas.com\/#\/schema\/person\/4e08ccf29b506ca916ff86d46bb700e6","name":"admin","image":{"@type":"ImageObject","inLanguage":"en-US","@id":"https:\/\/www.prijedordanas.com\/#\/schema\/person\/image\/","url":"https:\/\/secure.gravatar.com\/avatar\/1d3fc949d550f0b53a5f0d51e06dfd79?s=96&d=mm&r=g","contentUrl":"https:\/\/secure.gravatar.com\/avatar\/1d3fc949d550f0b53a5f0d51e06dfd79?s=96&d=mm&r=g","caption":"admin"},"url":"https:\/\/www.prijedordanas.com\/?author=1"}]}},"_links":{"self":[{"href":"https:\/\/www.prijedordanas.com\/index.php?rest_route=\/wp\/v2\/posts\/255892"}],"collection":[{"href":"https:\/\/www.prijedordanas.com\/index.php?rest_route=\/wp\/v2\/posts"}],"about":[{"href":"https:\/\/www.prijedordanas.com\/index.php?rest_route=\/wp\/v2\/types\/post"}],"author":[{"embeddable":true,"href":"https:\/\/www.prijedordanas.com\/index.php?rest_route=\/wp\/v2\/users\/1"}],"replies":[{"embeddable":true,"href":"https:\/\/www.prijedordanas.com\/index.php?rest_route=%2Fwp%2Fv2%2Fcomments&post=255892"}],"version-history":[{"count":1,"href":"https:\/\/www.prijedordanas.com\/index.php?rest_route=\/wp\/v2\/posts\/255892\/revisions"}],"predecessor-version":[{"id":255895,"href":"https:\/\/www.prijedordanas.com\/index.php?rest_route=\/wp\/v2\/posts\/255892\/revisions\/255895"}],"wp:attachment":[{"href":"https:\/\/www.prijedordanas.com\/index.php?rest_route=%2Fwp%2Fv2%2Fmedia&parent=255892"}],"wp:term":[{"taxonomy":"category","embeddable":true,"href":"https:\/\/www.prijedordanas.com\/index.php?rest_route=%2Fwp%2Fv2%2Fcategories&post=255892"},{"taxonomy":"post_tag","embeddable":true,"href":"https:\/\/www.prijedordanas.com\/index.php?rest_route=%2Fwp%2Fv2%2Ftags&post=255892"}],"curies":[{"name":"wp","href":"https:\/\/api.w.org\/{rel}","templated":true}]}}