{"id":255879,"date":"2025-10-21T16:47:23","date_gmt":"2025-10-21T14:47:23","guid":{"rendered":"https:\/\/www.prijedordanas.com\/?p=255879"},"modified":"2025-10-21T16:47:23","modified_gmt":"2025-10-21T14:47:23","slug":"u-osnovnom-sudu-prijedor-nastavljeno-sudenje-profesoricama-optuzenim-za-pronevjeru-61-89409-km","status":"publish","type":"post","link":"https:\/\/www.prijedordanas.com\/?p=255879","title":{"rendered":"U Osnovnom sudu Prijedor nastavljeno su\u0111enje profesoricama optu\u017eenim za pronevjeru 61.894,09 KM"},"content":{"rendered":"<p><a href=\"https:\/\/www.prijedordanas.com\/wp-content\/uploads\/2025\/03\/osnovni-sud-pd-mart2025-3.jpg\"><img loading=\"lazy\" decoding=\"async\" src=\"https:\/\/www.prijedordanas.com\/wp-content\/uploads\/2025\/03\/osnovni-sud-pd-mart2025-3-300x225.jpg\" alt=\"\" width=\"300\" height=\"225\" class=\"alignleft size-medium wp-image-244415\" srcset=\"https:\/\/www.prijedordanas.com\/wp-content\/uploads\/2025\/03\/osnovni-sud-pd-mart2025-3-300x225.jpg 300w, https:\/\/www.prijedordanas.com\/wp-content\/uploads\/2025\/03\/osnovni-sud-pd-mart2025-3-640x480.jpg 640w, https:\/\/www.prijedordanas.com\/wp-content\/uploads\/2025\/03\/osnovni-sud-pd-mart2025-3.jpg 667w\" sizes=\"(max-width: 300px) 100vw, 300px\" \/><\/a>Saslu\u0161anjem svjedoka tu\u017eila\u0161tva u Osnovnom sudu u Prijedoru danas je nastavljeno su\u0111enje profesoricama Ma\u0161inske \u0161kole Prijedor optu\u017eenima za pronevjeru 61.894,09 KM prilikom vo\u0111enja programa za obrazovanje odraslih. <\/p>\n<p>Biv\u0161a zamjenica direktora \u0161kole i profesorica Svetlana \u010ceko i profesorica Mirka \u0160ajic\u0301 terete se da su od kraja 2013. do kraja 2015. godine protivpravno prisvojile novac za \u0161kolarine preuzimajuc\u0301i od polaznika gotovinu, a ne pola\u017euc\u0301i novac na ra\u010dun \u0161kole za te namjene. <\/p>\n<p>Svjedok Slavko Pavlovic\u0301 iz Babic\u0301a kod Prijedora rekao je da se za prekvalifikaciju za varioca do\u0161ao raspitati u ovoj \u0161koli, da je tada saznao da to ko\u0161ta 1.000 KM, da su ga tom prilikom pitali koliko bi mogao odmah dati u ke\u0161u, a da je on odgovorio 300 KM. <\/p>\n<p>On je naveo da je tom prilikom i uplatio 300 KM u gotovini u \u0161koli i da ja za to dobio priznanicu, te da je 700 KM u ratama platio preko ra\u010duna, te da ne zna za\u0161to su ugovoru i u aneksu ugovora navedeni razli\u010diti iznosi, jedan od hiljadu i jedan od 700 KM. <\/p>\n<p>Svjedok Haris Mujkanovic\u0301 iz Kozaru\u0161e kod Prijedora rekao je da se ne sjec\u0301a gotovo ni\u010dega, da se ne sjec\u0301a ni toga da je u vezi s ovim predmetom davao iskaz policiji u toku istrage gdje je rekao da je optu\u017eenoj \u010ceko dao 300 KM u gotovini u \u0161koli, a preostalih 1.500 KM plac\u0301ao preko ra\u010duna. <\/p>\n<p>Nakon \u0161to mu je tu\u017eilac predo\u010dio uplatnice koje je prilikom istrage svjedok predao policiji, svjedok se sjetio priznanica i potvrdio da je neke uplac\u0301ivao i potpisivao on, a neke njegov otac, a na pitanje odbrane rekao je da se ne sjec\u0301a da ga je biv\u0161i direktor \u0161kole uslovljavao potpisivanjem aneksa na iznos od 1.500 KM. <\/p>\n<p>Svjedok Dejan Ga\u0161ic\u0301 iz Pejic\u0301a kod Prijedora rekao je da ne zna za\u0161to su u dva ugovora koja je sa \u0161kolom potpisao navedana dva razli\u010dita iznosa, i to 1.713,21 KM i 1.913,21 KM, te da je prekvalifikaciju za voza\u010da motornih vozila platio dva puta po 100 KM u gotovini u \u0161koli i ostalo preko ra\u010duna u banci. <\/p>\n<p>Svjedok Sretko Abaza iz Gomjenice kod Prijedora rekao je da je dio tro\u0161ka prekvalifikacije za voza\u010da motornih vozila trebalo da snosi Bora\u010dka organizacija, buduc\u0301i da mu je otac ratni vojni invalid i da je po tom osnovu imao pravo na to, te potvrdio da je platio 100 KM avansa u gotovini u \u0161koli koje je predao optu\u017eenoj \u010ceko. <\/p>\n<p>Svjedok Vedran Kantar iz Prijedora \u017eivi i radi kao medicinski tehni\u010dar u Njema\u010dkoj, a diplomu rukovoaca rudarskih ma\u0161ina stekao je prekvalifikacijom u Ma\u0161inskoj \u0161koli Prijedor za koju ga je biv\u0161i direktor \u0161kole uputio na optu\u017eenu \u010ceko koja mu je rekla da c\u0301e \u0161kolarina iznositi oko 1.700 KM \u0161to se plac\u0301a preko banke, a da se po 100 KM plac\u0301a avans u \u0161koli u gotovini za svaku \u0161kolsku godinu odnosno 200 KM ukupno u ke\u0161u. <\/p>\n<p>On je dodao da ne zna za\u0161to se iznos u ugovoru o do\u0161kolovanju razlikuje od iznosa koje je ukupno uplatio. <\/p>\n<p>Svjedok Milo\u0161 Radakovic\u0301 rekao je da se danas poslije toliko vremena ne sjec\u0301a mnogo toga, a da je izjava koju je policiji dao 2016. o \u0161kolovanju 2014. godine ta\u010dna i istinita. <\/p>\n<p>U toj izjavi navodi se da mu je optu\u017eena \u0160ajic\u0301 izra\u010dunala da c\u0301e prekvalifikacija ko\u0161tati 1.736,19 KM, a da je od obiju optu\u017eenih dobio informacije o na\u010dnima plac\u0301anja, da je 300 KM dao u gotovini i da ne zna otkud na jednom od ugovora puni iznos, a na drugom 1.436,19 KM. <\/p>\n<p>Branilac optu\u017eene \u010ceko advokat Miodrag Deretic\u0301 ukazao je na to da je prilikom uplata avansa u ke\u0161u u prostoriji \u0161kole u nekim slu\u010dajevima bio prisutan i tada\u0161nji direktor \u0161kole Zoran Radinovic\u0301. <\/p>\n<p>Branilac po slu\u017ebenoj du\u017enosti optu\u017eene \u0160ajic\u0301 advokatica Marija Stankovic\u0301 Vukmirica prigovorila je autenti\u010dnost aneksa koji su sadr\u017eavali iznose druga\u010dije nego u ugovorima o prekvalifikaciji. <\/p>\n<p>Krivi\u010dni postupak vodi sudsko vijec\u0301e u sastavu predsjedavajuc\u0301i Predrag Tepic\u0301 i \u010dlanovi Mladen Ubovic\u0301 i Aljo\u0161a Dukic\u0301, a Okru\u017eno javno tu\u017eila\u0161tvo Prijedor predstavlja tu\u017eilac Irman Dedic\u0301. <\/p>\n<p>Naredno ro\u010di\u0161te zakazano je za 3. novembra. <\/p>\n<p>Istom optu\u017enicom bio je obuhvac\u0301en i biv\u0161i direktor Ma\u0161inske \u0161kole Prijedor Zoran Radinovic\u0301 koji je priznao krivicu i osu\u0111en je najprije na dvije godine zatvora, a u \u017ealbenom postupku kazna je smanjena na osam mjeseci zatvora. <\/p>\n<p>U presudi Radinovic\u0301u navedena su imena 70 polaznika, iznosi novca koji su uplac\u0301ivali u gotovini i datumi uplata.<\/p>\n<p>Tekst \u2013 Katarina Pani\u0107 &#8211; <a href=\"https:\/\/www.prijedordanas.com\" target=\"_blank\" rel=\"noopener noreferrer\">www.prijedordanas.com<\/a><br \/>\nFoto ilustracija<\/p>\n","protected":false},"excerpt":{"rendered":"<p>Saslu\u0161anjem svjedoka tu\u017eila\u0161tva u Osnovnom sudu u Prijedoru danas je nastavljeno su\u0111enje profesoricama Ma\u0161inske \u0161kole Prijedor optu\u017eenima za pronevjeru 61.894,09 KM prilikom vo\u0111enja programa za obrazovanje odraslih. Biv\u0161a zamjenica direktora [&hellip;]<\/p>\n","protected":false},"author":1,"featured_media":0,"comment_status":"closed","ping_status":"open","sticky":false,"template":"","format":"standard","meta":{"_monsterinsights_skip_tracking":false,"_monsterinsights_sitenote_active":false,"_monsterinsights_sitenote_note":"","_monsterinsights_sitenote_category":0,"footnotes":""},"categories":[5],"tags":[],"yoast_head":"<!-- This site is optimized with the Yoast SEO plugin v21.6 - https:\/\/yoast.com\/wordpress\/plugins\/seo\/ -->\n<title>U Osnovnom sudu Prijedor nastavljeno su\u0111enje profesoricama optu\u017eenim za pronevjeru 61.894,09 KM - PrijedorDanas.com - Prijedorski gradski portal<\/title>\n<meta name=\"robots\" content=\"index, follow, max-snippet:-1, max-image-preview:large, max-video-preview:-1\" \/>\n<link rel=\"canonical\" href=\"https:\/\/www.prijedordanas.com\/?p=255879\" \/>\n<meta property=\"og:locale\" content=\"en_US\" \/>\n<meta property=\"og:type\" content=\"article\" \/>\n<meta property=\"og:title\" content=\"U Osnovnom sudu Prijedor nastavljeno su\u0111enje profesoricama optu\u017eenim za pronevjeru 61.894,09 KM - PrijedorDanas.com - Prijedorski gradski portal\" \/>\n<meta property=\"og:description\" content=\"Saslu\u0161anjem svjedoka tu\u017eila\u0161tva u Osnovnom sudu u Prijedoru danas je nastavljeno su\u0111enje profesoricama Ma\u0161inske \u0161kole Prijedor optu\u017eenima za pronevjeru 61.894,09 KM prilikom vo\u0111enja programa za obrazovanje odraslih. Biv\u0161a zamjenica direktora [&hellip;]\" \/>\n<meta property=\"og:url\" content=\"https:\/\/www.prijedordanas.com\/?p=255879\" \/>\n<meta property=\"og:site_name\" content=\"PrijedorDanas.com - Prijedorski gradski portal\" \/>\n<meta property=\"article:publisher\" content=\"https:\/\/www.facebook.com\/PrijedorDanasCom\/\" \/>\n<meta property=\"article:published_time\" content=\"2025-10-21T14:47:23+00:00\" \/>\n<meta property=\"og:image\" content=\"https:\/\/www.prijedordanas.com\/wp-content\/uploads\/2025\/03\/osnovni-sud-pd-mart2025-3-300x225.jpg\" \/>\n<meta name=\"author\" content=\"admin\" \/>\n<meta name=\"twitter:card\" content=\"summary_large_image\" \/>\n<meta name=\"twitter:label1\" content=\"Written by\" \/>\n\t<meta name=\"twitter:data1\" content=\"admin\" \/>\n<script type=\"application\/ld+json\" class=\"yoast-schema-graph\">{\"@context\":\"https:\/\/schema.org\",\"@graph\":[{\"@type\":\"Article\",\"@id\":\"https:\/\/www.prijedordanas.com\/?p=255879#article\",\"isPartOf\":{\"@id\":\"https:\/\/www.prijedordanas.com\/?p=255879\"},\"author\":{\"name\":\"admin\",\"@id\":\"https:\/\/www.prijedordanas.com\/#\/schema\/person\/4e08ccf29b506ca916ff86d46bb700e6\"},\"headline\":\"U Osnovnom sudu Prijedor nastavljeno su\u0111enje profesoricama optu\u017eenim za pronevjeru 61.894,09 KM\",\"datePublished\":\"2025-10-21T14:47:23+00:00\",\"dateModified\":\"2025-10-21T14:47:23+00:00\",\"mainEntityOfPage\":{\"@id\":\"https:\/\/www.prijedordanas.com\/?p=255879\"},\"wordCount\":802,\"publisher\":{\"@id\":\"https:\/\/www.prijedordanas.com\/#organization\"},\"articleSection\":[\"Hronika\"],\"inLanguage\":\"en-US\"},{\"@type\":\"WebPage\",\"@id\":\"https:\/\/www.prijedordanas.com\/?p=255879\",\"url\":\"https:\/\/www.prijedordanas.com\/?p=255879\",\"name\":\"U Osnovnom sudu Prijedor nastavljeno su\u0111enje profesoricama optu\u017eenim za pronevjeru 61.894,09 KM - PrijedorDanas.com - Prijedorski gradski portal\",\"isPartOf\":{\"@id\":\"https:\/\/www.prijedordanas.com\/#website\"},\"datePublished\":\"2025-10-21T14:47:23+00:00\",\"dateModified\":\"2025-10-21T14:47:23+00:00\",\"breadcrumb\":{\"@id\":\"https:\/\/www.prijedordanas.com\/?p=255879#breadcrumb\"},\"inLanguage\":\"en-US\",\"potentialAction\":[{\"@type\":\"ReadAction\",\"target\":[\"https:\/\/www.prijedordanas.com\/?p=255879\"]}]},{\"@type\":\"BreadcrumbList\",\"@id\":\"https:\/\/www.prijedordanas.com\/?p=255879#breadcrumb\",\"itemListElement\":[{\"@type\":\"ListItem\",\"position\":1,\"name\":\"Home\",\"item\":\"https:\/\/www.prijedordanas.com\/\"},{\"@type\":\"ListItem\",\"position\":2,\"name\":\"U Osnovnom sudu Prijedor nastavljeno su\u0111enje profesoricama optu\u017eenim za pronevjeru 61.894,09 KM\"}]},{\"@type\":\"WebSite\",\"@id\":\"https:\/\/www.prijedordanas.com\/#website\",\"url\":\"https:\/\/www.prijedordanas.com\/\",\"name\":\"PrijedorDanas.com - Prijedorski gradski portal\",\"description\":\"Portal o doga\u0111anjima u gradu Prijedoru\",\"publisher\":{\"@id\":\"https:\/\/www.prijedordanas.com\/#organization\"},\"potentialAction\":[{\"@type\":\"SearchAction\",\"target\":{\"@type\":\"EntryPoint\",\"urlTemplate\":\"https:\/\/www.prijedordanas.com\/?s={search_term_string}\"},\"query-input\":\"required name=search_term_string\"}],\"inLanguage\":\"en-US\"},{\"@type\":\"Organization\",\"@id\":\"https:\/\/www.prijedordanas.com\/#organization\",\"name\":\"PrijedorDanas.com\",\"url\":\"https:\/\/www.prijedordanas.com\/\",\"logo\":{\"@type\":\"ImageObject\",\"inLanguage\":\"en-US\",\"@id\":\"https:\/\/www.prijedordanas.com\/#\/schema\/logo\/image\/\",\"url\":\"http:\/\/www.prijedordanas.com\/wp-content\/uploads\/2021\/12\/logopng.png\",\"contentUrl\":\"http:\/\/www.prijedordanas.com\/wp-content\/uploads\/2021\/12\/logopng.png\",\"width\":1019,\"height\":776,\"caption\":\"PrijedorDanas.com\"},\"image\":{\"@id\":\"https:\/\/www.prijedordanas.com\/#\/schema\/logo\/image\/\"},\"sameAs\":[\"https:\/\/www.facebook.com\/PrijedorDanasCom\/\"]},{\"@type\":\"Person\",\"@id\":\"https:\/\/www.prijedordanas.com\/#\/schema\/person\/4e08ccf29b506ca916ff86d46bb700e6\",\"name\":\"admin\",\"image\":{\"@type\":\"ImageObject\",\"inLanguage\":\"en-US\",\"@id\":\"https:\/\/www.prijedordanas.com\/#\/schema\/person\/image\/\",\"url\":\"https:\/\/secure.gravatar.com\/avatar\/1d3fc949d550f0b53a5f0d51e06dfd79?s=96&d=mm&r=g\",\"contentUrl\":\"https:\/\/secure.gravatar.com\/avatar\/1d3fc949d550f0b53a5f0d51e06dfd79?s=96&d=mm&r=g\",\"caption\":\"admin\"},\"url\":\"https:\/\/www.prijedordanas.com\/?author=1\"}]}<\/script>\n<!-- \/ Yoast SEO plugin. -->","yoast_head_json":{"title":"U Osnovnom sudu Prijedor nastavljeno su\u0111enje profesoricama optu\u017eenim za pronevjeru 61.894,09 KM - PrijedorDanas.com - Prijedorski gradski portal","robots":{"index":"index","follow":"follow","max-snippet":"max-snippet:-1","max-image-preview":"max-image-preview:large","max-video-preview":"max-video-preview:-1"},"canonical":"https:\/\/www.prijedordanas.com\/?p=255879","og_locale":"en_US","og_type":"article","og_title":"U Osnovnom sudu Prijedor nastavljeno su\u0111enje profesoricama optu\u017eenim za pronevjeru 61.894,09 KM - PrijedorDanas.com - Prijedorski gradski portal","og_description":"Saslu\u0161anjem svjedoka tu\u017eila\u0161tva u Osnovnom sudu u Prijedoru danas je nastavljeno su\u0111enje profesoricama Ma\u0161inske \u0161kole Prijedor optu\u017eenima za pronevjeru 61.894,09 KM prilikom vo\u0111enja programa za obrazovanje odraslih. Biv\u0161a zamjenica direktora [&hellip;]","og_url":"https:\/\/www.prijedordanas.com\/?p=255879","og_site_name":"PrijedorDanas.com - Prijedorski gradski portal","article_publisher":"https:\/\/www.facebook.com\/PrijedorDanasCom\/","article_published_time":"2025-10-21T14:47:23+00:00","og_image":[{"url":"https:\/\/www.prijedordanas.com\/wp-content\/uploads\/2025\/03\/osnovni-sud-pd-mart2025-3-300x225.jpg"}],"author":"admin","twitter_card":"summary_large_image","twitter_misc":{"Written by":"admin"},"schema":{"@context":"https:\/\/schema.org","@graph":[{"@type":"Article","@id":"https:\/\/www.prijedordanas.com\/?p=255879#article","isPartOf":{"@id":"https:\/\/www.prijedordanas.com\/?p=255879"},"author":{"name":"admin","@id":"https:\/\/www.prijedordanas.com\/#\/schema\/person\/4e08ccf29b506ca916ff86d46bb700e6"},"headline":"U Osnovnom sudu Prijedor nastavljeno su\u0111enje profesoricama optu\u017eenim za pronevjeru 61.894,09 KM","datePublished":"2025-10-21T14:47:23+00:00","dateModified":"2025-10-21T14:47:23+00:00","mainEntityOfPage":{"@id":"https:\/\/www.prijedordanas.com\/?p=255879"},"wordCount":802,"publisher":{"@id":"https:\/\/www.prijedordanas.com\/#organization"},"articleSection":["Hronika"],"inLanguage":"en-US"},{"@type":"WebPage","@id":"https:\/\/www.prijedordanas.com\/?p=255879","url":"https:\/\/www.prijedordanas.com\/?p=255879","name":"U Osnovnom sudu Prijedor nastavljeno su\u0111enje profesoricama optu\u017eenim za pronevjeru 61.894,09 KM - PrijedorDanas.com - Prijedorski gradski portal","isPartOf":{"@id":"https:\/\/www.prijedordanas.com\/#website"},"datePublished":"2025-10-21T14:47:23+00:00","dateModified":"2025-10-21T14:47:23+00:00","breadcrumb":{"@id":"https:\/\/www.prijedordanas.com\/?p=255879#breadcrumb"},"inLanguage":"en-US","potentialAction":[{"@type":"ReadAction","target":["https:\/\/www.prijedordanas.com\/?p=255879"]}]},{"@type":"BreadcrumbList","@id":"https:\/\/www.prijedordanas.com\/?p=255879#breadcrumb","itemListElement":[{"@type":"ListItem","position":1,"name":"Home","item":"https:\/\/www.prijedordanas.com\/"},{"@type":"ListItem","position":2,"name":"U Osnovnom sudu Prijedor nastavljeno su\u0111enje profesoricama optu\u017eenim za pronevjeru 61.894,09 KM"}]},{"@type":"WebSite","@id":"https:\/\/www.prijedordanas.com\/#website","url":"https:\/\/www.prijedordanas.com\/","name":"PrijedorDanas.com - Prijedorski gradski portal","description":"Portal o doga\u0111anjima u gradu Prijedoru","publisher":{"@id":"https:\/\/www.prijedordanas.com\/#organization"},"potentialAction":[{"@type":"SearchAction","target":{"@type":"EntryPoint","urlTemplate":"https:\/\/www.prijedordanas.com\/?s={search_term_string}"},"query-input":"required name=search_term_string"}],"inLanguage":"en-US"},{"@type":"Organization","@id":"https:\/\/www.prijedordanas.com\/#organization","name":"PrijedorDanas.com","url":"https:\/\/www.prijedordanas.com\/","logo":{"@type":"ImageObject","inLanguage":"en-US","@id":"https:\/\/www.prijedordanas.com\/#\/schema\/logo\/image\/","url":"http:\/\/www.prijedordanas.com\/wp-content\/uploads\/2021\/12\/logopng.png","contentUrl":"http:\/\/www.prijedordanas.com\/wp-content\/uploads\/2021\/12\/logopng.png","width":1019,"height":776,"caption":"PrijedorDanas.com"},"image":{"@id":"https:\/\/www.prijedordanas.com\/#\/schema\/logo\/image\/"},"sameAs":["https:\/\/www.facebook.com\/PrijedorDanasCom\/"]},{"@type":"Person","@id":"https:\/\/www.prijedordanas.com\/#\/schema\/person\/4e08ccf29b506ca916ff86d46bb700e6","name":"admin","image":{"@type":"ImageObject","inLanguage":"en-US","@id":"https:\/\/www.prijedordanas.com\/#\/schema\/person\/image\/","url":"https:\/\/secure.gravatar.com\/avatar\/1d3fc949d550f0b53a5f0d51e06dfd79?s=96&d=mm&r=g","contentUrl":"https:\/\/secure.gravatar.com\/avatar\/1d3fc949d550f0b53a5f0d51e06dfd79?s=96&d=mm&r=g","caption":"admin"},"url":"https:\/\/www.prijedordanas.com\/?author=1"}]}},"_links":{"self":[{"href":"https:\/\/www.prijedordanas.com\/index.php?rest_route=\/wp\/v2\/posts\/255879"}],"collection":[{"href":"https:\/\/www.prijedordanas.com\/index.php?rest_route=\/wp\/v2\/posts"}],"about":[{"href":"https:\/\/www.prijedordanas.com\/index.php?rest_route=\/wp\/v2\/types\/post"}],"author":[{"embeddable":true,"href":"https:\/\/www.prijedordanas.com\/index.php?rest_route=\/wp\/v2\/users\/1"}],"replies":[{"embeddable":true,"href":"https:\/\/www.prijedordanas.com\/index.php?rest_route=%2Fwp%2Fv2%2Fcomments&post=255879"}],"version-history":[{"count":1,"href":"https:\/\/www.prijedordanas.com\/index.php?rest_route=\/wp\/v2\/posts\/255879\/revisions"}],"predecessor-version":[{"id":255880,"href":"https:\/\/www.prijedordanas.com\/index.php?rest_route=\/wp\/v2\/posts\/255879\/revisions\/255880"}],"wp:attachment":[{"href":"https:\/\/www.prijedordanas.com\/index.php?rest_route=%2Fwp%2Fv2%2Fmedia&parent=255879"}],"wp:term":[{"taxonomy":"category","embeddable":true,"href":"https:\/\/www.prijedordanas.com\/index.php?rest_route=%2Fwp%2Fv2%2Fcategories&post=255879"},{"taxonomy":"post_tag","embeddable":true,"href":"https:\/\/www.prijedordanas.com\/index.php?rest_route=%2Fwp%2Fv2%2Ftags&post=255879"}],"curies":[{"name":"wp","href":"https:\/\/api.w.org\/{rel}","templated":true}]}}