{"id":255533,"date":"2025-10-16T16:15:05","date_gmt":"2025-10-16T14:15:05","guid":{"rendered":"https:\/\/www.prijedordanas.com\/?p=255533"},"modified":"2025-10-16T16:15:05","modified_gmt":"2025-10-16T14:15:05","slug":"minic-bez-konkretnog-odgovora-o-kupovini-monumenta","status":"publish","type":"post","link":"https:\/\/www.prijedordanas.com\/?p=255533","title":{"rendered":"Mini\u0107 bez konkretnog odgovora o kupovini \u201eMonumenta\u201c"},"content":{"rendered":"<p><a href=\"https:\/\/www.prijedordanas.com\/wp-content\/uploads\/2025\/10\/capital-minic.jpg\"><img loading=\"lazy\" decoding=\"async\" src=\"https:\/\/www.prijedordanas.com\/wp-content\/uploads\/2025\/10\/capital-minic-300x225.jpg\" alt=\"\" width=\"300\" height=\"225\" class=\"alignleft size-medium wp-image-255534\" srcset=\"https:\/\/www.prijedordanas.com\/wp-content\/uploads\/2025\/10\/capital-minic-300x225.jpg 300w, https:\/\/www.prijedordanas.com\/wp-content\/uploads\/2025\/10\/capital-minic-640x480.jpg 640w, https:\/\/www.prijedordanas.com\/wp-content\/uploads\/2025\/10\/capital-minic.jpg 667w\" sizes=\"(max-width: 300px) 100vw, 300px\" \/><\/a>Predsjednik Vlade Republike Srpske Savo Mini\u0107 rekao je danas da je jo\u0161 rano prejudicirati kako \u0107e pro\u0107i kupovina hotela \u201eMonument\u201c na Kozari i da \u0107e biti ura\u0111eno vje\u0161ta\u010denje koje \u0107e se odnositi na vrijednost ulaganja.<\/p>\n<p>Podsje\u0107amo, CAPITAL je jo\u0161 prije raspisivanja javnog poziva otkrio da Vlada planira da kupi hotel \u201eMonument\u201c te da je javni poziv puka formalnost.<\/p>\n<p><strong><a href=\"https:\/\/www.prijedordanas.com\/?p=254648\" rel=\"noopener\" target=\"_blank\">Vlada RS baca 20 miliona KM na hotel \u201cMonument\u201d na Kozari<\/a><\/strong><\/p>\n<p>Osim toga, posebno je interesantno da Vlada planira za taj hotel dati skoro sedam puta vi\u0161e novca nego \u0161to ga je sada\u0161nji vlasnik platio.<\/p>\n<p>Odgovaraju\u0107i na pitanje novinara da li je ta nabavka precijenjena s obzirom na to da su potrebna i zna\u010dajna ulaganja u hotel, Mini\u0107 je danas dao nemu\u0161t odgovor.<\/p>\n<p>\u201eSve ono \u0161to \u0107emo imati narednih dana \u0107e biti popra\u0107eno vje\u0161ta\u010denjem koje \u0107e se odnositi na vrijednost ulaganja. Ugostiteljski servis to radi. Cijene na tr\u017ei\u0161tu\u2026 ne znam kako bih vam mogao odgovoriti. Ima\u0107emo vje\u0161ta\u010denje, ima\u0107emo realne parametre i mislim da u ovom momentu prejudicirati, vidje\u0107emo kako \u0107e pro\u0107i javna nabavka. Vidje\u0107emo da li \u0107e planirani iznos biti utro\u0161en\u201c, rekao je Mini\u0107.<\/p>\n<p><strong><a href=\"https:\/\/www.prijedordanas.com\/?p=255398\" rel=\"noopener\" target=\"_blank\">Vlada RS raspisala konkurs skrojen za \u201eMonument\u201c<\/a><\/strong><\/p>\n<p>Nabavku je pravdao time da na Kozari vi\u0161e nema gra\u0111enja.<\/p>\n<p>Podsje\u0107amo, javni poziv za kupovinu objekta je tako koncipiran da uslove mo\u017ee ispuniti jedino firma \u201eC&#038;M\u201c iz Bijeljine koja u vlasni\u0161tvu ima hotel \u201eMonument\u201c, a koji je zatvoren prije nekoliko godina i koji uveliko propada.<\/p>\n<p>Direktor Ugostiteljskog servisa RS Servisa Zoran \u010cavi\u0107 je donio odluku o izuze\u0107u primjene Zakona o javnim nabavkama za nabavku ovog objekta.<\/p>\n<p>Podsje\u0107amo, hotel je izgra\u0111en 1970. godine da bi 2004. godine bio kompletno renoviran.<\/p>\n<p>Me\u0111utim, firma \u201e\u017dupa komerc\u201c u \u010dijem je vlasni\u0161tvu bio je oti\u0161la u ste\u010daj, nakon \u010dega je objekat zatvoren, a firma \u201eC&#038;M\u201c iz Bijeljine u vlasni\u0161tvu Sa\u0161e Kova\u010devi\u0107a ga je 2022. godine kupila za 3,1 miliona KM.<\/p>\n<p><a href=\"https:\/\/capital.ba\/minic-bez-konkretnog-odgovora-o-kupovini-monumenta\/\" rel=\"noopener\" target=\"_blank\">capital.ba<\/a><\/p>\n","protected":false},"excerpt":{"rendered":"<p>Predsjednik Vlade Republike Srpske Savo Mini\u0107 rekao je danas da je jo\u0161 rano prejudicirati kako \u0107e pro\u0107i kupovina hotela \u201eMonument\u201c na Kozari i da \u0107e biti ura\u0111eno vje\u0161ta\u010denje koje \u0107e [&hellip;]<\/p>\n","protected":false},"author":1,"featured_media":0,"comment_status":"closed","ping_status":"open","sticky":false,"template":"","format":"standard","meta":{"_monsterinsights_skip_tracking":false,"_monsterinsights_sitenote_active":false,"_monsterinsights_sitenote_note":"","_monsterinsights_sitenote_category":0,"footnotes":""},"categories":[8],"tags":[],"yoast_head":"<!-- This site is optimized with the Yoast SEO plugin v21.6 - https:\/\/yoast.com\/wordpress\/plugins\/seo\/ -->\n<title>Mini\u0107 bez konkretnog odgovora o kupovini \u201eMonumenta\u201c - PrijedorDanas.com - Prijedorski gradski portal<\/title>\n<meta name=\"robots\" content=\"index, follow, max-snippet:-1, max-image-preview:large, max-video-preview:-1\" \/>\n<link rel=\"canonical\" href=\"https:\/\/www.prijedordanas.com\/?p=255533\" \/>\n<meta property=\"og:locale\" content=\"en_US\" \/>\n<meta property=\"og:type\" content=\"article\" \/>\n<meta property=\"og:title\" content=\"Mini\u0107 bez konkretnog odgovora o kupovini \u201eMonumenta\u201c - PrijedorDanas.com - Prijedorski gradski portal\" \/>\n<meta property=\"og:description\" content=\"Predsjednik Vlade Republike Srpske Savo Mini\u0107 rekao je danas da je jo\u0161 rano prejudicirati kako \u0107e pro\u0107i kupovina hotela \u201eMonument\u201c na Kozari i da \u0107e biti ura\u0111eno vje\u0161ta\u010denje koje \u0107e [&hellip;]\" \/>\n<meta property=\"og:url\" content=\"https:\/\/www.prijedordanas.com\/?p=255533\" \/>\n<meta property=\"og:site_name\" content=\"PrijedorDanas.com - Prijedorski gradski portal\" \/>\n<meta property=\"article:publisher\" content=\"https:\/\/www.facebook.com\/PrijedorDanasCom\/\" \/>\n<meta property=\"article:published_time\" content=\"2025-10-16T14:15:05+00:00\" \/>\n<meta property=\"og:image\" content=\"https:\/\/www.prijedordanas.com\/wp-content\/uploads\/2025\/10\/capital-minic-300x225.jpg\" \/>\n<meta name=\"author\" content=\"admin\" \/>\n<meta name=\"twitter:card\" content=\"summary_large_image\" \/>\n<meta name=\"twitter:label1\" content=\"Written by\" \/>\n\t<meta name=\"twitter:data1\" content=\"admin\" \/>\n<script type=\"application\/ld+json\" class=\"yoast-schema-graph\">{\"@context\":\"https:\/\/schema.org\",\"@graph\":[{\"@type\":\"Article\",\"@id\":\"https:\/\/www.prijedordanas.com\/?p=255533#article\",\"isPartOf\":{\"@id\":\"https:\/\/www.prijedordanas.com\/?p=255533\"},\"author\":{\"name\":\"admin\",\"@id\":\"https:\/\/www.prijedordanas.com\/#\/schema\/person\/4e08ccf29b506ca916ff86d46bb700e6\"},\"headline\":\"Mini\u0107 bez konkretnog odgovora o kupovini \u201eMonumenta\u201c\",\"datePublished\":\"2025-10-16T14:15:05+00:00\",\"dateModified\":\"2025-10-16T14:15:05+00:00\",\"mainEntityOfPage\":{\"@id\":\"https:\/\/www.prijedordanas.com\/?p=255533\"},\"wordCount\":349,\"publisher\":{\"@id\":\"https:\/\/www.prijedordanas.com\/#organization\"},\"articleSection\":[\"Svakodnevno\"],\"inLanguage\":\"en-US\"},{\"@type\":\"WebPage\",\"@id\":\"https:\/\/www.prijedordanas.com\/?p=255533\",\"url\":\"https:\/\/www.prijedordanas.com\/?p=255533\",\"name\":\"Mini\u0107 bez konkretnog odgovora o kupovini \u201eMonumenta\u201c - PrijedorDanas.com - Prijedorski gradski portal\",\"isPartOf\":{\"@id\":\"https:\/\/www.prijedordanas.com\/#website\"},\"datePublished\":\"2025-10-16T14:15:05+00:00\",\"dateModified\":\"2025-10-16T14:15:05+00:00\",\"breadcrumb\":{\"@id\":\"https:\/\/www.prijedordanas.com\/?p=255533#breadcrumb\"},\"inLanguage\":\"en-US\",\"potentialAction\":[{\"@type\":\"ReadAction\",\"target\":[\"https:\/\/www.prijedordanas.com\/?p=255533\"]}]},{\"@type\":\"BreadcrumbList\",\"@id\":\"https:\/\/www.prijedordanas.com\/?p=255533#breadcrumb\",\"itemListElement\":[{\"@type\":\"ListItem\",\"position\":1,\"name\":\"Home\",\"item\":\"https:\/\/www.prijedordanas.com\/\"},{\"@type\":\"ListItem\",\"position\":2,\"name\":\"Mini\u0107 bez konkretnog odgovora o kupovini \u201eMonumenta\u201c\"}]},{\"@type\":\"WebSite\",\"@id\":\"https:\/\/www.prijedordanas.com\/#website\",\"url\":\"https:\/\/www.prijedordanas.com\/\",\"name\":\"PrijedorDanas.com - Prijedorski gradski portal\",\"description\":\"Portal o doga\u0111anjima u gradu Prijedoru\",\"publisher\":{\"@id\":\"https:\/\/www.prijedordanas.com\/#organization\"},\"potentialAction\":[{\"@type\":\"SearchAction\",\"target\":{\"@type\":\"EntryPoint\",\"urlTemplate\":\"https:\/\/www.prijedordanas.com\/?s={search_term_string}\"},\"query-input\":\"required name=search_term_string\"}],\"inLanguage\":\"en-US\"},{\"@type\":\"Organization\",\"@id\":\"https:\/\/www.prijedordanas.com\/#organization\",\"name\":\"PrijedorDanas.com\",\"url\":\"https:\/\/www.prijedordanas.com\/\",\"logo\":{\"@type\":\"ImageObject\",\"inLanguage\":\"en-US\",\"@id\":\"https:\/\/www.prijedordanas.com\/#\/schema\/logo\/image\/\",\"url\":\"http:\/\/www.prijedordanas.com\/wp-content\/uploads\/2021\/12\/logopng.png\",\"contentUrl\":\"http:\/\/www.prijedordanas.com\/wp-content\/uploads\/2021\/12\/logopng.png\",\"width\":1019,\"height\":776,\"caption\":\"PrijedorDanas.com\"},\"image\":{\"@id\":\"https:\/\/www.prijedordanas.com\/#\/schema\/logo\/image\/\"},\"sameAs\":[\"https:\/\/www.facebook.com\/PrijedorDanasCom\/\"]},{\"@type\":\"Person\",\"@id\":\"https:\/\/www.prijedordanas.com\/#\/schema\/person\/4e08ccf29b506ca916ff86d46bb700e6\",\"name\":\"admin\",\"image\":{\"@type\":\"ImageObject\",\"inLanguage\":\"en-US\",\"@id\":\"https:\/\/www.prijedordanas.com\/#\/schema\/person\/image\/\",\"url\":\"https:\/\/secure.gravatar.com\/avatar\/1d3fc949d550f0b53a5f0d51e06dfd79?s=96&d=mm&r=g\",\"contentUrl\":\"https:\/\/secure.gravatar.com\/avatar\/1d3fc949d550f0b53a5f0d51e06dfd79?s=96&d=mm&r=g\",\"caption\":\"admin\"},\"url\":\"https:\/\/www.prijedordanas.com\/?author=1\"}]}<\/script>\n<!-- \/ Yoast SEO plugin. -->","yoast_head_json":{"title":"Mini\u0107 bez konkretnog odgovora o kupovini \u201eMonumenta\u201c - PrijedorDanas.com - Prijedorski gradski portal","robots":{"index":"index","follow":"follow","max-snippet":"max-snippet:-1","max-image-preview":"max-image-preview:large","max-video-preview":"max-video-preview:-1"},"canonical":"https:\/\/www.prijedordanas.com\/?p=255533","og_locale":"en_US","og_type":"article","og_title":"Mini\u0107 bez konkretnog odgovora o kupovini \u201eMonumenta\u201c - PrijedorDanas.com - Prijedorski gradski portal","og_description":"Predsjednik Vlade Republike Srpske Savo Mini\u0107 rekao je danas da je jo\u0161 rano prejudicirati kako \u0107e pro\u0107i kupovina hotela \u201eMonument\u201c na Kozari i da \u0107e biti ura\u0111eno vje\u0161ta\u010denje koje \u0107e [&hellip;]","og_url":"https:\/\/www.prijedordanas.com\/?p=255533","og_site_name":"PrijedorDanas.com - Prijedorski gradski portal","article_publisher":"https:\/\/www.facebook.com\/PrijedorDanasCom\/","article_published_time":"2025-10-16T14:15:05+00:00","og_image":[{"url":"https:\/\/www.prijedordanas.com\/wp-content\/uploads\/2025\/10\/capital-minic-300x225.jpg"}],"author":"admin","twitter_card":"summary_large_image","twitter_misc":{"Written by":"admin"},"schema":{"@context":"https:\/\/schema.org","@graph":[{"@type":"Article","@id":"https:\/\/www.prijedordanas.com\/?p=255533#article","isPartOf":{"@id":"https:\/\/www.prijedordanas.com\/?p=255533"},"author":{"name":"admin","@id":"https:\/\/www.prijedordanas.com\/#\/schema\/person\/4e08ccf29b506ca916ff86d46bb700e6"},"headline":"Mini\u0107 bez konkretnog odgovora o kupovini \u201eMonumenta\u201c","datePublished":"2025-10-16T14:15:05+00:00","dateModified":"2025-10-16T14:15:05+00:00","mainEntityOfPage":{"@id":"https:\/\/www.prijedordanas.com\/?p=255533"},"wordCount":349,"publisher":{"@id":"https:\/\/www.prijedordanas.com\/#organization"},"articleSection":["Svakodnevno"],"inLanguage":"en-US"},{"@type":"WebPage","@id":"https:\/\/www.prijedordanas.com\/?p=255533","url":"https:\/\/www.prijedordanas.com\/?p=255533","name":"Mini\u0107 bez konkretnog odgovora o kupovini \u201eMonumenta\u201c - PrijedorDanas.com - Prijedorski gradski portal","isPartOf":{"@id":"https:\/\/www.prijedordanas.com\/#website"},"datePublished":"2025-10-16T14:15:05+00:00","dateModified":"2025-10-16T14:15:05+00:00","breadcrumb":{"@id":"https:\/\/www.prijedordanas.com\/?p=255533#breadcrumb"},"inLanguage":"en-US","potentialAction":[{"@type":"ReadAction","target":["https:\/\/www.prijedordanas.com\/?p=255533"]}]},{"@type":"BreadcrumbList","@id":"https:\/\/www.prijedordanas.com\/?p=255533#breadcrumb","itemListElement":[{"@type":"ListItem","position":1,"name":"Home","item":"https:\/\/www.prijedordanas.com\/"},{"@type":"ListItem","position":2,"name":"Mini\u0107 bez konkretnog odgovora o kupovini \u201eMonumenta\u201c"}]},{"@type":"WebSite","@id":"https:\/\/www.prijedordanas.com\/#website","url":"https:\/\/www.prijedordanas.com\/","name":"PrijedorDanas.com - Prijedorski gradski portal","description":"Portal o doga\u0111anjima u gradu Prijedoru","publisher":{"@id":"https:\/\/www.prijedordanas.com\/#organization"},"potentialAction":[{"@type":"SearchAction","target":{"@type":"EntryPoint","urlTemplate":"https:\/\/www.prijedordanas.com\/?s={search_term_string}"},"query-input":"required name=search_term_string"}],"inLanguage":"en-US"},{"@type":"Organization","@id":"https:\/\/www.prijedordanas.com\/#organization","name":"PrijedorDanas.com","url":"https:\/\/www.prijedordanas.com\/","logo":{"@type":"ImageObject","inLanguage":"en-US","@id":"https:\/\/www.prijedordanas.com\/#\/schema\/logo\/image\/","url":"http:\/\/www.prijedordanas.com\/wp-content\/uploads\/2021\/12\/logopng.png","contentUrl":"http:\/\/www.prijedordanas.com\/wp-content\/uploads\/2021\/12\/logopng.png","width":1019,"height":776,"caption":"PrijedorDanas.com"},"image":{"@id":"https:\/\/www.prijedordanas.com\/#\/schema\/logo\/image\/"},"sameAs":["https:\/\/www.facebook.com\/PrijedorDanasCom\/"]},{"@type":"Person","@id":"https:\/\/www.prijedordanas.com\/#\/schema\/person\/4e08ccf29b506ca916ff86d46bb700e6","name":"admin","image":{"@type":"ImageObject","inLanguage":"en-US","@id":"https:\/\/www.prijedordanas.com\/#\/schema\/person\/image\/","url":"https:\/\/secure.gravatar.com\/avatar\/1d3fc949d550f0b53a5f0d51e06dfd79?s=96&d=mm&r=g","contentUrl":"https:\/\/secure.gravatar.com\/avatar\/1d3fc949d550f0b53a5f0d51e06dfd79?s=96&d=mm&r=g","caption":"admin"},"url":"https:\/\/www.prijedordanas.com\/?author=1"}]}},"_links":{"self":[{"href":"https:\/\/www.prijedordanas.com\/index.php?rest_route=\/wp\/v2\/posts\/255533"}],"collection":[{"href":"https:\/\/www.prijedordanas.com\/index.php?rest_route=\/wp\/v2\/posts"}],"about":[{"href":"https:\/\/www.prijedordanas.com\/index.php?rest_route=\/wp\/v2\/types\/post"}],"author":[{"embeddable":true,"href":"https:\/\/www.prijedordanas.com\/index.php?rest_route=\/wp\/v2\/users\/1"}],"replies":[{"embeddable":true,"href":"https:\/\/www.prijedordanas.com\/index.php?rest_route=%2Fwp%2Fv2%2Fcomments&post=255533"}],"version-history":[{"count":1,"href":"https:\/\/www.prijedordanas.com\/index.php?rest_route=\/wp\/v2\/posts\/255533\/revisions"}],"predecessor-version":[{"id":255535,"href":"https:\/\/www.prijedordanas.com\/index.php?rest_route=\/wp\/v2\/posts\/255533\/revisions\/255535"}],"wp:attachment":[{"href":"https:\/\/www.prijedordanas.com\/index.php?rest_route=%2Fwp%2Fv2%2Fmedia&parent=255533"}],"wp:term":[{"taxonomy":"category","embeddable":true,"href":"https:\/\/www.prijedordanas.com\/index.php?rest_route=%2Fwp%2Fv2%2Fcategories&post=255533"},{"taxonomy":"post_tag","embeddable":true,"href":"https:\/\/www.prijedordanas.com\/index.php?rest_route=%2Fwp%2Fv2%2Ftags&post=255533"}],"curies":[{"name":"wp","href":"https:\/\/api.w.org\/{rel}","templated":true}]}}