{"id":255478,"date":"2025-10-16T08:24:06","date_gmt":"2025-10-16T06:24:06","guid":{"rendered":"https:\/\/www.prijedordanas.com\/?p=255478"},"modified":"2025-10-16T08:24:06","modified_gmt":"2025-10-16T06:24:06","slug":"porodica-kos-iz-lamovite-kod-prijedora-primjer-da-zivot-na-selu-ima-perspektivu-video","status":"publish","type":"post","link":"https:\/\/www.prijedordanas.com\/?p=255478","title":{"rendered":"Porodica Kos iz Lamovite kod Prijedora primjer da \u017eivot na selu ima perspektivu &#8211; VIDEO"},"content":{"rendered":"<p><a href=\"https:\/\/www.prijedordanas.com\/wp-content\/uploads\/2025\/10\/rtrs-porodica-kos-lamovita.jpg\"><img loading=\"lazy\" decoding=\"async\" src=\"https:\/\/www.prijedordanas.com\/wp-content\/uploads\/2025\/10\/rtrs-porodica-kos-lamovita-300x225.jpg\" alt=\"\" width=\"300\" height=\"225\" class=\"alignleft size-medium wp-image-255479\" srcset=\"https:\/\/www.prijedordanas.com\/wp-content\/uploads\/2025\/10\/rtrs-porodica-kos-lamovita-300x225.jpg 300w, https:\/\/www.prijedordanas.com\/wp-content\/uploads\/2025\/10\/rtrs-porodica-kos-lamovita-640x480.jpg 640w, https:\/\/www.prijedordanas.com\/wp-content\/uploads\/2025\/10\/rtrs-porodica-kos-lamovita.jpg 667w\" sizes=\"(max-width: 300px) 100vw, 300px\" \/><\/a>Dok mnogi bje\u017ee sa sela u potrazi za laganijim \u017eivotom u gradu, Ivana i Mirko Kos iz Lamovite kod Prijedora, ru\u0161e sve pedrasude. <\/p>\n<p>Ostali su na selu, razvili poljoprivredno gazdinstvo i sa troje djece \u017eive perspektivan seoski \u017eivot. <\/p>\n<p>Njihova pri\u010da, potvrda je da se na selu mo\u017ee kvalitetnije, uspje\u0161nije i bolje \u017eivjeti, djeci ponuditi zdravije odrastanje i ostvariti sve zadane ciljeve.<\/p>\n<p>Na imanju porodice Kos u Lamovitoj plastenici sa cvije\u0107em, povr\u0107em, obra\u0111ena zemlja i objekti za stoku. Ivana Kos in\u017eenjer je poljoprivrede i odrastala je na selu pod Grme\u010dom, ali je pod Kozarom na\u0161la Mirka i tu su ostali na porodi\u010dnom imanju i razvili poljoprivredno gazdinstvo. Nisu \u017eeljeli da odu u grad, jer smatraju da selo daje ve\u0107e mogu\u0107nosti ako se vrijedno radi.<\/p>\n<p>&#8211; Suprug i ja smo krenuli bukvalno od nule sa kupovine ma\u0161ina. Ove godine smo dobili podsticaj za finansiranje in\u017eenjera na selu 40 hiljada. Tako da smo izgradili jednu farmu, ne mogu re\u0107i mini ali poprili\u010dno skromnu farmu svinje planiramo pro\u0161iriti i baviti se s tim &#8211; rekla je Ivana Kos. <\/p>\n<p>Podsticajima za kupovinu mehanizacije koju Vlada finansira 60 odsto, nabavili su novi traktor. Ivanino trenutno zaposlenje u Poljoprivrednom klasteru Una-Sana u Prijedoru omogu\u0107uje joj da animira i druge mlade ljude, posredstvom projekata da se bave poljoprivredom.<\/p>\n<p>&#8211; Da ih afirmi\u0161emo na taj na\u010din. \u0408a sam nekako i sam \u017eivi primjer \u0161to bi se reklo mi u poljoprivredi jedno ogledno polje kako se u su\u0161tini na selu mo\u017ee \u017eivjeti i biti sam svoj gazda i sam svoj \u010dovjek od tog nekog po\u0161tenog rada. Gazdinstvo je porodi\u010dno tako da se bavimo svi djeca isto tako\u0111e, poma\u017eu nam &#8211; dodala je Ivana. <\/p>\n<p>Milan Kos, sedmogodi\u0161njak, ka\u017ee da poma\u017ee roditeljima u poslovima.<\/p>\n<p>&#8211; Poma\u017eem mami kada usisava a tati kada ore. I kada ne\u0161to radi. Svinjama dajem bra\u0161no i vodu &#8211; istakao je Milan. <\/p>\n<p>Pro\u0161irenje poljoprivrednog gazdinstva pod obroncima Kozare sigurno je. Ivana ima i nove vizije poslovanja u okviru seoskog turizma. I taj cilj porodice Kos, koja ne odustaje od posla i \u017eivota na selu, bi\u0107e ostvaren.<\/p>\n<p>RTRS<\/p>\n<p><iframe loading=\"lazy\" title=\"Porodica Kos iz Lamovite kod Prijedora primjer da \u017eivot na selu ima perspektivu\" width=\"500\" height=\"281\" src=\"https:\/\/www.youtube.com\/embed\/xjtg9qfe_lM?feature=oembed\" frameborder=\"0\" allow=\"accelerometer; autoplay; clipboard-write; encrypted-media; gyroscope; picture-in-picture; web-share\" referrerpolicy=\"strict-origin-when-cross-origin\" allowfullscreen><\/iframe><\/p>\n","protected":false},"excerpt":{"rendered":"<p>Dok mnogi bje\u017ee sa sela u potrazi za laganijim \u017eivotom u gradu, Ivana i Mirko Kos iz Lamovite kod Prijedora, ru\u0161e sve pedrasude. Ostali su na selu, razvili poljoprivredno gazdinstvo [&hellip;]<\/p>\n","protected":false},"author":1,"featured_media":0,"comment_status":"closed","ping_status":"open","sticky":false,"template":"","format":"standard","meta":{"_monsterinsights_skip_tracking":false,"_monsterinsights_sitenote_active":false,"_monsterinsights_sitenote_note":"","_monsterinsights_sitenote_category":0,"footnotes":""},"categories":[3],"tags":[],"yoast_head":"<!-- This site is optimized with the Yoast SEO plugin v21.6 - https:\/\/yoast.com\/wordpress\/plugins\/seo\/ -->\n<title>Porodica Kos iz Lamovite kod Prijedora primjer da \u017eivot na selu ima perspektivu - VIDEO - PrijedorDanas.com - Prijedorski gradski portal<\/title>\n<meta name=\"robots\" content=\"index, follow, max-snippet:-1, max-image-preview:large, max-video-preview:-1\" \/>\n<link rel=\"canonical\" href=\"https:\/\/www.prijedordanas.com\/?p=255478\" \/>\n<meta property=\"og:locale\" content=\"en_US\" \/>\n<meta property=\"og:type\" content=\"article\" \/>\n<meta property=\"og:title\" content=\"Porodica Kos iz Lamovite kod Prijedora primjer da \u017eivot na selu ima perspektivu - VIDEO - PrijedorDanas.com - Prijedorski gradski portal\" \/>\n<meta property=\"og:description\" content=\"Dok mnogi bje\u017ee sa sela u potrazi za laganijim \u017eivotom u gradu, Ivana i Mirko Kos iz Lamovite kod Prijedora, ru\u0161e sve pedrasude. Ostali su na selu, razvili poljoprivredno gazdinstvo [&hellip;]\" \/>\n<meta property=\"og:url\" content=\"https:\/\/www.prijedordanas.com\/?p=255478\" \/>\n<meta property=\"og:site_name\" content=\"PrijedorDanas.com - Prijedorski gradski portal\" \/>\n<meta property=\"article:publisher\" content=\"https:\/\/www.facebook.com\/PrijedorDanasCom\/\" \/>\n<meta property=\"article:published_time\" content=\"2025-10-16T06:24:06+00:00\" \/>\n<meta property=\"og:image\" content=\"https:\/\/www.prijedordanas.com\/wp-content\/uploads\/2025\/10\/rtrs-porodica-kos-lamovita-300x225.jpg\" \/>\n<meta name=\"author\" content=\"admin\" \/>\n<meta name=\"twitter:card\" content=\"summary_large_image\" \/>\n<meta name=\"twitter:label1\" content=\"Written by\" \/>\n\t<meta name=\"twitter:data1\" content=\"admin\" \/>\n<script type=\"application\/ld+json\" class=\"yoast-schema-graph\">{\"@context\":\"https:\/\/schema.org\",\"@graph\":[{\"@type\":\"Article\",\"@id\":\"https:\/\/www.prijedordanas.com\/?p=255478#article\",\"isPartOf\":{\"@id\":\"https:\/\/www.prijedordanas.com\/?p=255478\"},\"author\":{\"name\":\"admin\",\"@id\":\"https:\/\/www.prijedordanas.com\/#\/schema\/person\/4e08ccf29b506ca916ff86d46bb700e6\"},\"headline\":\"Porodica Kos iz Lamovite kod Prijedora primjer da \u017eivot na selu ima perspektivu &#8211; VIDEO\",\"datePublished\":\"2025-10-16T06:24:06+00:00\",\"dateModified\":\"2025-10-16T06:24:06+00:00\",\"mainEntityOfPage\":{\"@id\":\"https:\/\/www.prijedordanas.com\/?p=255478\"},\"wordCount\":397,\"publisher\":{\"@id\":\"https:\/\/www.prijedordanas.com\/#organization\"},\"articleSection\":[\"\u017divot\"],\"inLanguage\":\"en-US\"},{\"@type\":\"WebPage\",\"@id\":\"https:\/\/www.prijedordanas.com\/?p=255478\",\"url\":\"https:\/\/www.prijedordanas.com\/?p=255478\",\"name\":\"Porodica Kos iz Lamovite kod Prijedora primjer da \u017eivot na selu ima perspektivu - VIDEO - PrijedorDanas.com - Prijedorski gradski portal\",\"isPartOf\":{\"@id\":\"https:\/\/www.prijedordanas.com\/#website\"},\"datePublished\":\"2025-10-16T06:24:06+00:00\",\"dateModified\":\"2025-10-16T06:24:06+00:00\",\"breadcrumb\":{\"@id\":\"https:\/\/www.prijedordanas.com\/?p=255478#breadcrumb\"},\"inLanguage\":\"en-US\",\"potentialAction\":[{\"@type\":\"ReadAction\",\"target\":[\"https:\/\/www.prijedordanas.com\/?p=255478\"]}]},{\"@type\":\"BreadcrumbList\",\"@id\":\"https:\/\/www.prijedordanas.com\/?p=255478#breadcrumb\",\"itemListElement\":[{\"@type\":\"ListItem\",\"position\":1,\"name\":\"Home\",\"item\":\"https:\/\/www.prijedordanas.com\/\"},{\"@type\":\"ListItem\",\"position\":2,\"name\":\"Porodica Kos iz Lamovite kod Prijedora primjer da \u017eivot na selu ima perspektivu &#8211; VIDEO\"}]},{\"@type\":\"WebSite\",\"@id\":\"https:\/\/www.prijedordanas.com\/#website\",\"url\":\"https:\/\/www.prijedordanas.com\/\",\"name\":\"PrijedorDanas.com - Prijedorski gradski portal\",\"description\":\"Portal o doga\u0111anjima u gradu Prijedoru\",\"publisher\":{\"@id\":\"https:\/\/www.prijedordanas.com\/#organization\"},\"potentialAction\":[{\"@type\":\"SearchAction\",\"target\":{\"@type\":\"EntryPoint\",\"urlTemplate\":\"https:\/\/www.prijedordanas.com\/?s={search_term_string}\"},\"query-input\":\"required name=search_term_string\"}],\"inLanguage\":\"en-US\"},{\"@type\":\"Organization\",\"@id\":\"https:\/\/www.prijedordanas.com\/#organization\",\"name\":\"PrijedorDanas.com\",\"url\":\"https:\/\/www.prijedordanas.com\/\",\"logo\":{\"@type\":\"ImageObject\",\"inLanguage\":\"en-US\",\"@id\":\"https:\/\/www.prijedordanas.com\/#\/schema\/logo\/image\/\",\"url\":\"http:\/\/www.prijedordanas.com\/wp-content\/uploads\/2021\/12\/logopng.png\",\"contentUrl\":\"http:\/\/www.prijedordanas.com\/wp-content\/uploads\/2021\/12\/logopng.png\",\"width\":1019,\"height\":776,\"caption\":\"PrijedorDanas.com\"},\"image\":{\"@id\":\"https:\/\/www.prijedordanas.com\/#\/schema\/logo\/image\/\"},\"sameAs\":[\"https:\/\/www.facebook.com\/PrijedorDanasCom\/\"]},{\"@type\":\"Person\",\"@id\":\"https:\/\/www.prijedordanas.com\/#\/schema\/person\/4e08ccf29b506ca916ff86d46bb700e6\",\"name\":\"admin\",\"image\":{\"@type\":\"ImageObject\",\"inLanguage\":\"en-US\",\"@id\":\"https:\/\/www.prijedordanas.com\/#\/schema\/person\/image\/\",\"url\":\"https:\/\/secure.gravatar.com\/avatar\/1d3fc949d550f0b53a5f0d51e06dfd79?s=96&d=mm&r=g\",\"contentUrl\":\"https:\/\/secure.gravatar.com\/avatar\/1d3fc949d550f0b53a5f0d51e06dfd79?s=96&d=mm&r=g\",\"caption\":\"admin\"},\"url\":\"https:\/\/www.prijedordanas.com\/?author=1\"}]}<\/script>\n<!-- \/ Yoast SEO plugin. -->","yoast_head_json":{"title":"Porodica Kos iz Lamovite kod Prijedora primjer da \u017eivot na selu ima perspektivu - VIDEO - PrijedorDanas.com - Prijedorski gradski portal","robots":{"index":"index","follow":"follow","max-snippet":"max-snippet:-1","max-image-preview":"max-image-preview:large","max-video-preview":"max-video-preview:-1"},"canonical":"https:\/\/www.prijedordanas.com\/?p=255478","og_locale":"en_US","og_type":"article","og_title":"Porodica Kos iz Lamovite kod Prijedora primjer da \u017eivot na selu ima perspektivu - VIDEO - PrijedorDanas.com - Prijedorski gradski portal","og_description":"Dok mnogi bje\u017ee sa sela u potrazi za laganijim \u017eivotom u gradu, Ivana i Mirko Kos iz Lamovite kod Prijedora, ru\u0161e sve pedrasude. Ostali su na selu, razvili poljoprivredno gazdinstvo [&hellip;]","og_url":"https:\/\/www.prijedordanas.com\/?p=255478","og_site_name":"PrijedorDanas.com - Prijedorski gradski portal","article_publisher":"https:\/\/www.facebook.com\/PrijedorDanasCom\/","article_published_time":"2025-10-16T06:24:06+00:00","og_image":[{"url":"https:\/\/www.prijedordanas.com\/wp-content\/uploads\/2025\/10\/rtrs-porodica-kos-lamovita-300x225.jpg"}],"author":"admin","twitter_card":"summary_large_image","twitter_misc":{"Written by":"admin"},"schema":{"@context":"https:\/\/schema.org","@graph":[{"@type":"Article","@id":"https:\/\/www.prijedordanas.com\/?p=255478#article","isPartOf":{"@id":"https:\/\/www.prijedordanas.com\/?p=255478"},"author":{"name":"admin","@id":"https:\/\/www.prijedordanas.com\/#\/schema\/person\/4e08ccf29b506ca916ff86d46bb700e6"},"headline":"Porodica Kos iz Lamovite kod Prijedora primjer da \u017eivot na selu ima perspektivu &#8211; VIDEO","datePublished":"2025-10-16T06:24:06+00:00","dateModified":"2025-10-16T06:24:06+00:00","mainEntityOfPage":{"@id":"https:\/\/www.prijedordanas.com\/?p=255478"},"wordCount":397,"publisher":{"@id":"https:\/\/www.prijedordanas.com\/#organization"},"articleSection":["\u017divot"],"inLanguage":"en-US"},{"@type":"WebPage","@id":"https:\/\/www.prijedordanas.com\/?p=255478","url":"https:\/\/www.prijedordanas.com\/?p=255478","name":"Porodica Kos iz Lamovite kod Prijedora primjer da \u017eivot na selu ima perspektivu - VIDEO - PrijedorDanas.com - Prijedorski gradski portal","isPartOf":{"@id":"https:\/\/www.prijedordanas.com\/#website"},"datePublished":"2025-10-16T06:24:06+00:00","dateModified":"2025-10-16T06:24:06+00:00","breadcrumb":{"@id":"https:\/\/www.prijedordanas.com\/?p=255478#breadcrumb"},"inLanguage":"en-US","potentialAction":[{"@type":"ReadAction","target":["https:\/\/www.prijedordanas.com\/?p=255478"]}]},{"@type":"BreadcrumbList","@id":"https:\/\/www.prijedordanas.com\/?p=255478#breadcrumb","itemListElement":[{"@type":"ListItem","position":1,"name":"Home","item":"https:\/\/www.prijedordanas.com\/"},{"@type":"ListItem","position":2,"name":"Porodica Kos iz Lamovite kod Prijedora primjer da \u017eivot na selu ima perspektivu &#8211; VIDEO"}]},{"@type":"WebSite","@id":"https:\/\/www.prijedordanas.com\/#website","url":"https:\/\/www.prijedordanas.com\/","name":"PrijedorDanas.com - Prijedorski gradski portal","description":"Portal o doga\u0111anjima u gradu Prijedoru","publisher":{"@id":"https:\/\/www.prijedordanas.com\/#organization"},"potentialAction":[{"@type":"SearchAction","target":{"@type":"EntryPoint","urlTemplate":"https:\/\/www.prijedordanas.com\/?s={search_term_string}"},"query-input":"required name=search_term_string"}],"inLanguage":"en-US"},{"@type":"Organization","@id":"https:\/\/www.prijedordanas.com\/#organization","name":"PrijedorDanas.com","url":"https:\/\/www.prijedordanas.com\/","logo":{"@type":"ImageObject","inLanguage":"en-US","@id":"https:\/\/www.prijedordanas.com\/#\/schema\/logo\/image\/","url":"http:\/\/www.prijedordanas.com\/wp-content\/uploads\/2021\/12\/logopng.png","contentUrl":"http:\/\/www.prijedordanas.com\/wp-content\/uploads\/2021\/12\/logopng.png","width":1019,"height":776,"caption":"PrijedorDanas.com"},"image":{"@id":"https:\/\/www.prijedordanas.com\/#\/schema\/logo\/image\/"},"sameAs":["https:\/\/www.facebook.com\/PrijedorDanasCom\/"]},{"@type":"Person","@id":"https:\/\/www.prijedordanas.com\/#\/schema\/person\/4e08ccf29b506ca916ff86d46bb700e6","name":"admin","image":{"@type":"ImageObject","inLanguage":"en-US","@id":"https:\/\/www.prijedordanas.com\/#\/schema\/person\/image\/","url":"https:\/\/secure.gravatar.com\/avatar\/1d3fc949d550f0b53a5f0d51e06dfd79?s=96&d=mm&r=g","contentUrl":"https:\/\/secure.gravatar.com\/avatar\/1d3fc949d550f0b53a5f0d51e06dfd79?s=96&d=mm&r=g","caption":"admin"},"url":"https:\/\/www.prijedordanas.com\/?author=1"}]}},"_links":{"self":[{"href":"https:\/\/www.prijedordanas.com\/index.php?rest_route=\/wp\/v2\/posts\/255478"}],"collection":[{"href":"https:\/\/www.prijedordanas.com\/index.php?rest_route=\/wp\/v2\/posts"}],"about":[{"href":"https:\/\/www.prijedordanas.com\/index.php?rest_route=\/wp\/v2\/types\/post"}],"author":[{"embeddable":true,"href":"https:\/\/www.prijedordanas.com\/index.php?rest_route=\/wp\/v2\/users\/1"}],"replies":[{"embeddable":true,"href":"https:\/\/www.prijedordanas.com\/index.php?rest_route=%2Fwp%2Fv2%2Fcomments&post=255478"}],"version-history":[{"count":1,"href":"https:\/\/www.prijedordanas.com\/index.php?rest_route=\/wp\/v2\/posts\/255478\/revisions"}],"predecessor-version":[{"id":255480,"href":"https:\/\/www.prijedordanas.com\/index.php?rest_route=\/wp\/v2\/posts\/255478\/revisions\/255480"}],"wp:attachment":[{"href":"https:\/\/www.prijedordanas.com\/index.php?rest_route=%2Fwp%2Fv2%2Fmedia&parent=255478"}],"wp:term":[{"taxonomy":"category","embeddable":true,"href":"https:\/\/www.prijedordanas.com\/index.php?rest_route=%2Fwp%2Fv2%2Fcategories&post=255478"},{"taxonomy":"post_tag","embeddable":true,"href":"https:\/\/www.prijedordanas.com\/index.php?rest_route=%2Fwp%2Fv2%2Ftags&post=255478"}],"curies":[{"name":"wp","href":"https:\/\/api.w.org\/{rel}","templated":true}]}}