{"id":255051,"date":"2025-10-10T11:58:10","date_gmt":"2025-10-10T09:58:10","guid":{"rendered":"https:\/\/www.prijedordanas.com\/?p=255051"},"modified":"2025-10-10T11:58:10","modified_gmt":"2025-10-10T09:58:10","slug":"javor-povecanje-plata-u-iducoj-godini-najmanje-za-10-odsto","status":"publish","type":"post","link":"https:\/\/www.prijedordanas.com\/?p=255051","title":{"rendered":"Javor: Pove\u0107anje plata u idu\u0107oj godini najmanje za 10 odsto"},"content":{"rendered":"<p><a href=\"https:\/\/www.prijedordanas.com\/wp-content\/uploads\/2025\/01\/slobodan-javor-gradonacelnik.jpg\"><img loading=\"lazy\" decoding=\"async\" src=\"https:\/\/www.prijedordanas.com\/wp-content\/uploads\/2025\/01\/slobodan-javor-gradonacelnik-300x225.jpg\" alt=\"\" width=\"300\" height=\"225\" class=\"alignleft size-medium wp-image-240446\" srcset=\"https:\/\/www.prijedordanas.com\/wp-content\/uploads\/2025\/01\/slobodan-javor-gradonacelnik-300x225.jpg 300w, https:\/\/www.prijedordanas.com\/wp-content\/uploads\/2025\/01\/slobodan-javor-gradonacelnik-640x480.jpg 640w, https:\/\/www.prijedordanas.com\/wp-content\/uploads\/2025\/01\/slobodan-javor-gradonacelnik.jpg 667w\" sizes=\"(max-width: 300px) 100vw, 300px\" \/><\/a>Gradona\u010delnik Prijedora Slobodan Javor izjavio je danas da \u0107e od po\u010detka idu\u0107e godine radnicima Gradske uprave i pripadaju\u0107ih ustanova biti pove\u0107ane plate najmanje za 10 odsto.<\/p>\n<p>On je naveo da je po\u010deo pregovore sa reprezentativnim sindikatima i da \u0107e oni biti nastavljeni, a da su novim Zakonom o platama za zaposlene u jedinicama lokalne samouprave predvi\u0111eni ve\u0107i koeficijenti, dok se sindikalci bore i za ve\u0107u cijenu rada.<\/p>\n<p>\u201cIzvjesno je, ve\u0107 sada mogu re\u0107i, da \u0107e do\u0107i do pove\u0107anja po oba osnova, a preciznije \u0107emo o iznosima mo\u0107i govoriti prilikom kreiranja gradskog bud\u017eeta za idu\u0107u godinu\u201d, rekao je Javor Srni.<\/p>\n<p>Govore\u0107i o nalazima republi\u010dke inspekcije rada kojima je utvr\u0111eno da radnicima Centra za socijalni rad Prijedor grad od jula ispla\u0107uje manje plate nego \u0161to je to propisao Posebni kolektivni ugovor za zaposlene u oblasti socijalne za\u0161tite Republike Srpske, Javor je naveo da je voljan da se na\u0111e odgovaraju\u0107e rje\u0161enje za taj problem.<\/p>\n<p>\u201cMoramo se kretati u okvirima fiskalne odgovornosti. \u010cekamo stavove institucija na republi\u010dkom nivou i da se ujedna\u010di praksa za sve lokalne zajednice. U Prijedoru bud\u017eet ne bi bio ugro\u017een, ali to nije slu\u010daj u svim sredinama. O\u010dekujemo jedinstvenu praksu, kao i stav Saveza op\u0161tina i gradova i Ministarstva zdravlja i socijalne za\u0161tite Srpske\u201d, pojasnio je Javor.<\/p>\n<p>On je ukazao na nelogi\u010dnost u kolektivnom ugovaranju gdje u kreiranju odluke o plati ne u\u010destvuje subjekat koji tu platu ispla\u0107uje, kao \u0161to je ovdje slu\u010daj.<\/p>\n<p>\u201cUporedo radimo i analizu dosada\u0161njih bud\u017eeta za plate radnicma na\u0161eg Centra za socijalni rad. Ima mi\u0161ljenja da ne mo\u017ee gradski bud\u017eetski korisnik imati ve\u0107e plate od zaposlenih u Gradskoj upravi, a ima i situacija gdje se mehanizmima poput stimulacija stvaraju znatne razlike u bud\u017eetu izme\u0111u planiranih i izvr\u0161enih iznosa\u201d, naveo je Javor.<\/p>\n<p>Republi\u010dka inspekcija rada obavila je vi\u0161e kontrola u Centru za socijalni rad Prijedor od jula kada je grad odbio da isplati plate radnicima ove ustanove uve\u0107ane u skladu sa novim posebnim kolektivnim ugovorom i ustanovila da je poslodavac postupio suprotno odredbama Zakona o radu i Posebnog kolektivnog ugovora za zaposlene u oblasti socijalne za\u0161tite Republike Srpske.<\/p>\n<p>\u201cKako se isplata istih vr\u0161i iz bud\u017eeta grada Prijedora, inspektor rada nema ovla\u0161tenja nalagati isplatu li\u010dnih primanja u konkretnom slu\u010daju. Shodno navedenom, za utvr\u0111ene nepravilnosti podnesen je zahtjev za pokretanje prekr\u0161ajnog postupka u Osnovnom sudu u Prijeduru protiv Centra za socijalni rad, te odgovornog lica Milorada Radi\u0107a\u201d, navedeno je u dopisu inspekcije.<\/p>\n<p>Direktor Centra za socijalni rad Prijedor Milorad Radi\u0107 Gradskoj upravi je dostavio obra\u010dun plata po novom kolektivnom ugovoru, ali je od Odjeljenja za finansije grada Prijedora dobio dopis da dostavi obra\u010dun po starom.<\/p>\n<p>SRNA<br \/>\nFoto &#8211; ilustracija<\/p>\n","protected":false},"excerpt":{"rendered":"<p>Gradona\u010delnik Prijedora Slobodan Javor izjavio je danas da \u0107e od po\u010detka idu\u0107e godine radnicima Gradske uprave i pripadaju\u0107ih ustanova biti pove\u0107ane plate najmanje za 10 odsto. On je naveo da [&hellip;]<\/p>\n","protected":false},"author":1,"featured_media":0,"comment_status":"closed","ping_status":"open","sticky":false,"template":"","format":"standard","meta":{"_monsterinsights_skip_tracking":false,"_monsterinsights_sitenote_active":false,"_monsterinsights_sitenote_note":"","_monsterinsights_sitenote_category":0,"footnotes":""},"categories":[4],"tags":[],"yoast_head":"<!-- This site is optimized with the Yoast SEO plugin v21.6 - https:\/\/yoast.com\/wordpress\/plugins\/seo\/ -->\n<title>Javor: Pove\u0107anje plata u idu\u0107oj godini najmanje za 10 odsto - PrijedorDanas.com - Prijedorski gradski portal<\/title>\n<meta name=\"robots\" content=\"index, follow, max-snippet:-1, max-image-preview:large, max-video-preview:-1\" \/>\n<link rel=\"canonical\" href=\"https:\/\/www.prijedordanas.com\/?p=255051\" \/>\n<meta property=\"og:locale\" content=\"en_US\" \/>\n<meta property=\"og:type\" content=\"article\" \/>\n<meta property=\"og:title\" content=\"Javor: Pove\u0107anje plata u idu\u0107oj godini najmanje za 10 odsto - PrijedorDanas.com - Prijedorski gradski portal\" \/>\n<meta property=\"og:description\" content=\"Gradona\u010delnik Prijedora Slobodan Javor izjavio je danas da \u0107e od po\u010detka idu\u0107e godine radnicima Gradske uprave i pripadaju\u0107ih ustanova biti pove\u0107ane plate najmanje za 10 odsto. On je naveo da [&hellip;]\" \/>\n<meta property=\"og:url\" content=\"https:\/\/www.prijedordanas.com\/?p=255051\" \/>\n<meta property=\"og:site_name\" content=\"PrijedorDanas.com - Prijedorski gradski portal\" \/>\n<meta property=\"article:publisher\" content=\"https:\/\/www.facebook.com\/PrijedorDanasCom\/\" \/>\n<meta property=\"article:published_time\" content=\"2025-10-10T09:58:10+00:00\" \/>\n<meta property=\"og:image\" content=\"https:\/\/www.prijedordanas.com\/wp-content\/uploads\/2025\/01\/slobodan-javor-gradonacelnik-300x225.jpg\" \/>\n<meta name=\"author\" content=\"admin\" \/>\n<meta name=\"twitter:card\" content=\"summary_large_image\" \/>\n<meta name=\"twitter:label1\" content=\"Written by\" \/>\n\t<meta name=\"twitter:data1\" content=\"admin\" \/>\n<script type=\"application\/ld+json\" class=\"yoast-schema-graph\">{\"@context\":\"https:\/\/schema.org\",\"@graph\":[{\"@type\":\"Article\",\"@id\":\"https:\/\/www.prijedordanas.com\/?p=255051#article\",\"isPartOf\":{\"@id\":\"https:\/\/www.prijedordanas.com\/?p=255051\"},\"author\":{\"name\":\"admin\",\"@id\":\"https:\/\/www.prijedordanas.com\/#\/schema\/person\/4e08ccf29b506ca916ff86d46bb700e6\"},\"headline\":\"Javor: Pove\u0107anje plata u idu\u0107oj godini najmanje za 10 odsto\",\"datePublished\":\"2025-10-10T09:58:10+00:00\",\"dateModified\":\"2025-10-10T09:58:10+00:00\",\"mainEntityOfPage\":{\"@id\":\"https:\/\/www.prijedordanas.com\/?p=255051\"},\"wordCount\":499,\"publisher\":{\"@id\":\"https:\/\/www.prijedordanas.com\/#organization\"},\"articleSection\":[\"Dru\u0161tvo\"],\"inLanguage\":\"en-US\"},{\"@type\":\"WebPage\",\"@id\":\"https:\/\/www.prijedordanas.com\/?p=255051\",\"url\":\"https:\/\/www.prijedordanas.com\/?p=255051\",\"name\":\"Javor: Pove\u0107anje plata u idu\u0107oj godini najmanje za 10 odsto - PrijedorDanas.com - Prijedorski gradski portal\",\"isPartOf\":{\"@id\":\"https:\/\/www.prijedordanas.com\/#website\"},\"datePublished\":\"2025-10-10T09:58:10+00:00\",\"dateModified\":\"2025-10-10T09:58:10+00:00\",\"breadcrumb\":{\"@id\":\"https:\/\/www.prijedordanas.com\/?p=255051#breadcrumb\"},\"inLanguage\":\"en-US\",\"potentialAction\":[{\"@type\":\"ReadAction\",\"target\":[\"https:\/\/www.prijedordanas.com\/?p=255051\"]}]},{\"@type\":\"BreadcrumbList\",\"@id\":\"https:\/\/www.prijedordanas.com\/?p=255051#breadcrumb\",\"itemListElement\":[{\"@type\":\"ListItem\",\"position\":1,\"name\":\"Home\",\"item\":\"https:\/\/www.prijedordanas.com\/\"},{\"@type\":\"ListItem\",\"position\":2,\"name\":\"Javor: Pove\u0107anje plata u idu\u0107oj godini najmanje za 10 odsto\"}]},{\"@type\":\"WebSite\",\"@id\":\"https:\/\/www.prijedordanas.com\/#website\",\"url\":\"https:\/\/www.prijedordanas.com\/\",\"name\":\"PrijedorDanas.com - Prijedorski gradski portal\",\"description\":\"Portal o doga\u0111anjima u gradu Prijedoru\",\"publisher\":{\"@id\":\"https:\/\/www.prijedordanas.com\/#organization\"},\"potentialAction\":[{\"@type\":\"SearchAction\",\"target\":{\"@type\":\"EntryPoint\",\"urlTemplate\":\"https:\/\/www.prijedordanas.com\/?s={search_term_string}\"},\"query-input\":\"required name=search_term_string\"}],\"inLanguage\":\"en-US\"},{\"@type\":\"Organization\",\"@id\":\"https:\/\/www.prijedordanas.com\/#organization\",\"name\":\"PrijedorDanas.com\",\"url\":\"https:\/\/www.prijedordanas.com\/\",\"logo\":{\"@type\":\"ImageObject\",\"inLanguage\":\"en-US\",\"@id\":\"https:\/\/www.prijedordanas.com\/#\/schema\/logo\/image\/\",\"url\":\"http:\/\/www.prijedordanas.com\/wp-content\/uploads\/2021\/12\/logopng.png\",\"contentUrl\":\"http:\/\/www.prijedordanas.com\/wp-content\/uploads\/2021\/12\/logopng.png\",\"width\":1019,\"height\":776,\"caption\":\"PrijedorDanas.com\"},\"image\":{\"@id\":\"https:\/\/www.prijedordanas.com\/#\/schema\/logo\/image\/\"},\"sameAs\":[\"https:\/\/www.facebook.com\/PrijedorDanasCom\/\"]},{\"@type\":\"Person\",\"@id\":\"https:\/\/www.prijedordanas.com\/#\/schema\/person\/4e08ccf29b506ca916ff86d46bb700e6\",\"name\":\"admin\",\"image\":{\"@type\":\"ImageObject\",\"inLanguage\":\"en-US\",\"@id\":\"https:\/\/www.prijedordanas.com\/#\/schema\/person\/image\/\",\"url\":\"https:\/\/secure.gravatar.com\/avatar\/1d3fc949d550f0b53a5f0d51e06dfd79?s=96&d=mm&r=g\",\"contentUrl\":\"https:\/\/secure.gravatar.com\/avatar\/1d3fc949d550f0b53a5f0d51e06dfd79?s=96&d=mm&r=g\",\"caption\":\"admin\"},\"url\":\"https:\/\/www.prijedordanas.com\/?author=1\"}]}<\/script>\n<!-- \/ Yoast SEO plugin. -->","yoast_head_json":{"title":"Javor: Pove\u0107anje plata u idu\u0107oj godini najmanje za 10 odsto - PrijedorDanas.com - Prijedorski gradski portal","robots":{"index":"index","follow":"follow","max-snippet":"max-snippet:-1","max-image-preview":"max-image-preview:large","max-video-preview":"max-video-preview:-1"},"canonical":"https:\/\/www.prijedordanas.com\/?p=255051","og_locale":"en_US","og_type":"article","og_title":"Javor: Pove\u0107anje plata u idu\u0107oj godini najmanje za 10 odsto - PrijedorDanas.com - Prijedorski gradski portal","og_description":"Gradona\u010delnik Prijedora Slobodan Javor izjavio je danas da \u0107e od po\u010detka idu\u0107e godine radnicima Gradske uprave i pripadaju\u0107ih ustanova biti pove\u0107ane plate najmanje za 10 odsto. On je naveo da [&hellip;]","og_url":"https:\/\/www.prijedordanas.com\/?p=255051","og_site_name":"PrijedorDanas.com - Prijedorski gradski portal","article_publisher":"https:\/\/www.facebook.com\/PrijedorDanasCom\/","article_published_time":"2025-10-10T09:58:10+00:00","og_image":[{"url":"https:\/\/www.prijedordanas.com\/wp-content\/uploads\/2025\/01\/slobodan-javor-gradonacelnik-300x225.jpg"}],"author":"admin","twitter_card":"summary_large_image","twitter_misc":{"Written by":"admin"},"schema":{"@context":"https:\/\/schema.org","@graph":[{"@type":"Article","@id":"https:\/\/www.prijedordanas.com\/?p=255051#article","isPartOf":{"@id":"https:\/\/www.prijedordanas.com\/?p=255051"},"author":{"name":"admin","@id":"https:\/\/www.prijedordanas.com\/#\/schema\/person\/4e08ccf29b506ca916ff86d46bb700e6"},"headline":"Javor: Pove\u0107anje plata u idu\u0107oj godini najmanje za 10 odsto","datePublished":"2025-10-10T09:58:10+00:00","dateModified":"2025-10-10T09:58:10+00:00","mainEntityOfPage":{"@id":"https:\/\/www.prijedordanas.com\/?p=255051"},"wordCount":499,"publisher":{"@id":"https:\/\/www.prijedordanas.com\/#organization"},"articleSection":["Dru\u0161tvo"],"inLanguage":"en-US"},{"@type":"WebPage","@id":"https:\/\/www.prijedordanas.com\/?p=255051","url":"https:\/\/www.prijedordanas.com\/?p=255051","name":"Javor: Pove\u0107anje plata u idu\u0107oj godini najmanje za 10 odsto - PrijedorDanas.com - Prijedorski gradski portal","isPartOf":{"@id":"https:\/\/www.prijedordanas.com\/#website"},"datePublished":"2025-10-10T09:58:10+00:00","dateModified":"2025-10-10T09:58:10+00:00","breadcrumb":{"@id":"https:\/\/www.prijedordanas.com\/?p=255051#breadcrumb"},"inLanguage":"en-US","potentialAction":[{"@type":"ReadAction","target":["https:\/\/www.prijedordanas.com\/?p=255051"]}]},{"@type":"BreadcrumbList","@id":"https:\/\/www.prijedordanas.com\/?p=255051#breadcrumb","itemListElement":[{"@type":"ListItem","position":1,"name":"Home","item":"https:\/\/www.prijedordanas.com\/"},{"@type":"ListItem","position":2,"name":"Javor: Pove\u0107anje plata u idu\u0107oj godini najmanje za 10 odsto"}]},{"@type":"WebSite","@id":"https:\/\/www.prijedordanas.com\/#website","url":"https:\/\/www.prijedordanas.com\/","name":"PrijedorDanas.com - Prijedorski gradski portal","description":"Portal o doga\u0111anjima u gradu Prijedoru","publisher":{"@id":"https:\/\/www.prijedordanas.com\/#organization"},"potentialAction":[{"@type":"SearchAction","target":{"@type":"EntryPoint","urlTemplate":"https:\/\/www.prijedordanas.com\/?s={search_term_string}"},"query-input":"required name=search_term_string"}],"inLanguage":"en-US"},{"@type":"Organization","@id":"https:\/\/www.prijedordanas.com\/#organization","name":"PrijedorDanas.com","url":"https:\/\/www.prijedordanas.com\/","logo":{"@type":"ImageObject","inLanguage":"en-US","@id":"https:\/\/www.prijedordanas.com\/#\/schema\/logo\/image\/","url":"http:\/\/www.prijedordanas.com\/wp-content\/uploads\/2021\/12\/logopng.png","contentUrl":"http:\/\/www.prijedordanas.com\/wp-content\/uploads\/2021\/12\/logopng.png","width":1019,"height":776,"caption":"PrijedorDanas.com"},"image":{"@id":"https:\/\/www.prijedordanas.com\/#\/schema\/logo\/image\/"},"sameAs":["https:\/\/www.facebook.com\/PrijedorDanasCom\/"]},{"@type":"Person","@id":"https:\/\/www.prijedordanas.com\/#\/schema\/person\/4e08ccf29b506ca916ff86d46bb700e6","name":"admin","image":{"@type":"ImageObject","inLanguage":"en-US","@id":"https:\/\/www.prijedordanas.com\/#\/schema\/person\/image\/","url":"https:\/\/secure.gravatar.com\/avatar\/1d3fc949d550f0b53a5f0d51e06dfd79?s=96&d=mm&r=g","contentUrl":"https:\/\/secure.gravatar.com\/avatar\/1d3fc949d550f0b53a5f0d51e06dfd79?s=96&d=mm&r=g","caption":"admin"},"url":"https:\/\/www.prijedordanas.com\/?author=1"}]}},"_links":{"self":[{"href":"https:\/\/www.prijedordanas.com\/index.php?rest_route=\/wp\/v2\/posts\/255051"}],"collection":[{"href":"https:\/\/www.prijedordanas.com\/index.php?rest_route=\/wp\/v2\/posts"}],"about":[{"href":"https:\/\/www.prijedordanas.com\/index.php?rest_route=\/wp\/v2\/types\/post"}],"author":[{"embeddable":true,"href":"https:\/\/www.prijedordanas.com\/index.php?rest_route=\/wp\/v2\/users\/1"}],"replies":[{"embeddable":true,"href":"https:\/\/www.prijedordanas.com\/index.php?rest_route=%2Fwp%2Fv2%2Fcomments&post=255051"}],"version-history":[{"count":1,"href":"https:\/\/www.prijedordanas.com\/index.php?rest_route=\/wp\/v2\/posts\/255051\/revisions"}],"predecessor-version":[{"id":255052,"href":"https:\/\/www.prijedordanas.com\/index.php?rest_route=\/wp\/v2\/posts\/255051\/revisions\/255052"}],"wp:attachment":[{"href":"https:\/\/www.prijedordanas.com\/index.php?rest_route=%2Fwp%2Fv2%2Fmedia&parent=255051"}],"wp:term":[{"taxonomy":"category","embeddable":true,"href":"https:\/\/www.prijedordanas.com\/index.php?rest_route=%2Fwp%2Fv2%2Fcategories&post=255051"},{"taxonomy":"post_tag","embeddable":true,"href":"https:\/\/www.prijedordanas.com\/index.php?rest_route=%2Fwp%2Fv2%2Ftags&post=255051"}],"curies":[{"name":"wp","href":"https:\/\/api.w.org\/{rel}","templated":true}]}}