{"id":254824,"date":"2025-10-06T20:37:48","date_gmt":"2025-10-06T18:37:48","guid":{"rendered":"https:\/\/www.prijedordanas.com\/?p=254824"},"modified":"2025-10-06T20:37:48","modified_gmt":"2025-10-06T18:37:48","slug":"likovnom-radionicom-u-galeriji-sreten-stojanovic-zvanicno-pocela-nedjelja-djeteta-foto-video","status":"publish","type":"post","link":"https:\/\/www.prijedordanas.com\/?p=254824","title":{"rendered":"Likovnom radionicom u Galeriji &#8220;Sreten Stojanovi\u0107&#8221; zvani\u010dno po\u010dela Nedjelja djeteta &#8211; FOTO\/VIDEO"},"content":{"rendered":"<p><a href=\"https:\/\/www.prijedordanas.com\/wp-content\/uploads\/2025\/10\/prijedorgradorg-nedjelja-djeteta-likovna-radionica-1.jpg\"><img loading=\"lazy\" decoding=\"async\" class=\"alignleft size-medium wp-image-254825\" src=\"https:\/\/www.prijedordanas.com\/wp-content\/uploads\/2025\/10\/prijedorgradorg-nedjelja-djeteta-likovna-radionica-1-300x224.jpg\" alt=\"\" width=\"300\" height=\"224\" srcset=\"https:\/\/www.prijedordanas.com\/wp-content\/uploads\/2025\/10\/prijedorgradorg-nedjelja-djeteta-likovna-radionica-1-300x224.jpg 300w, https:\/\/www.prijedordanas.com\/wp-content\/uploads\/2025\/10\/prijedorgradorg-nedjelja-djeteta-likovna-radionica-1-640x480.jpg 640w, https:\/\/www.prijedordanas.com\/wp-content\/uploads\/2025\/10\/prijedorgradorg-nedjelja-djeteta-likovna-radionica-1.jpg 669w\" sizes=\"(max-width: 300px) 100vw, 300px\" \/><\/a>Galerija \u201eSreten Stojanovi\u0107\u201c bila je doma\u0107in tradicionalne likovne radionice za djecu povodom Nedjelje djeteta. U\u010desnici su bile u\u010denice iz O\u0160 \u201eDesanka Maksimovi\u0107\u201c, \u010dlanice likovne sekcije.<\/p>\n<p>\u201eIdem u likovnu sekciju od sedmog razreda. Danas \u0107emo crtati ne\u0161to sa akrilnim bojama.Koristi\u0107emo tako\u0111e i masne boje.Moja inspiracija je da nacrtam neku pticu\u201c, rekla je u\u010desnica radionice Helena Be\u010d.<\/p>\n<p>\u201eNedjelja je djeteta. Mi smo dobili poziv od Galerije \u201eSreten Stojanovi\u0107\u201c da u\u010destvujemo u ovom doga\u0111aju. Izabrala sam \u0161est u\u010denika koji su se jako dobro pokazali na \u010dasovima likovne sekcije i mislim da je ovo za njih jedno dragocjeno iskustvo zato \u0161to su iza\u0161li iz uobi\u010dajenog ambijenta u\u010dionice i pokazali svoju nadarenost crte\u017ee, slike \u0161iroj publici\u201c, navela je Sanja Hasi\u0107, nastavnik likovne kulture u O\u0160 \u201eDesanka Maksimovi\u0107\u201c.<\/p>\n<p>Likovnu radionicu organizovala je Galerija \u201eSreten Stojanovi\u0107\u201c, uz podr\u0161ku grada Prijedora.<\/p>\n<p><a href=\"https:\/\/www.prijedordanas.com\/wp-content\/uploads\/2025\/10\/prijedorgradorg-nedjelja-djeteta-likovna-radionica-2.jpg\"><img loading=\"lazy\" decoding=\"async\" src=\"https:\/\/www.prijedordanas.com\/wp-content\/uploads\/2025\/10\/prijedorgradorg-nedjelja-djeteta-likovna-radionica-2-300x169.jpg\" alt=\"\" width=\"300\" height=\"169\" class=\"alignleft size-medium wp-image-254826\" srcset=\"https:\/\/www.prijedordanas.com\/wp-content\/uploads\/2025\/10\/prijedorgradorg-nedjelja-djeteta-likovna-radionica-2-300x169.jpg 300w, https:\/\/www.prijedordanas.com\/wp-content\/uploads\/2025\/10\/prijedorgradorg-nedjelja-djeteta-likovna-radionica-2.jpg 600w\" sizes=\"(max-width: 300px) 100vw, 300px\" \/><\/a>\u201eMi smo preduzeli odre\u0111ene aktivnosti koje podrazumijevaju uklju\u010denje kako grada Prijedora, tako i ostalih subjekata koji participiraju u obilje\u017eavanju ove manifestacije. Danas ovdje imamo prvu aktivnost, a to je likovna radionica. Galerija \u201eSreten Stojanovi\u0107\u201c je doma\u0107in i organizator ove manifestacije uz podr\u0161ku grada Prijedora. Nedjelja djeteta je za na\u0161 grad od izuzetnog zna\u010daja jer ima za cilj da podsjeti na zna\u010daj stvaranja uslova u kojima svako dijete mo\u017ee da odrasta sre\u0107no, zdravo, bezbjedno i okru\u017eeno ljubavlju i pa\u017enjom. Tako\u0111e, ova manifestacija podsti\u010de nas na unapre\u0111enje brige o djeci kroz konkretne aktivnosti, podr\u0161ku porodicama i ja\u010danje institucija koje rade u interesu djece\u201c, rekao je \u0161ef Kabineta gradona\u010delnika Prijedora. Branko Mudrini\u0107.<\/p>\n<p>Slijede\u0107ih dana bi\u0107e organizovan niz manifestacija povodom Nedjelje djeteta uz u\u010de\u0161\u0107e prijedorskih vrti\u0107a, osnovnih \u0161kola, kao i javnih ustanova poput Kina \u201eKozara\u201c, Pozori\u0161ta Prijedor, Galerije \u201eSreten Stojanovi\u0107\u201c.<\/p>\n<p><a href=\"https:\/\/prijedorgrad.org\/sr-EU\/vijesti-sadrzaj.html?vid=22803\" target=\"_blank\" rel=\"noopener\">prijedorgrad.org<\/a><\/p>\n<p><a href=\"https:\/\/www.prijedordanas.com\/wp-content\/uploads\/2025\/10\/prijedorgradorg-nedjelja-djeteta-likovna-radionica-3.jpg\"><img loading=\"lazy\" decoding=\"async\" src=\"https:\/\/www.prijedordanas.com\/wp-content\/uploads\/2025\/10\/prijedorgradorg-nedjelja-djeteta-likovna-radionica-3-300x169.jpg\" alt=\"\" width=\"300\" height=\"169\" class=\"alignleft size-medium wp-image-254827\" srcset=\"https:\/\/www.prijedordanas.com\/wp-content\/uploads\/2025\/10\/prijedorgradorg-nedjelja-djeteta-likovna-radionica-3-300x169.jpg 300w, https:\/\/www.prijedordanas.com\/wp-content\/uploads\/2025\/10\/prijedorgradorg-nedjelja-djeteta-likovna-radionica-3.jpg 600w\" sizes=\"(max-width: 300px) 100vw, 300px\" \/><\/a> <a href=\"https:\/\/www.prijedordanas.com\/wp-content\/uploads\/2025\/10\/prijedorgradorg-nedjelja-djeteta-likovna-radionica-4.jpg\"><img loading=\"lazy\" decoding=\"async\" src=\"https:\/\/www.prijedordanas.com\/wp-content\/uploads\/2025\/10\/prijedorgradorg-nedjelja-djeteta-likovna-radionica-4-300x169.jpg\" alt=\"\" width=\"300\" height=\"169\" class=\"alignleft size-medium wp-image-254828\" srcset=\"https:\/\/www.prijedordanas.com\/wp-content\/uploads\/2025\/10\/prijedorgradorg-nedjelja-djeteta-likovna-radionica-4-300x169.jpg 300w, https:\/\/www.prijedordanas.com\/wp-content\/uploads\/2025\/10\/prijedorgradorg-nedjelja-djeteta-likovna-radionica-4.jpg 600w\" sizes=\"(max-width: 300px) 100vw, 300px\" \/><\/a> <a href=\"https:\/\/www.prijedordanas.com\/wp-content\/uploads\/2025\/10\/prijedorgradorg-nedjelja-djeteta-likovna-radionica-6.jpg\"><img loading=\"lazy\" decoding=\"async\" src=\"https:\/\/www.prijedordanas.com\/wp-content\/uploads\/2025\/10\/prijedorgradorg-nedjelja-djeteta-likovna-radionica-6-300x169.jpg\" alt=\"\" width=\"300\" height=\"169\" class=\"alignleft size-medium wp-image-254829\" srcset=\"https:\/\/www.prijedordanas.com\/wp-content\/uploads\/2025\/10\/prijedorgradorg-nedjelja-djeteta-likovna-radionica-6-300x169.jpg 300w, https:\/\/www.prijedordanas.com\/wp-content\/uploads\/2025\/10\/prijedorgradorg-nedjelja-djeteta-likovna-radionica-6.jpg 600w\" sizes=\"(max-width: 300px) 100vw, 300px\" \/><\/a> <a href=\"https:\/\/www.prijedordanas.com\/wp-content\/uploads\/2025\/10\/prijedorgradorg-nedjelja-djeteta-likovna-radionica-5.jpg\"><img loading=\"lazy\" decoding=\"async\" src=\"https:\/\/www.prijedordanas.com\/wp-content\/uploads\/2025\/10\/prijedorgradorg-nedjelja-djeteta-likovna-radionica-5-300x170.jpg\" alt=\"\" width=\"300\" height=\"170\" class=\"alignleft size-medium wp-image-254830\" srcset=\"https:\/\/www.prijedordanas.com\/wp-content\/uploads\/2025\/10\/prijedorgradorg-nedjelja-djeteta-likovna-radionica-5-300x170.jpg 300w, https:\/\/www.prijedordanas.com\/wp-content\/uploads\/2025\/10\/prijedorgradorg-nedjelja-djeteta-likovna-radionica-5.jpg 600w\" sizes=\"(max-width: 300px) 100vw, 300px\" \/><\/a> <a href=\"https:\/\/www.prijedordanas.com\/wp-content\/uploads\/2025\/10\/prijedorgradorg-nedjelja-djeteta-likovna-radionica-7.jpg\"><img loading=\"lazy\" decoding=\"async\" src=\"https:\/\/www.prijedordanas.com\/wp-content\/uploads\/2025\/10\/prijedorgradorg-nedjelja-djeteta-likovna-radionica-7-300x169.jpg\" alt=\"\" width=\"300\" height=\"169\" class=\"alignleft size-medium wp-image-254831\" srcset=\"https:\/\/www.prijedordanas.com\/wp-content\/uploads\/2025\/10\/prijedorgradorg-nedjelja-djeteta-likovna-radionica-7-300x169.jpg 300w, https:\/\/www.prijedordanas.com\/wp-content\/uploads\/2025\/10\/prijedorgradorg-nedjelja-djeteta-likovna-radionica-7.jpg 600w\" sizes=\"(max-width: 300px) 100vw, 300px\" \/><\/a><\/p>\n<p><iframe loading=\"lazy\" title=\"LIKOVNA RADIONICA NA OTVORENOM U GALERIJI POVODOM NEDJELJE DJETETA\" width=\"500\" height=\"281\" src=\"https:\/\/www.youtube.com\/embed\/C_2mIMrsrXA?feature=oembed\" frameborder=\"0\" allow=\"accelerometer; autoplay; clipboard-write; encrypted-media; gyroscope; picture-in-picture; web-share\" referrerpolicy=\"strict-origin-when-cross-origin\" allowfullscreen><\/iframe><\/p>\n","protected":false},"excerpt":{"rendered":"<p>Galerija \u201eSreten Stojanovi\u0107\u201c bila je doma\u0107in tradicionalne likovne radionice za djecu povodom Nedjelje djeteta. U\u010desnici su bile u\u010denice iz O\u0160 \u201eDesanka Maksimovi\u0107\u201c, \u010dlanice likovne sekcije. \u201eIdem u likovnu sekciju od [&hellip;]<\/p>\n","protected":false},"author":1,"featured_media":0,"comment_status":"closed","ping_status":"open","sticky":false,"template":"","format":"standard","meta":{"_monsterinsights_skip_tracking":false,"_monsterinsights_sitenote_active":false,"_monsterinsights_sitenote_note":"","_monsterinsights_sitenote_category":0,"footnotes":""},"categories":[7518],"tags":[],"yoast_head":"<!-- This site is optimized with the Yoast SEO plugin v21.6 - https:\/\/yoast.com\/wordpress\/plugins\/seo\/ -->\n<title>Likovnom radionicom u Galeriji &quot;Sreten Stojanovi\u0107&quot; zvani\u010dno po\u010dela Nedjelja djeteta - FOTO\/VIDEO - PrijedorDanas.com - Prijedorski gradski portal<\/title>\n<meta name=\"robots\" content=\"index, follow, max-snippet:-1, max-image-preview:large, max-video-preview:-1\" \/>\n<link rel=\"canonical\" href=\"https:\/\/www.prijedordanas.com\/?p=254824\" \/>\n<meta property=\"og:locale\" content=\"en_US\" \/>\n<meta property=\"og:type\" content=\"article\" \/>\n<meta property=\"og:title\" content=\"Likovnom radionicom u Galeriji &quot;Sreten Stojanovi\u0107&quot; zvani\u010dno po\u010dela Nedjelja djeteta - FOTO\/VIDEO - PrijedorDanas.com - Prijedorski gradski portal\" \/>\n<meta property=\"og:description\" content=\"Galerija \u201eSreten Stojanovi\u0107\u201c bila je doma\u0107in tradicionalne likovne radionice za djecu povodom Nedjelje djeteta. U\u010desnici su bile u\u010denice iz O\u0160 \u201eDesanka Maksimovi\u0107\u201c, \u010dlanice likovne sekcije. \u201eIdem u likovnu sekciju od [&hellip;]\" \/>\n<meta property=\"og:url\" content=\"https:\/\/www.prijedordanas.com\/?p=254824\" \/>\n<meta property=\"og:site_name\" content=\"PrijedorDanas.com - Prijedorski gradski portal\" \/>\n<meta property=\"article:publisher\" content=\"https:\/\/www.facebook.com\/PrijedorDanasCom\/\" \/>\n<meta property=\"article:published_time\" content=\"2025-10-06T18:37:48+00:00\" \/>\n<meta property=\"og:image\" content=\"https:\/\/www.prijedordanas.com\/wp-content\/uploads\/2025\/10\/prijedorgradorg-nedjelja-djeteta-likovna-radionica-1-300x224.jpg\" \/>\n<meta name=\"author\" content=\"admin\" \/>\n<meta name=\"twitter:card\" content=\"summary_large_image\" \/>\n<meta name=\"twitter:label1\" content=\"Written by\" \/>\n\t<meta name=\"twitter:data1\" content=\"admin\" \/>\n\t<meta name=\"twitter:label2\" content=\"Est. reading time\" \/>\n\t<meta name=\"twitter:data2\" content=\"2 minutes\" \/>\n<script type=\"application\/ld+json\" class=\"yoast-schema-graph\">{\"@context\":\"https:\/\/schema.org\",\"@graph\":[{\"@type\":\"Article\",\"@id\":\"https:\/\/www.prijedordanas.com\/?p=254824#article\",\"isPartOf\":{\"@id\":\"https:\/\/www.prijedordanas.com\/?p=254824\"},\"author\":{\"name\":\"admin\",\"@id\":\"https:\/\/www.prijedordanas.com\/#\/schema\/person\/4e08ccf29b506ca916ff86d46bb700e6\"},\"headline\":\"Likovnom radionicom u Galeriji &#8220;Sreten Stojanovi\u0107&#8221; zvani\u010dno po\u010dela Nedjelja djeteta &#8211; FOTO\/VIDEO\",\"datePublished\":\"2025-10-06T18:37:48+00:00\",\"dateModified\":\"2025-10-06T18:37:48+00:00\",\"mainEntityOfPage\":{\"@id\":\"https:\/\/www.prijedordanas.com\/?p=254824\"},\"wordCount\":335,\"publisher\":{\"@id\":\"https:\/\/www.prijedordanas.com\/#organization\"},\"articleSection\":[\"Mladi\"],\"inLanguage\":\"en-US\"},{\"@type\":\"WebPage\",\"@id\":\"https:\/\/www.prijedordanas.com\/?p=254824\",\"url\":\"https:\/\/www.prijedordanas.com\/?p=254824\",\"name\":\"Likovnom radionicom u Galeriji \\\"Sreten Stojanovi\u0107\\\" zvani\u010dno po\u010dela Nedjelja djeteta - FOTO\/VIDEO - PrijedorDanas.com - Prijedorski gradski portal\",\"isPartOf\":{\"@id\":\"https:\/\/www.prijedordanas.com\/#website\"},\"datePublished\":\"2025-10-06T18:37:48+00:00\",\"dateModified\":\"2025-10-06T18:37:48+00:00\",\"breadcrumb\":{\"@id\":\"https:\/\/www.prijedordanas.com\/?p=254824#breadcrumb\"},\"inLanguage\":\"en-US\",\"potentialAction\":[{\"@type\":\"ReadAction\",\"target\":[\"https:\/\/www.prijedordanas.com\/?p=254824\"]}]},{\"@type\":\"BreadcrumbList\",\"@id\":\"https:\/\/www.prijedordanas.com\/?p=254824#breadcrumb\",\"itemListElement\":[{\"@type\":\"ListItem\",\"position\":1,\"name\":\"Home\",\"item\":\"https:\/\/www.prijedordanas.com\/\"},{\"@type\":\"ListItem\",\"position\":2,\"name\":\"Likovnom radionicom u Galeriji &#8220;Sreten Stojanovi\u0107&#8221; zvani\u010dno po\u010dela Nedjelja djeteta &#8211; FOTO\/VIDEO\"}]},{\"@type\":\"WebSite\",\"@id\":\"https:\/\/www.prijedordanas.com\/#website\",\"url\":\"https:\/\/www.prijedordanas.com\/\",\"name\":\"PrijedorDanas.com - Prijedorski gradski portal\",\"description\":\"Portal o doga\u0111anjima u gradu Prijedoru\",\"publisher\":{\"@id\":\"https:\/\/www.prijedordanas.com\/#organization\"},\"potentialAction\":[{\"@type\":\"SearchAction\",\"target\":{\"@type\":\"EntryPoint\",\"urlTemplate\":\"https:\/\/www.prijedordanas.com\/?s={search_term_string}\"},\"query-input\":\"required name=search_term_string\"}],\"inLanguage\":\"en-US\"},{\"@type\":\"Organization\",\"@id\":\"https:\/\/www.prijedordanas.com\/#organization\",\"name\":\"PrijedorDanas.com\",\"url\":\"https:\/\/www.prijedordanas.com\/\",\"logo\":{\"@type\":\"ImageObject\",\"inLanguage\":\"en-US\",\"@id\":\"https:\/\/www.prijedordanas.com\/#\/schema\/logo\/image\/\",\"url\":\"http:\/\/www.prijedordanas.com\/wp-content\/uploads\/2021\/12\/logopng.png\",\"contentUrl\":\"http:\/\/www.prijedordanas.com\/wp-content\/uploads\/2021\/12\/logopng.png\",\"width\":1019,\"height\":776,\"caption\":\"PrijedorDanas.com\"},\"image\":{\"@id\":\"https:\/\/www.prijedordanas.com\/#\/schema\/logo\/image\/\"},\"sameAs\":[\"https:\/\/www.facebook.com\/PrijedorDanasCom\/\"]},{\"@type\":\"Person\",\"@id\":\"https:\/\/www.prijedordanas.com\/#\/schema\/person\/4e08ccf29b506ca916ff86d46bb700e6\",\"name\":\"admin\",\"image\":{\"@type\":\"ImageObject\",\"inLanguage\":\"en-US\",\"@id\":\"https:\/\/www.prijedordanas.com\/#\/schema\/person\/image\/\",\"url\":\"https:\/\/secure.gravatar.com\/avatar\/1d3fc949d550f0b53a5f0d51e06dfd79?s=96&d=mm&r=g\",\"contentUrl\":\"https:\/\/secure.gravatar.com\/avatar\/1d3fc949d550f0b53a5f0d51e06dfd79?s=96&d=mm&r=g\",\"caption\":\"admin\"},\"url\":\"https:\/\/www.prijedordanas.com\/?author=1\"}]}<\/script>\n<!-- \/ Yoast SEO plugin. -->","yoast_head_json":{"title":"Likovnom radionicom u Galeriji \"Sreten Stojanovi\u0107\" zvani\u010dno po\u010dela Nedjelja djeteta - FOTO\/VIDEO - PrijedorDanas.com - Prijedorski gradski portal","robots":{"index":"index","follow":"follow","max-snippet":"max-snippet:-1","max-image-preview":"max-image-preview:large","max-video-preview":"max-video-preview:-1"},"canonical":"https:\/\/www.prijedordanas.com\/?p=254824","og_locale":"en_US","og_type":"article","og_title":"Likovnom radionicom u Galeriji \"Sreten Stojanovi\u0107\" zvani\u010dno po\u010dela Nedjelja djeteta - FOTO\/VIDEO - PrijedorDanas.com - Prijedorski gradski portal","og_description":"Galerija \u201eSreten Stojanovi\u0107\u201c bila je doma\u0107in tradicionalne likovne radionice za djecu povodom Nedjelje djeteta. U\u010desnici su bile u\u010denice iz O\u0160 \u201eDesanka Maksimovi\u0107\u201c, \u010dlanice likovne sekcije. \u201eIdem u likovnu sekciju od [&hellip;]","og_url":"https:\/\/www.prijedordanas.com\/?p=254824","og_site_name":"PrijedorDanas.com - Prijedorski gradski portal","article_publisher":"https:\/\/www.facebook.com\/PrijedorDanasCom\/","article_published_time":"2025-10-06T18:37:48+00:00","og_image":[{"url":"https:\/\/www.prijedordanas.com\/wp-content\/uploads\/2025\/10\/prijedorgradorg-nedjelja-djeteta-likovna-radionica-1-300x224.jpg"}],"author":"admin","twitter_card":"summary_large_image","twitter_misc":{"Written by":"admin","Est. reading time":"2 minutes"},"schema":{"@context":"https:\/\/schema.org","@graph":[{"@type":"Article","@id":"https:\/\/www.prijedordanas.com\/?p=254824#article","isPartOf":{"@id":"https:\/\/www.prijedordanas.com\/?p=254824"},"author":{"name":"admin","@id":"https:\/\/www.prijedordanas.com\/#\/schema\/person\/4e08ccf29b506ca916ff86d46bb700e6"},"headline":"Likovnom radionicom u Galeriji &#8220;Sreten Stojanovi\u0107&#8221; zvani\u010dno po\u010dela Nedjelja djeteta &#8211; FOTO\/VIDEO","datePublished":"2025-10-06T18:37:48+00:00","dateModified":"2025-10-06T18:37:48+00:00","mainEntityOfPage":{"@id":"https:\/\/www.prijedordanas.com\/?p=254824"},"wordCount":335,"publisher":{"@id":"https:\/\/www.prijedordanas.com\/#organization"},"articleSection":["Mladi"],"inLanguage":"en-US"},{"@type":"WebPage","@id":"https:\/\/www.prijedordanas.com\/?p=254824","url":"https:\/\/www.prijedordanas.com\/?p=254824","name":"Likovnom radionicom u Galeriji \"Sreten Stojanovi\u0107\" zvani\u010dno po\u010dela Nedjelja djeteta - FOTO\/VIDEO - PrijedorDanas.com - Prijedorski gradski portal","isPartOf":{"@id":"https:\/\/www.prijedordanas.com\/#website"},"datePublished":"2025-10-06T18:37:48+00:00","dateModified":"2025-10-06T18:37:48+00:00","breadcrumb":{"@id":"https:\/\/www.prijedordanas.com\/?p=254824#breadcrumb"},"inLanguage":"en-US","potentialAction":[{"@type":"ReadAction","target":["https:\/\/www.prijedordanas.com\/?p=254824"]}]},{"@type":"BreadcrumbList","@id":"https:\/\/www.prijedordanas.com\/?p=254824#breadcrumb","itemListElement":[{"@type":"ListItem","position":1,"name":"Home","item":"https:\/\/www.prijedordanas.com\/"},{"@type":"ListItem","position":2,"name":"Likovnom radionicom u Galeriji &#8220;Sreten Stojanovi\u0107&#8221; zvani\u010dno po\u010dela Nedjelja djeteta &#8211; FOTO\/VIDEO"}]},{"@type":"WebSite","@id":"https:\/\/www.prijedordanas.com\/#website","url":"https:\/\/www.prijedordanas.com\/","name":"PrijedorDanas.com - Prijedorski gradski portal","description":"Portal o doga\u0111anjima u gradu Prijedoru","publisher":{"@id":"https:\/\/www.prijedordanas.com\/#organization"},"potentialAction":[{"@type":"SearchAction","target":{"@type":"EntryPoint","urlTemplate":"https:\/\/www.prijedordanas.com\/?s={search_term_string}"},"query-input":"required name=search_term_string"}],"inLanguage":"en-US"},{"@type":"Organization","@id":"https:\/\/www.prijedordanas.com\/#organization","name":"PrijedorDanas.com","url":"https:\/\/www.prijedordanas.com\/","logo":{"@type":"ImageObject","inLanguage":"en-US","@id":"https:\/\/www.prijedordanas.com\/#\/schema\/logo\/image\/","url":"http:\/\/www.prijedordanas.com\/wp-content\/uploads\/2021\/12\/logopng.png","contentUrl":"http:\/\/www.prijedordanas.com\/wp-content\/uploads\/2021\/12\/logopng.png","width":1019,"height":776,"caption":"PrijedorDanas.com"},"image":{"@id":"https:\/\/www.prijedordanas.com\/#\/schema\/logo\/image\/"},"sameAs":["https:\/\/www.facebook.com\/PrijedorDanasCom\/"]},{"@type":"Person","@id":"https:\/\/www.prijedordanas.com\/#\/schema\/person\/4e08ccf29b506ca916ff86d46bb700e6","name":"admin","image":{"@type":"ImageObject","inLanguage":"en-US","@id":"https:\/\/www.prijedordanas.com\/#\/schema\/person\/image\/","url":"https:\/\/secure.gravatar.com\/avatar\/1d3fc949d550f0b53a5f0d51e06dfd79?s=96&d=mm&r=g","contentUrl":"https:\/\/secure.gravatar.com\/avatar\/1d3fc949d550f0b53a5f0d51e06dfd79?s=96&d=mm&r=g","caption":"admin"},"url":"https:\/\/www.prijedordanas.com\/?author=1"}]}},"_links":{"self":[{"href":"https:\/\/www.prijedordanas.com\/index.php?rest_route=\/wp\/v2\/posts\/254824"}],"collection":[{"href":"https:\/\/www.prijedordanas.com\/index.php?rest_route=\/wp\/v2\/posts"}],"about":[{"href":"https:\/\/www.prijedordanas.com\/index.php?rest_route=\/wp\/v2\/types\/post"}],"author":[{"embeddable":true,"href":"https:\/\/www.prijedordanas.com\/index.php?rest_route=\/wp\/v2\/users\/1"}],"replies":[{"embeddable":true,"href":"https:\/\/www.prijedordanas.com\/index.php?rest_route=%2Fwp%2Fv2%2Fcomments&post=254824"}],"version-history":[{"count":1,"href":"https:\/\/www.prijedordanas.com\/index.php?rest_route=\/wp\/v2\/posts\/254824\/revisions"}],"predecessor-version":[{"id":254832,"href":"https:\/\/www.prijedordanas.com\/index.php?rest_route=\/wp\/v2\/posts\/254824\/revisions\/254832"}],"wp:attachment":[{"href":"https:\/\/www.prijedordanas.com\/index.php?rest_route=%2Fwp%2Fv2%2Fmedia&parent=254824"}],"wp:term":[{"taxonomy":"category","embeddable":true,"href":"https:\/\/www.prijedordanas.com\/index.php?rest_route=%2Fwp%2Fv2%2Fcategories&post=254824"},{"taxonomy":"post_tag","embeddable":true,"href":"https:\/\/www.prijedordanas.com\/index.php?rest_route=%2Fwp%2Fv2%2Ftags&post=254824"}],"curies":[{"name":"wp","href":"https:\/\/api.w.org\/{rel}","templated":true}]}}