{"id":254434,"date":"2025-09-30T01:03:48","date_gmt":"2025-09-29T23:03:48","guid":{"rendered":"https:\/\/www.prijedordanas.com\/?p=254434"},"modified":"2025-09-30T01:03:48","modified_gmt":"2025-09-29T23:03:48","slug":"godinu-dana-zatvora-pijanom-vozacu-iz-prijedora-koji-je-izazvao-saobracajnu-nezgodu","status":"publish","type":"post","link":"https:\/\/www.prijedordanas.com\/?p=254434","title":{"rendered":"Godinu dana zatvora pijanom voza\u010du iz Prijedora koji je izazvao saobra\u0107ajnu nezgodu"},"content":{"rendered":"<p><a href=\"https:\/\/www.prijedordanas.com\/wp-content\/uploads\/2018\/12\/ilustracija-zatvorenik.jpg\"><img loading=\"lazy\" decoding=\"async\" class=\"alignleft size-medium wp-image-118439\" src=\"https:\/\/www.prijedordanas.com\/wp-content\/uploads\/2018\/12\/ilustracija-zatvorenik-300x224.jpg\" alt=\"\" width=\"300\" height=\"224\" srcset=\"https:\/\/www.prijedordanas.com\/wp-content\/uploads\/2018\/12\/ilustracija-zatvorenik-300x224.jpg 300w, https:\/\/www.prijedordanas.com\/wp-content\/uploads\/2018\/12\/ilustracija-zatvorenik-100x75.jpg 100w, https:\/\/www.prijedordanas.com\/wp-content\/uploads\/2018\/12\/ilustracija-zatvorenik-640x480.jpg 640w, https:\/\/www.prijedordanas.com\/wp-content\/uploads\/2018\/12\/ilustracija-zatvorenik.jpg 671w\" sizes=\"(max-width: 300px) 100vw, 300px\" \/><\/a>Osnovni sud u Prijedoru proglasio je krivim Z.K. iz Prijedora za krivi\u010dno djelo ugro\u017eavanje javnog saobrac\u0301aja zbog izazivanja saobrac\u0301ajne nezgode u kojoj je jedno lice te\u0161ko, a dva lica lak\u0161e povrije\u0111ena, objavio je ovaj sud.<\/p>\n<p>Okrivljen je da je upravljajuc\u0301i automobilom \u201edajmler krajsler\u201c brzinom vec\u0301om od dozvoljene, bez va\u017eec\u0301e voza\u010dke dozvole i u stadiju srednjeg pijanstva \/1,87 grama alkohola po kilogramu tjelesne mase\/ prilikom preticanja u raksrsnici gdje preticanje nije dozvoljeno udario \u201efolksvagen golf 4\u201c koji je skretao ulijevo.<\/p>\n<p><strong><a href=\"https:\/\/www.prijedordanas.com\/?p=115397\" target=\"_blank\" rel=\"noopener\">\u010cETVORO POVRIJE\u0110ENIH U SUDARU \u201eMERCEDESA\u201c I \u201eGOLFA\u201c \u2013 FOTO<\/a><\/strong><\/p>\n<p>Te\u0161ke povrede zadobio je putnik u \u201egolfu\u201c K.M, a lak\u0161e putnici u tom vozilu J.G. i J.B. Sudsko vijec\u0301e u sastavu predsjedavajuc\u0301i Zoran Milojica i \u010dlanovi Tanja Mugo\u0161a i Predrag Tepic\u0301 izrekli su mu kaznu zatvora od godinu dana i tri mjeseca, te oduzimanje voza\u010dke dozvole na dvije i po godine, ne ra\u010dunajuc\u0301i vrijeme provedeno u zatvoru.<\/p>\n<p><a href=\"https:\/\/www.prijedordanas.com\/wp-content\/uploads\/2018\/11\/saobracajka-kalata-janjica-pumpa-2.jpg\"><img loading=\"lazy\" decoding=\"async\" src=\"https:\/\/www.prijedordanas.com\/wp-content\/uploads\/2018\/11\/saobracajka-kalata-janjica-pumpa-2-300x222.jpg\" alt=\"\" width=\"300\" height=\"222\" class=\"alignleft size-medium wp-image-115320\" srcset=\"https:\/\/www.prijedordanas.com\/wp-content\/uploads\/2018\/11\/saobracajka-kalata-janjica-pumpa-2-300x222.jpg 300w, https:\/\/www.prijedordanas.com\/wp-content\/uploads\/2018\/11\/saobracajka-kalata-janjica-pumpa-2-100x74.jpg 100w, https:\/\/www.prijedordanas.com\/wp-content\/uploads\/2018\/11\/saobracajka-kalata-janjica-pumpa-2.jpg 675w\" sizes=\"(max-width: 300px) 100vw, 300px\" \/><\/a>\u010clanom 402. stav 2. Krivi\u010dnog zakonika Republike Srpske za ovo djelo propisana je kazna zatvora od jedne do osam godina, kao i oduzimanje voza\u010dke dozvole, a sud je od ote\u017eavajuc\u0301ih okolnosti na\u0161ao da je optu\u017eeni ranije osu\u0111ivan i da je sklon vr\u0161enju nedozvoljenih radnji iz oblasti saobrac\u0301aja, dok olak\u0161avajuc\u0301ih okolnosti sud nije na\u0161ao.<\/p>\n<p>U \u017ealbenom postupku Okru\u017eni sud u Prijedoru preina\u010dio je krivi\u010dnu sankciju umanjiv\u0161i trajanje zatvora sa 15 na 12 mjeseci.<\/p>\n<p><strong><a href=\"https:\/\/www.prijedordanas.com\/?p=115318\" target=\"_blank\" rel=\"noopener\">TE\u0160KA SAOBRA\u0106AJKA KOD PRIJEDORA: POVRIJE\u0110ENO VI\u0160E OSOBA-INTERVENISALI I VATROGASCI \u2013 FOTO<\/a><\/strong><\/p>\n<p>Okru\u017eno javno tu\u017eila\u0161tvo Prijedor zastupala je tu\u017eilac Maja Milanovic\u0301, a optu\u017eenog Z.K. branila je i advokatica iz Prijedora Sonja Malic\u0301.<\/p>\n<p>Saobrac\u0301ajna nezgoda desila se 1. novembra 2018. godine u Donjim Orlovcima na raskrsnici magistralnog puta Prijedor \u2013 Banjaluka i Orlova\u010dke ulice.<\/p>\n<p>Okru\u017eno javno tu\u017eila\u0161tvo Prijedor optu\u017enicu je podiglo u avgustu 2022. godine, a su\u0111enje je po\u010delo u aprilu 2024. godine.<\/p>\n<p>Tekst &#8211; Katarina Pani\u0107 \u2013 <a href=\"https:\/\/www.prijedordanas.com\" target=\"_blank\" rel=\"noopener noreferrer\">www.prijedordanas.com<\/a><br \/>\nFoto &#8211; ilustracija\/arhiva<\/p>\n","protected":false},"excerpt":{"rendered":"<p>Osnovni sud u Prijedoru proglasio je krivim Z.K. iz Prijedora za krivi\u010dno djelo ugro\u017eavanje javnog saobrac\u0301aja zbog izazivanja saobrac\u0301ajne nezgode u kojoj je jedno lice te\u0161ko, a dva lica lak\u0161e [&hellip;]<\/p>\n","protected":false},"author":1,"featured_media":0,"comment_status":"closed","ping_status":"open","sticky":false,"template":"","format":"standard","meta":{"_monsterinsights_skip_tracking":false,"_monsterinsights_sitenote_active":false,"_monsterinsights_sitenote_note":"","_monsterinsights_sitenote_category":0,"footnotes":""},"categories":[5],"tags":[],"yoast_head":"<!-- This site is optimized with the Yoast SEO plugin v21.6 - https:\/\/yoast.com\/wordpress\/plugins\/seo\/ -->\n<title>Godinu dana zatvora pijanom voza\u010du iz Prijedora koji je izazvao saobra\u0107ajnu nezgodu - PrijedorDanas.com - Prijedorski gradski portal<\/title>\n<meta name=\"robots\" content=\"index, follow, max-snippet:-1, max-image-preview:large, max-video-preview:-1\" \/>\n<link rel=\"canonical\" href=\"https:\/\/www.prijedordanas.com\/?p=254434\" \/>\n<meta property=\"og:locale\" content=\"en_US\" \/>\n<meta property=\"og:type\" content=\"article\" \/>\n<meta property=\"og:title\" content=\"Godinu dana zatvora pijanom voza\u010du iz Prijedora koji je izazvao saobra\u0107ajnu nezgodu - PrijedorDanas.com - Prijedorski gradski portal\" \/>\n<meta property=\"og:description\" content=\"Osnovni sud u Prijedoru proglasio je krivim Z.K. iz Prijedora za krivi\u010dno djelo ugro\u017eavanje javnog saobrac\u0301aja zbog izazivanja saobrac\u0301ajne nezgode u kojoj je jedno lice te\u0161ko, a dva lica lak\u0161e [&hellip;]\" \/>\n<meta property=\"og:url\" content=\"https:\/\/www.prijedordanas.com\/?p=254434\" \/>\n<meta property=\"og:site_name\" content=\"PrijedorDanas.com - Prijedorski gradski portal\" \/>\n<meta property=\"article:publisher\" content=\"https:\/\/www.facebook.com\/PrijedorDanasCom\/\" \/>\n<meta property=\"article:published_time\" content=\"2025-09-29T23:03:48+00:00\" \/>\n<meta property=\"og:image\" content=\"https:\/\/www.prijedordanas.com\/wp-content\/uploads\/2018\/12\/ilustracija-zatvorenik-300x224.jpg\" \/>\n<meta name=\"author\" content=\"admin\" \/>\n<meta name=\"twitter:card\" content=\"summary_large_image\" \/>\n<meta name=\"twitter:label1\" content=\"Written by\" \/>\n\t<meta name=\"twitter:data1\" content=\"admin\" \/>\n\t<meta name=\"twitter:label2\" content=\"Est. reading time\" \/>\n\t<meta name=\"twitter:data2\" content=\"2 minutes\" \/>\n<script type=\"application\/ld+json\" class=\"yoast-schema-graph\">{\"@context\":\"https:\/\/schema.org\",\"@graph\":[{\"@type\":\"Article\",\"@id\":\"https:\/\/www.prijedordanas.com\/?p=254434#article\",\"isPartOf\":{\"@id\":\"https:\/\/www.prijedordanas.com\/?p=254434\"},\"author\":{\"name\":\"admin\",\"@id\":\"https:\/\/www.prijedordanas.com\/#\/schema\/person\/4e08ccf29b506ca916ff86d46bb700e6\"},\"headline\":\"Godinu dana zatvora pijanom voza\u010du iz Prijedora koji je izazvao saobra\u0107ajnu nezgodu\",\"datePublished\":\"2025-09-29T23:03:48+00:00\",\"dateModified\":\"2025-09-29T23:03:48+00:00\",\"mainEntityOfPage\":{\"@id\":\"https:\/\/www.prijedordanas.com\/?p=254434\"},\"wordCount\":359,\"publisher\":{\"@id\":\"https:\/\/www.prijedordanas.com\/#organization\"},\"articleSection\":[\"Hronika\"],\"inLanguage\":\"en-US\"},{\"@type\":\"WebPage\",\"@id\":\"https:\/\/www.prijedordanas.com\/?p=254434\",\"url\":\"https:\/\/www.prijedordanas.com\/?p=254434\",\"name\":\"Godinu dana zatvora pijanom voza\u010du iz Prijedora koji je izazvao saobra\u0107ajnu nezgodu - PrijedorDanas.com - Prijedorski gradski portal\",\"isPartOf\":{\"@id\":\"https:\/\/www.prijedordanas.com\/#website\"},\"datePublished\":\"2025-09-29T23:03:48+00:00\",\"dateModified\":\"2025-09-29T23:03:48+00:00\",\"breadcrumb\":{\"@id\":\"https:\/\/www.prijedordanas.com\/?p=254434#breadcrumb\"},\"inLanguage\":\"en-US\",\"potentialAction\":[{\"@type\":\"ReadAction\",\"target\":[\"https:\/\/www.prijedordanas.com\/?p=254434\"]}]},{\"@type\":\"BreadcrumbList\",\"@id\":\"https:\/\/www.prijedordanas.com\/?p=254434#breadcrumb\",\"itemListElement\":[{\"@type\":\"ListItem\",\"position\":1,\"name\":\"Home\",\"item\":\"https:\/\/www.prijedordanas.com\/\"},{\"@type\":\"ListItem\",\"position\":2,\"name\":\"Godinu dana zatvora pijanom voza\u010du iz Prijedora koji je izazvao saobra\u0107ajnu nezgodu\"}]},{\"@type\":\"WebSite\",\"@id\":\"https:\/\/www.prijedordanas.com\/#website\",\"url\":\"https:\/\/www.prijedordanas.com\/\",\"name\":\"PrijedorDanas.com - Prijedorski gradski portal\",\"description\":\"Portal o doga\u0111anjima u gradu Prijedoru\",\"publisher\":{\"@id\":\"https:\/\/www.prijedordanas.com\/#organization\"},\"potentialAction\":[{\"@type\":\"SearchAction\",\"target\":{\"@type\":\"EntryPoint\",\"urlTemplate\":\"https:\/\/www.prijedordanas.com\/?s={search_term_string}\"},\"query-input\":\"required name=search_term_string\"}],\"inLanguage\":\"en-US\"},{\"@type\":\"Organization\",\"@id\":\"https:\/\/www.prijedordanas.com\/#organization\",\"name\":\"PrijedorDanas.com\",\"url\":\"https:\/\/www.prijedordanas.com\/\",\"logo\":{\"@type\":\"ImageObject\",\"inLanguage\":\"en-US\",\"@id\":\"https:\/\/www.prijedordanas.com\/#\/schema\/logo\/image\/\",\"url\":\"http:\/\/www.prijedordanas.com\/wp-content\/uploads\/2021\/12\/logopng.png\",\"contentUrl\":\"http:\/\/www.prijedordanas.com\/wp-content\/uploads\/2021\/12\/logopng.png\",\"width\":1019,\"height\":776,\"caption\":\"PrijedorDanas.com\"},\"image\":{\"@id\":\"https:\/\/www.prijedordanas.com\/#\/schema\/logo\/image\/\"},\"sameAs\":[\"https:\/\/www.facebook.com\/PrijedorDanasCom\/\"]},{\"@type\":\"Person\",\"@id\":\"https:\/\/www.prijedordanas.com\/#\/schema\/person\/4e08ccf29b506ca916ff86d46bb700e6\",\"name\":\"admin\",\"image\":{\"@type\":\"ImageObject\",\"inLanguage\":\"en-US\",\"@id\":\"https:\/\/www.prijedordanas.com\/#\/schema\/person\/image\/\",\"url\":\"https:\/\/secure.gravatar.com\/avatar\/1d3fc949d550f0b53a5f0d51e06dfd79?s=96&d=mm&r=g\",\"contentUrl\":\"https:\/\/secure.gravatar.com\/avatar\/1d3fc949d550f0b53a5f0d51e06dfd79?s=96&d=mm&r=g\",\"caption\":\"admin\"},\"url\":\"https:\/\/www.prijedordanas.com\/?author=1\"}]}<\/script>\n<!-- \/ Yoast SEO plugin. -->","yoast_head_json":{"title":"Godinu dana zatvora pijanom voza\u010du iz Prijedora koji je izazvao saobra\u0107ajnu nezgodu - PrijedorDanas.com - Prijedorski gradski portal","robots":{"index":"index","follow":"follow","max-snippet":"max-snippet:-1","max-image-preview":"max-image-preview:large","max-video-preview":"max-video-preview:-1"},"canonical":"https:\/\/www.prijedordanas.com\/?p=254434","og_locale":"en_US","og_type":"article","og_title":"Godinu dana zatvora pijanom voza\u010du iz Prijedora koji je izazvao saobra\u0107ajnu nezgodu - PrijedorDanas.com - Prijedorski gradski portal","og_description":"Osnovni sud u Prijedoru proglasio je krivim Z.K. iz Prijedora za krivi\u010dno djelo ugro\u017eavanje javnog saobrac\u0301aja zbog izazivanja saobrac\u0301ajne nezgode u kojoj je jedno lice te\u0161ko, a dva lica lak\u0161e [&hellip;]","og_url":"https:\/\/www.prijedordanas.com\/?p=254434","og_site_name":"PrijedorDanas.com - Prijedorski gradski portal","article_publisher":"https:\/\/www.facebook.com\/PrijedorDanasCom\/","article_published_time":"2025-09-29T23:03:48+00:00","og_image":[{"url":"https:\/\/www.prijedordanas.com\/wp-content\/uploads\/2018\/12\/ilustracija-zatvorenik-300x224.jpg"}],"author":"admin","twitter_card":"summary_large_image","twitter_misc":{"Written by":"admin","Est. reading time":"2 minutes"},"schema":{"@context":"https:\/\/schema.org","@graph":[{"@type":"Article","@id":"https:\/\/www.prijedordanas.com\/?p=254434#article","isPartOf":{"@id":"https:\/\/www.prijedordanas.com\/?p=254434"},"author":{"name":"admin","@id":"https:\/\/www.prijedordanas.com\/#\/schema\/person\/4e08ccf29b506ca916ff86d46bb700e6"},"headline":"Godinu dana zatvora pijanom voza\u010du iz Prijedora koji je izazvao saobra\u0107ajnu nezgodu","datePublished":"2025-09-29T23:03:48+00:00","dateModified":"2025-09-29T23:03:48+00:00","mainEntityOfPage":{"@id":"https:\/\/www.prijedordanas.com\/?p=254434"},"wordCount":359,"publisher":{"@id":"https:\/\/www.prijedordanas.com\/#organization"},"articleSection":["Hronika"],"inLanguage":"en-US"},{"@type":"WebPage","@id":"https:\/\/www.prijedordanas.com\/?p=254434","url":"https:\/\/www.prijedordanas.com\/?p=254434","name":"Godinu dana zatvora pijanom voza\u010du iz Prijedora koji je izazvao saobra\u0107ajnu nezgodu - PrijedorDanas.com - Prijedorski gradski portal","isPartOf":{"@id":"https:\/\/www.prijedordanas.com\/#website"},"datePublished":"2025-09-29T23:03:48+00:00","dateModified":"2025-09-29T23:03:48+00:00","breadcrumb":{"@id":"https:\/\/www.prijedordanas.com\/?p=254434#breadcrumb"},"inLanguage":"en-US","potentialAction":[{"@type":"ReadAction","target":["https:\/\/www.prijedordanas.com\/?p=254434"]}]},{"@type":"BreadcrumbList","@id":"https:\/\/www.prijedordanas.com\/?p=254434#breadcrumb","itemListElement":[{"@type":"ListItem","position":1,"name":"Home","item":"https:\/\/www.prijedordanas.com\/"},{"@type":"ListItem","position":2,"name":"Godinu dana zatvora pijanom voza\u010du iz Prijedora koji je izazvao saobra\u0107ajnu nezgodu"}]},{"@type":"WebSite","@id":"https:\/\/www.prijedordanas.com\/#website","url":"https:\/\/www.prijedordanas.com\/","name":"PrijedorDanas.com - Prijedorski gradski portal","description":"Portal o doga\u0111anjima u gradu Prijedoru","publisher":{"@id":"https:\/\/www.prijedordanas.com\/#organization"},"potentialAction":[{"@type":"SearchAction","target":{"@type":"EntryPoint","urlTemplate":"https:\/\/www.prijedordanas.com\/?s={search_term_string}"},"query-input":"required name=search_term_string"}],"inLanguage":"en-US"},{"@type":"Organization","@id":"https:\/\/www.prijedordanas.com\/#organization","name":"PrijedorDanas.com","url":"https:\/\/www.prijedordanas.com\/","logo":{"@type":"ImageObject","inLanguage":"en-US","@id":"https:\/\/www.prijedordanas.com\/#\/schema\/logo\/image\/","url":"http:\/\/www.prijedordanas.com\/wp-content\/uploads\/2021\/12\/logopng.png","contentUrl":"http:\/\/www.prijedordanas.com\/wp-content\/uploads\/2021\/12\/logopng.png","width":1019,"height":776,"caption":"PrijedorDanas.com"},"image":{"@id":"https:\/\/www.prijedordanas.com\/#\/schema\/logo\/image\/"},"sameAs":["https:\/\/www.facebook.com\/PrijedorDanasCom\/"]},{"@type":"Person","@id":"https:\/\/www.prijedordanas.com\/#\/schema\/person\/4e08ccf29b506ca916ff86d46bb700e6","name":"admin","image":{"@type":"ImageObject","inLanguage":"en-US","@id":"https:\/\/www.prijedordanas.com\/#\/schema\/person\/image\/","url":"https:\/\/secure.gravatar.com\/avatar\/1d3fc949d550f0b53a5f0d51e06dfd79?s=96&d=mm&r=g","contentUrl":"https:\/\/secure.gravatar.com\/avatar\/1d3fc949d550f0b53a5f0d51e06dfd79?s=96&d=mm&r=g","caption":"admin"},"url":"https:\/\/www.prijedordanas.com\/?author=1"}]}},"_links":{"self":[{"href":"https:\/\/www.prijedordanas.com\/index.php?rest_route=\/wp\/v2\/posts\/254434"}],"collection":[{"href":"https:\/\/www.prijedordanas.com\/index.php?rest_route=\/wp\/v2\/posts"}],"about":[{"href":"https:\/\/www.prijedordanas.com\/index.php?rest_route=\/wp\/v2\/types\/post"}],"author":[{"embeddable":true,"href":"https:\/\/www.prijedordanas.com\/index.php?rest_route=\/wp\/v2\/users\/1"}],"replies":[{"embeddable":true,"href":"https:\/\/www.prijedordanas.com\/index.php?rest_route=%2Fwp%2Fv2%2Fcomments&post=254434"}],"version-history":[{"count":1,"href":"https:\/\/www.prijedordanas.com\/index.php?rest_route=\/wp\/v2\/posts\/254434\/revisions"}],"predecessor-version":[{"id":254435,"href":"https:\/\/www.prijedordanas.com\/index.php?rest_route=\/wp\/v2\/posts\/254434\/revisions\/254435"}],"wp:attachment":[{"href":"https:\/\/www.prijedordanas.com\/index.php?rest_route=%2Fwp%2Fv2%2Fmedia&parent=254434"}],"wp:term":[{"taxonomy":"category","embeddable":true,"href":"https:\/\/www.prijedordanas.com\/index.php?rest_route=%2Fwp%2Fv2%2Fcategories&post=254434"},{"taxonomy":"post_tag","embeddable":true,"href":"https:\/\/www.prijedordanas.com\/index.php?rest_route=%2Fwp%2Fv2%2Ftags&post=254434"}],"curies":[{"name":"wp","href":"https:\/\/api.w.org\/{rel}","templated":true}]}}