{"id":254397,"date":"2025-09-29T10:21:31","date_gmt":"2025-09-29T08:21:31","guid":{"rendered":"https:\/\/www.prijedordanas.com\/?p=254397"},"modified":"2025-09-29T10:21:31","modified_gmt":"2025-09-29T08:21:31","slug":"dani-srpske-u-srbiji-delegacija-prijedora-u-posjeti-kraljevu","status":"publish","type":"post","link":"https:\/\/www.prijedordanas.com\/?p=254397","title":{"rendered":"Dani Srpske u Srbiji: Delegacija Prijedora u posjeti Kraljevu"},"content":{"rendered":"<p><a href=\"https:\/\/www.prijedordanas.com\/wp-content\/uploads\/2025\/09\/prijedorgradorg-delegacija-pd-posjeta-kraljevo.jpg\"><img loading=\"lazy\" decoding=\"async\" src=\"https:\/\/www.prijedordanas.com\/wp-content\/uploads\/2025\/09\/prijedorgradorg-delegacija-pd-posjeta-kraljevo-225x300.jpg\" alt=\"\" width=\"225\" height=\"300\" class=\"alignleft size-medium wp-image-254398\" srcset=\"https:\/\/www.prijedordanas.com\/wp-content\/uploads\/2025\/09\/prijedorgradorg-delegacija-pd-posjeta-kraljevo-225x300.jpg 225w, https:\/\/www.prijedordanas.com\/wp-content\/uploads\/2025\/09\/prijedorgradorg-delegacija-pd-posjeta-kraljevo.jpg 450w\" sizes=\"(max-width: 225px) 100vw, 225px\" \/><\/a>U okviru manifestacije &#8220;Dani Srpske u Srbiji&#8221;, delegacija grada Prijedora boravila je u Kraljevu gdje su se sastali s Milo\u0161em Mili\u0161i\u0107em, pomo\u0107nikom gradona\u010delnika Kraljeva zadu\u017eenim za kulturne manifestacije. <\/p>\n<p>Na sastanku je razgovarano o budu\u0107oj saradnji dva grada u oblasti kulture, a poseban akcenat stavljen je na predstoje\u0107e 54. Knji\u017eevne susrete na Kozari, jednu od najzna\u010dajnijih kulturnih manifestacija u Prijedoru i Republici Srpskoj.<\/p>\n<p>Delegaciju grada Prijedora \u010dinili su v.d. na\u010delnika Odjeljenja za kulturu, me\u0111unarodnu saradnju, sport i nevladine organizacije Aleksandar Milje\u0161i\u0107, v.d. na\u010delnica Odjeljenja za obrazovanje, zdravstvo, socijalnu za\u0161titu i pronatalitetnu i demografsku politiku Olivera Brdar-Mirkovi\u0107 i direktor Galerije &#8220;Sreten Stojanovi\u0107&#8221; Boris Eremi\u0107. Poru\u010deno je da je ovaj susret od izuzetnog zna\u010daja.<\/p>\n<p>&#8220;Ovaj susret za nas ima posebnu vrijednost jer nije rije\u010d samo o predstavljanju kulturnih sadr\u017eaja grada Prijedora, ve\u0107 i o gra\u0111enju mostova prijateljstva izme\u0111u na\u0161ih gradova. Vjerujem da \u0107e saradnja Prijedora i Kraljeva u oblasti kulture dati sna\u017ene rezultate, na radost na\u0161ih gra\u0111ana, umjetnika i svih koji njeguju istinske kulturne vrijednosti. Siguran sam da je po\u010detak jedne dugoro\u010dne i plodonosne saradnje&#8221;, istakao je v.d. na\u010delnika Odjeljenja za kulturu, me\u0111unarodnu saradnju, sport i nevladine organizacije grada Prijedora Aleksandar Milje\u0161i\u0107.<\/p>\n<p>Program manifestacije u Kraljevu nastavlja se sutra. U 18 \u010dasova u Gradskoj galeriji &#8220;Mar\u017eik&#8221; prijedorska Galerija &#8220;Sreten Stojanovi\u0107&#8221; predstavi\u0107e izlo\u017ebu slika &#8220;Razgovori sa \u0111edom&#8221; akademskog slikara Borisa Eremi\u0107a, \u010dime \u0107e posjetioci imati priliku da upoznaju dio savremenog likovnog stvarala\u0161tva iz Prijedora.<\/p>\n<p>U 20 \u010dasova u Kraljeva\u010dkom pozori\u0161tu bi\u0107e izvedena predstava Pozori\u0161ta Prijedor &#8220;Sve \u0161to nismo mogli re\u0107i&#8221;, po tekstu Marka Duki\u0107a. Re\u017eiju potpisuje Slobodan Peri\u0161i\u0107, a u predstavi igraju Dean Batoz, Katarina Rendi\u0107, Marko Vukosav, Darko Stoji\u0107, Sr\u0111an Knjegi\u0107 i Mirela Predojevi\u0107.<\/p>\n<p>Predstavni\u0161tvo Republike Srpske u Srbiji s velikom posve\u0107eno\u0161t\u0107u ve\u0107 trinaestu godinu za redom organizuje manifestaciju &#8220;Dani Srpske u Srbiji&#8221;, koja se odr\u017eava u trinaest gradova \u0161irom Srbije.<\/p>\n<p><a href=\"https:\/\/prijedorgrad.org\/sr-EU\/vijesti-sadrzaj.html?vid=22757\" rel=\"noopener\" target=\"_blank\">prijedorgrad.org<\/a><\/p>\n","protected":false},"excerpt":{"rendered":"<p>U okviru manifestacije &#8220;Dani Srpske u Srbiji&#8221;, delegacija grada Prijedora boravila je u Kraljevu gdje su se sastali s Milo\u0161em Mili\u0161i\u0107em, pomo\u0107nikom gradona\u010delnika Kraljeva zadu\u017eenim za kulturne manifestacije. Na sastanku [&hellip;]<\/p>\n","protected":false},"author":1,"featured_media":0,"comment_status":"closed","ping_status":"open","sticky":false,"template":"","format":"standard","meta":{"_monsterinsights_skip_tracking":false,"_monsterinsights_sitenote_active":false,"_monsterinsights_sitenote_note":"","_monsterinsights_sitenote_category":0,"footnotes":""},"categories":[8],"tags":[],"yoast_head":"<!-- This site is optimized with the Yoast SEO plugin v21.6 - https:\/\/yoast.com\/wordpress\/plugins\/seo\/ -->\n<title>Dani Srpske u Srbiji: Delegacija Prijedora u posjeti Kraljevu - PrijedorDanas.com - Prijedorski gradski portal<\/title>\n<meta name=\"robots\" content=\"index, follow, max-snippet:-1, max-image-preview:large, max-video-preview:-1\" \/>\n<link rel=\"canonical\" href=\"https:\/\/www.prijedordanas.com\/?p=254397\" \/>\n<meta property=\"og:locale\" content=\"en_US\" \/>\n<meta property=\"og:type\" content=\"article\" \/>\n<meta property=\"og:title\" content=\"Dani Srpske u Srbiji: Delegacija Prijedora u posjeti Kraljevu - PrijedorDanas.com - Prijedorski gradski portal\" \/>\n<meta property=\"og:description\" content=\"U okviru manifestacije &#8220;Dani Srpske u Srbiji&#8221;, delegacija grada Prijedora boravila je u Kraljevu gdje su se sastali s Milo\u0161em Mili\u0161i\u0107em, pomo\u0107nikom gradona\u010delnika Kraljeva zadu\u017eenim za kulturne manifestacije. Na sastanku [&hellip;]\" \/>\n<meta property=\"og:url\" content=\"https:\/\/www.prijedordanas.com\/?p=254397\" \/>\n<meta property=\"og:site_name\" content=\"PrijedorDanas.com - Prijedorski gradski portal\" \/>\n<meta property=\"article:publisher\" content=\"https:\/\/www.facebook.com\/PrijedorDanasCom\/\" \/>\n<meta property=\"article:published_time\" content=\"2025-09-29T08:21:31+00:00\" \/>\n<meta property=\"og:image\" content=\"https:\/\/www.prijedordanas.com\/wp-content\/uploads\/2025\/09\/prijedorgradorg-delegacija-pd-posjeta-kraljevo-225x300.jpg\" \/>\n<meta name=\"author\" content=\"admin\" \/>\n<meta name=\"twitter:card\" content=\"summary_large_image\" \/>\n<meta name=\"twitter:label1\" content=\"Written by\" \/>\n\t<meta name=\"twitter:data1\" content=\"admin\" \/>\n<script type=\"application\/ld+json\" class=\"yoast-schema-graph\">{\"@context\":\"https:\/\/schema.org\",\"@graph\":[{\"@type\":\"Article\",\"@id\":\"https:\/\/www.prijedordanas.com\/?p=254397#article\",\"isPartOf\":{\"@id\":\"https:\/\/www.prijedordanas.com\/?p=254397\"},\"author\":{\"name\":\"admin\",\"@id\":\"https:\/\/www.prijedordanas.com\/#\/schema\/person\/4e08ccf29b506ca916ff86d46bb700e6\"},\"headline\":\"Dani Srpske u Srbiji: Delegacija Prijedora u posjeti Kraljevu\",\"datePublished\":\"2025-09-29T08:21:31+00:00\",\"dateModified\":\"2025-09-29T08:21:31+00:00\",\"mainEntityOfPage\":{\"@id\":\"https:\/\/www.prijedordanas.com\/?p=254397\"},\"wordCount\":357,\"publisher\":{\"@id\":\"https:\/\/www.prijedordanas.com\/#organization\"},\"articleSection\":[\"Svakodnevno\"],\"inLanguage\":\"en-US\"},{\"@type\":\"WebPage\",\"@id\":\"https:\/\/www.prijedordanas.com\/?p=254397\",\"url\":\"https:\/\/www.prijedordanas.com\/?p=254397\",\"name\":\"Dani Srpske u Srbiji: Delegacija Prijedora u posjeti Kraljevu - PrijedorDanas.com - Prijedorski gradski portal\",\"isPartOf\":{\"@id\":\"https:\/\/www.prijedordanas.com\/#website\"},\"datePublished\":\"2025-09-29T08:21:31+00:00\",\"dateModified\":\"2025-09-29T08:21:31+00:00\",\"breadcrumb\":{\"@id\":\"https:\/\/www.prijedordanas.com\/?p=254397#breadcrumb\"},\"inLanguage\":\"en-US\",\"potentialAction\":[{\"@type\":\"ReadAction\",\"target\":[\"https:\/\/www.prijedordanas.com\/?p=254397\"]}]},{\"@type\":\"BreadcrumbList\",\"@id\":\"https:\/\/www.prijedordanas.com\/?p=254397#breadcrumb\",\"itemListElement\":[{\"@type\":\"ListItem\",\"position\":1,\"name\":\"Home\",\"item\":\"https:\/\/www.prijedordanas.com\/\"},{\"@type\":\"ListItem\",\"position\":2,\"name\":\"Dani Srpske u Srbiji: Delegacija Prijedora u posjeti Kraljevu\"}]},{\"@type\":\"WebSite\",\"@id\":\"https:\/\/www.prijedordanas.com\/#website\",\"url\":\"https:\/\/www.prijedordanas.com\/\",\"name\":\"PrijedorDanas.com - Prijedorski gradski portal\",\"description\":\"Portal o doga\u0111anjima u gradu Prijedoru\",\"publisher\":{\"@id\":\"https:\/\/www.prijedordanas.com\/#organization\"},\"potentialAction\":[{\"@type\":\"SearchAction\",\"target\":{\"@type\":\"EntryPoint\",\"urlTemplate\":\"https:\/\/www.prijedordanas.com\/?s={search_term_string}\"},\"query-input\":\"required name=search_term_string\"}],\"inLanguage\":\"en-US\"},{\"@type\":\"Organization\",\"@id\":\"https:\/\/www.prijedordanas.com\/#organization\",\"name\":\"PrijedorDanas.com\",\"url\":\"https:\/\/www.prijedordanas.com\/\",\"logo\":{\"@type\":\"ImageObject\",\"inLanguage\":\"en-US\",\"@id\":\"https:\/\/www.prijedordanas.com\/#\/schema\/logo\/image\/\",\"url\":\"http:\/\/www.prijedordanas.com\/wp-content\/uploads\/2021\/12\/logopng.png\",\"contentUrl\":\"http:\/\/www.prijedordanas.com\/wp-content\/uploads\/2021\/12\/logopng.png\",\"width\":1019,\"height\":776,\"caption\":\"PrijedorDanas.com\"},\"image\":{\"@id\":\"https:\/\/www.prijedordanas.com\/#\/schema\/logo\/image\/\"},\"sameAs\":[\"https:\/\/www.facebook.com\/PrijedorDanasCom\/\"]},{\"@type\":\"Person\",\"@id\":\"https:\/\/www.prijedordanas.com\/#\/schema\/person\/4e08ccf29b506ca916ff86d46bb700e6\",\"name\":\"admin\",\"image\":{\"@type\":\"ImageObject\",\"inLanguage\":\"en-US\",\"@id\":\"https:\/\/www.prijedordanas.com\/#\/schema\/person\/image\/\",\"url\":\"https:\/\/secure.gravatar.com\/avatar\/1d3fc949d550f0b53a5f0d51e06dfd79?s=96&d=mm&r=g\",\"contentUrl\":\"https:\/\/secure.gravatar.com\/avatar\/1d3fc949d550f0b53a5f0d51e06dfd79?s=96&d=mm&r=g\",\"caption\":\"admin\"},\"url\":\"https:\/\/www.prijedordanas.com\/?author=1\"}]}<\/script>\n<!-- \/ Yoast SEO plugin. -->","yoast_head_json":{"title":"Dani Srpske u Srbiji: Delegacija Prijedora u posjeti Kraljevu - PrijedorDanas.com - Prijedorski gradski portal","robots":{"index":"index","follow":"follow","max-snippet":"max-snippet:-1","max-image-preview":"max-image-preview:large","max-video-preview":"max-video-preview:-1"},"canonical":"https:\/\/www.prijedordanas.com\/?p=254397","og_locale":"en_US","og_type":"article","og_title":"Dani Srpske u Srbiji: Delegacija Prijedora u posjeti Kraljevu - PrijedorDanas.com - Prijedorski gradski portal","og_description":"U okviru manifestacije &#8220;Dani Srpske u Srbiji&#8221;, delegacija grada Prijedora boravila je u Kraljevu gdje su se sastali s Milo\u0161em Mili\u0161i\u0107em, pomo\u0107nikom gradona\u010delnika Kraljeva zadu\u017eenim za kulturne manifestacije. Na sastanku [&hellip;]","og_url":"https:\/\/www.prijedordanas.com\/?p=254397","og_site_name":"PrijedorDanas.com - Prijedorski gradski portal","article_publisher":"https:\/\/www.facebook.com\/PrijedorDanasCom\/","article_published_time":"2025-09-29T08:21:31+00:00","og_image":[{"url":"https:\/\/www.prijedordanas.com\/wp-content\/uploads\/2025\/09\/prijedorgradorg-delegacija-pd-posjeta-kraljevo-225x300.jpg"}],"author":"admin","twitter_card":"summary_large_image","twitter_misc":{"Written by":"admin"},"schema":{"@context":"https:\/\/schema.org","@graph":[{"@type":"Article","@id":"https:\/\/www.prijedordanas.com\/?p=254397#article","isPartOf":{"@id":"https:\/\/www.prijedordanas.com\/?p=254397"},"author":{"name":"admin","@id":"https:\/\/www.prijedordanas.com\/#\/schema\/person\/4e08ccf29b506ca916ff86d46bb700e6"},"headline":"Dani Srpske u Srbiji: Delegacija Prijedora u posjeti Kraljevu","datePublished":"2025-09-29T08:21:31+00:00","dateModified":"2025-09-29T08:21:31+00:00","mainEntityOfPage":{"@id":"https:\/\/www.prijedordanas.com\/?p=254397"},"wordCount":357,"publisher":{"@id":"https:\/\/www.prijedordanas.com\/#organization"},"articleSection":["Svakodnevno"],"inLanguage":"en-US"},{"@type":"WebPage","@id":"https:\/\/www.prijedordanas.com\/?p=254397","url":"https:\/\/www.prijedordanas.com\/?p=254397","name":"Dani Srpske u Srbiji: Delegacija Prijedora u posjeti Kraljevu - PrijedorDanas.com - Prijedorski gradski portal","isPartOf":{"@id":"https:\/\/www.prijedordanas.com\/#website"},"datePublished":"2025-09-29T08:21:31+00:00","dateModified":"2025-09-29T08:21:31+00:00","breadcrumb":{"@id":"https:\/\/www.prijedordanas.com\/?p=254397#breadcrumb"},"inLanguage":"en-US","potentialAction":[{"@type":"ReadAction","target":["https:\/\/www.prijedordanas.com\/?p=254397"]}]},{"@type":"BreadcrumbList","@id":"https:\/\/www.prijedordanas.com\/?p=254397#breadcrumb","itemListElement":[{"@type":"ListItem","position":1,"name":"Home","item":"https:\/\/www.prijedordanas.com\/"},{"@type":"ListItem","position":2,"name":"Dani Srpske u Srbiji: Delegacija Prijedora u posjeti Kraljevu"}]},{"@type":"WebSite","@id":"https:\/\/www.prijedordanas.com\/#website","url":"https:\/\/www.prijedordanas.com\/","name":"PrijedorDanas.com - Prijedorski gradski portal","description":"Portal o doga\u0111anjima u gradu Prijedoru","publisher":{"@id":"https:\/\/www.prijedordanas.com\/#organization"},"potentialAction":[{"@type":"SearchAction","target":{"@type":"EntryPoint","urlTemplate":"https:\/\/www.prijedordanas.com\/?s={search_term_string}"},"query-input":"required name=search_term_string"}],"inLanguage":"en-US"},{"@type":"Organization","@id":"https:\/\/www.prijedordanas.com\/#organization","name":"PrijedorDanas.com","url":"https:\/\/www.prijedordanas.com\/","logo":{"@type":"ImageObject","inLanguage":"en-US","@id":"https:\/\/www.prijedordanas.com\/#\/schema\/logo\/image\/","url":"http:\/\/www.prijedordanas.com\/wp-content\/uploads\/2021\/12\/logopng.png","contentUrl":"http:\/\/www.prijedordanas.com\/wp-content\/uploads\/2021\/12\/logopng.png","width":1019,"height":776,"caption":"PrijedorDanas.com"},"image":{"@id":"https:\/\/www.prijedordanas.com\/#\/schema\/logo\/image\/"},"sameAs":["https:\/\/www.facebook.com\/PrijedorDanasCom\/"]},{"@type":"Person","@id":"https:\/\/www.prijedordanas.com\/#\/schema\/person\/4e08ccf29b506ca916ff86d46bb700e6","name":"admin","image":{"@type":"ImageObject","inLanguage":"en-US","@id":"https:\/\/www.prijedordanas.com\/#\/schema\/person\/image\/","url":"https:\/\/secure.gravatar.com\/avatar\/1d3fc949d550f0b53a5f0d51e06dfd79?s=96&d=mm&r=g","contentUrl":"https:\/\/secure.gravatar.com\/avatar\/1d3fc949d550f0b53a5f0d51e06dfd79?s=96&d=mm&r=g","caption":"admin"},"url":"https:\/\/www.prijedordanas.com\/?author=1"}]}},"_links":{"self":[{"href":"https:\/\/www.prijedordanas.com\/index.php?rest_route=\/wp\/v2\/posts\/254397"}],"collection":[{"href":"https:\/\/www.prijedordanas.com\/index.php?rest_route=\/wp\/v2\/posts"}],"about":[{"href":"https:\/\/www.prijedordanas.com\/index.php?rest_route=\/wp\/v2\/types\/post"}],"author":[{"embeddable":true,"href":"https:\/\/www.prijedordanas.com\/index.php?rest_route=\/wp\/v2\/users\/1"}],"replies":[{"embeddable":true,"href":"https:\/\/www.prijedordanas.com\/index.php?rest_route=%2Fwp%2Fv2%2Fcomments&post=254397"}],"version-history":[{"count":1,"href":"https:\/\/www.prijedordanas.com\/index.php?rest_route=\/wp\/v2\/posts\/254397\/revisions"}],"predecessor-version":[{"id":254399,"href":"https:\/\/www.prijedordanas.com\/index.php?rest_route=\/wp\/v2\/posts\/254397\/revisions\/254399"}],"wp:attachment":[{"href":"https:\/\/www.prijedordanas.com\/index.php?rest_route=%2Fwp%2Fv2%2Fmedia&parent=254397"}],"wp:term":[{"taxonomy":"category","embeddable":true,"href":"https:\/\/www.prijedordanas.com\/index.php?rest_route=%2Fwp%2Fv2%2Fcategories&post=254397"},{"taxonomy":"post_tag","embeddable":true,"href":"https:\/\/www.prijedordanas.com\/index.php?rest_route=%2Fwp%2Fv2%2Ftags&post=254397"}],"curies":[{"name":"wp","href":"https:\/\/api.w.org\/{rel}","templated":true}]}}