{"id":254279,"date":"2025-09-27T05:14:38","date_gmt":"2025-09-27T03:14:38","guid":{"rendered":"https:\/\/www.prijedordanas.com\/?p=254279"},"modified":"2025-09-27T05:14:38","modified_gmt":"2025-09-27T03:14:38","slug":"srednjoskolci-iz-vlasenice-u-posjeti-poljoprivredno-prehrambenoj-skoli-prijedor","status":"publish","type":"post","link":"https:\/\/www.prijedordanas.com\/?p=254279","title":{"rendered":"Srednjo\u0161kolci iz Vlasenice u posjeti Poljoprivredno-prehrambenoj \u0161koli Prijedor"},"content":{"rendered":"<p><a href=\"https:\/\/www.prijedordanas.com\/wp-content\/uploads\/2025\/09\/kozarski-srednjoskolci-vlasenica-posjeta-pd-1.jpg\"><img loading=\"lazy\" decoding=\"async\" class=\"alignleft size-medium wp-image-254280\" src=\"https:\/\/www.prijedordanas.com\/wp-content\/uploads\/2025\/09\/kozarski-srednjoskolci-vlasenica-posjeta-pd-1-300x225.jpg\" alt=\"\" width=\"300\" height=\"225\" srcset=\"https:\/\/www.prijedordanas.com\/wp-content\/uploads\/2025\/09\/kozarski-srednjoskolci-vlasenica-posjeta-pd-1-300x225.jpg 300w, https:\/\/www.prijedordanas.com\/wp-content\/uploads\/2025\/09\/kozarski-srednjoskolci-vlasenica-posjeta-pd-1-640x480.jpg 640w, https:\/\/www.prijedordanas.com\/wp-content\/uploads\/2025\/09\/kozarski-srednjoskolci-vlasenica-posjeta-pd-1.jpg 666w\" sizes=\"(max-width: 300px) 100vw, 300px\" \/><\/a>U\u010denici Srednjo\u0161kolskog centra \u201eMilorad Vla\u010di\u0107\u201c iz Vlasenice, u petak su zajedno sa upravom \u0160kole, posjetili \u201ePoljoprivredno \u2013 prehrambenu \u0161kolu\u201c u Prijedoru.<\/p>\n<p>Cilj posjete je bio upoznavanje sa primjerima dobre prakse koju \u0161kola u Prijedoru ve\u0107 godinama njeguje kroz kvalitetnu pakti\u010dnu nastavu.<\/p>\n<p>\u201eNa\u0161 cilj je bio da do\u0111emo u Prijedor kako bismo vidjeli kako se ovdje radi, i kako bi mi u budu\u0107em periodu osnovali U\u010deni\u010dku zadrugu\u201c, rekla je u\u010denica iz Srednjo\u0161kolskog centra \u201eMilorad Vla\u010di\u0107\u201c iz Vlasenice.<\/p>\n<p>Direktor Srednjo\u0161kolskog centra \u201eMilorad Vla\u010di\u0107\u201c iz Vlasenice, Svjetlana Lazi\u0107 istakla je da im ova posjeta mnogo zna\u010di.<\/p>\n<p><a href=\"https:\/\/www.prijedordanas.com\/wp-content\/uploads\/2025\/09\/kozarski-srednjoskolci-vlasenica-posjeta-pd-2.jpg\"><img loading=\"lazy\" decoding=\"async\" class=\"alignleft size-medium wp-image-254281\" src=\"https:\/\/www.prijedordanas.com\/wp-content\/uploads\/2025\/09\/kozarski-srednjoskolci-vlasenica-posjeta-pd-2-300x169.jpg\" alt=\"\" width=\"300\" height=\"169\" srcset=\"https:\/\/www.prijedordanas.com\/wp-content\/uploads\/2025\/09\/kozarski-srednjoskolci-vlasenica-posjeta-pd-2-300x169.jpg 300w, https:\/\/www.prijedordanas.com\/wp-content\/uploads\/2025\/09\/kozarski-srednjoskolci-vlasenica-posjeta-pd-2.jpg 600w\" sizes=\"(max-width: 300px) 100vw, 300px\" \/><\/a>Isti\u010de da je U\u010deni\u010dka zadruga \u201ePoljoprivredno \u2013 prehrambene \u0161kole\u201c u Prijedoru odli\u010dan primjer kada je u pitanju prakti\u010dna nastava.<\/p>\n<p>\u201ePrije nekih 15 godina bila sam na takmi\u010denju u Ugostiteljskoj \u0161koli u Prijedoru i tada sam \u010dula za \u201ePoljoprivredno \u2013 prehrambenu \u0161kolu\u201c. Bila sam fascinirana kada je profesorica prakti\u010dne nastave pri\u010dala \u0161ta se to sve radi u Poljoprivrednoj \u0161koli u Prijedoru. Danas kada obavljam funkciju direktora prvi korak koji sam pokrenula jeste upravo osnivanje U\u010deni\u010dke zadruge, a da bi to sve pro\u0161lo kako treba tra\u017eili smo primjere dobre prakse\u201c, rekla je Lazi\u0107eva.<\/p>\n<p>Gostima iz Vlasenice predstavljeni su primjeri organizacije rada i na\u010din na koji u\u010denici u\u010destvuju u raznim aktivnostima.<\/p>\n<p><a href=\"https:\/\/www.prijedordanas.com\/wp-content\/uploads\/2025\/09\/kozarski-srednjoskolci-vlasenica-posjeta-pd-3.jpg\"><img loading=\"lazy\" decoding=\"async\" src=\"https:\/\/www.prijedordanas.com\/wp-content\/uploads\/2025\/09\/kozarski-srednjoskolci-vlasenica-posjeta-pd-3-300x169.jpg\" alt=\"\" width=\"300\" height=\"169\" class=\"alignleft size-medium wp-image-254282\" srcset=\"https:\/\/www.prijedordanas.com\/wp-content\/uploads\/2025\/09\/kozarski-srednjoskolci-vlasenica-posjeta-pd-3-300x169.jpg 300w, https:\/\/www.prijedordanas.com\/wp-content\/uploads\/2025\/09\/kozarski-srednjoskolci-vlasenica-posjeta-pd-3.jpg 600w\" sizes=\"(max-width: 300px) 100vw, 300px\" \/><\/a>Direktor \u201ePoljoprivredno \u2013 prehrambene \u0161kole\u201c iz Prijedora, Goran Ani\u010di\u0107 rekao je da je \u0161kola u Prijedoru prepoznatljiva po primjerima dobre prakti\u010dne nastave te da su ponosni jer su dobar primjer i ostalim \u0161kolama.<\/p>\n<p>\u201eMi smo prepoznatljivi po primjeru prakti\u010dne nastave, a na preporuku Republi\u010dkog pedago\u0161kog zavoda koji su od ranije upoznati sa na\u0161im radom, imamo priliku ugostiti goste iz Vlasenice i prikazati im na koji na\u010din radimo. Upoznali smo ih sa prostorom, koletivom \u0161kole kao i kabinetima za prakti\u010dnu nastavu\u201c, pojasnio je Ani\u010di\u0107.<\/p>\n<p>\u201ePoljoprivredno \u2013 prehrambena \u0161kola\u201c u Prijedoru trenutno broji 239 u\u010denika u \u0161est smjerova.<\/p>\n<p><strong><a href=\"https:\/\/kozarski.com\/srednjoskolci-iz-vlasenice-u-posjeti-poljoprivredno-prehrambenoj-skoli\/\" target=\"_blank\" rel=\"noopener\">kozarski.com<\/a><\/strong><\/p>\n","protected":false},"excerpt":{"rendered":"<p>U\u010denici Srednjo\u0161kolskog centra \u201eMilorad Vla\u010di\u0107\u201c iz Vlasenice, u petak su zajedno sa upravom \u0160kole, posjetili \u201ePoljoprivredno \u2013 prehrambenu \u0161kolu\u201c u Prijedoru. Cilj posjete je bio upoznavanje sa primjerima dobre prakse [&hellip;]<\/p>\n","protected":false},"author":1,"featured_media":0,"comment_status":"closed","ping_status":"open","sticky":false,"template":"","format":"standard","meta":{"_monsterinsights_skip_tracking":false,"_monsterinsights_sitenote_active":false,"_monsterinsights_sitenote_note":"","_monsterinsights_sitenote_category":0,"footnotes":""},"categories":[7518],"tags":[],"yoast_head":"<!-- This site is optimized with the Yoast SEO plugin v21.6 - https:\/\/yoast.com\/wordpress\/plugins\/seo\/ -->\n<title>Srednjo\u0161kolci iz Vlasenice u posjeti Poljoprivredno-prehrambenoj \u0161koli Prijedor - PrijedorDanas.com - Prijedorski gradski portal<\/title>\n<meta name=\"robots\" content=\"index, follow, max-snippet:-1, max-image-preview:large, max-video-preview:-1\" \/>\n<link rel=\"canonical\" href=\"https:\/\/www.prijedordanas.com\/?p=254279\" \/>\n<meta property=\"og:locale\" content=\"en_US\" \/>\n<meta property=\"og:type\" content=\"article\" \/>\n<meta property=\"og:title\" content=\"Srednjo\u0161kolci iz Vlasenice u posjeti Poljoprivredno-prehrambenoj \u0161koli Prijedor - PrijedorDanas.com - Prijedorski gradski portal\" \/>\n<meta property=\"og:description\" content=\"U\u010denici Srednjo\u0161kolskog centra \u201eMilorad Vla\u010di\u0107\u201c iz Vlasenice, u petak su zajedno sa upravom \u0160kole, posjetili \u201ePoljoprivredno \u2013 prehrambenu \u0161kolu\u201c u Prijedoru. Cilj posjete je bio upoznavanje sa primjerima dobre prakse [&hellip;]\" \/>\n<meta property=\"og:url\" content=\"https:\/\/www.prijedordanas.com\/?p=254279\" \/>\n<meta property=\"og:site_name\" content=\"PrijedorDanas.com - Prijedorski gradski portal\" \/>\n<meta property=\"article:publisher\" content=\"https:\/\/www.facebook.com\/PrijedorDanasCom\/\" \/>\n<meta property=\"article:published_time\" content=\"2025-09-27T03:14:38+00:00\" \/>\n<meta property=\"og:image\" content=\"https:\/\/www.prijedordanas.com\/wp-content\/uploads\/2025\/09\/kozarski-srednjoskolci-vlasenica-posjeta-pd-1-300x225.jpg\" \/>\n<meta name=\"author\" content=\"admin\" \/>\n<meta name=\"twitter:card\" content=\"summary_large_image\" \/>\n<meta name=\"twitter:label1\" content=\"Written by\" \/>\n\t<meta name=\"twitter:data1\" content=\"admin\" \/>\n\t<meta name=\"twitter:label2\" content=\"Est. reading time\" \/>\n\t<meta name=\"twitter:data2\" content=\"2 minutes\" \/>\n<script type=\"application\/ld+json\" class=\"yoast-schema-graph\">{\"@context\":\"https:\/\/schema.org\",\"@graph\":[{\"@type\":\"Article\",\"@id\":\"https:\/\/www.prijedordanas.com\/?p=254279#article\",\"isPartOf\":{\"@id\":\"https:\/\/www.prijedordanas.com\/?p=254279\"},\"author\":{\"name\":\"admin\",\"@id\":\"https:\/\/www.prijedordanas.com\/#\/schema\/person\/4e08ccf29b506ca916ff86d46bb700e6\"},\"headline\":\"Srednjo\u0161kolci iz Vlasenice u posjeti Poljoprivredno-prehrambenoj \u0161koli Prijedor\",\"datePublished\":\"2025-09-27T03:14:38+00:00\",\"dateModified\":\"2025-09-27T03:14:38+00:00\",\"mainEntityOfPage\":{\"@id\":\"https:\/\/www.prijedordanas.com\/?p=254279\"},\"wordCount\":341,\"publisher\":{\"@id\":\"https:\/\/www.prijedordanas.com\/#organization\"},\"articleSection\":[\"Mladi\"],\"inLanguage\":\"en-US\"},{\"@type\":\"WebPage\",\"@id\":\"https:\/\/www.prijedordanas.com\/?p=254279\",\"url\":\"https:\/\/www.prijedordanas.com\/?p=254279\",\"name\":\"Srednjo\u0161kolci iz Vlasenice u posjeti Poljoprivredno-prehrambenoj \u0161koli Prijedor - PrijedorDanas.com - Prijedorski gradski portal\",\"isPartOf\":{\"@id\":\"https:\/\/www.prijedordanas.com\/#website\"},\"datePublished\":\"2025-09-27T03:14:38+00:00\",\"dateModified\":\"2025-09-27T03:14:38+00:00\",\"breadcrumb\":{\"@id\":\"https:\/\/www.prijedordanas.com\/?p=254279#breadcrumb\"},\"inLanguage\":\"en-US\",\"potentialAction\":[{\"@type\":\"ReadAction\",\"target\":[\"https:\/\/www.prijedordanas.com\/?p=254279\"]}]},{\"@type\":\"BreadcrumbList\",\"@id\":\"https:\/\/www.prijedordanas.com\/?p=254279#breadcrumb\",\"itemListElement\":[{\"@type\":\"ListItem\",\"position\":1,\"name\":\"Home\",\"item\":\"https:\/\/www.prijedordanas.com\/\"},{\"@type\":\"ListItem\",\"position\":2,\"name\":\"Srednjo\u0161kolci iz Vlasenice u posjeti Poljoprivredno-prehrambenoj \u0161koli Prijedor\"}]},{\"@type\":\"WebSite\",\"@id\":\"https:\/\/www.prijedordanas.com\/#website\",\"url\":\"https:\/\/www.prijedordanas.com\/\",\"name\":\"PrijedorDanas.com - Prijedorski gradski portal\",\"description\":\"Portal o doga\u0111anjima u gradu Prijedoru\",\"publisher\":{\"@id\":\"https:\/\/www.prijedordanas.com\/#organization\"},\"potentialAction\":[{\"@type\":\"SearchAction\",\"target\":{\"@type\":\"EntryPoint\",\"urlTemplate\":\"https:\/\/www.prijedordanas.com\/?s={search_term_string}\"},\"query-input\":\"required name=search_term_string\"}],\"inLanguage\":\"en-US\"},{\"@type\":\"Organization\",\"@id\":\"https:\/\/www.prijedordanas.com\/#organization\",\"name\":\"PrijedorDanas.com\",\"url\":\"https:\/\/www.prijedordanas.com\/\",\"logo\":{\"@type\":\"ImageObject\",\"inLanguage\":\"en-US\",\"@id\":\"https:\/\/www.prijedordanas.com\/#\/schema\/logo\/image\/\",\"url\":\"http:\/\/www.prijedordanas.com\/wp-content\/uploads\/2021\/12\/logopng.png\",\"contentUrl\":\"http:\/\/www.prijedordanas.com\/wp-content\/uploads\/2021\/12\/logopng.png\",\"width\":1019,\"height\":776,\"caption\":\"PrijedorDanas.com\"},\"image\":{\"@id\":\"https:\/\/www.prijedordanas.com\/#\/schema\/logo\/image\/\"},\"sameAs\":[\"https:\/\/www.facebook.com\/PrijedorDanasCom\/\"]},{\"@type\":\"Person\",\"@id\":\"https:\/\/www.prijedordanas.com\/#\/schema\/person\/4e08ccf29b506ca916ff86d46bb700e6\",\"name\":\"admin\",\"image\":{\"@type\":\"ImageObject\",\"inLanguage\":\"en-US\",\"@id\":\"https:\/\/www.prijedordanas.com\/#\/schema\/person\/image\/\",\"url\":\"https:\/\/secure.gravatar.com\/avatar\/1d3fc949d550f0b53a5f0d51e06dfd79?s=96&d=mm&r=g\",\"contentUrl\":\"https:\/\/secure.gravatar.com\/avatar\/1d3fc949d550f0b53a5f0d51e06dfd79?s=96&d=mm&r=g\",\"caption\":\"admin\"},\"url\":\"https:\/\/www.prijedordanas.com\/?author=1\"}]}<\/script>\n<!-- \/ Yoast SEO plugin. -->","yoast_head_json":{"title":"Srednjo\u0161kolci iz Vlasenice u posjeti Poljoprivredno-prehrambenoj \u0161koli Prijedor - PrijedorDanas.com - Prijedorski gradski portal","robots":{"index":"index","follow":"follow","max-snippet":"max-snippet:-1","max-image-preview":"max-image-preview:large","max-video-preview":"max-video-preview:-1"},"canonical":"https:\/\/www.prijedordanas.com\/?p=254279","og_locale":"en_US","og_type":"article","og_title":"Srednjo\u0161kolci iz Vlasenice u posjeti Poljoprivredno-prehrambenoj \u0161koli Prijedor - PrijedorDanas.com - Prijedorski gradski portal","og_description":"U\u010denici Srednjo\u0161kolskog centra \u201eMilorad Vla\u010di\u0107\u201c iz Vlasenice, u petak su zajedno sa upravom \u0160kole, posjetili \u201ePoljoprivredno \u2013 prehrambenu \u0161kolu\u201c u Prijedoru. Cilj posjete je bio upoznavanje sa primjerima dobre prakse [&hellip;]","og_url":"https:\/\/www.prijedordanas.com\/?p=254279","og_site_name":"PrijedorDanas.com - Prijedorski gradski portal","article_publisher":"https:\/\/www.facebook.com\/PrijedorDanasCom\/","article_published_time":"2025-09-27T03:14:38+00:00","og_image":[{"url":"https:\/\/www.prijedordanas.com\/wp-content\/uploads\/2025\/09\/kozarski-srednjoskolci-vlasenica-posjeta-pd-1-300x225.jpg"}],"author":"admin","twitter_card":"summary_large_image","twitter_misc":{"Written by":"admin","Est. reading time":"2 minutes"},"schema":{"@context":"https:\/\/schema.org","@graph":[{"@type":"Article","@id":"https:\/\/www.prijedordanas.com\/?p=254279#article","isPartOf":{"@id":"https:\/\/www.prijedordanas.com\/?p=254279"},"author":{"name":"admin","@id":"https:\/\/www.prijedordanas.com\/#\/schema\/person\/4e08ccf29b506ca916ff86d46bb700e6"},"headline":"Srednjo\u0161kolci iz Vlasenice u posjeti Poljoprivredno-prehrambenoj \u0161koli Prijedor","datePublished":"2025-09-27T03:14:38+00:00","dateModified":"2025-09-27T03:14:38+00:00","mainEntityOfPage":{"@id":"https:\/\/www.prijedordanas.com\/?p=254279"},"wordCount":341,"publisher":{"@id":"https:\/\/www.prijedordanas.com\/#organization"},"articleSection":["Mladi"],"inLanguage":"en-US"},{"@type":"WebPage","@id":"https:\/\/www.prijedordanas.com\/?p=254279","url":"https:\/\/www.prijedordanas.com\/?p=254279","name":"Srednjo\u0161kolci iz Vlasenice u posjeti Poljoprivredno-prehrambenoj \u0161koli Prijedor - PrijedorDanas.com - Prijedorski gradski portal","isPartOf":{"@id":"https:\/\/www.prijedordanas.com\/#website"},"datePublished":"2025-09-27T03:14:38+00:00","dateModified":"2025-09-27T03:14:38+00:00","breadcrumb":{"@id":"https:\/\/www.prijedordanas.com\/?p=254279#breadcrumb"},"inLanguage":"en-US","potentialAction":[{"@type":"ReadAction","target":["https:\/\/www.prijedordanas.com\/?p=254279"]}]},{"@type":"BreadcrumbList","@id":"https:\/\/www.prijedordanas.com\/?p=254279#breadcrumb","itemListElement":[{"@type":"ListItem","position":1,"name":"Home","item":"https:\/\/www.prijedordanas.com\/"},{"@type":"ListItem","position":2,"name":"Srednjo\u0161kolci iz Vlasenice u posjeti Poljoprivredno-prehrambenoj \u0161koli Prijedor"}]},{"@type":"WebSite","@id":"https:\/\/www.prijedordanas.com\/#website","url":"https:\/\/www.prijedordanas.com\/","name":"PrijedorDanas.com - Prijedorski gradski portal","description":"Portal o doga\u0111anjima u gradu Prijedoru","publisher":{"@id":"https:\/\/www.prijedordanas.com\/#organization"},"potentialAction":[{"@type":"SearchAction","target":{"@type":"EntryPoint","urlTemplate":"https:\/\/www.prijedordanas.com\/?s={search_term_string}"},"query-input":"required name=search_term_string"}],"inLanguage":"en-US"},{"@type":"Organization","@id":"https:\/\/www.prijedordanas.com\/#organization","name":"PrijedorDanas.com","url":"https:\/\/www.prijedordanas.com\/","logo":{"@type":"ImageObject","inLanguage":"en-US","@id":"https:\/\/www.prijedordanas.com\/#\/schema\/logo\/image\/","url":"http:\/\/www.prijedordanas.com\/wp-content\/uploads\/2021\/12\/logopng.png","contentUrl":"http:\/\/www.prijedordanas.com\/wp-content\/uploads\/2021\/12\/logopng.png","width":1019,"height":776,"caption":"PrijedorDanas.com"},"image":{"@id":"https:\/\/www.prijedordanas.com\/#\/schema\/logo\/image\/"},"sameAs":["https:\/\/www.facebook.com\/PrijedorDanasCom\/"]},{"@type":"Person","@id":"https:\/\/www.prijedordanas.com\/#\/schema\/person\/4e08ccf29b506ca916ff86d46bb700e6","name":"admin","image":{"@type":"ImageObject","inLanguage":"en-US","@id":"https:\/\/www.prijedordanas.com\/#\/schema\/person\/image\/","url":"https:\/\/secure.gravatar.com\/avatar\/1d3fc949d550f0b53a5f0d51e06dfd79?s=96&d=mm&r=g","contentUrl":"https:\/\/secure.gravatar.com\/avatar\/1d3fc949d550f0b53a5f0d51e06dfd79?s=96&d=mm&r=g","caption":"admin"},"url":"https:\/\/www.prijedordanas.com\/?author=1"}]}},"_links":{"self":[{"href":"https:\/\/www.prijedordanas.com\/index.php?rest_route=\/wp\/v2\/posts\/254279"}],"collection":[{"href":"https:\/\/www.prijedordanas.com\/index.php?rest_route=\/wp\/v2\/posts"}],"about":[{"href":"https:\/\/www.prijedordanas.com\/index.php?rest_route=\/wp\/v2\/types\/post"}],"author":[{"embeddable":true,"href":"https:\/\/www.prijedordanas.com\/index.php?rest_route=\/wp\/v2\/users\/1"}],"replies":[{"embeddable":true,"href":"https:\/\/www.prijedordanas.com\/index.php?rest_route=%2Fwp%2Fv2%2Fcomments&post=254279"}],"version-history":[{"count":1,"href":"https:\/\/www.prijedordanas.com\/index.php?rest_route=\/wp\/v2\/posts\/254279\/revisions"}],"predecessor-version":[{"id":254283,"href":"https:\/\/www.prijedordanas.com\/index.php?rest_route=\/wp\/v2\/posts\/254279\/revisions\/254283"}],"wp:attachment":[{"href":"https:\/\/www.prijedordanas.com\/index.php?rest_route=%2Fwp%2Fv2%2Fmedia&parent=254279"}],"wp:term":[{"taxonomy":"category","embeddable":true,"href":"https:\/\/www.prijedordanas.com\/index.php?rest_route=%2Fwp%2Fv2%2Fcategories&post=254279"},{"taxonomy":"post_tag","embeddable":true,"href":"https:\/\/www.prijedordanas.com\/index.php?rest_route=%2Fwp%2Fv2%2Ftags&post=254279"}],"curies":[{"name":"wp","href":"https:\/\/api.w.org\/{rel}","templated":true}]}}