{"id":25426,"date":"2015-07-08T12:56:05","date_gmt":"2015-07-08T11:56:05","guid":{"rendered":"https:\/\/www.prijedordanas.com\/?p=25426"},"modified":"2015-07-08T12:56:05","modified_gmt":"2015-07-08T11:56:05","slug":"srpska-mona-liza-visi-u-prijedorskoj-garazi","status":"publish","type":"post","link":"https:\/\/www.prijedordanas.com\/?p=25426","title":{"rendered":"SRPSKA MONA LIZA VISI U PRIJEDORSKOJ GARA\u017dI"},"content":{"rendered":"<p><a href=\"https:\/\/www.prijedordanas.com\/wp-content\/uploads\/2015\/07\/istina-brane-koncar-mona-liza.jpg\"><img loading=\"lazy\" decoding=\"async\" src=\"https:\/\/www.prijedordanas.com\/wp-content\/uploads\/2015\/07\/istina-brane-koncar-mona-liza-300x208.jpg\" alt=\"istina-brane koncar-mona liza\" width=\"300\" height=\"208\" class=\"alignleft size-medium wp-image-25427\" srcset=\"https:\/\/www.prijedordanas.com\/wp-content\/uploads\/2015\/07\/istina-brane-koncar-mona-liza-300x208.jpg 300w, https:\/\/www.prijedordanas.com\/wp-content\/uploads\/2015\/07\/istina-brane-koncar-mona-liza.jpg 600w\" sizes=\"(max-width: 300px) 100vw, 300px\" \/><\/a>Zainteresovanih za Braninu \u0110okondu ima, ali bi svi da joj obaraju cijenu, no on ne da. Ona je vjerna kopija one neprocjenjivo vrijedne iz Luvra, cijenom daleko prihvatljivija i mnogo mla\u0111a.<\/p>\n<p>Brane Kon\u010dar, poznati prijedorski anesteziolog koji je pod stare dane po\u010deo da slika, ve\u0107 sedmu godinu ne \u017eeli da uzme ni fening manje od ukupno 25 hiljada maraka, koliko tra\u017ei za svoju repliku \u010duvene Mona Lize.<\/p>\n<p>Zapravo, Kon\u010darovo \u017eivotno djelo i dalje visi u njegovoj gara\u017ei u \u017eivopisnom potkozarskom mjestu Jaruge, iako se zbog vjernosti i kvaliteta ove kopije mnogi stanovnici grada na Sani \u0161ale da originalna Leonardova \u0110okonda nije u pari\u0161kom Luvru, ve\u0107 u Prijedoru.<\/p>\n<p>Tvrdi pazar s razlogom<\/p>\n<p>\u2013 To djelo je i dalje kod mene i jo\u0161 ga nisam uspio prodati. Mnogi su pitali i raspitivali se da ga kupe, ali ne\u0107u da idem ispod cijene, jer ova (srpska) Mona Liza ko\u0161ta i mnogo vi\u0161e nego \u0161to tra\u017eim. U tom smislu, radio sam na njoj bez i\u010dije pomo\u0107i vi\u0161e od 26 mjeseci i zavr\u0161io je 2008. Godine. Me\u0111utim, po\u0161to je to \u017eiva slika i danas je dora\u0111ujem i radim na njenoj ljepoti \u2013 otkriva za Istinu ovaj sedamdesetdvogodi\u0161nji penzioner.<\/p>\n<p>On se prisje\u0107a da je iz po\u0161tovanja prema Leonardu da Vin\u010diju dugo razmi\u0161ljao da li smije da se usudi i po\u010dne da slika ovo istinsko remek djelo svjetskog slikarstva.<\/p>\n<p>\u2013 Zato sam ozbiljno pristupio radu i tom izazovu. A \u0161to se ti\u010de razlika izme\u0111u moje i legendarne Leonardove Mona Lize, ima ih dosta\u2026 Prvo, mojoj se mo\u017ee pri\u0107i izbliza, a onoj u muzeju Luvr na najmanje sedam metara. Drugo, da Vin\u010di je taj portret naslikao na drvetu, a ja moju kopiju u tehnici ulje na platnu. Da ne pominjem da je ova moja mla\u0111a, a njegova daleko starija i od neprocjenjive je vrijednosti za razliku od ovih 25 hiljada koje tra\u017eim \u2013 ka\u017ee sa osmijehom Kon\u010dar koji od slikanja ipak, uspijeva da zaradi.<\/p>\n<p>Apstraktno slikarstvo?<\/p>\n<p>\u2013 Uradio sam do sada nekoliko stotina ve\u0107ih i manjih slika, uglavnom ulja. Od toga, dosta sam prodao i poklonio. Na primjer, temu \u201cVasrks\u201d sam ranije utopio za 1.500 KM \u0161to je jedna od najskupljih slika prodatih u na\u0161em gradu u posljednje vrijeme. Tako\u0111e, nedavno sam naslikao \u201cBadnje ve\u010de\u201d, sliku veli\u010dine 120 sa 100cm i cijenim je 2.000 evra. Ipak, prodaja ne ide ba\u0161 kako bi trebala po\u0161to nemam jak marketing. A i pravo da vam ka\u017eem, sa idejama i zdravljem ne stojim tako dobro kao prije. Dakle, ostarilo se, vid je oslabio, pa sve vi\u0161e radim manje slike i motive \u2013 pri\u010da Brane.<\/p>\n<p>Ina\u010de, ovaj samouki i daroviti umjetnik, koji je tokom studija u Beogradu redovno obilazio galerije, muzeje i izlo\u017ebe, tokom rada u prijedorskoj bolnici nije imao vremena za slikanje. Zbog toga se tek posljednjih 13 godina intenzivnije posvetio svojoj skrivenoj ljubavi iz osnovne \u0161kole, a omiljene teme su mu porteti poznanika i djece, potkozarski pejza\u017ei i vjerski motivi.<\/p>\n<p>\u2013 Vjera je nepresu\u0161an izvor inspiracije i najdublji smisao \u017eivota. A na polju likovne umjetnosti oduvijek me je interesovalo kuda se to kre\u0107e, jer su odavno formirani svi glavni pravci \u2013 barok, klasicizam, kubizam, romantizam i ostali. Naime, danas je takvo vrijeme da niko ne osniva svoj pravac pa, s tim u vezi, zaista ne znam \u0161ta zna\u010di to apstraktno slikarstvo koje je u trendu\u2026 Zato smatram da je individualizam jedina preostala novina koju umjetnici mogu da unesu \u2013 ocjenjuje na\u0161 sagovornik, koji nikada zvani\u010dno nije izlagao svoja djela, mada bi, po svemu sude\u0107i, imao \u0161ta da poka\u017ee.<\/p>\n<p>Bijeli mantil i kist<\/p>\n<p>\u2013 Zvali su me i nagovarali ovih godina akademski slikari i ljudi iz lokalne galerije, ali sam ih odbio. \u0160ta \u0107e meni izlo\u017eba i slava, ako od toga nemam para. S druge strane, nezvani\u010dno sam izlagao u banji Mlje\u010danica i u bolnici prilikom penzionisanja. Htio sam da kolege upoznam sa svojim hobijem i mogu vam re\u0107i da su tada mnogi bili iznena\u0111eni i odu\u0161evljeni \u2013 prenosi Brane i dodaje da on nije jedini slikar iz ljekarske bran\u0161e, te da su to radili daleko poznatiji \u201cbijeli mantili\u201d kao \u0161to su srpski pjesnik \u010dika Jova Zmaj i pisac Laza Lazarevi\u0107.<\/p>\n<p>\u2013 U bolnici sam zajedno sa kolegama spasio mnogo \u017eivota\u2026 Na planu anesteziologije sam se specijalizovao u Njema\u010dkoj, a u karijeri sam od zanimljivih pacijenata zapamtio nesvakida\u0161nju operaciju jednog od najve\u0107ih tumora koji je ikada odstranjen na ovim prostorima. Naime, tih osamdesetih godina asistirao sam kolegi hirurgu koji je jednoj baki iz Kozarske Dubice uspje\u0161no izvadio tumor te\u017eak nevjerovatnih 27 kilograma. Sje\u0107am se da je jadna starica tada izgledala jako upla\u0161eno \u2013 prepri\u010dava Kon\u010dar.<\/p>\n<p>Magazin Istina<\/p>\n","protected":false},"excerpt":{"rendered":"<p>Zainteresovanih za Braninu \u0110okondu ima, ali bi svi da joj obaraju cijenu, no on ne da. Ona je vjerna kopija one neprocjenjivo vrijedne iz Luvra, cijenom daleko prihvatljivija i mnogo [&hellip;]<\/p>\n","protected":false},"author":1,"featured_media":0,"comment_status":"closed","ping_status":"open","sticky":false,"template":"","format":"standard","meta":{"_monsterinsights_skip_tracking":false,"_monsterinsights_sitenote_active":false,"_monsterinsights_sitenote_note":"","_monsterinsights_sitenote_category":0,"footnotes":""},"categories":[3],"tags":[4108,4107,4109],"yoast_head":"<!-- This site is optimized with the Yoast SEO plugin v21.6 - https:\/\/yoast.com\/wordpress\/plugins\/seo\/ -->\n<title>SRPSKA MONA LIZA VISI U PRIJEDORSKOJ GARA\u017dI - PrijedorDanas.com - Prijedorski gradski portal<\/title>\n<meta name=\"robots\" content=\"index, follow, max-snippet:-1, max-image-preview:large, max-video-preview:-1\" \/>\n<link rel=\"canonical\" href=\"https:\/\/www.prijedordanas.com\/?p=25426\" \/>\n<meta property=\"og:locale\" content=\"en_US\" \/>\n<meta property=\"og:type\" content=\"article\" \/>\n<meta property=\"og:title\" content=\"SRPSKA MONA LIZA VISI U PRIJEDORSKOJ GARA\u017dI - PrijedorDanas.com - Prijedorski gradski portal\" \/>\n<meta property=\"og:description\" content=\"Zainteresovanih za Braninu \u0110okondu ima, ali bi svi da joj obaraju cijenu, no on ne da. Ona je vjerna kopija one neprocjenjivo vrijedne iz Luvra, cijenom daleko prihvatljivija i mnogo [&hellip;]\" \/>\n<meta property=\"og:url\" content=\"https:\/\/www.prijedordanas.com\/?p=25426\" \/>\n<meta property=\"og:site_name\" content=\"PrijedorDanas.com - Prijedorski gradski portal\" \/>\n<meta property=\"article:publisher\" content=\"https:\/\/www.facebook.com\/PrijedorDanasCom\/\" \/>\n<meta property=\"article:published_time\" content=\"2015-07-08T11:56:05+00:00\" \/>\n<meta property=\"og:image\" content=\"https:\/\/www.prijedordanas.com\/wp-content\/uploads\/2015\/07\/istina-brane-koncar-mona-liza-300x208.jpg\" \/>\n<meta name=\"author\" content=\"admin\" \/>\n<meta name=\"twitter:card\" content=\"summary_large_image\" \/>\n<meta name=\"twitter:label1\" content=\"Written by\" \/>\n\t<meta name=\"twitter:data1\" content=\"admin\" \/>\n\t<meta name=\"twitter:label2\" content=\"Est. reading time\" \/>\n\t<meta name=\"twitter:data2\" content=\"4 minutes\" \/>\n<script type=\"application\/ld+json\" class=\"yoast-schema-graph\">{\"@context\":\"https:\/\/schema.org\",\"@graph\":[{\"@type\":\"Article\",\"@id\":\"https:\/\/www.prijedordanas.com\/?p=25426#article\",\"isPartOf\":{\"@id\":\"https:\/\/www.prijedordanas.com\/?p=25426\"},\"author\":{\"name\":\"admin\",\"@id\":\"https:\/\/www.prijedordanas.com\/#\/schema\/person\/4e08ccf29b506ca916ff86d46bb700e6\"},\"headline\":\"SRPSKA MONA LIZA VISI U PRIJEDORSKOJ GARA\u017dI\",\"datePublished\":\"2015-07-08T11:56:05+00:00\",\"dateModified\":\"2015-07-08T11:56:05+00:00\",\"mainEntityOfPage\":{\"@id\":\"https:\/\/www.prijedordanas.com\/?p=25426\"},\"wordCount\":808,\"publisher\":{\"@id\":\"https:\/\/www.prijedordanas.com\/#organization\"},\"keywords\":[\"Brane Kon\u010dar\",\"Mona Liza\",\"slikar\"],\"articleSection\":[\"\u017divot\"],\"inLanguage\":\"en-US\"},{\"@type\":\"WebPage\",\"@id\":\"https:\/\/www.prijedordanas.com\/?p=25426\",\"url\":\"https:\/\/www.prijedordanas.com\/?p=25426\",\"name\":\"SRPSKA MONA LIZA VISI U PRIJEDORSKOJ GARA\u017dI - PrijedorDanas.com - Prijedorski gradski portal\",\"isPartOf\":{\"@id\":\"https:\/\/www.prijedordanas.com\/#website\"},\"datePublished\":\"2015-07-08T11:56:05+00:00\",\"dateModified\":\"2015-07-08T11:56:05+00:00\",\"breadcrumb\":{\"@id\":\"https:\/\/www.prijedordanas.com\/?p=25426#breadcrumb\"},\"inLanguage\":\"en-US\",\"potentialAction\":[{\"@type\":\"ReadAction\",\"target\":[\"https:\/\/www.prijedordanas.com\/?p=25426\"]}]},{\"@type\":\"BreadcrumbList\",\"@id\":\"https:\/\/www.prijedordanas.com\/?p=25426#breadcrumb\",\"itemListElement\":[{\"@type\":\"ListItem\",\"position\":1,\"name\":\"Home\",\"item\":\"https:\/\/www.prijedordanas.com\/\"},{\"@type\":\"ListItem\",\"position\":2,\"name\":\"SRPSKA MONA LIZA VISI U PRIJEDORSKOJ GARA\u017dI\"}]},{\"@type\":\"WebSite\",\"@id\":\"https:\/\/www.prijedordanas.com\/#website\",\"url\":\"https:\/\/www.prijedordanas.com\/\",\"name\":\"PrijedorDanas.com - Prijedorski gradski portal\",\"description\":\"Portal o doga\u0111anjima u gradu Prijedoru\",\"publisher\":{\"@id\":\"https:\/\/www.prijedordanas.com\/#organization\"},\"potentialAction\":[{\"@type\":\"SearchAction\",\"target\":{\"@type\":\"EntryPoint\",\"urlTemplate\":\"https:\/\/www.prijedordanas.com\/?s={search_term_string}\"},\"query-input\":\"required name=search_term_string\"}],\"inLanguage\":\"en-US\"},{\"@type\":\"Organization\",\"@id\":\"https:\/\/www.prijedordanas.com\/#organization\",\"name\":\"PrijedorDanas.com\",\"url\":\"https:\/\/www.prijedordanas.com\/\",\"logo\":{\"@type\":\"ImageObject\",\"inLanguage\":\"en-US\",\"@id\":\"https:\/\/www.prijedordanas.com\/#\/schema\/logo\/image\/\",\"url\":\"http:\/\/www.prijedordanas.com\/wp-content\/uploads\/2021\/12\/logopng.png\",\"contentUrl\":\"http:\/\/www.prijedordanas.com\/wp-content\/uploads\/2021\/12\/logopng.png\",\"width\":1019,\"height\":776,\"caption\":\"PrijedorDanas.com\"},\"image\":{\"@id\":\"https:\/\/www.prijedordanas.com\/#\/schema\/logo\/image\/\"},\"sameAs\":[\"https:\/\/www.facebook.com\/PrijedorDanasCom\/\"]},{\"@type\":\"Person\",\"@id\":\"https:\/\/www.prijedordanas.com\/#\/schema\/person\/4e08ccf29b506ca916ff86d46bb700e6\",\"name\":\"admin\",\"image\":{\"@type\":\"ImageObject\",\"inLanguage\":\"en-US\",\"@id\":\"https:\/\/www.prijedordanas.com\/#\/schema\/person\/image\/\",\"url\":\"https:\/\/secure.gravatar.com\/avatar\/1d3fc949d550f0b53a5f0d51e06dfd79?s=96&d=mm&r=g\",\"contentUrl\":\"https:\/\/secure.gravatar.com\/avatar\/1d3fc949d550f0b53a5f0d51e06dfd79?s=96&d=mm&r=g\",\"caption\":\"admin\"},\"url\":\"https:\/\/www.prijedordanas.com\/?author=1\"}]}<\/script>\n<!-- \/ Yoast SEO plugin. -->","yoast_head_json":{"title":"SRPSKA MONA LIZA VISI U PRIJEDORSKOJ GARA\u017dI - PrijedorDanas.com - Prijedorski gradski portal","robots":{"index":"index","follow":"follow","max-snippet":"max-snippet:-1","max-image-preview":"max-image-preview:large","max-video-preview":"max-video-preview:-1"},"canonical":"https:\/\/www.prijedordanas.com\/?p=25426","og_locale":"en_US","og_type":"article","og_title":"SRPSKA MONA LIZA VISI U PRIJEDORSKOJ GARA\u017dI - PrijedorDanas.com - Prijedorski gradski portal","og_description":"Zainteresovanih za Braninu \u0110okondu ima, ali bi svi da joj obaraju cijenu, no on ne da. Ona je vjerna kopija one neprocjenjivo vrijedne iz Luvra, cijenom daleko prihvatljivija i mnogo [&hellip;]","og_url":"https:\/\/www.prijedordanas.com\/?p=25426","og_site_name":"PrijedorDanas.com - Prijedorski gradski portal","article_publisher":"https:\/\/www.facebook.com\/PrijedorDanasCom\/","article_published_time":"2015-07-08T11:56:05+00:00","og_image":[{"url":"https:\/\/www.prijedordanas.com\/wp-content\/uploads\/2015\/07\/istina-brane-koncar-mona-liza-300x208.jpg"}],"author":"admin","twitter_card":"summary_large_image","twitter_misc":{"Written by":"admin","Est. reading time":"4 minutes"},"schema":{"@context":"https:\/\/schema.org","@graph":[{"@type":"Article","@id":"https:\/\/www.prijedordanas.com\/?p=25426#article","isPartOf":{"@id":"https:\/\/www.prijedordanas.com\/?p=25426"},"author":{"name":"admin","@id":"https:\/\/www.prijedordanas.com\/#\/schema\/person\/4e08ccf29b506ca916ff86d46bb700e6"},"headline":"SRPSKA MONA LIZA VISI U PRIJEDORSKOJ GARA\u017dI","datePublished":"2015-07-08T11:56:05+00:00","dateModified":"2015-07-08T11:56:05+00:00","mainEntityOfPage":{"@id":"https:\/\/www.prijedordanas.com\/?p=25426"},"wordCount":808,"publisher":{"@id":"https:\/\/www.prijedordanas.com\/#organization"},"keywords":["Brane Kon\u010dar","Mona Liza","slikar"],"articleSection":["\u017divot"],"inLanguage":"en-US"},{"@type":"WebPage","@id":"https:\/\/www.prijedordanas.com\/?p=25426","url":"https:\/\/www.prijedordanas.com\/?p=25426","name":"SRPSKA MONA LIZA VISI U PRIJEDORSKOJ GARA\u017dI - PrijedorDanas.com - Prijedorski gradski portal","isPartOf":{"@id":"https:\/\/www.prijedordanas.com\/#website"},"datePublished":"2015-07-08T11:56:05+00:00","dateModified":"2015-07-08T11:56:05+00:00","breadcrumb":{"@id":"https:\/\/www.prijedordanas.com\/?p=25426#breadcrumb"},"inLanguage":"en-US","potentialAction":[{"@type":"ReadAction","target":["https:\/\/www.prijedordanas.com\/?p=25426"]}]},{"@type":"BreadcrumbList","@id":"https:\/\/www.prijedordanas.com\/?p=25426#breadcrumb","itemListElement":[{"@type":"ListItem","position":1,"name":"Home","item":"https:\/\/www.prijedordanas.com\/"},{"@type":"ListItem","position":2,"name":"SRPSKA MONA LIZA VISI U PRIJEDORSKOJ GARA\u017dI"}]},{"@type":"WebSite","@id":"https:\/\/www.prijedordanas.com\/#website","url":"https:\/\/www.prijedordanas.com\/","name":"PrijedorDanas.com - Prijedorski gradski portal","description":"Portal o doga\u0111anjima u gradu Prijedoru","publisher":{"@id":"https:\/\/www.prijedordanas.com\/#organization"},"potentialAction":[{"@type":"SearchAction","target":{"@type":"EntryPoint","urlTemplate":"https:\/\/www.prijedordanas.com\/?s={search_term_string}"},"query-input":"required name=search_term_string"}],"inLanguage":"en-US"},{"@type":"Organization","@id":"https:\/\/www.prijedordanas.com\/#organization","name":"PrijedorDanas.com","url":"https:\/\/www.prijedordanas.com\/","logo":{"@type":"ImageObject","inLanguage":"en-US","@id":"https:\/\/www.prijedordanas.com\/#\/schema\/logo\/image\/","url":"http:\/\/www.prijedordanas.com\/wp-content\/uploads\/2021\/12\/logopng.png","contentUrl":"http:\/\/www.prijedordanas.com\/wp-content\/uploads\/2021\/12\/logopng.png","width":1019,"height":776,"caption":"PrijedorDanas.com"},"image":{"@id":"https:\/\/www.prijedordanas.com\/#\/schema\/logo\/image\/"},"sameAs":["https:\/\/www.facebook.com\/PrijedorDanasCom\/"]},{"@type":"Person","@id":"https:\/\/www.prijedordanas.com\/#\/schema\/person\/4e08ccf29b506ca916ff86d46bb700e6","name":"admin","image":{"@type":"ImageObject","inLanguage":"en-US","@id":"https:\/\/www.prijedordanas.com\/#\/schema\/person\/image\/","url":"https:\/\/secure.gravatar.com\/avatar\/1d3fc949d550f0b53a5f0d51e06dfd79?s=96&d=mm&r=g","contentUrl":"https:\/\/secure.gravatar.com\/avatar\/1d3fc949d550f0b53a5f0d51e06dfd79?s=96&d=mm&r=g","caption":"admin"},"url":"https:\/\/www.prijedordanas.com\/?author=1"}]}},"_links":{"self":[{"href":"https:\/\/www.prijedordanas.com\/index.php?rest_route=\/wp\/v2\/posts\/25426"}],"collection":[{"href":"https:\/\/www.prijedordanas.com\/index.php?rest_route=\/wp\/v2\/posts"}],"about":[{"href":"https:\/\/www.prijedordanas.com\/index.php?rest_route=\/wp\/v2\/types\/post"}],"author":[{"embeddable":true,"href":"https:\/\/www.prijedordanas.com\/index.php?rest_route=\/wp\/v2\/users\/1"}],"replies":[{"embeddable":true,"href":"https:\/\/www.prijedordanas.com\/index.php?rest_route=%2Fwp%2Fv2%2Fcomments&post=25426"}],"version-history":[{"count":1,"href":"https:\/\/www.prijedordanas.com\/index.php?rest_route=\/wp\/v2\/posts\/25426\/revisions"}],"predecessor-version":[{"id":25428,"href":"https:\/\/www.prijedordanas.com\/index.php?rest_route=\/wp\/v2\/posts\/25426\/revisions\/25428"}],"wp:attachment":[{"href":"https:\/\/www.prijedordanas.com\/index.php?rest_route=%2Fwp%2Fv2%2Fmedia&parent=25426"}],"wp:term":[{"taxonomy":"category","embeddable":true,"href":"https:\/\/www.prijedordanas.com\/index.php?rest_route=%2Fwp%2Fv2%2Fcategories&post=25426"},{"taxonomy":"post_tag","embeddable":true,"href":"https:\/\/www.prijedordanas.com\/index.php?rest_route=%2Fwp%2Fv2%2Ftags&post=25426"}],"curies":[{"name":"wp","href":"https:\/\/api.w.org\/{rel}","templated":true}]}}