{"id":254204,"date":"2025-09-25T19:54:47","date_gmt":"2025-09-25T17:54:47","guid":{"rendered":"https:\/\/www.prijedordanas.com\/?p=254204"},"modified":"2025-09-25T19:54:47","modified_gmt":"2025-09-25T17:54:47","slug":"prijedor-zavrsen-partnerski-sastanak-u-okviru-medunarodnog-projekta-inovacija-kao-usluga","status":"publish","type":"post","link":"https:\/\/www.prijedordanas.com\/?p=254204","title":{"rendered":"Prijedor: Zavr\u0161en partnerski sastanak u okviru me\u0111unarodnog projekta &#8220;Inovacija kao usluga&#8221;"},"content":{"rendered":"<p><a href=\"https:\/\/www.prijedordanas.com\/wp-content\/uploads\/2025\/09\/preda-inovacija-kao-usluga-kraj-1.jpg\"><img loading=\"lazy\" decoding=\"async\" class=\"alignleft size-medium wp-image-254205\" src=\"https:\/\/www.prijedordanas.com\/wp-content\/uploads\/2025\/09\/preda-inovacija-kao-usluga-kraj-1-300x225.jpg\" alt=\"\" width=\"300\" height=\"225\" srcset=\"https:\/\/www.prijedordanas.com\/wp-content\/uploads\/2025\/09\/preda-inovacija-kao-usluga-kraj-1-300x225.jpg 300w, https:\/\/www.prijedordanas.com\/wp-content\/uploads\/2025\/09\/preda-inovacija-kao-usluga-kraj-1-640x480.jpg 640w, https:\/\/www.prijedordanas.com\/wp-content\/uploads\/2025\/09\/preda-inovacija-kao-usluga-kraj-1.jpg 667w\" sizes=\"(max-width: 300px) 100vw, 300px\" \/><\/a>U prostorijama Razvojne agencije grada Prijedora \u201cPREDA\u201d zavr\u0161en je vi\u0161ednevni partnerski sastanak u okviru projekta \u201cInovacija kao usluga\u201d, koji je okupio 16 organizacija iz razli\u010ditih dijelova Dunavske regije koje se susre\u0107u sa izazovima razvoja i primjene inovacija.<\/p>\n<p>Cilj je razvoj usluga kroz koje \u0107e biti podr\u017eane inovacije i ekonomski razvoj ciljanih podru\u010dja.<\/p>\n<p>\u201eU skladu sa metodologijom Projekta, o\u010dekujemo tri manja pilot-projekta kroz koje \u0107emo nastojati da u realizaciju uklju\u010dimo i ostale lokalne aktere. Planiramo da radimo sa srednjim \u0161kolama za koje smo kreirali sadr\u017eaje, aktivnosti podr\u0161ke i studijske posjete partnerskim organizacijama koje u\u010destvuju u Projektu\u201c, rekao je Goran Rodi\u0107, projekt-menad\u017eer.<\/p>\n<p>Vode\u0107i partner na Projektu je Tehni\u010dki univerzitet Ko\u0161ice (Slova\u010dka). Predstavnik Martin Lu\u010dak rekao je da, zahvaljuju\u0107i konzorcijumu koji okuplja 16 organizacija iz 12 zemalja, imaju priliku da rade na programu za podr\u0161ku inovacijama.<\/p>\n<p><a href=\"https:\/\/www.prijedordanas.com\/wp-content\/uploads\/2025\/09\/preda-inovacija-kao-usluga-kraj-2.jpg\"><img loading=\"lazy\" decoding=\"async\" src=\"https:\/\/www.prijedordanas.com\/wp-content\/uploads\/2025\/09\/preda-inovacija-kao-usluga-kraj-2-300x169.jpg\" alt=\"\" width=\"300\" height=\"169\" class=\"alignleft size-medium wp-image-254206\" srcset=\"https:\/\/www.prijedordanas.com\/wp-content\/uploads\/2025\/09\/preda-inovacija-kao-usluga-kraj-2-300x169.jpg 300w, https:\/\/www.prijedordanas.com\/wp-content\/uploads\/2025\/09\/preda-inovacija-kao-usluga-kraj-2.jpg 600w\" sizes=\"(max-width: 300px) 100vw, 300px\" \/><\/a>\u201cOva agencija veoma je va\u017ean partner u okviru konzorcijuma, koja svojim znanjima i iskustvima doprinosi implementaciji samog projekta koji su vezani za oblast podr\u0161ke razvoju preduzetni\u0161tva i podr\u0161ke malim i srednjim preduze\u0107ima. Generalno, koncept Projekta je takav da partneri me\u0111usobno donose neku vrstu znanja koje se me\u0111usobno dijeli i prakti\u010dno usmjerava u kontekstu nekih novih usluga koje \u0107e se kreirati kroz ovaj projekat\u201d, objasnio je Lu\u010dak.<\/p>\n<p>Projekat \u201cInovacija kao usluga\u201d finansiran je sredstvima Dunavskog regionalnog programa Evropske unije. Ukupan bud\u017eet iznosi 2.720.670 evra, a Agencija \u201cPREDA\u201d u\u010destvuje sa 96.000 evra. Planirano je da Projekat traje 30 mjeseci.<\/p>\n<p><strong><a href=\"https:\/\/kozarski.com\/zavrsen-partnerski-sastanak-u-okviru-medjunarodnog-projekta-inovacija-kao-usluga\/\" target=\"_blank\" rel=\"noopener\">kozarski.com<\/a><\/strong><\/p>\n","protected":false},"excerpt":{"rendered":"<p>U prostorijama Razvojne agencije grada Prijedora \u201cPREDA\u201d zavr\u0161en je vi\u0161ednevni partnerski sastanak u okviru projekta \u201cInovacija kao usluga\u201d, koji je okupio 16 organizacija iz razli\u010ditih dijelova Dunavske regije koje se [&hellip;]<\/p>\n","protected":false},"author":1,"featured_media":0,"comment_status":"closed","ping_status":"open","sticky":false,"template":"","format":"standard","meta":{"_monsterinsights_skip_tracking":false,"_monsterinsights_sitenote_active":false,"_monsterinsights_sitenote_note":"","_monsterinsights_sitenote_category":0,"footnotes":""},"categories":[8],"tags":[],"yoast_head":"<!-- This site is optimized with the Yoast SEO plugin v21.6 - https:\/\/yoast.com\/wordpress\/plugins\/seo\/ -->\n<title>Prijedor: Zavr\u0161en partnerski sastanak u okviru me\u0111unarodnog projekta &quot;Inovacija kao usluga&quot; - PrijedorDanas.com - Prijedorski gradski portal<\/title>\n<meta name=\"robots\" content=\"index, follow, max-snippet:-1, max-image-preview:large, max-video-preview:-1\" \/>\n<link rel=\"canonical\" href=\"https:\/\/www.prijedordanas.com\/?p=254204\" \/>\n<meta property=\"og:locale\" content=\"en_US\" \/>\n<meta property=\"og:type\" content=\"article\" \/>\n<meta property=\"og:title\" content=\"Prijedor: Zavr\u0161en partnerski sastanak u okviru me\u0111unarodnog projekta &quot;Inovacija kao usluga&quot; - PrijedorDanas.com - Prijedorski gradski portal\" \/>\n<meta property=\"og:description\" content=\"U prostorijama Razvojne agencije grada Prijedora \u201cPREDA\u201d zavr\u0161en je vi\u0161ednevni partnerski sastanak u okviru projekta \u201cInovacija kao usluga\u201d, koji je okupio 16 organizacija iz razli\u010ditih dijelova Dunavske regije koje se [&hellip;]\" \/>\n<meta property=\"og:url\" content=\"https:\/\/www.prijedordanas.com\/?p=254204\" \/>\n<meta property=\"og:site_name\" content=\"PrijedorDanas.com - Prijedorski gradski portal\" \/>\n<meta property=\"article:publisher\" content=\"https:\/\/www.facebook.com\/PrijedorDanasCom\/\" \/>\n<meta property=\"article:published_time\" content=\"2025-09-25T17:54:47+00:00\" \/>\n<meta property=\"og:image\" content=\"https:\/\/www.prijedordanas.com\/wp-content\/uploads\/2025\/09\/preda-inovacija-kao-usluga-kraj-1-300x225.jpg\" \/>\n<meta name=\"author\" content=\"admin\" \/>\n<meta name=\"twitter:card\" content=\"summary_large_image\" \/>\n<meta name=\"twitter:label1\" content=\"Written by\" \/>\n\t<meta name=\"twitter:data1\" content=\"admin\" \/>\n\t<meta name=\"twitter:label2\" content=\"Est. reading time\" \/>\n\t<meta name=\"twitter:data2\" content=\"2 minutes\" \/>\n<script type=\"application\/ld+json\" class=\"yoast-schema-graph\">{\"@context\":\"https:\/\/schema.org\",\"@graph\":[{\"@type\":\"Article\",\"@id\":\"https:\/\/www.prijedordanas.com\/?p=254204#article\",\"isPartOf\":{\"@id\":\"https:\/\/www.prijedordanas.com\/?p=254204\"},\"author\":{\"name\":\"admin\",\"@id\":\"https:\/\/www.prijedordanas.com\/#\/schema\/person\/4e08ccf29b506ca916ff86d46bb700e6\"},\"headline\":\"Prijedor: Zavr\u0161en partnerski sastanak u okviru me\u0111unarodnog projekta &#8220;Inovacija kao usluga&#8221;\",\"datePublished\":\"2025-09-25T17:54:47+00:00\",\"dateModified\":\"2025-09-25T17:54:47+00:00\",\"mainEntityOfPage\":{\"@id\":\"https:\/\/www.prijedordanas.com\/?p=254204\"},\"wordCount\":269,\"publisher\":{\"@id\":\"https:\/\/www.prijedordanas.com\/#organization\"},\"articleSection\":[\"Svakodnevno\"],\"inLanguage\":\"en-US\"},{\"@type\":\"WebPage\",\"@id\":\"https:\/\/www.prijedordanas.com\/?p=254204\",\"url\":\"https:\/\/www.prijedordanas.com\/?p=254204\",\"name\":\"Prijedor: Zavr\u0161en partnerski sastanak u okviru me\u0111unarodnog projekta \\\"Inovacija kao usluga\\\" - PrijedorDanas.com - Prijedorski gradski portal\",\"isPartOf\":{\"@id\":\"https:\/\/www.prijedordanas.com\/#website\"},\"datePublished\":\"2025-09-25T17:54:47+00:00\",\"dateModified\":\"2025-09-25T17:54:47+00:00\",\"breadcrumb\":{\"@id\":\"https:\/\/www.prijedordanas.com\/?p=254204#breadcrumb\"},\"inLanguage\":\"en-US\",\"potentialAction\":[{\"@type\":\"ReadAction\",\"target\":[\"https:\/\/www.prijedordanas.com\/?p=254204\"]}]},{\"@type\":\"BreadcrumbList\",\"@id\":\"https:\/\/www.prijedordanas.com\/?p=254204#breadcrumb\",\"itemListElement\":[{\"@type\":\"ListItem\",\"position\":1,\"name\":\"Home\",\"item\":\"https:\/\/www.prijedordanas.com\/\"},{\"@type\":\"ListItem\",\"position\":2,\"name\":\"Prijedor: Zavr\u0161en partnerski sastanak u okviru me\u0111unarodnog projekta &#8220;Inovacija kao usluga&#8221;\"}]},{\"@type\":\"WebSite\",\"@id\":\"https:\/\/www.prijedordanas.com\/#website\",\"url\":\"https:\/\/www.prijedordanas.com\/\",\"name\":\"PrijedorDanas.com - Prijedorski gradski portal\",\"description\":\"Portal o doga\u0111anjima u gradu Prijedoru\",\"publisher\":{\"@id\":\"https:\/\/www.prijedordanas.com\/#organization\"},\"potentialAction\":[{\"@type\":\"SearchAction\",\"target\":{\"@type\":\"EntryPoint\",\"urlTemplate\":\"https:\/\/www.prijedordanas.com\/?s={search_term_string}\"},\"query-input\":\"required name=search_term_string\"}],\"inLanguage\":\"en-US\"},{\"@type\":\"Organization\",\"@id\":\"https:\/\/www.prijedordanas.com\/#organization\",\"name\":\"PrijedorDanas.com\",\"url\":\"https:\/\/www.prijedordanas.com\/\",\"logo\":{\"@type\":\"ImageObject\",\"inLanguage\":\"en-US\",\"@id\":\"https:\/\/www.prijedordanas.com\/#\/schema\/logo\/image\/\",\"url\":\"http:\/\/www.prijedordanas.com\/wp-content\/uploads\/2021\/12\/logopng.png\",\"contentUrl\":\"http:\/\/www.prijedordanas.com\/wp-content\/uploads\/2021\/12\/logopng.png\",\"width\":1019,\"height\":776,\"caption\":\"PrijedorDanas.com\"},\"image\":{\"@id\":\"https:\/\/www.prijedordanas.com\/#\/schema\/logo\/image\/\"},\"sameAs\":[\"https:\/\/www.facebook.com\/PrijedorDanasCom\/\"]},{\"@type\":\"Person\",\"@id\":\"https:\/\/www.prijedordanas.com\/#\/schema\/person\/4e08ccf29b506ca916ff86d46bb700e6\",\"name\":\"admin\",\"image\":{\"@type\":\"ImageObject\",\"inLanguage\":\"en-US\",\"@id\":\"https:\/\/www.prijedordanas.com\/#\/schema\/person\/image\/\",\"url\":\"https:\/\/secure.gravatar.com\/avatar\/1d3fc949d550f0b53a5f0d51e06dfd79?s=96&d=mm&r=g\",\"contentUrl\":\"https:\/\/secure.gravatar.com\/avatar\/1d3fc949d550f0b53a5f0d51e06dfd79?s=96&d=mm&r=g\",\"caption\":\"admin\"},\"url\":\"https:\/\/www.prijedordanas.com\/?author=1\"}]}<\/script>\n<!-- \/ Yoast SEO plugin. -->","yoast_head_json":{"title":"Prijedor: Zavr\u0161en partnerski sastanak u okviru me\u0111unarodnog projekta \"Inovacija kao usluga\" - PrijedorDanas.com - Prijedorski gradski portal","robots":{"index":"index","follow":"follow","max-snippet":"max-snippet:-1","max-image-preview":"max-image-preview:large","max-video-preview":"max-video-preview:-1"},"canonical":"https:\/\/www.prijedordanas.com\/?p=254204","og_locale":"en_US","og_type":"article","og_title":"Prijedor: Zavr\u0161en partnerski sastanak u okviru me\u0111unarodnog projekta \"Inovacija kao usluga\" - PrijedorDanas.com - Prijedorski gradski portal","og_description":"U prostorijama Razvojne agencije grada Prijedora \u201cPREDA\u201d zavr\u0161en je vi\u0161ednevni partnerski sastanak u okviru projekta \u201cInovacija kao usluga\u201d, koji je okupio 16 organizacija iz razli\u010ditih dijelova Dunavske regije koje se [&hellip;]","og_url":"https:\/\/www.prijedordanas.com\/?p=254204","og_site_name":"PrijedorDanas.com - Prijedorski gradski portal","article_publisher":"https:\/\/www.facebook.com\/PrijedorDanasCom\/","article_published_time":"2025-09-25T17:54:47+00:00","og_image":[{"url":"https:\/\/www.prijedordanas.com\/wp-content\/uploads\/2025\/09\/preda-inovacija-kao-usluga-kraj-1-300x225.jpg"}],"author":"admin","twitter_card":"summary_large_image","twitter_misc":{"Written by":"admin","Est. reading time":"2 minutes"},"schema":{"@context":"https:\/\/schema.org","@graph":[{"@type":"Article","@id":"https:\/\/www.prijedordanas.com\/?p=254204#article","isPartOf":{"@id":"https:\/\/www.prijedordanas.com\/?p=254204"},"author":{"name":"admin","@id":"https:\/\/www.prijedordanas.com\/#\/schema\/person\/4e08ccf29b506ca916ff86d46bb700e6"},"headline":"Prijedor: Zavr\u0161en partnerski sastanak u okviru me\u0111unarodnog projekta &#8220;Inovacija kao usluga&#8221;","datePublished":"2025-09-25T17:54:47+00:00","dateModified":"2025-09-25T17:54:47+00:00","mainEntityOfPage":{"@id":"https:\/\/www.prijedordanas.com\/?p=254204"},"wordCount":269,"publisher":{"@id":"https:\/\/www.prijedordanas.com\/#organization"},"articleSection":["Svakodnevno"],"inLanguage":"en-US"},{"@type":"WebPage","@id":"https:\/\/www.prijedordanas.com\/?p=254204","url":"https:\/\/www.prijedordanas.com\/?p=254204","name":"Prijedor: Zavr\u0161en partnerski sastanak u okviru me\u0111unarodnog projekta \"Inovacija kao usluga\" - PrijedorDanas.com - Prijedorski gradski portal","isPartOf":{"@id":"https:\/\/www.prijedordanas.com\/#website"},"datePublished":"2025-09-25T17:54:47+00:00","dateModified":"2025-09-25T17:54:47+00:00","breadcrumb":{"@id":"https:\/\/www.prijedordanas.com\/?p=254204#breadcrumb"},"inLanguage":"en-US","potentialAction":[{"@type":"ReadAction","target":["https:\/\/www.prijedordanas.com\/?p=254204"]}]},{"@type":"BreadcrumbList","@id":"https:\/\/www.prijedordanas.com\/?p=254204#breadcrumb","itemListElement":[{"@type":"ListItem","position":1,"name":"Home","item":"https:\/\/www.prijedordanas.com\/"},{"@type":"ListItem","position":2,"name":"Prijedor: Zavr\u0161en partnerski sastanak u okviru me\u0111unarodnog projekta &#8220;Inovacija kao usluga&#8221;"}]},{"@type":"WebSite","@id":"https:\/\/www.prijedordanas.com\/#website","url":"https:\/\/www.prijedordanas.com\/","name":"PrijedorDanas.com - Prijedorski gradski portal","description":"Portal o doga\u0111anjima u gradu Prijedoru","publisher":{"@id":"https:\/\/www.prijedordanas.com\/#organization"},"potentialAction":[{"@type":"SearchAction","target":{"@type":"EntryPoint","urlTemplate":"https:\/\/www.prijedordanas.com\/?s={search_term_string}"},"query-input":"required name=search_term_string"}],"inLanguage":"en-US"},{"@type":"Organization","@id":"https:\/\/www.prijedordanas.com\/#organization","name":"PrijedorDanas.com","url":"https:\/\/www.prijedordanas.com\/","logo":{"@type":"ImageObject","inLanguage":"en-US","@id":"https:\/\/www.prijedordanas.com\/#\/schema\/logo\/image\/","url":"http:\/\/www.prijedordanas.com\/wp-content\/uploads\/2021\/12\/logopng.png","contentUrl":"http:\/\/www.prijedordanas.com\/wp-content\/uploads\/2021\/12\/logopng.png","width":1019,"height":776,"caption":"PrijedorDanas.com"},"image":{"@id":"https:\/\/www.prijedordanas.com\/#\/schema\/logo\/image\/"},"sameAs":["https:\/\/www.facebook.com\/PrijedorDanasCom\/"]},{"@type":"Person","@id":"https:\/\/www.prijedordanas.com\/#\/schema\/person\/4e08ccf29b506ca916ff86d46bb700e6","name":"admin","image":{"@type":"ImageObject","inLanguage":"en-US","@id":"https:\/\/www.prijedordanas.com\/#\/schema\/person\/image\/","url":"https:\/\/secure.gravatar.com\/avatar\/1d3fc949d550f0b53a5f0d51e06dfd79?s=96&d=mm&r=g","contentUrl":"https:\/\/secure.gravatar.com\/avatar\/1d3fc949d550f0b53a5f0d51e06dfd79?s=96&d=mm&r=g","caption":"admin"},"url":"https:\/\/www.prijedordanas.com\/?author=1"}]}},"_links":{"self":[{"href":"https:\/\/www.prijedordanas.com\/index.php?rest_route=\/wp\/v2\/posts\/254204"}],"collection":[{"href":"https:\/\/www.prijedordanas.com\/index.php?rest_route=\/wp\/v2\/posts"}],"about":[{"href":"https:\/\/www.prijedordanas.com\/index.php?rest_route=\/wp\/v2\/types\/post"}],"author":[{"embeddable":true,"href":"https:\/\/www.prijedordanas.com\/index.php?rest_route=\/wp\/v2\/users\/1"}],"replies":[{"embeddable":true,"href":"https:\/\/www.prijedordanas.com\/index.php?rest_route=%2Fwp%2Fv2%2Fcomments&post=254204"}],"version-history":[{"count":1,"href":"https:\/\/www.prijedordanas.com\/index.php?rest_route=\/wp\/v2\/posts\/254204\/revisions"}],"predecessor-version":[{"id":254207,"href":"https:\/\/www.prijedordanas.com\/index.php?rest_route=\/wp\/v2\/posts\/254204\/revisions\/254207"}],"wp:attachment":[{"href":"https:\/\/www.prijedordanas.com\/index.php?rest_route=%2Fwp%2Fv2%2Fmedia&parent=254204"}],"wp:term":[{"taxonomy":"category","embeddable":true,"href":"https:\/\/www.prijedordanas.com\/index.php?rest_route=%2Fwp%2Fv2%2Fcategories&post=254204"},{"taxonomy":"post_tag","embeddable":true,"href":"https:\/\/www.prijedordanas.com\/index.php?rest_route=%2Fwp%2Fv2%2Ftags&post=254204"}],"curies":[{"name":"wp","href":"https:\/\/api.w.org\/{rel}","templated":true}]}}