{"id":253774,"date":"2025-09-17T17:38:10","date_gmt":"2025-09-17T15:38:10","guid":{"rendered":"https:\/\/www.prijedordanas.com\/?p=253774"},"modified":"2025-09-17T17:38:10","modified_gmt":"2025-09-17T15:38:10","slug":"prijedor-sindikalna-korpa-mnogo-veca-od-plate-video","status":"publish","type":"post","link":"https:\/\/www.prijedordanas.com\/?p=253774","title":{"rendered":"Prijedor: Sindikalna korpa mnogo ve\u0107a od plate &#8211; VIDEO"},"content":{"rendered":"<p><a href=\"https:\/\/www.prijedordanas.com\/wp-content\/uploads\/2025\/09\/kozarski-regionalni-sindikalni-centar-pd.jpg\"><img loading=\"lazy\" decoding=\"async\" class=\"alignleft size-medium wp-image-253776\" src=\"https:\/\/www.prijedordanas.com\/wp-content\/uploads\/2025\/09\/kozarski-regionalni-sindikalni-centar-pd-300x225.jpg\" alt=\"\" width=\"300\" height=\"225\" srcset=\"https:\/\/www.prijedordanas.com\/wp-content\/uploads\/2025\/09\/kozarski-regionalni-sindikalni-centar-pd-300x225.jpg 300w, https:\/\/www.prijedordanas.com\/wp-content\/uploads\/2025\/09\/kozarski-regionalni-sindikalni-centar-pd-640x480.jpg 640w, https:\/\/www.prijedordanas.com\/wp-content\/uploads\/2025\/09\/kozarski-regionalni-sindikalni-centar-pd.jpg 667w\" sizes=\"(max-width: 300px) 100vw, 300px\" \/><\/a>Sindikalna potro\u0161a\u010dka korpa za jul ove godine iznosi 2.749 KM.<\/p>\n<p>Prosje\u010dna neto plata je pokriva sa 56,8 odsto.Sindikalna potro\u0161a\u010dka korpa sadr\u017ei tro\u0161kove za prehranu, stanovanje i komunalne usluge.<\/p>\n<p>Teku\u0107e odr\u017eavanje doma\u0107instva, odje\u0107u i obu\u0107u,higijenu i njegu zdravlja,prevoz, obrazovanje i kulturu.<\/p>\n<p>\u201eIznos plate koju imamo ne mo\u017ee zadovoljiti ni osnovne egzistencijalne potrebe. \u0160to se ti\u010de samo tro\u0161kova prehrane one iznose 1. 268 KM. Po djelatnostima najve\u0107a prosje\u010dna neto plata je najvi\u0161a u oblasti finansija i osiguranja i ona iznosi 2. 007 KM, a najmanja u oblasti gra\u0111evinarstva i iznosi 1. 206 KM. Savez sindikata uvijek ima zahtjev da najni\u017ea plata treba da pokriva tro\u0161kove prehrane\u201c, ka\u017ee Snje\u017eana Radi\u0107, izvr\u0161ni sekretar Regionalnog sindikalnog centra u Prijedoru.<\/p>\n<p><a href=\"https:\/\/www.prijedordanas.com\/wp-content\/uploads\/2025\/09\/kozarski-snjezana-radic.jpg\"><img loading=\"lazy\" decoding=\"async\" class=\"alignleft size-medium wp-image-253777\" src=\"https:\/\/www.prijedordanas.com\/wp-content\/uploads\/2025\/09\/kozarski-snjezana-radic-300x169.jpg\" alt=\"\" width=\"300\" height=\"169\" srcset=\"https:\/\/www.prijedordanas.com\/wp-content\/uploads\/2025\/09\/kozarski-snjezana-radic-300x169.jpg 300w, https:\/\/www.prijedordanas.com\/wp-content\/uploads\/2025\/09\/kozarski-snjezana-radic.jpg 600w\" sizes=\"(max-width: 300px) 100vw, 300px\" \/><\/a>Tro\u0161kovi kupovine osnovnih \u017eivotnih namirnica konstantno rastu i bukvalno se cijene mijenjaju iz dana u dan.<\/p>\n<p>Prostom ra\u010dunicom se dolazi do podatka da ni radnici koji primaju prosje\u010dne plate ne mogu pokriti tro\u0161kove hrane.<\/p>\n<p>\u201e2.750 KM je potro\u0161a\u010dka korpa za juli \u0161to je kada je poredimo sa istim periodom pro\u0161le godine za nekih 141 KM vi\u0161e nego u istom periodu lane. Kada odemo neke tri godine unazad imamo preko 450 KM razlike.To pokazuje inflaciju i nekad smo govorili da su to tiha poskupljenja, sada su ona poprili\u010dno glasna i velika i u velikoj mjeri uti\u010du na bud\u017eete na\u0161ih gra\u0111ana. Kada znamo da je prosje\u010dna plata u RS ne\u0161to vi\u0161e od 1. 500 KM za isti period u ovoj godini kao i ova potro\u0161a\u010dka korpa dakle vidimo da mo\u017ee da pokrije samo nekih 50 odsto potro\u0161a\u010dke korpe\u201c, navodi Zoran Peto\u0161, projekt menad\u017eer u UG \u201eDON\u201c.<\/p>\n<p><a href=\"https:\/\/www.prijedordanas.com\/wp-content\/uploads\/2025\/09\/kozarski-zoran-petos.jpg\"><img loading=\"lazy\" decoding=\"async\" src=\"https:\/\/www.prijedordanas.com\/wp-content\/uploads\/2025\/09\/kozarski-zoran-petos-300x169.jpg\" alt=\"\" width=\"300\" height=\"169\" class=\"alignleft size-medium wp-image-253778\" srcset=\"https:\/\/www.prijedordanas.com\/wp-content\/uploads\/2025\/09\/kozarski-zoran-petos-300x169.jpg 300w, https:\/\/www.prijedordanas.com\/wp-content\/uploads\/2025\/09\/kozarski-zoran-petos.jpg 600w\" sizes=\"(max-width: 300px) 100vw, 300px\" \/><\/a>Peto\u0161 ka\u017ee da im se obra\u0107aju gra\u0111ani i da govore da krizu prevazilaze na na\u010diun da kupuju manje koli\u010dine hrane, kupuju manje kvalitetnu robu.<\/p>\n<p>Ovo prijedorsko udru\u017eenje redovno apeluje na resorno ministarstvo da se umanje mar\u017ee za osnovne \u017eivotne namirnice, a u\u010destvuju aktivno i u dono\u0161enju novog Zakona o za\u0161titi potro\u0161a\u010da.Koliko \u0107e gra\u0111ani i potro\u0161a\u010di s minimalnim ili prosje\u010dnim platama mo\u0107i izdr\u017eati sve \u010de\u0161\u0107e inflatorne udare ostaje da se vidi, kao \u0161to je vidljiva i \u010dinjenica da sve vi\u0161e porodica jedva krpi kraj s krajem.<\/p>\n<p><strong><a href=\"https:\/\/kozarski.com\/sindikalna-korpa-mnogo-veca-od-plate\/\" target=\"_blank\" rel=\"noopener\">kozarski.com<\/a><\/strong><\/p>\n<p><iframe loading=\"lazy\" title=\"SINDIKALNA KORPA MNOGO VE\u0106A OD PLATE\" width=\"500\" height=\"281\" src=\"https:\/\/www.youtube.com\/embed\/UyMd6ra5Yi4?feature=oembed\" frameborder=\"0\" allow=\"accelerometer; autoplay; clipboard-write; encrypted-media; gyroscope; picture-in-picture; web-share\" referrerpolicy=\"strict-origin-when-cross-origin\" allowfullscreen><\/iframe><\/p>\n","protected":false},"excerpt":{"rendered":"<p>Sindikalna potro\u0161a\u010dka korpa za jul ove godine iznosi 2.749 KM. Prosje\u010dna neto plata je pokriva sa 56,8 odsto.Sindikalna potro\u0161a\u010dka korpa sadr\u017ei tro\u0161kove za prehranu, stanovanje i komunalne usluge. Teku\u0107e odr\u017eavanje [&hellip;]<\/p>\n","protected":false},"author":1,"featured_media":0,"comment_status":"closed","ping_status":"open","sticky":false,"template":"","format":"standard","meta":{"_monsterinsights_skip_tracking":false,"_monsterinsights_sitenote_active":false,"_monsterinsights_sitenote_note":"","_monsterinsights_sitenote_category":0,"footnotes":""},"categories":[8],"tags":[],"yoast_head":"<!-- This site is optimized with the Yoast SEO plugin v21.6 - https:\/\/yoast.com\/wordpress\/plugins\/seo\/ -->\n<title>Prijedor: Sindikalna korpa mnogo ve\u0107a od plate - VIDEO - PrijedorDanas.com - Prijedorski gradski portal<\/title>\n<meta name=\"robots\" content=\"index, follow, max-snippet:-1, max-image-preview:large, max-video-preview:-1\" \/>\n<link rel=\"canonical\" href=\"https:\/\/www.prijedordanas.com\/?p=253774\" \/>\n<meta property=\"og:locale\" content=\"en_US\" \/>\n<meta property=\"og:type\" content=\"article\" \/>\n<meta property=\"og:title\" content=\"Prijedor: Sindikalna korpa mnogo ve\u0107a od plate - VIDEO - PrijedorDanas.com - Prijedorski gradski portal\" \/>\n<meta property=\"og:description\" content=\"Sindikalna potro\u0161a\u010dka korpa za jul ove godine iznosi 2.749 KM. Prosje\u010dna neto plata je pokriva sa 56,8 odsto.Sindikalna potro\u0161a\u010dka korpa sadr\u017ei tro\u0161kove za prehranu, stanovanje i komunalne usluge. Teku\u0107e odr\u017eavanje [&hellip;]\" \/>\n<meta property=\"og:url\" content=\"https:\/\/www.prijedordanas.com\/?p=253774\" \/>\n<meta property=\"og:site_name\" content=\"PrijedorDanas.com - Prijedorski gradski portal\" \/>\n<meta property=\"article:publisher\" content=\"https:\/\/www.facebook.com\/PrijedorDanasCom\/\" \/>\n<meta property=\"article:published_time\" content=\"2025-09-17T15:38:10+00:00\" \/>\n<meta property=\"og:image\" content=\"https:\/\/www.prijedordanas.com\/wp-content\/uploads\/2025\/09\/kozarski-regionalni-sindikalni-centar-pd-300x225.jpg\" \/>\n<meta name=\"author\" content=\"admin\" \/>\n<meta name=\"twitter:card\" content=\"summary_large_image\" \/>\n<meta name=\"twitter:label1\" content=\"Written by\" \/>\n\t<meta name=\"twitter:data1\" content=\"admin\" \/>\n\t<meta name=\"twitter:label2\" content=\"Est. reading time\" \/>\n\t<meta name=\"twitter:data2\" content=\"2 minutes\" \/>\n<script type=\"application\/ld+json\" class=\"yoast-schema-graph\">{\"@context\":\"https:\/\/schema.org\",\"@graph\":[{\"@type\":\"Article\",\"@id\":\"https:\/\/www.prijedordanas.com\/?p=253774#article\",\"isPartOf\":{\"@id\":\"https:\/\/www.prijedordanas.com\/?p=253774\"},\"author\":{\"name\":\"admin\",\"@id\":\"https:\/\/www.prijedordanas.com\/#\/schema\/person\/4e08ccf29b506ca916ff86d46bb700e6\"},\"headline\":\"Prijedor: Sindikalna korpa mnogo ve\u0107a od plate &#8211; VIDEO\",\"datePublished\":\"2025-09-17T15:38:10+00:00\",\"dateModified\":\"2025-09-17T15:38:10+00:00\",\"mainEntityOfPage\":{\"@id\":\"https:\/\/www.prijedordanas.com\/?p=253774\"},\"wordCount\":421,\"publisher\":{\"@id\":\"https:\/\/www.prijedordanas.com\/#organization\"},\"articleSection\":[\"Svakodnevno\"],\"inLanguage\":\"en-US\"},{\"@type\":\"WebPage\",\"@id\":\"https:\/\/www.prijedordanas.com\/?p=253774\",\"url\":\"https:\/\/www.prijedordanas.com\/?p=253774\",\"name\":\"Prijedor: Sindikalna korpa mnogo ve\u0107a od plate - VIDEO - PrijedorDanas.com - Prijedorski gradski portal\",\"isPartOf\":{\"@id\":\"https:\/\/www.prijedordanas.com\/#website\"},\"datePublished\":\"2025-09-17T15:38:10+00:00\",\"dateModified\":\"2025-09-17T15:38:10+00:00\",\"breadcrumb\":{\"@id\":\"https:\/\/www.prijedordanas.com\/?p=253774#breadcrumb\"},\"inLanguage\":\"en-US\",\"potentialAction\":[{\"@type\":\"ReadAction\",\"target\":[\"https:\/\/www.prijedordanas.com\/?p=253774\"]}]},{\"@type\":\"BreadcrumbList\",\"@id\":\"https:\/\/www.prijedordanas.com\/?p=253774#breadcrumb\",\"itemListElement\":[{\"@type\":\"ListItem\",\"position\":1,\"name\":\"Home\",\"item\":\"https:\/\/www.prijedordanas.com\/\"},{\"@type\":\"ListItem\",\"position\":2,\"name\":\"Prijedor: Sindikalna korpa mnogo ve\u0107a od plate &#8211; VIDEO\"}]},{\"@type\":\"WebSite\",\"@id\":\"https:\/\/www.prijedordanas.com\/#website\",\"url\":\"https:\/\/www.prijedordanas.com\/\",\"name\":\"PrijedorDanas.com - Prijedorski gradski portal\",\"description\":\"Portal o doga\u0111anjima u gradu Prijedoru\",\"publisher\":{\"@id\":\"https:\/\/www.prijedordanas.com\/#organization\"},\"potentialAction\":[{\"@type\":\"SearchAction\",\"target\":{\"@type\":\"EntryPoint\",\"urlTemplate\":\"https:\/\/www.prijedordanas.com\/?s={search_term_string}\"},\"query-input\":\"required name=search_term_string\"}],\"inLanguage\":\"en-US\"},{\"@type\":\"Organization\",\"@id\":\"https:\/\/www.prijedordanas.com\/#organization\",\"name\":\"PrijedorDanas.com\",\"url\":\"https:\/\/www.prijedordanas.com\/\",\"logo\":{\"@type\":\"ImageObject\",\"inLanguage\":\"en-US\",\"@id\":\"https:\/\/www.prijedordanas.com\/#\/schema\/logo\/image\/\",\"url\":\"http:\/\/www.prijedordanas.com\/wp-content\/uploads\/2021\/12\/logopng.png\",\"contentUrl\":\"http:\/\/www.prijedordanas.com\/wp-content\/uploads\/2021\/12\/logopng.png\",\"width\":1019,\"height\":776,\"caption\":\"PrijedorDanas.com\"},\"image\":{\"@id\":\"https:\/\/www.prijedordanas.com\/#\/schema\/logo\/image\/\"},\"sameAs\":[\"https:\/\/www.facebook.com\/PrijedorDanasCom\/\"]},{\"@type\":\"Person\",\"@id\":\"https:\/\/www.prijedordanas.com\/#\/schema\/person\/4e08ccf29b506ca916ff86d46bb700e6\",\"name\":\"admin\",\"image\":{\"@type\":\"ImageObject\",\"inLanguage\":\"en-US\",\"@id\":\"https:\/\/www.prijedordanas.com\/#\/schema\/person\/image\/\",\"url\":\"https:\/\/secure.gravatar.com\/avatar\/1d3fc949d550f0b53a5f0d51e06dfd79?s=96&d=mm&r=g\",\"contentUrl\":\"https:\/\/secure.gravatar.com\/avatar\/1d3fc949d550f0b53a5f0d51e06dfd79?s=96&d=mm&r=g\",\"caption\":\"admin\"},\"url\":\"https:\/\/www.prijedordanas.com\/?author=1\"}]}<\/script>\n<!-- \/ Yoast SEO plugin. -->","yoast_head_json":{"title":"Prijedor: Sindikalna korpa mnogo ve\u0107a od plate - VIDEO - PrijedorDanas.com - Prijedorski gradski portal","robots":{"index":"index","follow":"follow","max-snippet":"max-snippet:-1","max-image-preview":"max-image-preview:large","max-video-preview":"max-video-preview:-1"},"canonical":"https:\/\/www.prijedordanas.com\/?p=253774","og_locale":"en_US","og_type":"article","og_title":"Prijedor: Sindikalna korpa mnogo ve\u0107a od plate - VIDEO - PrijedorDanas.com - Prijedorski gradski portal","og_description":"Sindikalna potro\u0161a\u010dka korpa za jul ove godine iznosi 2.749 KM. Prosje\u010dna neto plata je pokriva sa 56,8 odsto.Sindikalna potro\u0161a\u010dka korpa sadr\u017ei tro\u0161kove za prehranu, stanovanje i komunalne usluge. Teku\u0107e odr\u017eavanje [&hellip;]","og_url":"https:\/\/www.prijedordanas.com\/?p=253774","og_site_name":"PrijedorDanas.com - Prijedorski gradski portal","article_publisher":"https:\/\/www.facebook.com\/PrijedorDanasCom\/","article_published_time":"2025-09-17T15:38:10+00:00","og_image":[{"url":"https:\/\/www.prijedordanas.com\/wp-content\/uploads\/2025\/09\/kozarski-regionalni-sindikalni-centar-pd-300x225.jpg"}],"author":"admin","twitter_card":"summary_large_image","twitter_misc":{"Written by":"admin","Est. reading time":"2 minutes"},"schema":{"@context":"https:\/\/schema.org","@graph":[{"@type":"Article","@id":"https:\/\/www.prijedordanas.com\/?p=253774#article","isPartOf":{"@id":"https:\/\/www.prijedordanas.com\/?p=253774"},"author":{"name":"admin","@id":"https:\/\/www.prijedordanas.com\/#\/schema\/person\/4e08ccf29b506ca916ff86d46bb700e6"},"headline":"Prijedor: Sindikalna korpa mnogo ve\u0107a od plate &#8211; VIDEO","datePublished":"2025-09-17T15:38:10+00:00","dateModified":"2025-09-17T15:38:10+00:00","mainEntityOfPage":{"@id":"https:\/\/www.prijedordanas.com\/?p=253774"},"wordCount":421,"publisher":{"@id":"https:\/\/www.prijedordanas.com\/#organization"},"articleSection":["Svakodnevno"],"inLanguage":"en-US"},{"@type":"WebPage","@id":"https:\/\/www.prijedordanas.com\/?p=253774","url":"https:\/\/www.prijedordanas.com\/?p=253774","name":"Prijedor: Sindikalna korpa mnogo ve\u0107a od plate - VIDEO - PrijedorDanas.com - Prijedorski gradski portal","isPartOf":{"@id":"https:\/\/www.prijedordanas.com\/#website"},"datePublished":"2025-09-17T15:38:10+00:00","dateModified":"2025-09-17T15:38:10+00:00","breadcrumb":{"@id":"https:\/\/www.prijedordanas.com\/?p=253774#breadcrumb"},"inLanguage":"en-US","potentialAction":[{"@type":"ReadAction","target":["https:\/\/www.prijedordanas.com\/?p=253774"]}]},{"@type":"BreadcrumbList","@id":"https:\/\/www.prijedordanas.com\/?p=253774#breadcrumb","itemListElement":[{"@type":"ListItem","position":1,"name":"Home","item":"https:\/\/www.prijedordanas.com\/"},{"@type":"ListItem","position":2,"name":"Prijedor: Sindikalna korpa mnogo ve\u0107a od plate &#8211; VIDEO"}]},{"@type":"WebSite","@id":"https:\/\/www.prijedordanas.com\/#website","url":"https:\/\/www.prijedordanas.com\/","name":"PrijedorDanas.com - Prijedorski gradski portal","description":"Portal o doga\u0111anjima u gradu Prijedoru","publisher":{"@id":"https:\/\/www.prijedordanas.com\/#organization"},"potentialAction":[{"@type":"SearchAction","target":{"@type":"EntryPoint","urlTemplate":"https:\/\/www.prijedordanas.com\/?s={search_term_string}"},"query-input":"required name=search_term_string"}],"inLanguage":"en-US"},{"@type":"Organization","@id":"https:\/\/www.prijedordanas.com\/#organization","name":"PrijedorDanas.com","url":"https:\/\/www.prijedordanas.com\/","logo":{"@type":"ImageObject","inLanguage":"en-US","@id":"https:\/\/www.prijedordanas.com\/#\/schema\/logo\/image\/","url":"http:\/\/www.prijedordanas.com\/wp-content\/uploads\/2021\/12\/logopng.png","contentUrl":"http:\/\/www.prijedordanas.com\/wp-content\/uploads\/2021\/12\/logopng.png","width":1019,"height":776,"caption":"PrijedorDanas.com"},"image":{"@id":"https:\/\/www.prijedordanas.com\/#\/schema\/logo\/image\/"},"sameAs":["https:\/\/www.facebook.com\/PrijedorDanasCom\/"]},{"@type":"Person","@id":"https:\/\/www.prijedordanas.com\/#\/schema\/person\/4e08ccf29b506ca916ff86d46bb700e6","name":"admin","image":{"@type":"ImageObject","inLanguage":"en-US","@id":"https:\/\/www.prijedordanas.com\/#\/schema\/person\/image\/","url":"https:\/\/secure.gravatar.com\/avatar\/1d3fc949d550f0b53a5f0d51e06dfd79?s=96&d=mm&r=g","contentUrl":"https:\/\/secure.gravatar.com\/avatar\/1d3fc949d550f0b53a5f0d51e06dfd79?s=96&d=mm&r=g","caption":"admin"},"url":"https:\/\/www.prijedordanas.com\/?author=1"}]}},"_links":{"self":[{"href":"https:\/\/www.prijedordanas.com\/index.php?rest_route=\/wp\/v2\/posts\/253774"}],"collection":[{"href":"https:\/\/www.prijedordanas.com\/index.php?rest_route=\/wp\/v2\/posts"}],"about":[{"href":"https:\/\/www.prijedordanas.com\/index.php?rest_route=\/wp\/v2\/types\/post"}],"author":[{"embeddable":true,"href":"https:\/\/www.prijedordanas.com\/index.php?rest_route=\/wp\/v2\/users\/1"}],"replies":[{"embeddable":true,"href":"https:\/\/www.prijedordanas.com\/index.php?rest_route=%2Fwp%2Fv2%2Fcomments&post=253774"}],"version-history":[{"count":1,"href":"https:\/\/www.prijedordanas.com\/index.php?rest_route=\/wp\/v2\/posts\/253774\/revisions"}],"predecessor-version":[{"id":253779,"href":"https:\/\/www.prijedordanas.com\/index.php?rest_route=\/wp\/v2\/posts\/253774\/revisions\/253779"}],"wp:attachment":[{"href":"https:\/\/www.prijedordanas.com\/index.php?rest_route=%2Fwp%2Fv2%2Fmedia&parent=253774"}],"wp:term":[{"taxonomy":"category","embeddable":true,"href":"https:\/\/www.prijedordanas.com\/index.php?rest_route=%2Fwp%2Fv2%2Fcategories&post=253774"},{"taxonomy":"post_tag","embeddable":true,"href":"https:\/\/www.prijedordanas.com\/index.php?rest_route=%2Fwp%2Fv2%2Ftags&post=253774"}],"curies":[{"name":"wp","href":"https:\/\/api.w.org\/{rel}","templated":true}]}}