{"id":253466,"date":"2025-09-10T00:38:52","date_gmt":"2025-09-09T22:38:52","guid":{"rendered":"https:\/\/www.prijedordanas.com\/?p=253466"},"modified":"2025-09-10T00:38:52","modified_gmt":"2025-09-09T22:38:52","slug":"dom-zdravlja-prijedor-danas-otvaranje-centra-za-rani-rast-i-razvoj","status":"publish","type":"post","link":"https:\/\/www.prijedordanas.com\/?p=253466","title":{"rendered":"Dom zdravlja Prijedor: Danas otvaranje Centra za rani rast i razvoj"},"content":{"rendered":"<p><a href=\"https:\/\/www.prijedordanas.com\/wp-content\/uploads\/2025\/09\/dom-zdravlja-prijedor-maj2025-3.jpg\"><img loading=\"lazy\" decoding=\"async\" src=\"https:\/\/www.prijedordanas.com\/wp-content\/uploads\/2025\/09\/dom-zdravlja-prijedor-maj2025-3-300x225.jpg\" alt=\"\" width=\"300\" height=\"225\" class=\"alignleft size-medium wp-image-253467\" srcset=\"https:\/\/www.prijedordanas.com\/wp-content\/uploads\/2025\/09\/dom-zdravlja-prijedor-maj2025-3-300x225.jpg 300w, https:\/\/www.prijedordanas.com\/wp-content\/uploads\/2025\/09\/dom-zdravlja-prijedor-maj2025-3-640x480.jpg 640w, https:\/\/www.prijedordanas.com\/wp-content\/uploads\/2025\/09\/dom-zdravlja-prijedor-maj2025-3.jpg 667w\" sizes=\"(max-width: 300px) 100vw, 300px\" \/><\/a>U Prijedoru c\u0301e ove srijede, 10. septembra, biti otvoren Centar za rani rast i razvoj, uspostavljen u okviru projekta &#8220;Podr\u0161ka EU reformi zdravstvenog sektora u BiH&#8221;, saop\u0161teno je iz prijedorskog Doma zdravlja. <\/p>\n<p>Bic\u0301e to trec\u0301i od ukupno \u010detiri centra za rani rast i razvoj koji c\u0301e u okviru ovog projekta biti otvoreni u domovima zdravlja u Republici Srpskoj, zahvaljujuc\u0301i partnerstvu Ministarstva zdravlja i socijalne za\u0161tite Srpske, Unicefa, Delegacije EU u BiH i lokalnog doma zdravlja. Centar vr\u0161i blagovremeno prepoznavanje pote\u0161koc\u0301a u razvoju i obezbje\u0111ivanje pravovremenih intervencija za djecu u ranom uzrastu, a, pored Prijedora, gradovi u projektu su Banjaluka, Bijeljina i Doboj. <\/p>\n<p>Predvi\u0111en je i obilazak novih prostorija Centra za vakcinaciju, kao i Centra za promociju zdravlja i prevenciju bolesti. <\/p>\n<p>Direktor Doma zdravlja Prijedor Milo\u0161 Marjanovic\u0301 rekao je da je za realizaciju planiranih aktivnosti Centra za promociju zdravlja i prevenciju bolesti neohodno da grad osigura dodatno finansiranje, a u skladu sa Zakonom o zdravstvenoj za\u0161titi Republike Srpske. <\/p>\n<p>On je pojasnio da c\u0301e preventivnim pregledima biti obuhvac\u0301ena osigurana i neosigurana lica prema ciljnim grupama, a u Prijedoru je rije\u010d o 64.903 registrovanih osiguranih i neosiguranih lica. <\/p>\n<p>&#8220;Cilj je prakti\u010dno da u naredne dvije godine uspostavimo efikasan sistem gdje c\u0301e svaki osiguranik moc\u0301i bar jednom da pro\u0111e kroz taj program. \u0160to se ti\u010de samih pacijenata, preventivni pregled je poklon od dr\u017eave&#8221;, poru\u010dio je Marjanovic\u0301. <\/p>\n<p>Govorec\u0301i o trec\u0301oj novoj organizacionoj jedinici u Domu zdravlja Prijedor, Marjanovic\u0301 je najavio da c\u0301e Centar za vakcinaciju raditi u dvije smjene i obavljati vakcinaciju djece od ro\u0111enja do 14. godine. <\/p>\n<p>&#8220;Organizacija rada i nadzor nad provo\u0111enjem imunizacije c\u0301e biti u nadle\u017enosti Pedijatrijske slu\u017ebe, za razliku od prethodnog perioda kada se vakcinacija djece starije od \u0161est godina provodila u Higijensko-epidemiolo\u0161koj slu\u017ebi&#8221;, pojasnio je Marjanovic\u0301. <\/p>\n<p>Otvaranje Centra za rani rast i razvoj u Domu zdravlja Prijedor zakazano je za 10.00 \u010dasova. <\/p>\n<p>SRNA<br \/>\nFoto &#8211; ilustracija<\/p>\n","protected":false},"excerpt":{"rendered":"<p>U Prijedoru c\u0301e ove srijede, 10. septembra, biti otvoren Centar za rani rast i razvoj, uspostavljen u okviru projekta &#8220;Podr\u0161ka EU reformi zdravstvenog sektora u BiH&#8221;, saop\u0161teno je iz prijedorskog [&hellip;]<\/p>\n","protected":false},"author":1,"featured_media":0,"comment_status":"closed","ping_status":"open","sticky":false,"template":"","format":"standard","meta":{"_monsterinsights_skip_tracking":false,"_monsterinsights_sitenote_active":false,"_monsterinsights_sitenote_note":"","_monsterinsights_sitenote_category":0,"footnotes":""},"categories":[8],"tags":[],"yoast_head":"<!-- This site is optimized with the Yoast SEO plugin v21.6 - https:\/\/yoast.com\/wordpress\/plugins\/seo\/ -->\n<title>Dom zdravlja Prijedor: Danas otvaranje Centra za rani rast i razvoj - PrijedorDanas.com - Prijedorski gradski portal<\/title>\n<meta name=\"robots\" content=\"index, follow, max-snippet:-1, max-image-preview:large, max-video-preview:-1\" \/>\n<link rel=\"canonical\" href=\"https:\/\/www.prijedordanas.com\/?p=253466\" \/>\n<meta property=\"og:locale\" content=\"en_US\" \/>\n<meta property=\"og:type\" content=\"article\" \/>\n<meta property=\"og:title\" content=\"Dom zdravlja Prijedor: Danas otvaranje Centra za rani rast i razvoj - PrijedorDanas.com - Prijedorski gradski portal\" \/>\n<meta property=\"og:description\" content=\"U Prijedoru c\u0301e ove srijede, 10. septembra, biti otvoren Centar za rani rast i razvoj, uspostavljen u okviru projekta &#8220;Podr\u0161ka EU reformi zdravstvenog sektora u BiH&#8221;, saop\u0161teno je iz prijedorskog [&hellip;]\" \/>\n<meta property=\"og:url\" content=\"https:\/\/www.prijedordanas.com\/?p=253466\" \/>\n<meta property=\"og:site_name\" content=\"PrijedorDanas.com - Prijedorski gradski portal\" \/>\n<meta property=\"article:publisher\" content=\"https:\/\/www.facebook.com\/PrijedorDanasCom\/\" \/>\n<meta property=\"article:published_time\" content=\"2025-09-09T22:38:52+00:00\" \/>\n<meta property=\"og:image\" content=\"https:\/\/www.prijedordanas.com\/wp-content\/uploads\/2025\/09\/dom-zdravlja-prijedor-maj2025-3-300x225.jpg\" \/>\n<meta name=\"author\" content=\"admin\" \/>\n<meta name=\"twitter:card\" content=\"summary_large_image\" \/>\n<meta name=\"twitter:label1\" content=\"Written by\" \/>\n\t<meta name=\"twitter:data1\" content=\"admin\" \/>\n<script type=\"application\/ld+json\" class=\"yoast-schema-graph\">{\"@context\":\"https:\/\/schema.org\",\"@graph\":[{\"@type\":\"Article\",\"@id\":\"https:\/\/www.prijedordanas.com\/?p=253466#article\",\"isPartOf\":{\"@id\":\"https:\/\/www.prijedordanas.com\/?p=253466\"},\"author\":{\"name\":\"admin\",\"@id\":\"https:\/\/www.prijedordanas.com\/#\/schema\/person\/4e08ccf29b506ca916ff86d46bb700e6\"},\"headline\":\"Dom zdravlja Prijedor: Danas otvaranje Centra za rani rast i razvoj\",\"datePublished\":\"2025-09-09T22:38:52+00:00\",\"dateModified\":\"2025-09-09T22:38:52+00:00\",\"mainEntityOfPage\":{\"@id\":\"https:\/\/www.prijedordanas.com\/?p=253466\"},\"wordCount\":346,\"publisher\":{\"@id\":\"https:\/\/www.prijedordanas.com\/#organization\"},\"articleSection\":[\"Svakodnevno\"],\"inLanguage\":\"en-US\"},{\"@type\":\"WebPage\",\"@id\":\"https:\/\/www.prijedordanas.com\/?p=253466\",\"url\":\"https:\/\/www.prijedordanas.com\/?p=253466\",\"name\":\"Dom zdravlja Prijedor: Danas otvaranje Centra za rani rast i razvoj - PrijedorDanas.com - Prijedorski gradski portal\",\"isPartOf\":{\"@id\":\"https:\/\/www.prijedordanas.com\/#website\"},\"datePublished\":\"2025-09-09T22:38:52+00:00\",\"dateModified\":\"2025-09-09T22:38:52+00:00\",\"breadcrumb\":{\"@id\":\"https:\/\/www.prijedordanas.com\/?p=253466#breadcrumb\"},\"inLanguage\":\"en-US\",\"potentialAction\":[{\"@type\":\"ReadAction\",\"target\":[\"https:\/\/www.prijedordanas.com\/?p=253466\"]}]},{\"@type\":\"BreadcrumbList\",\"@id\":\"https:\/\/www.prijedordanas.com\/?p=253466#breadcrumb\",\"itemListElement\":[{\"@type\":\"ListItem\",\"position\":1,\"name\":\"Home\",\"item\":\"https:\/\/www.prijedordanas.com\/\"},{\"@type\":\"ListItem\",\"position\":2,\"name\":\"Dom zdravlja Prijedor: Danas otvaranje Centra za rani rast i razvoj\"}]},{\"@type\":\"WebSite\",\"@id\":\"https:\/\/www.prijedordanas.com\/#website\",\"url\":\"https:\/\/www.prijedordanas.com\/\",\"name\":\"PrijedorDanas.com - Prijedorski gradski portal\",\"description\":\"Portal o doga\u0111anjima u gradu Prijedoru\",\"publisher\":{\"@id\":\"https:\/\/www.prijedordanas.com\/#organization\"},\"potentialAction\":[{\"@type\":\"SearchAction\",\"target\":{\"@type\":\"EntryPoint\",\"urlTemplate\":\"https:\/\/www.prijedordanas.com\/?s={search_term_string}\"},\"query-input\":\"required name=search_term_string\"}],\"inLanguage\":\"en-US\"},{\"@type\":\"Organization\",\"@id\":\"https:\/\/www.prijedordanas.com\/#organization\",\"name\":\"PrijedorDanas.com\",\"url\":\"https:\/\/www.prijedordanas.com\/\",\"logo\":{\"@type\":\"ImageObject\",\"inLanguage\":\"en-US\",\"@id\":\"https:\/\/www.prijedordanas.com\/#\/schema\/logo\/image\/\",\"url\":\"http:\/\/www.prijedordanas.com\/wp-content\/uploads\/2021\/12\/logopng.png\",\"contentUrl\":\"http:\/\/www.prijedordanas.com\/wp-content\/uploads\/2021\/12\/logopng.png\",\"width\":1019,\"height\":776,\"caption\":\"PrijedorDanas.com\"},\"image\":{\"@id\":\"https:\/\/www.prijedordanas.com\/#\/schema\/logo\/image\/\"},\"sameAs\":[\"https:\/\/www.facebook.com\/PrijedorDanasCom\/\"]},{\"@type\":\"Person\",\"@id\":\"https:\/\/www.prijedordanas.com\/#\/schema\/person\/4e08ccf29b506ca916ff86d46bb700e6\",\"name\":\"admin\",\"image\":{\"@type\":\"ImageObject\",\"inLanguage\":\"en-US\",\"@id\":\"https:\/\/www.prijedordanas.com\/#\/schema\/person\/image\/\",\"url\":\"https:\/\/secure.gravatar.com\/avatar\/1d3fc949d550f0b53a5f0d51e06dfd79?s=96&d=mm&r=g\",\"contentUrl\":\"https:\/\/secure.gravatar.com\/avatar\/1d3fc949d550f0b53a5f0d51e06dfd79?s=96&d=mm&r=g\",\"caption\":\"admin\"},\"url\":\"https:\/\/www.prijedordanas.com\/?author=1\"}]}<\/script>\n<!-- \/ Yoast SEO plugin. -->","yoast_head_json":{"title":"Dom zdravlja Prijedor: Danas otvaranje Centra za rani rast i razvoj - PrijedorDanas.com - Prijedorski gradski portal","robots":{"index":"index","follow":"follow","max-snippet":"max-snippet:-1","max-image-preview":"max-image-preview:large","max-video-preview":"max-video-preview:-1"},"canonical":"https:\/\/www.prijedordanas.com\/?p=253466","og_locale":"en_US","og_type":"article","og_title":"Dom zdravlja Prijedor: Danas otvaranje Centra za rani rast i razvoj - PrijedorDanas.com - Prijedorski gradski portal","og_description":"U Prijedoru c\u0301e ove srijede, 10. septembra, biti otvoren Centar za rani rast i razvoj, uspostavljen u okviru projekta &#8220;Podr\u0161ka EU reformi zdravstvenog sektora u BiH&#8221;, saop\u0161teno je iz prijedorskog [&hellip;]","og_url":"https:\/\/www.prijedordanas.com\/?p=253466","og_site_name":"PrijedorDanas.com - Prijedorski gradski portal","article_publisher":"https:\/\/www.facebook.com\/PrijedorDanasCom\/","article_published_time":"2025-09-09T22:38:52+00:00","og_image":[{"url":"https:\/\/www.prijedordanas.com\/wp-content\/uploads\/2025\/09\/dom-zdravlja-prijedor-maj2025-3-300x225.jpg"}],"author":"admin","twitter_card":"summary_large_image","twitter_misc":{"Written by":"admin"},"schema":{"@context":"https:\/\/schema.org","@graph":[{"@type":"Article","@id":"https:\/\/www.prijedordanas.com\/?p=253466#article","isPartOf":{"@id":"https:\/\/www.prijedordanas.com\/?p=253466"},"author":{"name":"admin","@id":"https:\/\/www.prijedordanas.com\/#\/schema\/person\/4e08ccf29b506ca916ff86d46bb700e6"},"headline":"Dom zdravlja Prijedor: Danas otvaranje Centra za rani rast i razvoj","datePublished":"2025-09-09T22:38:52+00:00","dateModified":"2025-09-09T22:38:52+00:00","mainEntityOfPage":{"@id":"https:\/\/www.prijedordanas.com\/?p=253466"},"wordCount":346,"publisher":{"@id":"https:\/\/www.prijedordanas.com\/#organization"},"articleSection":["Svakodnevno"],"inLanguage":"en-US"},{"@type":"WebPage","@id":"https:\/\/www.prijedordanas.com\/?p=253466","url":"https:\/\/www.prijedordanas.com\/?p=253466","name":"Dom zdravlja Prijedor: Danas otvaranje Centra za rani rast i razvoj - PrijedorDanas.com - Prijedorski gradski portal","isPartOf":{"@id":"https:\/\/www.prijedordanas.com\/#website"},"datePublished":"2025-09-09T22:38:52+00:00","dateModified":"2025-09-09T22:38:52+00:00","breadcrumb":{"@id":"https:\/\/www.prijedordanas.com\/?p=253466#breadcrumb"},"inLanguage":"en-US","potentialAction":[{"@type":"ReadAction","target":["https:\/\/www.prijedordanas.com\/?p=253466"]}]},{"@type":"BreadcrumbList","@id":"https:\/\/www.prijedordanas.com\/?p=253466#breadcrumb","itemListElement":[{"@type":"ListItem","position":1,"name":"Home","item":"https:\/\/www.prijedordanas.com\/"},{"@type":"ListItem","position":2,"name":"Dom zdravlja Prijedor: Danas otvaranje Centra za rani rast i razvoj"}]},{"@type":"WebSite","@id":"https:\/\/www.prijedordanas.com\/#website","url":"https:\/\/www.prijedordanas.com\/","name":"PrijedorDanas.com - Prijedorski gradski portal","description":"Portal o doga\u0111anjima u gradu Prijedoru","publisher":{"@id":"https:\/\/www.prijedordanas.com\/#organization"},"potentialAction":[{"@type":"SearchAction","target":{"@type":"EntryPoint","urlTemplate":"https:\/\/www.prijedordanas.com\/?s={search_term_string}"},"query-input":"required name=search_term_string"}],"inLanguage":"en-US"},{"@type":"Organization","@id":"https:\/\/www.prijedordanas.com\/#organization","name":"PrijedorDanas.com","url":"https:\/\/www.prijedordanas.com\/","logo":{"@type":"ImageObject","inLanguage":"en-US","@id":"https:\/\/www.prijedordanas.com\/#\/schema\/logo\/image\/","url":"http:\/\/www.prijedordanas.com\/wp-content\/uploads\/2021\/12\/logopng.png","contentUrl":"http:\/\/www.prijedordanas.com\/wp-content\/uploads\/2021\/12\/logopng.png","width":1019,"height":776,"caption":"PrijedorDanas.com"},"image":{"@id":"https:\/\/www.prijedordanas.com\/#\/schema\/logo\/image\/"},"sameAs":["https:\/\/www.facebook.com\/PrijedorDanasCom\/"]},{"@type":"Person","@id":"https:\/\/www.prijedordanas.com\/#\/schema\/person\/4e08ccf29b506ca916ff86d46bb700e6","name":"admin","image":{"@type":"ImageObject","inLanguage":"en-US","@id":"https:\/\/www.prijedordanas.com\/#\/schema\/person\/image\/","url":"https:\/\/secure.gravatar.com\/avatar\/1d3fc949d550f0b53a5f0d51e06dfd79?s=96&d=mm&r=g","contentUrl":"https:\/\/secure.gravatar.com\/avatar\/1d3fc949d550f0b53a5f0d51e06dfd79?s=96&d=mm&r=g","caption":"admin"},"url":"https:\/\/www.prijedordanas.com\/?author=1"}]}},"_links":{"self":[{"href":"https:\/\/www.prijedordanas.com\/index.php?rest_route=\/wp\/v2\/posts\/253466"}],"collection":[{"href":"https:\/\/www.prijedordanas.com\/index.php?rest_route=\/wp\/v2\/posts"}],"about":[{"href":"https:\/\/www.prijedordanas.com\/index.php?rest_route=\/wp\/v2\/types\/post"}],"author":[{"embeddable":true,"href":"https:\/\/www.prijedordanas.com\/index.php?rest_route=\/wp\/v2\/users\/1"}],"replies":[{"embeddable":true,"href":"https:\/\/www.prijedordanas.com\/index.php?rest_route=%2Fwp%2Fv2%2Fcomments&post=253466"}],"version-history":[{"count":1,"href":"https:\/\/www.prijedordanas.com\/index.php?rest_route=\/wp\/v2\/posts\/253466\/revisions"}],"predecessor-version":[{"id":253468,"href":"https:\/\/www.prijedordanas.com\/index.php?rest_route=\/wp\/v2\/posts\/253466\/revisions\/253468"}],"wp:attachment":[{"href":"https:\/\/www.prijedordanas.com\/index.php?rest_route=%2Fwp%2Fv2%2Fmedia&parent=253466"}],"wp:term":[{"taxonomy":"category","embeddable":true,"href":"https:\/\/www.prijedordanas.com\/index.php?rest_route=%2Fwp%2Fv2%2Fcategories&post=253466"},{"taxonomy":"post_tag","embeddable":true,"href":"https:\/\/www.prijedordanas.com\/index.php?rest_route=%2Fwp%2Fv2%2Ftags&post=253466"}],"curies":[{"name":"wp","href":"https:\/\/api.w.org\/{rel}","templated":true}]}}