{"id":253449,"date":"2025-09-09T19:14:39","date_gmt":"2025-09-09T17:14:39","guid":{"rendered":"https:\/\/www.prijedordanas.com\/?p=253449"},"modified":"2025-09-10T13:55:10","modified_gmt":"2025-09-10T11:55:10","slug":"u-cetvrtak-sajam-komunalne-opreme-i-pratece-industrije-expo-prijedor-2025","status":"publish","type":"post","link":"https:\/\/www.prijedordanas.com\/?p=253449","title":{"rendered":"U \u010detvrtak Sajam komunalne opreme i prate\u0107e industrije &#8220;EXPO Prijedor 2025&#8221; &#8211; VIDEO"},"content":{"rendered":"<p><a href=\"https:\/\/www.prijedordanas.com\/wp-content\/uploads\/2025\/09\/prijedor-expo-2025-plakat.jpg\"><img loading=\"lazy\" decoding=\"async\" src=\"https:\/\/www.prijedordanas.com\/wp-content\/uploads\/2025\/09\/prijedor-expo-2025-plakat-212x300.jpg\" alt=\"\" width=\"212\" height=\"300\" class=\"alignleft size-medium wp-image-253125\" srcset=\"https:\/\/www.prijedordanas.com\/wp-content\/uploads\/2025\/09\/prijedor-expo-2025-plakat-212x300.jpg 212w, https:\/\/www.prijedordanas.com\/wp-content\/uploads\/2025\/09\/prijedor-expo-2025-plakat.jpg 452w\" sizes=\"(max-width: 212px) 100vw, 212px\" \/><\/a>U \u010detvrtak 11. septembra u Prijedoru \u0107e biti otvoren sajam komunalne opreme i prate\u0107e industrije pod nazivom \u201ePrivreda i komunalna oprema\u201c . Okupi\u0107e vi\u0161e od 40 izlaga\u010da iz razli\u010ditih oblasti iz regiona.Komunalna preduze\u0107a, proizvo\u0111a\u010di i distributeri komunalne opreme i  privredna dru\u0161tva \u0107e osim  asortimana i usluga predstaviti i djelatnosti kojima se bave.<\/p>\n<p>\u201ePored ovih izlaga\u010da iz sfere komunalnog sektora predstavi\u0107e nam se i Privredna komora sa svojim \u010dlanicama, zatim Potkozarska ku\u0107a sa svojim komitentima. Ove godine smo potpomognuti i od strane izlaga\u010da iz op\u0161tina Novi Grad i Kozarska Dubica.Predstavi\u0107e se i Podgrme\u010dka ku\u0107a i dio izlaga\u010da iz Kozarske Dubice\u201c, istakao je Dalibor Grabe\u017e, direktor preduze\u0107a \u201eKomunalne usluge\u201c.<\/p>\n<p>Vr\u0161ilac du\u017enosti na\u010delnika Odjeljenja za privredu Rade Rosi\u0107 je istakao da \u0107e se u okviru sajma odr\u017eati konferencija s panel diskusijama o cirkularnoj ekonomiji, kao i o energetskoj efikasnosti.<\/p>\n<p>\u201eSvakako smo zajedno sa Privrednom komorom RS i Zanatsko-preduzetni\u010dkom komorom uzeli u\u010de\u0161\u0107e u organizaciji samog sajma privrede i komunalne opreme gdje \u0107emo kroz dvije panel diskusije i konferenciju da pru\u017eimo na\u0161im privrednicima i gra\u0111anima teme, odnosno diskusije kroz panele o cirkularnoj ekonomiji , energetskoj efikasnosti , kao i upravljanje otpadom \u201e, rekao je Rade Rosi\u0107, vr\u0161ilac du\u017enosti na\u010delnika Odjeljenja za privredu.<\/p>\n<p>Organizator sajma je preduze\u0107e \u201eKomunalne usluge\u201c, saorganizatori su Udru\u017eenje komunalnih preduze\u0107a RS, Privredna komora i Zanatsko-preduzetni\u010dka komora, a pokrovitelj je grad Prijedor. Sajam \u201eExpo Prijedor 2025\u201c \u0107e se odr\u017eati na aerodromu Urije od 10. 00 do 17. 00 \u010dasova.<\/p>\n<p><a href=\"https:\/\/kozarski.com\/u-cetvrtak-u-prijedoru-sajam-komunalne-opreme-i-pratece-industrije-expo-prijedor-2025\/\" rel=\"noopener\" target=\"_blank\">kozarski.com<\/a><\/p>\n<p><iframe loading=\"lazy\" title=\"U \u010cETVRTAK U PRIJEDORU SAJAM KOMUNALNE OPREME I PRATE\u0106E  INDUSTRIJE &quot;EXPO PRIJEDOR 2025&quot;\" width=\"500\" height=\"281\" src=\"https:\/\/www.youtube.com\/embed\/bg1DSFZ-948?feature=oembed\" frameborder=\"0\" allow=\"accelerometer; autoplay; clipboard-write; encrypted-media; gyroscope; picture-in-picture; web-share\" referrerpolicy=\"strict-origin-when-cross-origin\" allowfullscreen><\/iframe><\/p>\n","protected":false},"excerpt":{"rendered":"<p>U \u010detvrtak 11. septembra u Prijedoru \u0107e biti otvoren sajam komunalne opreme i prate\u0107e industrije pod nazivom \u201ePrivreda i komunalna oprema\u201c . Okupi\u0107e vi\u0161e od 40 izlaga\u010da iz razli\u010ditih oblasti [&hellip;]<\/p>\n","protected":false},"author":1,"featured_media":0,"comment_status":"closed","ping_status":"open","sticky":false,"template":"","format":"standard","meta":{"_monsterinsights_skip_tracking":false,"_monsterinsights_sitenote_active":false,"_monsterinsights_sitenote_note":"","_monsterinsights_sitenote_category":0,"footnotes":""},"categories":[4],"tags":[],"yoast_head":"<!-- This site is optimized with the Yoast SEO plugin v21.6 - https:\/\/yoast.com\/wordpress\/plugins\/seo\/ -->\n<title>U \u010detvrtak Sajam komunalne opreme i prate\u0107e industrije &quot;EXPO Prijedor 2025&quot; - VIDEO - PrijedorDanas.com - Prijedorski gradski portal<\/title>\n<meta name=\"robots\" content=\"index, follow, max-snippet:-1, max-image-preview:large, max-video-preview:-1\" \/>\n<link rel=\"canonical\" href=\"https:\/\/www.prijedordanas.com\/?p=253449\" \/>\n<meta property=\"og:locale\" content=\"en_US\" \/>\n<meta property=\"og:type\" content=\"article\" \/>\n<meta property=\"og:title\" content=\"U \u010detvrtak Sajam komunalne opreme i prate\u0107e industrije &quot;EXPO Prijedor 2025&quot; - VIDEO - PrijedorDanas.com - Prijedorski gradski portal\" \/>\n<meta property=\"og:description\" content=\"U \u010detvrtak 11. septembra u Prijedoru \u0107e biti otvoren sajam komunalne opreme i prate\u0107e industrije pod nazivom \u201ePrivreda i komunalna oprema\u201c . Okupi\u0107e vi\u0161e od 40 izlaga\u010da iz razli\u010ditih oblasti [&hellip;]\" \/>\n<meta property=\"og:url\" content=\"https:\/\/www.prijedordanas.com\/?p=253449\" \/>\n<meta property=\"og:site_name\" content=\"PrijedorDanas.com - Prijedorski gradski portal\" \/>\n<meta property=\"article:publisher\" content=\"https:\/\/www.facebook.com\/PrijedorDanasCom\/\" \/>\n<meta property=\"article:published_time\" content=\"2025-09-09T17:14:39+00:00\" \/>\n<meta property=\"article:modified_time\" content=\"2025-09-10T11:55:10+00:00\" \/>\n<meta property=\"og:image\" content=\"https:\/\/www.prijedordanas.com\/wp-content\/uploads\/2025\/09\/prijedor-expo-2025-plakat-212x300.jpg\" \/>\n<meta name=\"author\" content=\"admin\" \/>\n<meta name=\"twitter:card\" content=\"summary_large_image\" \/>\n<meta name=\"twitter:label1\" content=\"Written by\" \/>\n\t<meta name=\"twitter:data1\" content=\"admin\" \/>\n\t<meta name=\"twitter:label2\" content=\"Est. reading time\" \/>\n\t<meta name=\"twitter:data2\" content=\"2 minutes\" \/>\n<script type=\"application\/ld+json\" class=\"yoast-schema-graph\">{\"@context\":\"https:\/\/schema.org\",\"@graph\":[{\"@type\":\"Article\",\"@id\":\"https:\/\/www.prijedordanas.com\/?p=253449#article\",\"isPartOf\":{\"@id\":\"https:\/\/www.prijedordanas.com\/?p=253449\"},\"author\":{\"name\":\"admin\",\"@id\":\"https:\/\/www.prijedordanas.com\/#\/schema\/person\/4e08ccf29b506ca916ff86d46bb700e6\"},\"headline\":\"U \u010detvrtak Sajam komunalne opreme i prate\u0107e industrije &#8220;EXPO Prijedor 2025&#8221; &#8211; VIDEO\",\"datePublished\":\"2025-09-09T17:14:39+00:00\",\"dateModified\":\"2025-09-10T11:55:10+00:00\",\"mainEntityOfPage\":{\"@id\":\"https:\/\/www.prijedordanas.com\/?p=253449\"},\"wordCount\":286,\"publisher\":{\"@id\":\"https:\/\/www.prijedordanas.com\/#organization\"},\"articleSection\":[\"Dru\u0161tvo\"],\"inLanguage\":\"en-US\"},{\"@type\":\"WebPage\",\"@id\":\"https:\/\/www.prijedordanas.com\/?p=253449\",\"url\":\"https:\/\/www.prijedordanas.com\/?p=253449\",\"name\":\"U \u010detvrtak Sajam komunalne opreme i prate\u0107e industrije \\\"EXPO Prijedor 2025\\\" - VIDEO - PrijedorDanas.com - Prijedorski gradski portal\",\"isPartOf\":{\"@id\":\"https:\/\/www.prijedordanas.com\/#website\"},\"datePublished\":\"2025-09-09T17:14:39+00:00\",\"dateModified\":\"2025-09-10T11:55:10+00:00\",\"breadcrumb\":{\"@id\":\"https:\/\/www.prijedordanas.com\/?p=253449#breadcrumb\"},\"inLanguage\":\"en-US\",\"potentialAction\":[{\"@type\":\"ReadAction\",\"target\":[\"https:\/\/www.prijedordanas.com\/?p=253449\"]}]},{\"@type\":\"BreadcrumbList\",\"@id\":\"https:\/\/www.prijedordanas.com\/?p=253449#breadcrumb\",\"itemListElement\":[{\"@type\":\"ListItem\",\"position\":1,\"name\":\"Home\",\"item\":\"https:\/\/www.prijedordanas.com\/\"},{\"@type\":\"ListItem\",\"position\":2,\"name\":\"U \u010detvrtak Sajam komunalne opreme i prate\u0107e industrije &#8220;EXPO Prijedor 2025&#8221; &#8211; VIDEO\"}]},{\"@type\":\"WebSite\",\"@id\":\"https:\/\/www.prijedordanas.com\/#website\",\"url\":\"https:\/\/www.prijedordanas.com\/\",\"name\":\"PrijedorDanas.com - Prijedorski gradski portal\",\"description\":\"Portal o doga\u0111anjima u gradu Prijedoru\",\"publisher\":{\"@id\":\"https:\/\/www.prijedordanas.com\/#organization\"},\"potentialAction\":[{\"@type\":\"SearchAction\",\"target\":{\"@type\":\"EntryPoint\",\"urlTemplate\":\"https:\/\/www.prijedordanas.com\/?s={search_term_string}\"},\"query-input\":\"required name=search_term_string\"}],\"inLanguage\":\"en-US\"},{\"@type\":\"Organization\",\"@id\":\"https:\/\/www.prijedordanas.com\/#organization\",\"name\":\"PrijedorDanas.com\",\"url\":\"https:\/\/www.prijedordanas.com\/\",\"logo\":{\"@type\":\"ImageObject\",\"inLanguage\":\"en-US\",\"@id\":\"https:\/\/www.prijedordanas.com\/#\/schema\/logo\/image\/\",\"url\":\"http:\/\/www.prijedordanas.com\/wp-content\/uploads\/2021\/12\/logopng.png\",\"contentUrl\":\"http:\/\/www.prijedordanas.com\/wp-content\/uploads\/2021\/12\/logopng.png\",\"width\":1019,\"height\":776,\"caption\":\"PrijedorDanas.com\"},\"image\":{\"@id\":\"https:\/\/www.prijedordanas.com\/#\/schema\/logo\/image\/\"},\"sameAs\":[\"https:\/\/www.facebook.com\/PrijedorDanasCom\/\"]},{\"@type\":\"Person\",\"@id\":\"https:\/\/www.prijedordanas.com\/#\/schema\/person\/4e08ccf29b506ca916ff86d46bb700e6\",\"name\":\"admin\",\"image\":{\"@type\":\"ImageObject\",\"inLanguage\":\"en-US\",\"@id\":\"https:\/\/www.prijedordanas.com\/#\/schema\/person\/image\/\",\"url\":\"https:\/\/secure.gravatar.com\/avatar\/1d3fc949d550f0b53a5f0d51e06dfd79?s=96&d=mm&r=g\",\"contentUrl\":\"https:\/\/secure.gravatar.com\/avatar\/1d3fc949d550f0b53a5f0d51e06dfd79?s=96&d=mm&r=g\",\"caption\":\"admin\"},\"url\":\"https:\/\/www.prijedordanas.com\/?author=1\"}]}<\/script>\n<!-- \/ Yoast SEO plugin. -->","yoast_head_json":{"title":"U \u010detvrtak Sajam komunalne opreme i prate\u0107e industrije \"EXPO Prijedor 2025\" - VIDEO - PrijedorDanas.com - Prijedorski gradski portal","robots":{"index":"index","follow":"follow","max-snippet":"max-snippet:-1","max-image-preview":"max-image-preview:large","max-video-preview":"max-video-preview:-1"},"canonical":"https:\/\/www.prijedordanas.com\/?p=253449","og_locale":"en_US","og_type":"article","og_title":"U \u010detvrtak Sajam komunalne opreme i prate\u0107e industrije \"EXPO Prijedor 2025\" - VIDEO - PrijedorDanas.com - Prijedorski gradski portal","og_description":"U \u010detvrtak 11. septembra u Prijedoru \u0107e biti otvoren sajam komunalne opreme i prate\u0107e industrije pod nazivom \u201ePrivreda i komunalna oprema\u201c . Okupi\u0107e vi\u0161e od 40 izlaga\u010da iz razli\u010ditih oblasti [&hellip;]","og_url":"https:\/\/www.prijedordanas.com\/?p=253449","og_site_name":"PrijedorDanas.com - Prijedorski gradski portal","article_publisher":"https:\/\/www.facebook.com\/PrijedorDanasCom\/","article_published_time":"2025-09-09T17:14:39+00:00","article_modified_time":"2025-09-10T11:55:10+00:00","og_image":[{"url":"https:\/\/www.prijedordanas.com\/wp-content\/uploads\/2025\/09\/prijedor-expo-2025-plakat-212x300.jpg"}],"author":"admin","twitter_card":"summary_large_image","twitter_misc":{"Written by":"admin","Est. reading time":"2 minutes"},"schema":{"@context":"https:\/\/schema.org","@graph":[{"@type":"Article","@id":"https:\/\/www.prijedordanas.com\/?p=253449#article","isPartOf":{"@id":"https:\/\/www.prijedordanas.com\/?p=253449"},"author":{"name":"admin","@id":"https:\/\/www.prijedordanas.com\/#\/schema\/person\/4e08ccf29b506ca916ff86d46bb700e6"},"headline":"U \u010detvrtak Sajam komunalne opreme i prate\u0107e industrije &#8220;EXPO Prijedor 2025&#8221; &#8211; VIDEO","datePublished":"2025-09-09T17:14:39+00:00","dateModified":"2025-09-10T11:55:10+00:00","mainEntityOfPage":{"@id":"https:\/\/www.prijedordanas.com\/?p=253449"},"wordCount":286,"publisher":{"@id":"https:\/\/www.prijedordanas.com\/#organization"},"articleSection":["Dru\u0161tvo"],"inLanguage":"en-US"},{"@type":"WebPage","@id":"https:\/\/www.prijedordanas.com\/?p=253449","url":"https:\/\/www.prijedordanas.com\/?p=253449","name":"U \u010detvrtak Sajam komunalne opreme i prate\u0107e industrije \"EXPO Prijedor 2025\" - VIDEO - PrijedorDanas.com - Prijedorski gradski portal","isPartOf":{"@id":"https:\/\/www.prijedordanas.com\/#website"},"datePublished":"2025-09-09T17:14:39+00:00","dateModified":"2025-09-10T11:55:10+00:00","breadcrumb":{"@id":"https:\/\/www.prijedordanas.com\/?p=253449#breadcrumb"},"inLanguage":"en-US","potentialAction":[{"@type":"ReadAction","target":["https:\/\/www.prijedordanas.com\/?p=253449"]}]},{"@type":"BreadcrumbList","@id":"https:\/\/www.prijedordanas.com\/?p=253449#breadcrumb","itemListElement":[{"@type":"ListItem","position":1,"name":"Home","item":"https:\/\/www.prijedordanas.com\/"},{"@type":"ListItem","position":2,"name":"U \u010detvrtak Sajam komunalne opreme i prate\u0107e industrije &#8220;EXPO Prijedor 2025&#8221; &#8211; VIDEO"}]},{"@type":"WebSite","@id":"https:\/\/www.prijedordanas.com\/#website","url":"https:\/\/www.prijedordanas.com\/","name":"PrijedorDanas.com - Prijedorski gradski portal","description":"Portal o doga\u0111anjima u gradu Prijedoru","publisher":{"@id":"https:\/\/www.prijedordanas.com\/#organization"},"potentialAction":[{"@type":"SearchAction","target":{"@type":"EntryPoint","urlTemplate":"https:\/\/www.prijedordanas.com\/?s={search_term_string}"},"query-input":"required name=search_term_string"}],"inLanguage":"en-US"},{"@type":"Organization","@id":"https:\/\/www.prijedordanas.com\/#organization","name":"PrijedorDanas.com","url":"https:\/\/www.prijedordanas.com\/","logo":{"@type":"ImageObject","inLanguage":"en-US","@id":"https:\/\/www.prijedordanas.com\/#\/schema\/logo\/image\/","url":"http:\/\/www.prijedordanas.com\/wp-content\/uploads\/2021\/12\/logopng.png","contentUrl":"http:\/\/www.prijedordanas.com\/wp-content\/uploads\/2021\/12\/logopng.png","width":1019,"height":776,"caption":"PrijedorDanas.com"},"image":{"@id":"https:\/\/www.prijedordanas.com\/#\/schema\/logo\/image\/"},"sameAs":["https:\/\/www.facebook.com\/PrijedorDanasCom\/"]},{"@type":"Person","@id":"https:\/\/www.prijedordanas.com\/#\/schema\/person\/4e08ccf29b506ca916ff86d46bb700e6","name":"admin","image":{"@type":"ImageObject","inLanguage":"en-US","@id":"https:\/\/www.prijedordanas.com\/#\/schema\/person\/image\/","url":"https:\/\/secure.gravatar.com\/avatar\/1d3fc949d550f0b53a5f0d51e06dfd79?s=96&d=mm&r=g","contentUrl":"https:\/\/secure.gravatar.com\/avatar\/1d3fc949d550f0b53a5f0d51e06dfd79?s=96&d=mm&r=g","caption":"admin"},"url":"https:\/\/www.prijedordanas.com\/?author=1"}]}},"_links":{"self":[{"href":"https:\/\/www.prijedordanas.com\/index.php?rest_route=\/wp\/v2\/posts\/253449"}],"collection":[{"href":"https:\/\/www.prijedordanas.com\/index.php?rest_route=\/wp\/v2\/posts"}],"about":[{"href":"https:\/\/www.prijedordanas.com\/index.php?rest_route=\/wp\/v2\/types\/post"}],"author":[{"embeddable":true,"href":"https:\/\/www.prijedordanas.com\/index.php?rest_route=\/wp\/v2\/users\/1"}],"replies":[{"embeddable":true,"href":"https:\/\/www.prijedordanas.com\/index.php?rest_route=%2Fwp%2Fv2%2Fcomments&post=253449"}],"version-history":[{"count":2,"href":"https:\/\/www.prijedordanas.com\/index.php?rest_route=\/wp\/v2\/posts\/253449\/revisions"}],"predecessor-version":[{"id":253490,"href":"https:\/\/www.prijedordanas.com\/index.php?rest_route=\/wp\/v2\/posts\/253449\/revisions\/253490"}],"wp:attachment":[{"href":"https:\/\/www.prijedordanas.com\/index.php?rest_route=%2Fwp%2Fv2%2Fmedia&parent=253449"}],"wp:term":[{"taxonomy":"category","embeddable":true,"href":"https:\/\/www.prijedordanas.com\/index.php?rest_route=%2Fwp%2Fv2%2Fcategories&post=253449"},{"taxonomy":"post_tag","embeddable":true,"href":"https:\/\/www.prijedordanas.com\/index.php?rest_route=%2Fwp%2Fv2%2Ftags&post=253449"}],"curies":[{"name":"wp","href":"https:\/\/api.w.org\/{rel}","templated":true}]}}