{"id":253447,"date":"2025-09-09T18:26:45","date_gmt":"2025-09-09T16:26:45","guid":{"rendered":"https:\/\/www.prijedordanas.com\/?p=253447"},"modified":"2025-09-09T18:26:45","modified_gmt":"2025-09-09T16:26:45","slug":"promjena-upravnika-usporila-stecaj-u-ribnjaku-sanicani","status":"publish","type":"post","link":"https:\/\/www.prijedordanas.com\/?p=253447","title":{"rendered":"Promjena upravnika usporila ste\u010daj u ribnjaku &#8220;Sani\u010dani&#8221;"},"content":{"rendered":"<p><a href=\"https:\/\/www.prijedordanas.com\/wp-content\/uploads\/2023\/04\/ribnjak-sanicani-april2023-2.jpg\"><img loading=\"lazy\" decoding=\"async\" src=\"https:\/\/www.prijedordanas.com\/wp-content\/uploads\/2023\/04\/ribnjak-sanicani-april2023-2-300x225.jpg\" alt=\"\" width=\"300\" height=\"225\" class=\"alignleft size-medium wp-image-203666\" srcset=\"https:\/\/www.prijedordanas.com\/wp-content\/uploads\/2023\/04\/ribnjak-sanicani-april2023-2-300x225.jpg 300w, https:\/\/www.prijedordanas.com\/wp-content\/uploads\/2023\/04\/ribnjak-sanicani-april2023-2-640x480.jpg 640w, https:\/\/www.prijedordanas.com\/wp-content\/uploads\/2023\/04\/ribnjak-sanicani-april2023-2.jpg 667w\" sizes=\"(max-width: 300px) 100vw, 300px\" \/><\/a>Ste\u010daj u prijedorskom ribnjaku \u201eSani\u010dani\u201c, koji traje ve\u0107 \u010detiri i po godine, dodatno je usporen nakon promjene ste\u010dajnog upravnika.<\/p>\n<p>Naime, iako je novi ste\u010dajni upravnik Vojo Pavi\u010di\u0107 imenovan po\u010detkom juna, do danas nije odr\u017eana Skup\u0161tina povjerilaca niti ima bilo kakvih zna\u010dajnijih de\u0161avanja u ovom postupku, jer se \u010deka revizija dosada\u0161njeg toka postupka.<\/p>\n<p>Pavi\u010di\u0107 je danas za CAPITAL rekao da je anga\u017eovan revizor koji \u0107e utvrditi pravo stanje u ribnjaku te da bi krajem oktobra ili u prvoj polovini novembra trebalo da bude odr\u017eana Skup\u0161tina povjerilaca na kojoj \u0107e se odlu\u010divati o daljoj sudbini ribnjaka.<\/p>\n<p>\u201eTrenutno nema nekih bitnijih de\u0161avanja. O\u010dekujemo da uskoro bude zavr\u0161ena revizija kompletnog dosada\u0161njeg postupka nakon \u010dega \u0107u Skup\u0161tini predlo\u017eiti u kom pravcu treba da ide ste\u010daj\u201c, kazao je Pavi\u010di\u0107.<\/p>\n<p>Podsje\u0107amo, Okru\u017eni sud u Prijedoru imenovao je Voju Pavi\u010di\u0107a za ste\u010dajnog upravnika po\u010detkom juna nakon \u0161to je razrije\u0161en Mirko Mar\u010deta.<\/p>\n<p>Mar\u010deta, koji je bio upravnik od otvaranja ste\u010daja, razrije\u0161en je na li\u010dni zahtjev, nakon \u0161to Skup\u0161tina povjerilaca nije usvojila njegov izvje\u0161taj o aktivnostima provedenim u ste\u010dajnom postupku.<\/p>\n<p>Podsjetimo, Okru\u017eni privredni sud u Prijedoru je na prijedlog Pravobranila\u0161tva RS krajem marta 2021. godine otvorio ste\u010daj u ribnjaku.<\/p>\n<p>Na ovo rje\u0161enje \u017ealio se ve\u0107inski vlasnik Ribnjaka \u201cSani\u010dani\u201d Radojica Ratkovac i \u017ealba je odbijena.<\/p>\n<p><a href=\"https:\/\/capital.ba\/promjena-upravnika-usporila-stecaj-u-najvecem-ribnjaku-u-bih\/\" rel=\"noopener\" target=\"_blank\">capital.ba<\/a><\/p>\n","protected":false},"excerpt":{"rendered":"<p>Ste\u010daj u prijedorskom ribnjaku \u201eSani\u010dani\u201c, koji traje ve\u0107 \u010detiri i po godine, dodatno je usporen nakon promjene ste\u010dajnog upravnika. Naime, iako je novi ste\u010dajni upravnik Vojo Pavi\u010di\u0107 imenovan po\u010detkom juna, [&hellip;]<\/p>\n","protected":false},"author":1,"featured_media":0,"comment_status":"closed","ping_status":"open","sticky":false,"template":"","format":"standard","meta":{"_monsterinsights_skip_tracking":false,"_monsterinsights_sitenote_active":false,"_monsterinsights_sitenote_note":"","_monsterinsights_sitenote_category":0,"footnotes":""},"categories":[4],"tags":[9471,564],"yoast_head":"<!-- This site is optimized with the Yoast SEO plugin v21.6 - https:\/\/yoast.com\/wordpress\/plugins\/seo\/ -->\n<title>Promjena upravnika usporila ste\u010daj u ribnjaku &quot;Sani\u010dani&quot; - PrijedorDanas.com - Prijedorski gradski portal<\/title>\n<meta name=\"robots\" content=\"index, follow, max-snippet:-1, max-image-preview:large, max-video-preview:-1\" \/>\n<link rel=\"canonical\" href=\"https:\/\/www.prijedordanas.com\/?p=253447\" \/>\n<meta property=\"og:locale\" content=\"en_US\" \/>\n<meta property=\"og:type\" content=\"article\" \/>\n<meta property=\"og:title\" content=\"Promjena upravnika usporila ste\u010daj u ribnjaku &quot;Sani\u010dani&quot; - PrijedorDanas.com - Prijedorski gradski portal\" \/>\n<meta property=\"og:description\" content=\"Ste\u010daj u prijedorskom ribnjaku \u201eSani\u010dani\u201c, koji traje ve\u0107 \u010detiri i po godine, dodatno je usporen nakon promjene ste\u010dajnog upravnika. Naime, iako je novi ste\u010dajni upravnik Vojo Pavi\u010di\u0107 imenovan po\u010detkom juna, [&hellip;]\" \/>\n<meta property=\"og:url\" content=\"https:\/\/www.prijedordanas.com\/?p=253447\" \/>\n<meta property=\"og:site_name\" content=\"PrijedorDanas.com - Prijedorski gradski portal\" \/>\n<meta property=\"article:publisher\" content=\"https:\/\/www.facebook.com\/PrijedorDanasCom\/\" \/>\n<meta property=\"article:published_time\" content=\"2025-09-09T16:26:45+00:00\" \/>\n<meta property=\"og:image\" content=\"https:\/\/www.prijedordanas.com\/wp-content\/uploads\/2023\/04\/ribnjak-sanicani-april2023-2-300x225.jpg\" \/>\n<meta name=\"author\" content=\"admin\" \/>\n<meta name=\"twitter:card\" content=\"summary_large_image\" \/>\n<meta name=\"twitter:label1\" content=\"Written by\" \/>\n\t<meta name=\"twitter:data1\" content=\"admin\" \/>\n<script type=\"application\/ld+json\" class=\"yoast-schema-graph\">{\"@context\":\"https:\/\/schema.org\",\"@graph\":[{\"@type\":\"Article\",\"@id\":\"https:\/\/www.prijedordanas.com\/?p=253447#article\",\"isPartOf\":{\"@id\":\"https:\/\/www.prijedordanas.com\/?p=253447\"},\"author\":{\"name\":\"admin\",\"@id\":\"https:\/\/www.prijedordanas.com\/#\/schema\/person\/4e08ccf29b506ca916ff86d46bb700e6\"},\"headline\":\"Promjena upravnika usporila ste\u010daj u ribnjaku &#8220;Sani\u010dani&#8221;\",\"datePublished\":\"2025-09-09T16:26:45+00:00\",\"dateModified\":\"2025-09-09T16:26:45+00:00\",\"mainEntityOfPage\":{\"@id\":\"https:\/\/www.prijedordanas.com\/?p=253447\"},\"wordCount\":259,\"publisher\":{\"@id\":\"https:\/\/www.prijedordanas.com\/#organization\"},\"keywords\":[\"ribnjak Sani\u010dani\",\"ste\u010daj\"],\"articleSection\":[\"Dru\u0161tvo\"],\"inLanguage\":\"en-US\"},{\"@type\":\"WebPage\",\"@id\":\"https:\/\/www.prijedordanas.com\/?p=253447\",\"url\":\"https:\/\/www.prijedordanas.com\/?p=253447\",\"name\":\"Promjena upravnika usporila ste\u010daj u ribnjaku \\\"Sani\u010dani\\\" - PrijedorDanas.com - Prijedorski gradski portal\",\"isPartOf\":{\"@id\":\"https:\/\/www.prijedordanas.com\/#website\"},\"datePublished\":\"2025-09-09T16:26:45+00:00\",\"dateModified\":\"2025-09-09T16:26:45+00:00\",\"breadcrumb\":{\"@id\":\"https:\/\/www.prijedordanas.com\/?p=253447#breadcrumb\"},\"inLanguage\":\"en-US\",\"potentialAction\":[{\"@type\":\"ReadAction\",\"target\":[\"https:\/\/www.prijedordanas.com\/?p=253447\"]}]},{\"@type\":\"BreadcrumbList\",\"@id\":\"https:\/\/www.prijedordanas.com\/?p=253447#breadcrumb\",\"itemListElement\":[{\"@type\":\"ListItem\",\"position\":1,\"name\":\"Home\",\"item\":\"https:\/\/www.prijedordanas.com\/\"},{\"@type\":\"ListItem\",\"position\":2,\"name\":\"Promjena upravnika usporila ste\u010daj u ribnjaku &#8220;Sani\u010dani&#8221;\"}]},{\"@type\":\"WebSite\",\"@id\":\"https:\/\/www.prijedordanas.com\/#website\",\"url\":\"https:\/\/www.prijedordanas.com\/\",\"name\":\"PrijedorDanas.com - Prijedorski gradski portal\",\"description\":\"Portal o doga\u0111anjima u gradu Prijedoru\",\"publisher\":{\"@id\":\"https:\/\/www.prijedordanas.com\/#organization\"},\"potentialAction\":[{\"@type\":\"SearchAction\",\"target\":{\"@type\":\"EntryPoint\",\"urlTemplate\":\"https:\/\/www.prijedordanas.com\/?s={search_term_string}\"},\"query-input\":\"required name=search_term_string\"}],\"inLanguage\":\"en-US\"},{\"@type\":\"Organization\",\"@id\":\"https:\/\/www.prijedordanas.com\/#organization\",\"name\":\"PrijedorDanas.com\",\"url\":\"https:\/\/www.prijedordanas.com\/\",\"logo\":{\"@type\":\"ImageObject\",\"inLanguage\":\"en-US\",\"@id\":\"https:\/\/www.prijedordanas.com\/#\/schema\/logo\/image\/\",\"url\":\"http:\/\/www.prijedordanas.com\/wp-content\/uploads\/2021\/12\/logopng.png\",\"contentUrl\":\"http:\/\/www.prijedordanas.com\/wp-content\/uploads\/2021\/12\/logopng.png\",\"width\":1019,\"height\":776,\"caption\":\"PrijedorDanas.com\"},\"image\":{\"@id\":\"https:\/\/www.prijedordanas.com\/#\/schema\/logo\/image\/\"},\"sameAs\":[\"https:\/\/www.facebook.com\/PrijedorDanasCom\/\"]},{\"@type\":\"Person\",\"@id\":\"https:\/\/www.prijedordanas.com\/#\/schema\/person\/4e08ccf29b506ca916ff86d46bb700e6\",\"name\":\"admin\",\"image\":{\"@type\":\"ImageObject\",\"inLanguage\":\"en-US\",\"@id\":\"https:\/\/www.prijedordanas.com\/#\/schema\/person\/image\/\",\"url\":\"https:\/\/secure.gravatar.com\/avatar\/1d3fc949d550f0b53a5f0d51e06dfd79?s=96&d=mm&r=g\",\"contentUrl\":\"https:\/\/secure.gravatar.com\/avatar\/1d3fc949d550f0b53a5f0d51e06dfd79?s=96&d=mm&r=g\",\"caption\":\"admin\"},\"url\":\"https:\/\/www.prijedordanas.com\/?author=1\"}]}<\/script>\n<!-- \/ Yoast SEO plugin. -->","yoast_head_json":{"title":"Promjena upravnika usporila ste\u010daj u ribnjaku \"Sani\u010dani\" - PrijedorDanas.com - Prijedorski gradski portal","robots":{"index":"index","follow":"follow","max-snippet":"max-snippet:-1","max-image-preview":"max-image-preview:large","max-video-preview":"max-video-preview:-1"},"canonical":"https:\/\/www.prijedordanas.com\/?p=253447","og_locale":"en_US","og_type":"article","og_title":"Promjena upravnika usporila ste\u010daj u ribnjaku \"Sani\u010dani\" - PrijedorDanas.com - Prijedorski gradski portal","og_description":"Ste\u010daj u prijedorskom ribnjaku \u201eSani\u010dani\u201c, koji traje ve\u0107 \u010detiri i po godine, dodatno je usporen nakon promjene ste\u010dajnog upravnika. Naime, iako je novi ste\u010dajni upravnik Vojo Pavi\u010di\u0107 imenovan po\u010detkom juna, [&hellip;]","og_url":"https:\/\/www.prijedordanas.com\/?p=253447","og_site_name":"PrijedorDanas.com - Prijedorski gradski portal","article_publisher":"https:\/\/www.facebook.com\/PrijedorDanasCom\/","article_published_time":"2025-09-09T16:26:45+00:00","og_image":[{"url":"https:\/\/www.prijedordanas.com\/wp-content\/uploads\/2023\/04\/ribnjak-sanicani-april2023-2-300x225.jpg"}],"author":"admin","twitter_card":"summary_large_image","twitter_misc":{"Written by":"admin"},"schema":{"@context":"https:\/\/schema.org","@graph":[{"@type":"Article","@id":"https:\/\/www.prijedordanas.com\/?p=253447#article","isPartOf":{"@id":"https:\/\/www.prijedordanas.com\/?p=253447"},"author":{"name":"admin","@id":"https:\/\/www.prijedordanas.com\/#\/schema\/person\/4e08ccf29b506ca916ff86d46bb700e6"},"headline":"Promjena upravnika usporila ste\u010daj u ribnjaku &#8220;Sani\u010dani&#8221;","datePublished":"2025-09-09T16:26:45+00:00","dateModified":"2025-09-09T16:26:45+00:00","mainEntityOfPage":{"@id":"https:\/\/www.prijedordanas.com\/?p=253447"},"wordCount":259,"publisher":{"@id":"https:\/\/www.prijedordanas.com\/#organization"},"keywords":["ribnjak Sani\u010dani","ste\u010daj"],"articleSection":["Dru\u0161tvo"],"inLanguage":"en-US"},{"@type":"WebPage","@id":"https:\/\/www.prijedordanas.com\/?p=253447","url":"https:\/\/www.prijedordanas.com\/?p=253447","name":"Promjena upravnika usporila ste\u010daj u ribnjaku \"Sani\u010dani\" - PrijedorDanas.com - Prijedorski gradski portal","isPartOf":{"@id":"https:\/\/www.prijedordanas.com\/#website"},"datePublished":"2025-09-09T16:26:45+00:00","dateModified":"2025-09-09T16:26:45+00:00","breadcrumb":{"@id":"https:\/\/www.prijedordanas.com\/?p=253447#breadcrumb"},"inLanguage":"en-US","potentialAction":[{"@type":"ReadAction","target":["https:\/\/www.prijedordanas.com\/?p=253447"]}]},{"@type":"BreadcrumbList","@id":"https:\/\/www.prijedordanas.com\/?p=253447#breadcrumb","itemListElement":[{"@type":"ListItem","position":1,"name":"Home","item":"https:\/\/www.prijedordanas.com\/"},{"@type":"ListItem","position":2,"name":"Promjena upravnika usporila ste\u010daj u ribnjaku &#8220;Sani\u010dani&#8221;"}]},{"@type":"WebSite","@id":"https:\/\/www.prijedordanas.com\/#website","url":"https:\/\/www.prijedordanas.com\/","name":"PrijedorDanas.com - Prijedorski gradski portal","description":"Portal o doga\u0111anjima u gradu Prijedoru","publisher":{"@id":"https:\/\/www.prijedordanas.com\/#organization"},"potentialAction":[{"@type":"SearchAction","target":{"@type":"EntryPoint","urlTemplate":"https:\/\/www.prijedordanas.com\/?s={search_term_string}"},"query-input":"required name=search_term_string"}],"inLanguage":"en-US"},{"@type":"Organization","@id":"https:\/\/www.prijedordanas.com\/#organization","name":"PrijedorDanas.com","url":"https:\/\/www.prijedordanas.com\/","logo":{"@type":"ImageObject","inLanguage":"en-US","@id":"https:\/\/www.prijedordanas.com\/#\/schema\/logo\/image\/","url":"http:\/\/www.prijedordanas.com\/wp-content\/uploads\/2021\/12\/logopng.png","contentUrl":"http:\/\/www.prijedordanas.com\/wp-content\/uploads\/2021\/12\/logopng.png","width":1019,"height":776,"caption":"PrijedorDanas.com"},"image":{"@id":"https:\/\/www.prijedordanas.com\/#\/schema\/logo\/image\/"},"sameAs":["https:\/\/www.facebook.com\/PrijedorDanasCom\/"]},{"@type":"Person","@id":"https:\/\/www.prijedordanas.com\/#\/schema\/person\/4e08ccf29b506ca916ff86d46bb700e6","name":"admin","image":{"@type":"ImageObject","inLanguage":"en-US","@id":"https:\/\/www.prijedordanas.com\/#\/schema\/person\/image\/","url":"https:\/\/secure.gravatar.com\/avatar\/1d3fc949d550f0b53a5f0d51e06dfd79?s=96&d=mm&r=g","contentUrl":"https:\/\/secure.gravatar.com\/avatar\/1d3fc949d550f0b53a5f0d51e06dfd79?s=96&d=mm&r=g","caption":"admin"},"url":"https:\/\/www.prijedordanas.com\/?author=1"}]}},"_links":{"self":[{"href":"https:\/\/www.prijedordanas.com\/index.php?rest_route=\/wp\/v2\/posts\/253447"}],"collection":[{"href":"https:\/\/www.prijedordanas.com\/index.php?rest_route=\/wp\/v2\/posts"}],"about":[{"href":"https:\/\/www.prijedordanas.com\/index.php?rest_route=\/wp\/v2\/types\/post"}],"author":[{"embeddable":true,"href":"https:\/\/www.prijedordanas.com\/index.php?rest_route=\/wp\/v2\/users\/1"}],"replies":[{"embeddable":true,"href":"https:\/\/www.prijedordanas.com\/index.php?rest_route=%2Fwp%2Fv2%2Fcomments&post=253447"}],"version-history":[{"count":1,"href":"https:\/\/www.prijedordanas.com\/index.php?rest_route=\/wp\/v2\/posts\/253447\/revisions"}],"predecessor-version":[{"id":253448,"href":"https:\/\/www.prijedordanas.com\/index.php?rest_route=\/wp\/v2\/posts\/253447\/revisions\/253448"}],"wp:attachment":[{"href":"https:\/\/www.prijedordanas.com\/index.php?rest_route=%2Fwp%2Fv2%2Fmedia&parent=253447"}],"wp:term":[{"taxonomy":"category","embeddable":true,"href":"https:\/\/www.prijedordanas.com\/index.php?rest_route=%2Fwp%2Fv2%2Fcategories&post=253447"},{"taxonomy":"post_tag","embeddable":true,"href":"https:\/\/www.prijedordanas.com\/index.php?rest_route=%2Fwp%2Fv2%2Ftags&post=253447"}],"curies":[{"name":"wp","href":"https:\/\/api.w.org\/{rel}","templated":true}]}}