{"id":253428,"date":"2025-09-09T10:34:24","date_gmt":"2025-09-09T08:34:24","guid":{"rendered":"https:\/\/www.prijedordanas.com\/?p=253428"},"modified":"2025-09-09T10:34:24","modified_gmt":"2025-09-09T08:34:24","slug":"u-subotu-u-prijedoru-9-bijeli-turnir","status":"publish","type":"post","link":"https:\/\/www.prijedordanas.com\/?p=253428","title":{"rendered":"U subotu u Prijedoru 9. &#8220;Bijeli turnir&#8221;"},"content":{"rendered":"<p><a href=\"https:\/\/www.prijedordanas.com\/wp-content\/uploads\/2025\/09\/bijeli-turnir-2025-plakat.jpg\"><img loading=\"lazy\" decoding=\"async\" src=\"https:\/\/www.prijedordanas.com\/wp-content\/uploads\/2025\/09\/bijeli-turnir-2025-plakat-212x300.jpg\" alt=\"\" width=\"212\" height=\"300\" class=\"alignleft size-medium wp-image-253429\" srcset=\"https:\/\/www.prijedordanas.com\/wp-content\/uploads\/2025\/09\/bijeli-turnir-2025-plakat-212x300.jpg 212w, https:\/\/www.prijedordanas.com\/wp-content\/uploads\/2025\/09\/bijeli-turnir-2025-plakat.jpg 452w\" sizes=\"(max-width: 212px) 100vw, 212px\" \/><\/a>Na terenima TK \u201eDr Mladen Stojanovi\u0107\u201c u subotu 13. septembra, bi\u0107e odr\u017ean tradicionalni, deveti po redu \u201eBijeli turnir\u201c.<\/p>\n<p>Festival bijelog sporta u Prijedoru je jedinstven teniski doga\u0111aj na kojem \u0107e u\u010desnici igrati sa drvenim reketima i obu\u010deni u bijelo. Osim doma\u0107ih tenisera , na turniru revijalnog karaktera u\u010destvuju ljubitelji bijelog sporta iz zemalja regiona.<\/p>\n<p>\u201cIz godine u godinu broj u\u010desnika turnira raste, \u0161to dovoljno  govori o prepoznatljivosti na\u0161eg turnira.To dovoljno govori i o teniskom klubu, o ljudima koji vode klub, da su cijenjeni kao i bijeli turnir po kojem smo prepoznati. Festival bijelog sporta je mnogo vi\u0161e od tenisa. On ima ulogu da kroz tenis osna\u017ei na\u0161a prijateljstva, rekao je Goran Novi\u0107,predsjednik TK \u201eDr Mladen Stojanovi\u0107\u201c.<\/p>\n<p>Otvaranje turnira je 9.30 \u010dasova. Pokrovitelj turnira je grad Prijedor.<\/p>\n<p><a href=\"https:\/\/kozarski.com\/u-subotu-9-bijeli-turnir\/\" rel=\"noopener\" target=\"_blank\">kozarski.com<\/a><\/p>\n","protected":false},"excerpt":{"rendered":"<p>Na terenima TK \u201eDr Mladen Stojanovi\u0107\u201c u subotu 13. septembra, bi\u0107e odr\u017ean tradicionalni, deveti po redu \u201eBijeli turnir\u201c. Festival bijelog sporta u Prijedoru je jedinstven teniski doga\u0111aj na kojem \u0107e [&hellip;]<\/p>\n","protected":false},"author":1,"featured_media":0,"comment_status":"closed","ping_status":"open","sticky":false,"template":"","format":"standard","meta":{"_monsterinsights_skip_tracking":false,"_monsterinsights_sitenote_active":false,"_monsterinsights_sitenote_note":"","_monsterinsights_sitenote_category":0,"footnotes":""},"categories":[7],"tags":[],"yoast_head":"<!-- This site is optimized with the Yoast SEO plugin v21.6 - https:\/\/yoast.com\/wordpress\/plugins\/seo\/ -->\n<title>U subotu u Prijedoru 9. &quot;Bijeli turnir&quot; - PrijedorDanas.com - Prijedorski gradski portal<\/title>\n<meta name=\"robots\" content=\"index, follow, max-snippet:-1, max-image-preview:large, max-video-preview:-1\" \/>\n<link rel=\"canonical\" href=\"https:\/\/www.prijedordanas.com\/?p=253428\" \/>\n<meta property=\"og:locale\" content=\"en_US\" \/>\n<meta property=\"og:type\" content=\"article\" \/>\n<meta property=\"og:title\" content=\"U subotu u Prijedoru 9. &quot;Bijeli turnir&quot; - PrijedorDanas.com - Prijedorski gradski portal\" \/>\n<meta property=\"og:description\" content=\"Na terenima TK \u201eDr Mladen Stojanovi\u0107\u201c u subotu 13. septembra, bi\u0107e odr\u017ean tradicionalni, deveti po redu \u201eBijeli turnir\u201c. Festival bijelog sporta u Prijedoru je jedinstven teniski doga\u0111aj na kojem \u0107e [&hellip;]\" \/>\n<meta property=\"og:url\" content=\"https:\/\/www.prijedordanas.com\/?p=253428\" \/>\n<meta property=\"og:site_name\" content=\"PrijedorDanas.com - Prijedorski gradski portal\" \/>\n<meta property=\"article:publisher\" content=\"https:\/\/www.facebook.com\/PrijedorDanasCom\/\" \/>\n<meta property=\"article:published_time\" content=\"2025-09-09T08:34:24+00:00\" \/>\n<meta property=\"og:image\" content=\"https:\/\/www.prijedordanas.com\/wp-content\/uploads\/2025\/09\/bijeli-turnir-2025-plakat-212x300.jpg\" \/>\n<meta name=\"author\" content=\"admin\" \/>\n<meta name=\"twitter:card\" content=\"summary_large_image\" \/>\n<meta name=\"twitter:label1\" content=\"Written by\" \/>\n\t<meta name=\"twitter:data1\" content=\"admin\" \/>\n<script type=\"application\/ld+json\" class=\"yoast-schema-graph\">{\"@context\":\"https:\/\/schema.org\",\"@graph\":[{\"@type\":\"Article\",\"@id\":\"https:\/\/www.prijedordanas.com\/?p=253428#article\",\"isPartOf\":{\"@id\":\"https:\/\/www.prijedordanas.com\/?p=253428\"},\"author\":{\"name\":\"admin\",\"@id\":\"https:\/\/www.prijedordanas.com\/#\/schema\/person\/4e08ccf29b506ca916ff86d46bb700e6\"},\"headline\":\"U subotu u Prijedoru 9. &#8220;Bijeli turnir&#8221;\",\"datePublished\":\"2025-09-09T08:34:24+00:00\",\"dateModified\":\"2025-09-09T08:34:24+00:00\",\"mainEntityOfPage\":{\"@id\":\"https:\/\/www.prijedordanas.com\/?p=253428\"},\"wordCount\":145,\"publisher\":{\"@id\":\"https:\/\/www.prijedordanas.com\/#organization\"},\"articleSection\":[\"Sport\"],\"inLanguage\":\"en-US\"},{\"@type\":\"WebPage\",\"@id\":\"https:\/\/www.prijedordanas.com\/?p=253428\",\"url\":\"https:\/\/www.prijedordanas.com\/?p=253428\",\"name\":\"U subotu u Prijedoru 9. \\\"Bijeli turnir\\\" - PrijedorDanas.com - Prijedorski gradski portal\",\"isPartOf\":{\"@id\":\"https:\/\/www.prijedordanas.com\/#website\"},\"datePublished\":\"2025-09-09T08:34:24+00:00\",\"dateModified\":\"2025-09-09T08:34:24+00:00\",\"breadcrumb\":{\"@id\":\"https:\/\/www.prijedordanas.com\/?p=253428#breadcrumb\"},\"inLanguage\":\"en-US\",\"potentialAction\":[{\"@type\":\"ReadAction\",\"target\":[\"https:\/\/www.prijedordanas.com\/?p=253428\"]}]},{\"@type\":\"BreadcrumbList\",\"@id\":\"https:\/\/www.prijedordanas.com\/?p=253428#breadcrumb\",\"itemListElement\":[{\"@type\":\"ListItem\",\"position\":1,\"name\":\"Home\",\"item\":\"https:\/\/www.prijedordanas.com\/\"},{\"@type\":\"ListItem\",\"position\":2,\"name\":\"U subotu u Prijedoru 9. &#8220;Bijeli turnir&#8221;\"}]},{\"@type\":\"WebSite\",\"@id\":\"https:\/\/www.prijedordanas.com\/#website\",\"url\":\"https:\/\/www.prijedordanas.com\/\",\"name\":\"PrijedorDanas.com - Prijedorski gradski portal\",\"description\":\"Portal o doga\u0111anjima u gradu Prijedoru\",\"publisher\":{\"@id\":\"https:\/\/www.prijedordanas.com\/#organization\"},\"potentialAction\":[{\"@type\":\"SearchAction\",\"target\":{\"@type\":\"EntryPoint\",\"urlTemplate\":\"https:\/\/www.prijedordanas.com\/?s={search_term_string}\"},\"query-input\":\"required name=search_term_string\"}],\"inLanguage\":\"en-US\"},{\"@type\":\"Organization\",\"@id\":\"https:\/\/www.prijedordanas.com\/#organization\",\"name\":\"PrijedorDanas.com\",\"url\":\"https:\/\/www.prijedordanas.com\/\",\"logo\":{\"@type\":\"ImageObject\",\"inLanguage\":\"en-US\",\"@id\":\"https:\/\/www.prijedordanas.com\/#\/schema\/logo\/image\/\",\"url\":\"http:\/\/www.prijedordanas.com\/wp-content\/uploads\/2021\/12\/logopng.png\",\"contentUrl\":\"http:\/\/www.prijedordanas.com\/wp-content\/uploads\/2021\/12\/logopng.png\",\"width\":1019,\"height\":776,\"caption\":\"PrijedorDanas.com\"},\"image\":{\"@id\":\"https:\/\/www.prijedordanas.com\/#\/schema\/logo\/image\/\"},\"sameAs\":[\"https:\/\/www.facebook.com\/PrijedorDanasCom\/\"]},{\"@type\":\"Person\",\"@id\":\"https:\/\/www.prijedordanas.com\/#\/schema\/person\/4e08ccf29b506ca916ff86d46bb700e6\",\"name\":\"admin\",\"image\":{\"@type\":\"ImageObject\",\"inLanguage\":\"en-US\",\"@id\":\"https:\/\/www.prijedordanas.com\/#\/schema\/person\/image\/\",\"url\":\"https:\/\/secure.gravatar.com\/avatar\/1d3fc949d550f0b53a5f0d51e06dfd79?s=96&d=mm&r=g\",\"contentUrl\":\"https:\/\/secure.gravatar.com\/avatar\/1d3fc949d550f0b53a5f0d51e06dfd79?s=96&d=mm&r=g\",\"caption\":\"admin\"},\"url\":\"https:\/\/www.prijedordanas.com\/?author=1\"}]}<\/script>\n<!-- \/ Yoast SEO plugin. -->","yoast_head_json":{"title":"U subotu u Prijedoru 9. \"Bijeli turnir\" - PrijedorDanas.com - Prijedorski gradski portal","robots":{"index":"index","follow":"follow","max-snippet":"max-snippet:-1","max-image-preview":"max-image-preview:large","max-video-preview":"max-video-preview:-1"},"canonical":"https:\/\/www.prijedordanas.com\/?p=253428","og_locale":"en_US","og_type":"article","og_title":"U subotu u Prijedoru 9. \"Bijeli turnir\" - PrijedorDanas.com - Prijedorski gradski portal","og_description":"Na terenima TK \u201eDr Mladen Stojanovi\u0107\u201c u subotu 13. septembra, bi\u0107e odr\u017ean tradicionalni, deveti po redu \u201eBijeli turnir\u201c. Festival bijelog sporta u Prijedoru je jedinstven teniski doga\u0111aj na kojem \u0107e [&hellip;]","og_url":"https:\/\/www.prijedordanas.com\/?p=253428","og_site_name":"PrijedorDanas.com - Prijedorski gradski portal","article_publisher":"https:\/\/www.facebook.com\/PrijedorDanasCom\/","article_published_time":"2025-09-09T08:34:24+00:00","og_image":[{"url":"https:\/\/www.prijedordanas.com\/wp-content\/uploads\/2025\/09\/bijeli-turnir-2025-plakat-212x300.jpg"}],"author":"admin","twitter_card":"summary_large_image","twitter_misc":{"Written by":"admin"},"schema":{"@context":"https:\/\/schema.org","@graph":[{"@type":"Article","@id":"https:\/\/www.prijedordanas.com\/?p=253428#article","isPartOf":{"@id":"https:\/\/www.prijedordanas.com\/?p=253428"},"author":{"name":"admin","@id":"https:\/\/www.prijedordanas.com\/#\/schema\/person\/4e08ccf29b506ca916ff86d46bb700e6"},"headline":"U subotu u Prijedoru 9. &#8220;Bijeli turnir&#8221;","datePublished":"2025-09-09T08:34:24+00:00","dateModified":"2025-09-09T08:34:24+00:00","mainEntityOfPage":{"@id":"https:\/\/www.prijedordanas.com\/?p=253428"},"wordCount":145,"publisher":{"@id":"https:\/\/www.prijedordanas.com\/#organization"},"articleSection":["Sport"],"inLanguage":"en-US"},{"@type":"WebPage","@id":"https:\/\/www.prijedordanas.com\/?p=253428","url":"https:\/\/www.prijedordanas.com\/?p=253428","name":"U subotu u Prijedoru 9. \"Bijeli turnir\" - PrijedorDanas.com - Prijedorski gradski portal","isPartOf":{"@id":"https:\/\/www.prijedordanas.com\/#website"},"datePublished":"2025-09-09T08:34:24+00:00","dateModified":"2025-09-09T08:34:24+00:00","breadcrumb":{"@id":"https:\/\/www.prijedordanas.com\/?p=253428#breadcrumb"},"inLanguage":"en-US","potentialAction":[{"@type":"ReadAction","target":["https:\/\/www.prijedordanas.com\/?p=253428"]}]},{"@type":"BreadcrumbList","@id":"https:\/\/www.prijedordanas.com\/?p=253428#breadcrumb","itemListElement":[{"@type":"ListItem","position":1,"name":"Home","item":"https:\/\/www.prijedordanas.com\/"},{"@type":"ListItem","position":2,"name":"U subotu u Prijedoru 9. &#8220;Bijeli turnir&#8221;"}]},{"@type":"WebSite","@id":"https:\/\/www.prijedordanas.com\/#website","url":"https:\/\/www.prijedordanas.com\/","name":"PrijedorDanas.com - Prijedorski gradski portal","description":"Portal o doga\u0111anjima u gradu Prijedoru","publisher":{"@id":"https:\/\/www.prijedordanas.com\/#organization"},"potentialAction":[{"@type":"SearchAction","target":{"@type":"EntryPoint","urlTemplate":"https:\/\/www.prijedordanas.com\/?s={search_term_string}"},"query-input":"required name=search_term_string"}],"inLanguage":"en-US"},{"@type":"Organization","@id":"https:\/\/www.prijedordanas.com\/#organization","name":"PrijedorDanas.com","url":"https:\/\/www.prijedordanas.com\/","logo":{"@type":"ImageObject","inLanguage":"en-US","@id":"https:\/\/www.prijedordanas.com\/#\/schema\/logo\/image\/","url":"http:\/\/www.prijedordanas.com\/wp-content\/uploads\/2021\/12\/logopng.png","contentUrl":"http:\/\/www.prijedordanas.com\/wp-content\/uploads\/2021\/12\/logopng.png","width":1019,"height":776,"caption":"PrijedorDanas.com"},"image":{"@id":"https:\/\/www.prijedordanas.com\/#\/schema\/logo\/image\/"},"sameAs":["https:\/\/www.facebook.com\/PrijedorDanasCom\/"]},{"@type":"Person","@id":"https:\/\/www.prijedordanas.com\/#\/schema\/person\/4e08ccf29b506ca916ff86d46bb700e6","name":"admin","image":{"@type":"ImageObject","inLanguage":"en-US","@id":"https:\/\/www.prijedordanas.com\/#\/schema\/person\/image\/","url":"https:\/\/secure.gravatar.com\/avatar\/1d3fc949d550f0b53a5f0d51e06dfd79?s=96&d=mm&r=g","contentUrl":"https:\/\/secure.gravatar.com\/avatar\/1d3fc949d550f0b53a5f0d51e06dfd79?s=96&d=mm&r=g","caption":"admin"},"url":"https:\/\/www.prijedordanas.com\/?author=1"}]}},"_links":{"self":[{"href":"https:\/\/www.prijedordanas.com\/index.php?rest_route=\/wp\/v2\/posts\/253428"}],"collection":[{"href":"https:\/\/www.prijedordanas.com\/index.php?rest_route=\/wp\/v2\/posts"}],"about":[{"href":"https:\/\/www.prijedordanas.com\/index.php?rest_route=\/wp\/v2\/types\/post"}],"author":[{"embeddable":true,"href":"https:\/\/www.prijedordanas.com\/index.php?rest_route=\/wp\/v2\/users\/1"}],"replies":[{"embeddable":true,"href":"https:\/\/www.prijedordanas.com\/index.php?rest_route=%2Fwp%2Fv2%2Fcomments&post=253428"}],"version-history":[{"count":1,"href":"https:\/\/www.prijedordanas.com\/index.php?rest_route=\/wp\/v2\/posts\/253428\/revisions"}],"predecessor-version":[{"id":253430,"href":"https:\/\/www.prijedordanas.com\/index.php?rest_route=\/wp\/v2\/posts\/253428\/revisions\/253430"}],"wp:attachment":[{"href":"https:\/\/www.prijedordanas.com\/index.php?rest_route=%2Fwp%2Fv2%2Fmedia&parent=253428"}],"wp:term":[{"taxonomy":"category","embeddable":true,"href":"https:\/\/www.prijedordanas.com\/index.php?rest_route=%2Fwp%2Fv2%2Fcategories&post=253428"},{"taxonomy":"post_tag","embeddable":true,"href":"https:\/\/www.prijedordanas.com\/index.php?rest_route=%2Fwp%2Fv2%2Ftags&post=253428"}],"curies":[{"name":"wp","href":"https:\/\/api.w.org\/{rel}","templated":true}]}}