{"id":253373,"date":"2025-09-07T14:19:42","date_gmt":"2025-09-07T12:19:42","guid":{"rendered":"https:\/\/www.prijedordanas.com\/?p=253373"},"modified":"2025-09-07T14:19:42","modified_gmt":"2025-09-07T12:19:42","slug":"knjizevni-susreti-na-kozari-odrzano-knjizevno-vece-posveceno-miki-anticu","status":"publish","type":"post","link":"https:\/\/www.prijedordanas.com\/?p=253373","title":{"rendered":"Knji\u017eevni susreti na Kozari: Odr\u017eano knji\u017eevno ve\u010de posve\u0107eno Miki Anti\u0107u"},"content":{"rendered":"<p><a href=\"https:\/\/www.prijedordanas.com\/wp-content\/uploads\/2025\/09\/kozarski-knjizevno-vece-posveceno-miki-anticu-1.jpg\"><img loading=\"lazy\" decoding=\"async\" class=\"alignleft size-medium wp-image-253374\" src=\"https:\/\/www.prijedordanas.com\/wp-content\/uploads\/2025\/09\/kozarski-knjizevno-vece-posveceno-miki-anticu-1-300x225.jpg\" alt=\"\" width=\"300\" height=\"225\" srcset=\"https:\/\/www.prijedordanas.com\/wp-content\/uploads\/2025\/09\/kozarski-knjizevno-vece-posveceno-miki-anticu-1-300x225.jpg 300w, https:\/\/www.prijedordanas.com\/wp-content\/uploads\/2025\/09\/kozarski-knjizevno-vece-posveceno-miki-anticu-1-640x480.jpg 640w, https:\/\/www.prijedordanas.com\/wp-content\/uploads\/2025\/09\/kozarski-knjizevno-vece-posveceno-miki-anticu-1.jpg 667w\" sizes=\"(max-width: 300px) 100vw, 300px\" \/><\/a>U okviru 53. knji\u017eevnih susreta na Kozari, u Galeriji \u201cSreten Stojanovi\u0107\u201d odr\u017eano je knji\u017eevno ve\u010de pod nazivom \u201cSve boje sveta\u201d, posve\u0107eno Miroslavu Miki Anti\u0107u.<\/p>\n<p>\u201cNaslov ove ve\u010deri, lepo je, pametno odabran. Miroslav Anti\u0107 jeste predstavljao sve boje sveta. Ne znaju mnogi da je on bio i veoma strastan slikar, dakle likovni umetnik, kao \u0161to je bio i reditelj, kao \u0161to je bio i bokser, kao \u0161to je bio i mornar i d\u017eudista i toliko \u017eivota pro\u017eiveo u jednom. I ono \u0161to mi znamo o Miki, a pogotovo moj otac Pero Zubac \u0161to zna, a bio je njemu pobratim u \u017eivotu, poku\u0161a\u0107emo u ovoj no\u0107i da podelimo sa ljudima iz Prijedora. Ono \u0161to smo mi upamtili od tih Mikinih boja\u201d, rekao je Milo\u0161 Zubac, knji\u017eevnik, muzi\u010dar i scenski pripovjeda\u010d.<\/p>\n<p>U Galeriji navode da im je \u010dast \u0161to imaju priliku da ugoste Peru Zupca, pro\u0161logodi\u0161njeg dobitnika Skenderove nagrade.<\/p>\n<p>\u201cZaista nam je ogromno zadovoljstvo i sre\u0107a da imamo u okviru 53. knji\u017eevnih susreta ve\u010de posve\u0107eno Miki Anti\u0107u. Na\u0161i ve\u010dera\u0161nji gosti su veliki pjesnik Pero Zubac, pro\u0161logodi\u0161nji laureat, a u muzi\u010dkoj pratnji nastupi\u0107e Milo\u0161 Zubac, kantautor i pjesnik, i Milan Kora\u0107, tako\u0111e kantautor i pjesnik, i mislim da \u0107e biti jedno ve\u010de koje \u0107e ostati u sje\u0107anjima Prijedor\u010dana\u201d, kazao je Boris Eremi\u0107, direktor Galerije.<\/p>\n<p>U\u010desnici knji\u017eevne ve\u010deri posve\u0107ene Miki Anti\u0107u istakli su da \u0107e se ljudi uvijek vra\u0107ati njegovoj poeziji, jer su najbolji od njegovih stihova namijenjeni djeci i onima koji su sa\u010duvali dijete u sebi.<\/p>\n<p><strong><a href=\"https:\/\/kozarski.com\/odrzano-knjizevno-vece-posveceno-miki-anticu\/\" target=\"_blank\" rel=\"noopener\">kozarski.com<\/a><\/strong><\/p>\n<p><a href=\"https:\/\/www.prijedordanas.com\/wp-content\/uploads\/2025\/09\/kozarski-knjizevno-vece-posveceno-miki-anticu-2.jpg\"><img loading=\"lazy\" decoding=\"async\" src=\"https:\/\/www.prijedordanas.com\/wp-content\/uploads\/2025\/09\/kozarski-knjizevno-vece-posveceno-miki-anticu-2-300x169.jpg\" alt=\"\" width=\"300\" height=\"169\" class=\"alignleft size-medium wp-image-253375\" srcset=\"https:\/\/www.prijedordanas.com\/wp-content\/uploads\/2025\/09\/kozarski-knjizevno-vece-posveceno-miki-anticu-2-300x169.jpg 300w, https:\/\/www.prijedordanas.com\/wp-content\/uploads\/2025\/09\/kozarski-knjizevno-vece-posveceno-miki-anticu-2.jpg 600w\" sizes=\"(max-width: 300px) 100vw, 300px\" \/><\/a> <a href=\"https:\/\/www.prijedordanas.com\/wp-content\/uploads\/2025\/09\/kozarski-knjizevno-vece-posveceno-miki-anticu-3.jpg\"><img loading=\"lazy\" decoding=\"async\" src=\"https:\/\/www.prijedordanas.com\/wp-content\/uploads\/2025\/09\/kozarski-knjizevno-vece-posveceno-miki-anticu-3-300x169.jpg\" alt=\"\" width=\"300\" height=\"169\" class=\"alignleft size-medium wp-image-253376\" srcset=\"https:\/\/www.prijedordanas.com\/wp-content\/uploads\/2025\/09\/kozarski-knjizevno-vece-posveceno-miki-anticu-3-300x169.jpg 300w, https:\/\/www.prijedordanas.com\/wp-content\/uploads\/2025\/09\/kozarski-knjizevno-vece-posveceno-miki-anticu-3.jpg 600w\" sizes=\"(max-width: 300px) 100vw, 300px\" \/><\/a><\/p>\n","protected":false},"excerpt":{"rendered":"<p>U okviru 53. knji\u017eevnih susreta na Kozari, u Galeriji \u201cSreten Stojanovi\u0107\u201d odr\u017eano je knji\u017eevno ve\u010de pod nazivom \u201cSve boje sveta\u201d, posve\u0107eno Miroslavu Miki Anti\u0107u. \u201cNaslov ove ve\u010deri, lepo je, pametno [&hellip;]<\/p>\n","protected":false},"author":1,"featured_media":0,"comment_status":"closed","ping_status":"open","sticky":false,"template":"","format":"standard","meta":{"_monsterinsights_skip_tracking":false,"_monsterinsights_sitenote_active":false,"_monsterinsights_sitenote_note":"","_monsterinsights_sitenote_category":0,"footnotes":""},"categories":[6],"tags":[],"yoast_head":"<!-- This site is optimized with the Yoast SEO plugin v21.6 - https:\/\/yoast.com\/wordpress\/plugins\/seo\/ -->\n<title>Knji\u017eevni susreti na Kozari: Odr\u017eano knji\u017eevno ve\u010de posve\u0107eno Miki Anti\u0107u - PrijedorDanas.com - Prijedorski gradski portal<\/title>\n<meta name=\"robots\" content=\"index, follow, max-snippet:-1, max-image-preview:large, max-video-preview:-1\" \/>\n<link rel=\"canonical\" href=\"https:\/\/www.prijedordanas.com\/?p=253373\" \/>\n<meta property=\"og:locale\" content=\"en_US\" \/>\n<meta property=\"og:type\" content=\"article\" \/>\n<meta property=\"og:title\" content=\"Knji\u017eevni susreti na Kozari: Odr\u017eano knji\u017eevno ve\u010de posve\u0107eno Miki Anti\u0107u - PrijedorDanas.com - Prijedorski gradski portal\" \/>\n<meta property=\"og:description\" content=\"U okviru 53. knji\u017eevnih susreta na Kozari, u Galeriji \u201cSreten Stojanovi\u0107\u201d odr\u017eano je knji\u017eevno ve\u010de pod nazivom \u201cSve boje sveta\u201d, posve\u0107eno Miroslavu Miki Anti\u0107u. \u201cNaslov ove ve\u010deri, lepo je, pametno [&hellip;]\" \/>\n<meta property=\"og:url\" content=\"https:\/\/www.prijedordanas.com\/?p=253373\" \/>\n<meta property=\"og:site_name\" content=\"PrijedorDanas.com - Prijedorski gradski portal\" \/>\n<meta property=\"article:publisher\" content=\"https:\/\/www.facebook.com\/PrijedorDanasCom\/\" \/>\n<meta property=\"article:published_time\" content=\"2025-09-07T12:19:42+00:00\" \/>\n<meta property=\"og:image\" content=\"https:\/\/www.prijedordanas.com\/wp-content\/uploads\/2025\/09\/kozarski-knjizevno-vece-posveceno-miki-anticu-1-300x225.jpg\" \/>\n<meta name=\"author\" content=\"admin\" \/>\n<meta name=\"twitter:card\" content=\"summary_large_image\" \/>\n<meta name=\"twitter:label1\" content=\"Written by\" \/>\n\t<meta name=\"twitter:data1\" content=\"admin\" \/>\n\t<meta name=\"twitter:label2\" content=\"Est. reading time\" \/>\n\t<meta name=\"twitter:data2\" content=\"2 minutes\" \/>\n<script type=\"application\/ld+json\" class=\"yoast-schema-graph\">{\"@context\":\"https:\/\/schema.org\",\"@graph\":[{\"@type\":\"Article\",\"@id\":\"https:\/\/www.prijedordanas.com\/?p=253373#article\",\"isPartOf\":{\"@id\":\"https:\/\/www.prijedordanas.com\/?p=253373\"},\"author\":{\"name\":\"admin\",\"@id\":\"https:\/\/www.prijedordanas.com\/#\/schema\/person\/4e08ccf29b506ca916ff86d46bb700e6\"},\"headline\":\"Knji\u017eevni susreti na Kozari: Odr\u017eano knji\u017eevno ve\u010de posve\u0107eno Miki Anti\u0107u\",\"datePublished\":\"2025-09-07T12:19:42+00:00\",\"dateModified\":\"2025-09-07T12:19:42+00:00\",\"mainEntityOfPage\":{\"@id\":\"https:\/\/www.prijedordanas.com\/?p=253373\"},\"wordCount\":297,\"publisher\":{\"@id\":\"https:\/\/www.prijedordanas.com\/#organization\"},\"articleSection\":[\"Kultura\"],\"inLanguage\":\"en-US\"},{\"@type\":\"WebPage\",\"@id\":\"https:\/\/www.prijedordanas.com\/?p=253373\",\"url\":\"https:\/\/www.prijedordanas.com\/?p=253373\",\"name\":\"Knji\u017eevni susreti na Kozari: Odr\u017eano knji\u017eevno ve\u010de posve\u0107eno Miki Anti\u0107u - PrijedorDanas.com - Prijedorski gradski portal\",\"isPartOf\":{\"@id\":\"https:\/\/www.prijedordanas.com\/#website\"},\"datePublished\":\"2025-09-07T12:19:42+00:00\",\"dateModified\":\"2025-09-07T12:19:42+00:00\",\"breadcrumb\":{\"@id\":\"https:\/\/www.prijedordanas.com\/?p=253373#breadcrumb\"},\"inLanguage\":\"en-US\",\"potentialAction\":[{\"@type\":\"ReadAction\",\"target\":[\"https:\/\/www.prijedordanas.com\/?p=253373\"]}]},{\"@type\":\"BreadcrumbList\",\"@id\":\"https:\/\/www.prijedordanas.com\/?p=253373#breadcrumb\",\"itemListElement\":[{\"@type\":\"ListItem\",\"position\":1,\"name\":\"Home\",\"item\":\"https:\/\/www.prijedordanas.com\/\"},{\"@type\":\"ListItem\",\"position\":2,\"name\":\"Knji\u017eevni susreti na Kozari: Odr\u017eano knji\u017eevno ve\u010de posve\u0107eno Miki Anti\u0107u\"}]},{\"@type\":\"WebSite\",\"@id\":\"https:\/\/www.prijedordanas.com\/#website\",\"url\":\"https:\/\/www.prijedordanas.com\/\",\"name\":\"PrijedorDanas.com - Prijedorski gradski portal\",\"description\":\"Portal o doga\u0111anjima u gradu Prijedoru\",\"publisher\":{\"@id\":\"https:\/\/www.prijedordanas.com\/#organization\"},\"potentialAction\":[{\"@type\":\"SearchAction\",\"target\":{\"@type\":\"EntryPoint\",\"urlTemplate\":\"https:\/\/www.prijedordanas.com\/?s={search_term_string}\"},\"query-input\":\"required name=search_term_string\"}],\"inLanguage\":\"en-US\"},{\"@type\":\"Organization\",\"@id\":\"https:\/\/www.prijedordanas.com\/#organization\",\"name\":\"PrijedorDanas.com\",\"url\":\"https:\/\/www.prijedordanas.com\/\",\"logo\":{\"@type\":\"ImageObject\",\"inLanguage\":\"en-US\",\"@id\":\"https:\/\/www.prijedordanas.com\/#\/schema\/logo\/image\/\",\"url\":\"http:\/\/www.prijedordanas.com\/wp-content\/uploads\/2021\/12\/logopng.png\",\"contentUrl\":\"http:\/\/www.prijedordanas.com\/wp-content\/uploads\/2021\/12\/logopng.png\",\"width\":1019,\"height\":776,\"caption\":\"PrijedorDanas.com\"},\"image\":{\"@id\":\"https:\/\/www.prijedordanas.com\/#\/schema\/logo\/image\/\"},\"sameAs\":[\"https:\/\/www.facebook.com\/PrijedorDanasCom\/\"]},{\"@type\":\"Person\",\"@id\":\"https:\/\/www.prijedordanas.com\/#\/schema\/person\/4e08ccf29b506ca916ff86d46bb700e6\",\"name\":\"admin\",\"image\":{\"@type\":\"ImageObject\",\"inLanguage\":\"en-US\",\"@id\":\"https:\/\/www.prijedordanas.com\/#\/schema\/person\/image\/\",\"url\":\"https:\/\/secure.gravatar.com\/avatar\/1d3fc949d550f0b53a5f0d51e06dfd79?s=96&d=mm&r=g\",\"contentUrl\":\"https:\/\/secure.gravatar.com\/avatar\/1d3fc949d550f0b53a5f0d51e06dfd79?s=96&d=mm&r=g\",\"caption\":\"admin\"},\"url\":\"https:\/\/www.prijedordanas.com\/?author=1\"}]}<\/script>\n<!-- \/ Yoast SEO plugin. -->","yoast_head_json":{"title":"Knji\u017eevni susreti na Kozari: Odr\u017eano knji\u017eevno ve\u010de posve\u0107eno Miki Anti\u0107u - PrijedorDanas.com - Prijedorski gradski portal","robots":{"index":"index","follow":"follow","max-snippet":"max-snippet:-1","max-image-preview":"max-image-preview:large","max-video-preview":"max-video-preview:-1"},"canonical":"https:\/\/www.prijedordanas.com\/?p=253373","og_locale":"en_US","og_type":"article","og_title":"Knji\u017eevni susreti na Kozari: Odr\u017eano knji\u017eevno ve\u010de posve\u0107eno Miki Anti\u0107u - PrijedorDanas.com - Prijedorski gradski portal","og_description":"U okviru 53. knji\u017eevnih susreta na Kozari, u Galeriji \u201cSreten Stojanovi\u0107\u201d odr\u017eano je knji\u017eevno ve\u010de pod nazivom \u201cSve boje sveta\u201d, posve\u0107eno Miroslavu Miki Anti\u0107u. \u201cNaslov ove ve\u010deri, lepo je, pametno [&hellip;]","og_url":"https:\/\/www.prijedordanas.com\/?p=253373","og_site_name":"PrijedorDanas.com - Prijedorski gradski portal","article_publisher":"https:\/\/www.facebook.com\/PrijedorDanasCom\/","article_published_time":"2025-09-07T12:19:42+00:00","og_image":[{"url":"https:\/\/www.prijedordanas.com\/wp-content\/uploads\/2025\/09\/kozarski-knjizevno-vece-posveceno-miki-anticu-1-300x225.jpg"}],"author":"admin","twitter_card":"summary_large_image","twitter_misc":{"Written by":"admin","Est. reading time":"2 minutes"},"schema":{"@context":"https:\/\/schema.org","@graph":[{"@type":"Article","@id":"https:\/\/www.prijedordanas.com\/?p=253373#article","isPartOf":{"@id":"https:\/\/www.prijedordanas.com\/?p=253373"},"author":{"name":"admin","@id":"https:\/\/www.prijedordanas.com\/#\/schema\/person\/4e08ccf29b506ca916ff86d46bb700e6"},"headline":"Knji\u017eevni susreti na Kozari: Odr\u017eano knji\u017eevno ve\u010de posve\u0107eno Miki Anti\u0107u","datePublished":"2025-09-07T12:19:42+00:00","dateModified":"2025-09-07T12:19:42+00:00","mainEntityOfPage":{"@id":"https:\/\/www.prijedordanas.com\/?p=253373"},"wordCount":297,"publisher":{"@id":"https:\/\/www.prijedordanas.com\/#organization"},"articleSection":["Kultura"],"inLanguage":"en-US"},{"@type":"WebPage","@id":"https:\/\/www.prijedordanas.com\/?p=253373","url":"https:\/\/www.prijedordanas.com\/?p=253373","name":"Knji\u017eevni susreti na Kozari: Odr\u017eano knji\u017eevno ve\u010de posve\u0107eno Miki Anti\u0107u - PrijedorDanas.com - Prijedorski gradski portal","isPartOf":{"@id":"https:\/\/www.prijedordanas.com\/#website"},"datePublished":"2025-09-07T12:19:42+00:00","dateModified":"2025-09-07T12:19:42+00:00","breadcrumb":{"@id":"https:\/\/www.prijedordanas.com\/?p=253373#breadcrumb"},"inLanguage":"en-US","potentialAction":[{"@type":"ReadAction","target":["https:\/\/www.prijedordanas.com\/?p=253373"]}]},{"@type":"BreadcrumbList","@id":"https:\/\/www.prijedordanas.com\/?p=253373#breadcrumb","itemListElement":[{"@type":"ListItem","position":1,"name":"Home","item":"https:\/\/www.prijedordanas.com\/"},{"@type":"ListItem","position":2,"name":"Knji\u017eevni susreti na Kozari: Odr\u017eano knji\u017eevno ve\u010de posve\u0107eno Miki Anti\u0107u"}]},{"@type":"WebSite","@id":"https:\/\/www.prijedordanas.com\/#website","url":"https:\/\/www.prijedordanas.com\/","name":"PrijedorDanas.com - Prijedorski gradski portal","description":"Portal o doga\u0111anjima u gradu Prijedoru","publisher":{"@id":"https:\/\/www.prijedordanas.com\/#organization"},"potentialAction":[{"@type":"SearchAction","target":{"@type":"EntryPoint","urlTemplate":"https:\/\/www.prijedordanas.com\/?s={search_term_string}"},"query-input":"required name=search_term_string"}],"inLanguage":"en-US"},{"@type":"Organization","@id":"https:\/\/www.prijedordanas.com\/#organization","name":"PrijedorDanas.com","url":"https:\/\/www.prijedordanas.com\/","logo":{"@type":"ImageObject","inLanguage":"en-US","@id":"https:\/\/www.prijedordanas.com\/#\/schema\/logo\/image\/","url":"http:\/\/www.prijedordanas.com\/wp-content\/uploads\/2021\/12\/logopng.png","contentUrl":"http:\/\/www.prijedordanas.com\/wp-content\/uploads\/2021\/12\/logopng.png","width":1019,"height":776,"caption":"PrijedorDanas.com"},"image":{"@id":"https:\/\/www.prijedordanas.com\/#\/schema\/logo\/image\/"},"sameAs":["https:\/\/www.facebook.com\/PrijedorDanasCom\/"]},{"@type":"Person","@id":"https:\/\/www.prijedordanas.com\/#\/schema\/person\/4e08ccf29b506ca916ff86d46bb700e6","name":"admin","image":{"@type":"ImageObject","inLanguage":"en-US","@id":"https:\/\/www.prijedordanas.com\/#\/schema\/person\/image\/","url":"https:\/\/secure.gravatar.com\/avatar\/1d3fc949d550f0b53a5f0d51e06dfd79?s=96&d=mm&r=g","contentUrl":"https:\/\/secure.gravatar.com\/avatar\/1d3fc949d550f0b53a5f0d51e06dfd79?s=96&d=mm&r=g","caption":"admin"},"url":"https:\/\/www.prijedordanas.com\/?author=1"}]}},"_links":{"self":[{"href":"https:\/\/www.prijedordanas.com\/index.php?rest_route=\/wp\/v2\/posts\/253373"}],"collection":[{"href":"https:\/\/www.prijedordanas.com\/index.php?rest_route=\/wp\/v2\/posts"}],"about":[{"href":"https:\/\/www.prijedordanas.com\/index.php?rest_route=\/wp\/v2\/types\/post"}],"author":[{"embeddable":true,"href":"https:\/\/www.prijedordanas.com\/index.php?rest_route=\/wp\/v2\/users\/1"}],"replies":[{"embeddable":true,"href":"https:\/\/www.prijedordanas.com\/index.php?rest_route=%2Fwp%2Fv2%2Fcomments&post=253373"}],"version-history":[{"count":1,"href":"https:\/\/www.prijedordanas.com\/index.php?rest_route=\/wp\/v2\/posts\/253373\/revisions"}],"predecessor-version":[{"id":253377,"href":"https:\/\/www.prijedordanas.com\/index.php?rest_route=\/wp\/v2\/posts\/253373\/revisions\/253377"}],"wp:attachment":[{"href":"https:\/\/www.prijedordanas.com\/index.php?rest_route=%2Fwp%2Fv2%2Fmedia&parent=253373"}],"wp:term":[{"taxonomy":"category","embeddable":true,"href":"https:\/\/www.prijedordanas.com\/index.php?rest_route=%2Fwp%2Fv2%2Fcategories&post=253373"},{"taxonomy":"post_tag","embeddable":true,"href":"https:\/\/www.prijedordanas.com\/index.php?rest_route=%2Fwp%2Fv2%2Ftags&post=253373"}],"curies":[{"name":"wp","href":"https:\/\/api.w.org\/{rel}","templated":true}]}}