{"id":253368,"date":"2025-09-07T13:53:34","date_gmt":"2025-09-07T11:53:34","guid":{"rendered":"https:\/\/www.prijedordanas.com\/?p=253368"},"modified":"2025-09-07T13:53:34","modified_gmt":"2025-09-07T11:53:34","slug":"obiljezena-godisnjica-formiranja-omarskog-bataljona-2","status":"publish","type":"post","link":"https:\/\/www.prijedordanas.com\/?p=253368","title":{"rendered":"Obilje\u017eena godi\u0161njica formiranja Omarskog bataljona"},"content":{"rendered":"<p><a href=\"https:\/\/www.prijedordanas.com\/wp-content\/uploads\/2025\/09\/kozarski-godisnjica-omarskog-bataljona-2025-1.jpg\"><img loading=\"lazy\" decoding=\"async\" class=\"alignleft size-medium wp-image-253369\" src=\"https:\/\/www.prijedordanas.com\/wp-content\/uploads\/2025\/09\/kozarski-godisnjica-omarskog-bataljona-2025-1-300x225.jpg\" alt=\"\" width=\"300\" height=\"225\" srcset=\"https:\/\/www.prijedordanas.com\/wp-content\/uploads\/2025\/09\/kozarski-godisnjica-omarskog-bataljona-2025-1-300x225.jpg 300w, https:\/\/www.prijedordanas.com\/wp-content\/uploads\/2025\/09\/kozarski-godisnjica-omarskog-bataljona-2025-1-640x480.jpg 640w, https:\/\/www.prijedordanas.com\/wp-content\/uploads\/2025\/09\/kozarski-godisnjica-omarskog-bataljona-2025-1.jpg 667w\" sizes=\"(max-width: 300px) 100vw, 300px\" \/><\/a>Parastosom u hramu Svetog velikomu\u010denika cara Lazara i polaganjem vijenaca kod spomenika poginulim borcima, u Omarskoj je obilje\u017eena 33. godi\u0161njica formiranja Omarskog bataljona.<\/p>\n<p>Ovaj bataljon bio je u sastavu 43. prijedorske motorizovane brigade i Pete kozarske pje\u0161adijske brigade.<\/p>\n<p>\u201cVe\u0107 je pre\u0161lo u tradiciju da se svake godine, po\u010detkom septembra, okupimo i obilje\u017eimo godi\u0161njicu formiranja Bataljona i odlaska na rati\u0161te na Koridor. Bataljon je u\u010destvovao i u ostalim bitkama u sklopu Prvog kraji\u0161kog korpusa i dvije prijedorske brigade. Pre\u0161ao je impozantan ratni put na kome je, na\u017ealost, ostao odre\u0111en broj na\u0161ih boraca i drugova\u201d, rekao je general-major u penziji Radovan Ili\u0107, ratni komandant Omarskog bataljona.<\/p>\n<p>Ili\u0107 dodaje da im je namjera da se i dalje okupljaju i evociraju uspomene na pre\u0111eni ratni put i pale saborce.<\/p>\n<p><a href=\"https:\/\/www.prijedordanas.com\/wp-content\/uploads\/2025\/09\/kozarski-godisnjica-omarskog-bataljona-2025-2.jpg\"><img loading=\"lazy\" decoding=\"async\" class=\"alignleft size-medium wp-image-253370\" src=\"https:\/\/www.prijedordanas.com\/wp-content\/uploads\/2025\/09\/kozarski-godisnjica-omarskog-bataljona-2025-2-300x169.jpg\" alt=\"\" width=\"300\" height=\"169\" srcset=\"https:\/\/www.prijedordanas.com\/wp-content\/uploads\/2025\/09\/kozarski-godisnjica-omarskog-bataljona-2025-2-300x169.jpg 300w, https:\/\/www.prijedordanas.com\/wp-content\/uploads\/2025\/09\/kozarski-godisnjica-omarskog-bataljona-2025-2.jpg 600w\" sizes=\"(max-width: 300px) 100vw, 300px\" \/><\/a>\u201cOmarski bataljon ovako ne\u0161to zaslu\u017euje i treba da ima podr\u0161ku svih struktura u cilju obilje\u017eavanja ovakvih doga\u0111aja\u201d, dodaje on.<\/p>\n<p>Tre\u0107i pje\u0161adijski bataljon bio je sastavljen od boraca sa \u0161ireg prostora Omarske, rekao je Mile \u010cavi\u0107, jedan od ratnih komandanata Pete kozarske brigade.<\/p>\n<p>\u201cNa\u0161 put je bio veoma trnovit. Pro\u0161li smo kompletno rati\u0161te \u0161irom Republike Srpske, a zahvaljuju\u0107i nama i 43. prijedorskoj motorizovanoj brigadi spa\u0161en je Prijedor, jer smo preba\u010deni sa Br\u010dkog i zauzeli polo\u017eaje ispred Sanskog Mosta, gdje smo sa\u010duvali ove prostore\u201d, rekao je \u010cavi\u0107.<\/p>\n<p><a href=\"https:\/\/www.prijedordanas.com\/wp-content\/uploads\/2025\/09\/kozarski-godisnjica-omarskog-bataljona-2025-3.jpg\"><img loading=\"lazy\" decoding=\"async\" src=\"https:\/\/www.prijedordanas.com\/wp-content\/uploads\/2025\/09\/kozarski-godisnjica-omarskog-bataljona-2025-3-300x169.jpg\" alt=\"\" width=\"300\" height=\"169\" class=\"alignleft size-medium wp-image-253371\" srcset=\"https:\/\/www.prijedordanas.com\/wp-content\/uploads\/2025\/09\/kozarski-godisnjica-omarskog-bataljona-2025-3-300x169.jpg 300w, https:\/\/www.prijedordanas.com\/wp-content\/uploads\/2025\/09\/kozarski-godisnjica-omarskog-bataljona-2025-3.jpg 600w\" sizes=\"(max-width: 300px) 100vw, 300px\" \/><\/a>Brojne delegacije polo\u017eile su vijence kod spomenika poginulim borcima u Omarskoj, me\u0111u kojima i predstavnici lokalne zajednice.<\/p>\n<p>\u201cDo\u0161li smo u Omarsku da odamo po\u010dast 3. pje\u0161adijskom bataljonu, zajedno sa njihovim porodicama, saborcima i mje\u0161tanima Omarske. Da se podsjetimo na njihovu \u017ertvu i slavni ratni put. Grad Prijedor uvijek je tu da podr\u017ei, kako bora\u010dku populaciju, tako i njihove porodice. Cijenimo njihov trud i \u017ertvu, jer bez njih ne bi bilo ni Republike Srpske\u201d, rekao je zamjenik gradona\u010delnika Prijedora Nenad Mejaki\u0107.<\/p>\n<p>Omarski bataljon imao je oko 800 boraca, s tim da je tokom rata kroz ovu jedinicu pro\u0161lo i do hiljadu boraca. U Odbrambeno-otad\u017ebinskom ratu s podru\u010dja Omarske poginulo je 188 boraca.<\/p>\n<p><strong><a href=\"https:\/\/kozarski.com\/obiljezena-godisnjica-formiranja-omarskog-bataljona-2\/\" target=\"_blank\" rel=\"noopener\">kozarski.com<\/a><\/strong><\/p>\n","protected":false},"excerpt":{"rendered":"<p>Parastosom u hramu Svetog velikomu\u010denika cara Lazara i polaganjem vijenaca kod spomenika poginulim borcima, u Omarskoj je obilje\u017eena 33. godi\u0161njica formiranja Omarskog bataljona. Ovaj bataljon bio je u sastavu 43. [&hellip;]<\/p>\n","protected":false},"author":1,"featured_media":0,"comment_status":"closed","ping_status":"open","sticky":false,"template":"","format":"standard","meta":{"_monsterinsights_skip_tracking":false,"_monsterinsights_sitenote_active":false,"_monsterinsights_sitenote_note":"","_monsterinsights_sitenote_category":0,"footnotes":""},"categories":[8],"tags":[],"yoast_head":"<!-- This site is optimized with the Yoast SEO plugin v21.6 - https:\/\/yoast.com\/wordpress\/plugins\/seo\/ -->\n<title>Obilje\u017eena godi\u0161njica formiranja Omarskog bataljona - PrijedorDanas.com - Prijedorski gradski portal<\/title>\n<meta name=\"robots\" content=\"index, follow, max-snippet:-1, max-image-preview:large, max-video-preview:-1\" \/>\n<link rel=\"canonical\" href=\"https:\/\/www.prijedordanas.com\/?p=253368\" \/>\n<meta property=\"og:locale\" content=\"en_US\" \/>\n<meta property=\"og:type\" content=\"article\" \/>\n<meta property=\"og:title\" content=\"Obilje\u017eena godi\u0161njica formiranja Omarskog bataljona - PrijedorDanas.com - Prijedorski gradski portal\" \/>\n<meta property=\"og:description\" content=\"Parastosom u hramu Svetog velikomu\u010denika cara Lazara i polaganjem vijenaca kod spomenika poginulim borcima, u Omarskoj je obilje\u017eena 33. godi\u0161njica formiranja Omarskog bataljona. Ovaj bataljon bio je u sastavu 43. [&hellip;]\" \/>\n<meta property=\"og:url\" content=\"https:\/\/www.prijedordanas.com\/?p=253368\" \/>\n<meta property=\"og:site_name\" content=\"PrijedorDanas.com - Prijedorski gradski portal\" \/>\n<meta property=\"article:publisher\" content=\"https:\/\/www.facebook.com\/PrijedorDanasCom\/\" \/>\n<meta property=\"article:published_time\" content=\"2025-09-07T11:53:34+00:00\" \/>\n<meta property=\"og:image\" content=\"https:\/\/www.prijedordanas.com\/wp-content\/uploads\/2025\/09\/kozarski-godisnjica-omarskog-bataljona-2025-1-300x225.jpg\" \/>\n<meta name=\"author\" content=\"admin\" \/>\n<meta name=\"twitter:card\" content=\"summary_large_image\" \/>\n<meta name=\"twitter:label1\" content=\"Written by\" \/>\n\t<meta name=\"twitter:data1\" content=\"admin\" \/>\n\t<meta name=\"twitter:label2\" content=\"Est. reading time\" \/>\n\t<meta name=\"twitter:data2\" content=\"2 minutes\" \/>\n<script type=\"application\/ld+json\" class=\"yoast-schema-graph\">{\"@context\":\"https:\/\/schema.org\",\"@graph\":[{\"@type\":\"Article\",\"@id\":\"https:\/\/www.prijedordanas.com\/?p=253368#article\",\"isPartOf\":{\"@id\":\"https:\/\/www.prijedordanas.com\/?p=253368\"},\"author\":{\"name\":\"admin\",\"@id\":\"https:\/\/www.prijedordanas.com\/#\/schema\/person\/4e08ccf29b506ca916ff86d46bb700e6\"},\"headline\":\"Obilje\u017eena godi\u0161njica formiranja Omarskog bataljona\",\"datePublished\":\"2025-09-07T11:53:34+00:00\",\"dateModified\":\"2025-09-07T11:53:34+00:00\",\"mainEntityOfPage\":{\"@id\":\"https:\/\/www.prijedordanas.com\/?p=253368\"},\"wordCount\":367,\"publisher\":{\"@id\":\"https:\/\/www.prijedordanas.com\/#organization\"},\"articleSection\":[\"Svakodnevno\"],\"inLanguage\":\"en-US\"},{\"@type\":\"WebPage\",\"@id\":\"https:\/\/www.prijedordanas.com\/?p=253368\",\"url\":\"https:\/\/www.prijedordanas.com\/?p=253368\",\"name\":\"Obilje\u017eena godi\u0161njica formiranja Omarskog bataljona - PrijedorDanas.com - Prijedorski gradski portal\",\"isPartOf\":{\"@id\":\"https:\/\/www.prijedordanas.com\/#website\"},\"datePublished\":\"2025-09-07T11:53:34+00:00\",\"dateModified\":\"2025-09-07T11:53:34+00:00\",\"breadcrumb\":{\"@id\":\"https:\/\/www.prijedordanas.com\/?p=253368#breadcrumb\"},\"inLanguage\":\"en-US\",\"potentialAction\":[{\"@type\":\"ReadAction\",\"target\":[\"https:\/\/www.prijedordanas.com\/?p=253368\"]}]},{\"@type\":\"BreadcrumbList\",\"@id\":\"https:\/\/www.prijedordanas.com\/?p=253368#breadcrumb\",\"itemListElement\":[{\"@type\":\"ListItem\",\"position\":1,\"name\":\"Home\",\"item\":\"https:\/\/www.prijedordanas.com\/\"},{\"@type\":\"ListItem\",\"position\":2,\"name\":\"Obilje\u017eena godi\u0161njica formiranja Omarskog bataljona\"}]},{\"@type\":\"WebSite\",\"@id\":\"https:\/\/www.prijedordanas.com\/#website\",\"url\":\"https:\/\/www.prijedordanas.com\/\",\"name\":\"PrijedorDanas.com - Prijedorski gradski portal\",\"description\":\"Portal o doga\u0111anjima u gradu Prijedoru\",\"publisher\":{\"@id\":\"https:\/\/www.prijedordanas.com\/#organization\"},\"potentialAction\":[{\"@type\":\"SearchAction\",\"target\":{\"@type\":\"EntryPoint\",\"urlTemplate\":\"https:\/\/www.prijedordanas.com\/?s={search_term_string}\"},\"query-input\":\"required name=search_term_string\"}],\"inLanguage\":\"en-US\"},{\"@type\":\"Organization\",\"@id\":\"https:\/\/www.prijedordanas.com\/#organization\",\"name\":\"PrijedorDanas.com\",\"url\":\"https:\/\/www.prijedordanas.com\/\",\"logo\":{\"@type\":\"ImageObject\",\"inLanguage\":\"en-US\",\"@id\":\"https:\/\/www.prijedordanas.com\/#\/schema\/logo\/image\/\",\"url\":\"http:\/\/www.prijedordanas.com\/wp-content\/uploads\/2021\/12\/logopng.png\",\"contentUrl\":\"http:\/\/www.prijedordanas.com\/wp-content\/uploads\/2021\/12\/logopng.png\",\"width\":1019,\"height\":776,\"caption\":\"PrijedorDanas.com\"},\"image\":{\"@id\":\"https:\/\/www.prijedordanas.com\/#\/schema\/logo\/image\/\"},\"sameAs\":[\"https:\/\/www.facebook.com\/PrijedorDanasCom\/\"]},{\"@type\":\"Person\",\"@id\":\"https:\/\/www.prijedordanas.com\/#\/schema\/person\/4e08ccf29b506ca916ff86d46bb700e6\",\"name\":\"admin\",\"image\":{\"@type\":\"ImageObject\",\"inLanguage\":\"en-US\",\"@id\":\"https:\/\/www.prijedordanas.com\/#\/schema\/person\/image\/\",\"url\":\"https:\/\/secure.gravatar.com\/avatar\/1d3fc949d550f0b53a5f0d51e06dfd79?s=96&d=mm&r=g\",\"contentUrl\":\"https:\/\/secure.gravatar.com\/avatar\/1d3fc949d550f0b53a5f0d51e06dfd79?s=96&d=mm&r=g\",\"caption\":\"admin\"},\"url\":\"https:\/\/www.prijedordanas.com\/?author=1\"}]}<\/script>\n<!-- \/ Yoast SEO plugin. -->","yoast_head_json":{"title":"Obilje\u017eena godi\u0161njica formiranja Omarskog bataljona - PrijedorDanas.com - Prijedorski gradski portal","robots":{"index":"index","follow":"follow","max-snippet":"max-snippet:-1","max-image-preview":"max-image-preview:large","max-video-preview":"max-video-preview:-1"},"canonical":"https:\/\/www.prijedordanas.com\/?p=253368","og_locale":"en_US","og_type":"article","og_title":"Obilje\u017eena godi\u0161njica formiranja Omarskog bataljona - PrijedorDanas.com - Prijedorski gradski portal","og_description":"Parastosom u hramu Svetog velikomu\u010denika cara Lazara i polaganjem vijenaca kod spomenika poginulim borcima, u Omarskoj je obilje\u017eena 33. godi\u0161njica formiranja Omarskog bataljona. Ovaj bataljon bio je u sastavu 43. [&hellip;]","og_url":"https:\/\/www.prijedordanas.com\/?p=253368","og_site_name":"PrijedorDanas.com - Prijedorski gradski portal","article_publisher":"https:\/\/www.facebook.com\/PrijedorDanasCom\/","article_published_time":"2025-09-07T11:53:34+00:00","og_image":[{"url":"https:\/\/www.prijedordanas.com\/wp-content\/uploads\/2025\/09\/kozarski-godisnjica-omarskog-bataljona-2025-1-300x225.jpg"}],"author":"admin","twitter_card":"summary_large_image","twitter_misc":{"Written by":"admin","Est. reading time":"2 minutes"},"schema":{"@context":"https:\/\/schema.org","@graph":[{"@type":"Article","@id":"https:\/\/www.prijedordanas.com\/?p=253368#article","isPartOf":{"@id":"https:\/\/www.prijedordanas.com\/?p=253368"},"author":{"name":"admin","@id":"https:\/\/www.prijedordanas.com\/#\/schema\/person\/4e08ccf29b506ca916ff86d46bb700e6"},"headline":"Obilje\u017eena godi\u0161njica formiranja Omarskog bataljona","datePublished":"2025-09-07T11:53:34+00:00","dateModified":"2025-09-07T11:53:34+00:00","mainEntityOfPage":{"@id":"https:\/\/www.prijedordanas.com\/?p=253368"},"wordCount":367,"publisher":{"@id":"https:\/\/www.prijedordanas.com\/#organization"},"articleSection":["Svakodnevno"],"inLanguage":"en-US"},{"@type":"WebPage","@id":"https:\/\/www.prijedordanas.com\/?p=253368","url":"https:\/\/www.prijedordanas.com\/?p=253368","name":"Obilje\u017eena godi\u0161njica formiranja Omarskog bataljona - PrijedorDanas.com - Prijedorski gradski portal","isPartOf":{"@id":"https:\/\/www.prijedordanas.com\/#website"},"datePublished":"2025-09-07T11:53:34+00:00","dateModified":"2025-09-07T11:53:34+00:00","breadcrumb":{"@id":"https:\/\/www.prijedordanas.com\/?p=253368#breadcrumb"},"inLanguage":"en-US","potentialAction":[{"@type":"ReadAction","target":["https:\/\/www.prijedordanas.com\/?p=253368"]}]},{"@type":"BreadcrumbList","@id":"https:\/\/www.prijedordanas.com\/?p=253368#breadcrumb","itemListElement":[{"@type":"ListItem","position":1,"name":"Home","item":"https:\/\/www.prijedordanas.com\/"},{"@type":"ListItem","position":2,"name":"Obilje\u017eena godi\u0161njica formiranja Omarskog bataljona"}]},{"@type":"WebSite","@id":"https:\/\/www.prijedordanas.com\/#website","url":"https:\/\/www.prijedordanas.com\/","name":"PrijedorDanas.com - Prijedorski gradski portal","description":"Portal o doga\u0111anjima u gradu Prijedoru","publisher":{"@id":"https:\/\/www.prijedordanas.com\/#organization"},"potentialAction":[{"@type":"SearchAction","target":{"@type":"EntryPoint","urlTemplate":"https:\/\/www.prijedordanas.com\/?s={search_term_string}"},"query-input":"required name=search_term_string"}],"inLanguage":"en-US"},{"@type":"Organization","@id":"https:\/\/www.prijedordanas.com\/#organization","name":"PrijedorDanas.com","url":"https:\/\/www.prijedordanas.com\/","logo":{"@type":"ImageObject","inLanguage":"en-US","@id":"https:\/\/www.prijedordanas.com\/#\/schema\/logo\/image\/","url":"http:\/\/www.prijedordanas.com\/wp-content\/uploads\/2021\/12\/logopng.png","contentUrl":"http:\/\/www.prijedordanas.com\/wp-content\/uploads\/2021\/12\/logopng.png","width":1019,"height":776,"caption":"PrijedorDanas.com"},"image":{"@id":"https:\/\/www.prijedordanas.com\/#\/schema\/logo\/image\/"},"sameAs":["https:\/\/www.facebook.com\/PrijedorDanasCom\/"]},{"@type":"Person","@id":"https:\/\/www.prijedordanas.com\/#\/schema\/person\/4e08ccf29b506ca916ff86d46bb700e6","name":"admin","image":{"@type":"ImageObject","inLanguage":"en-US","@id":"https:\/\/www.prijedordanas.com\/#\/schema\/person\/image\/","url":"https:\/\/secure.gravatar.com\/avatar\/1d3fc949d550f0b53a5f0d51e06dfd79?s=96&d=mm&r=g","contentUrl":"https:\/\/secure.gravatar.com\/avatar\/1d3fc949d550f0b53a5f0d51e06dfd79?s=96&d=mm&r=g","caption":"admin"},"url":"https:\/\/www.prijedordanas.com\/?author=1"}]}},"_links":{"self":[{"href":"https:\/\/www.prijedordanas.com\/index.php?rest_route=\/wp\/v2\/posts\/253368"}],"collection":[{"href":"https:\/\/www.prijedordanas.com\/index.php?rest_route=\/wp\/v2\/posts"}],"about":[{"href":"https:\/\/www.prijedordanas.com\/index.php?rest_route=\/wp\/v2\/types\/post"}],"author":[{"embeddable":true,"href":"https:\/\/www.prijedordanas.com\/index.php?rest_route=\/wp\/v2\/users\/1"}],"replies":[{"embeddable":true,"href":"https:\/\/www.prijedordanas.com\/index.php?rest_route=%2Fwp%2Fv2%2Fcomments&post=253368"}],"version-history":[{"count":1,"href":"https:\/\/www.prijedordanas.com\/index.php?rest_route=\/wp\/v2\/posts\/253368\/revisions"}],"predecessor-version":[{"id":253372,"href":"https:\/\/www.prijedordanas.com\/index.php?rest_route=\/wp\/v2\/posts\/253368\/revisions\/253372"}],"wp:attachment":[{"href":"https:\/\/www.prijedordanas.com\/index.php?rest_route=%2Fwp%2Fv2%2Fmedia&parent=253368"}],"wp:term":[{"taxonomy":"category","embeddable":true,"href":"https:\/\/www.prijedordanas.com\/index.php?rest_route=%2Fwp%2Fv2%2Fcategories&post=253368"},{"taxonomy":"post_tag","embeddable":true,"href":"https:\/\/www.prijedordanas.com\/index.php?rest_route=%2Fwp%2Fv2%2Ftags&post=253368"}],"curies":[{"name":"wp","href":"https:\/\/api.w.org\/{rel}","templated":true}]}}