{"id":252904,"date":"2025-08-29T15:00:25","date_gmt":"2025-08-29T13:00:25","guid":{"rendered":"https:\/\/www.prijedordanas.com\/?p=252904"},"modified":"2025-08-29T15:00:25","modified_gmt":"2025-08-29T13:00:25","slug":"uhapsen-osumnjiceni-za-razbojnistvo-i-predat-okruznom-javnom-tuzilastvu-prijedor","status":"publish","type":"post","link":"https:\/\/www.prijedordanas.com\/?p=252904","title":{"rendered":"Uhap\u0161en osumnji\u010deni za razbojni\u0161tvo i predat Okru\u017enom javnom tu\u017eila\u0161tvu Prijedor"},"content":{"rendered":"<p><a href=\"https:\/\/www.prijedordanas.com\/wp-content\/uploads\/2025\/07\/ilustracija-hapsenje-5.jpg\"><img loading=\"lazy\" decoding=\"async\" src=\"https:\/\/www.prijedordanas.com\/wp-content\/uploads\/2025\/07\/ilustracija-hapsenje-5-300x225.jpg\" alt=\"\" width=\"300\" height=\"225\" class=\"alignleft size-medium wp-image-251027\" srcset=\"https:\/\/www.prijedordanas.com\/wp-content\/uploads\/2025\/07\/ilustracija-hapsenje-5-300x225.jpg 300w, https:\/\/www.prijedordanas.com\/wp-content\/uploads\/2025\/07\/ilustracija-hapsenje-5-640x480.jpg 640w, https:\/\/www.prijedordanas.com\/wp-content\/uploads\/2025\/07\/ilustracija-hapsenje-5.jpg 667w\" sizes=\"(max-width: 300px) 100vw, 300px\" \/><\/a>Policijski slu\u017ebenici Policijske uprave Prijedor identifikovali su lice E.\u0160. iz Ilija\u0161a kao izvr\u0161oca krivi\u010dnog djela \u201eRazbojni\u0161tvo\u201c u poku\u0161aju, koji je li\u0161en slobode 28.08.2025. godine po osnovu raspisane potrage Policijske uprave Prijedor na podru\u010dju Ilija\u0161a &#8211; Kanton Sarajevo. <\/p>\n<p>Lice E.\u0160. se tereti da je dana 26.08.2025. godine, sa jo\u0161 jednim licem, na magistralnom putu Bosanska Krupa-Novi Grad, vozilom marke \u201eAudi\u201c, u cilju izvr\u0161enja razbojni\u0161tva poku\u0161alo prinudno zaustaviti vozilo kojim je upravljalo lice iz Cazina. <\/p>\n<p>Tom prilikom do\u0161lo je do kontakta i o\u0161tec\u0301enja oba vozila, a izvr\u0161ioci su prema o\u0161tec\u0301enom usmjerili i vatreno oru\u017eje-pi\u0161tolj. <\/p>\n<p>Preduzimajuc\u0301i mjere i radnje na rasvjetljavanju krivi\u010dnog djela, policijski slu\u017ebenici su na podru\u010dju Krupe na Uni prona\u0161li napu\u0161teno vozilo koje su osumnji\u010deni koristili za izvr\u0161enje krivi\u010dnog djela. <\/p>\n<p>Osumnji\u010deni E.\u0160. je uz Izvje\u0161taj o po\u010dinjenom krivi\u010dnom djelu \u201eRazbojni\u0161tvo\u201c u poku\u0161aju predat tu\u017eiocu Okru\u017enog javnog tu\u017eila\u0161tva Prijedor, a policijski slu\u017ebenici nastavljaju rad na utvr\u0111ivanju svih okolnosti i pronalasku drugog izvr\u0161ioca krivi\u010dnog djela.<\/p>\n<p>PU Prijedor<br \/>\nFoto &#8211; ilustracija<\/p>\n","protected":false},"excerpt":{"rendered":"<p>Policijski slu\u017ebenici Policijske uprave Prijedor identifikovali su lice E.\u0160. iz Ilija\u0161a kao izvr\u0161oca krivi\u010dnog djela \u201eRazbojni\u0161tvo\u201c u poku\u0161aju, koji je li\u0161en slobode 28.08.2025. godine po osnovu raspisane potrage Policijske uprave [&hellip;]<\/p>\n","protected":false},"author":1,"featured_media":0,"comment_status":"closed","ping_status":"open","sticky":false,"template":"","format":"standard","meta":{"_monsterinsights_skip_tracking":false,"_monsterinsights_sitenote_active":false,"_monsterinsights_sitenote_note":"","_monsterinsights_sitenote_category":0,"footnotes":""},"categories":[5],"tags":[],"yoast_head":"<!-- This site is optimized with the Yoast SEO plugin v21.6 - https:\/\/yoast.com\/wordpress\/plugins\/seo\/ -->\n<title>Uhap\u0161en osumnji\u010deni za razbojni\u0161tvo i predat Okru\u017enom javnom tu\u017eila\u0161tvu Prijedor - PrijedorDanas.com - Prijedorski gradski portal<\/title>\n<meta name=\"robots\" content=\"index, follow, max-snippet:-1, max-image-preview:large, max-video-preview:-1\" \/>\n<link rel=\"canonical\" href=\"https:\/\/www.prijedordanas.com\/?p=252904\" \/>\n<meta property=\"og:locale\" content=\"en_US\" \/>\n<meta property=\"og:type\" content=\"article\" \/>\n<meta property=\"og:title\" content=\"Uhap\u0161en osumnji\u010deni za razbojni\u0161tvo i predat Okru\u017enom javnom tu\u017eila\u0161tvu Prijedor - PrijedorDanas.com - Prijedorski gradski portal\" \/>\n<meta property=\"og:description\" content=\"Policijski slu\u017ebenici Policijske uprave Prijedor identifikovali su lice E.\u0160. iz Ilija\u0161a kao izvr\u0161oca krivi\u010dnog djela \u201eRazbojni\u0161tvo\u201c u poku\u0161aju, koji je li\u0161en slobode 28.08.2025. godine po osnovu raspisane potrage Policijske uprave [&hellip;]\" \/>\n<meta property=\"og:url\" content=\"https:\/\/www.prijedordanas.com\/?p=252904\" \/>\n<meta property=\"og:site_name\" content=\"PrijedorDanas.com - Prijedorski gradski portal\" \/>\n<meta property=\"article:publisher\" content=\"https:\/\/www.facebook.com\/PrijedorDanasCom\/\" \/>\n<meta property=\"article:published_time\" content=\"2025-08-29T13:00:25+00:00\" \/>\n<meta property=\"og:image\" content=\"https:\/\/www.prijedordanas.com\/wp-content\/uploads\/2025\/07\/ilustracija-hapsenje-5-300x225.jpg\" \/>\n<meta name=\"author\" content=\"admin\" \/>\n<meta name=\"twitter:card\" content=\"summary_large_image\" \/>\n<meta name=\"twitter:label1\" content=\"Written by\" \/>\n\t<meta name=\"twitter:data1\" content=\"admin\" \/>\n<script type=\"application\/ld+json\" class=\"yoast-schema-graph\">{\"@context\":\"https:\/\/schema.org\",\"@graph\":[{\"@type\":\"Article\",\"@id\":\"https:\/\/www.prijedordanas.com\/?p=252904#article\",\"isPartOf\":{\"@id\":\"https:\/\/www.prijedordanas.com\/?p=252904\"},\"author\":{\"name\":\"admin\",\"@id\":\"https:\/\/www.prijedordanas.com\/#\/schema\/person\/4e08ccf29b506ca916ff86d46bb700e6\"},\"headline\":\"Uhap\u0161en osumnji\u010deni za razbojni\u0161tvo i predat Okru\u017enom javnom tu\u017eila\u0161tvu Prijedor\",\"datePublished\":\"2025-08-29T13:00:25+00:00\",\"dateModified\":\"2025-08-29T13:00:25+00:00\",\"mainEntityOfPage\":{\"@id\":\"https:\/\/www.prijedordanas.com\/?p=252904\"},\"wordCount\":214,\"publisher\":{\"@id\":\"https:\/\/www.prijedordanas.com\/#organization\"},\"articleSection\":[\"Hronika\"],\"inLanguage\":\"en-US\"},{\"@type\":\"WebPage\",\"@id\":\"https:\/\/www.prijedordanas.com\/?p=252904\",\"url\":\"https:\/\/www.prijedordanas.com\/?p=252904\",\"name\":\"Uhap\u0161en osumnji\u010deni za razbojni\u0161tvo i predat Okru\u017enom javnom tu\u017eila\u0161tvu Prijedor - PrijedorDanas.com - Prijedorski gradski portal\",\"isPartOf\":{\"@id\":\"https:\/\/www.prijedordanas.com\/#website\"},\"datePublished\":\"2025-08-29T13:00:25+00:00\",\"dateModified\":\"2025-08-29T13:00:25+00:00\",\"breadcrumb\":{\"@id\":\"https:\/\/www.prijedordanas.com\/?p=252904#breadcrumb\"},\"inLanguage\":\"en-US\",\"potentialAction\":[{\"@type\":\"ReadAction\",\"target\":[\"https:\/\/www.prijedordanas.com\/?p=252904\"]}]},{\"@type\":\"BreadcrumbList\",\"@id\":\"https:\/\/www.prijedordanas.com\/?p=252904#breadcrumb\",\"itemListElement\":[{\"@type\":\"ListItem\",\"position\":1,\"name\":\"Home\",\"item\":\"https:\/\/www.prijedordanas.com\/\"},{\"@type\":\"ListItem\",\"position\":2,\"name\":\"Uhap\u0161en osumnji\u010deni za razbojni\u0161tvo i predat Okru\u017enom javnom tu\u017eila\u0161tvu Prijedor\"}]},{\"@type\":\"WebSite\",\"@id\":\"https:\/\/www.prijedordanas.com\/#website\",\"url\":\"https:\/\/www.prijedordanas.com\/\",\"name\":\"PrijedorDanas.com - Prijedorski gradski portal\",\"description\":\"Portal o doga\u0111anjima u gradu Prijedoru\",\"publisher\":{\"@id\":\"https:\/\/www.prijedordanas.com\/#organization\"},\"potentialAction\":[{\"@type\":\"SearchAction\",\"target\":{\"@type\":\"EntryPoint\",\"urlTemplate\":\"https:\/\/www.prijedordanas.com\/?s={search_term_string}\"},\"query-input\":\"required name=search_term_string\"}],\"inLanguage\":\"en-US\"},{\"@type\":\"Organization\",\"@id\":\"https:\/\/www.prijedordanas.com\/#organization\",\"name\":\"PrijedorDanas.com\",\"url\":\"https:\/\/www.prijedordanas.com\/\",\"logo\":{\"@type\":\"ImageObject\",\"inLanguage\":\"en-US\",\"@id\":\"https:\/\/www.prijedordanas.com\/#\/schema\/logo\/image\/\",\"url\":\"http:\/\/www.prijedordanas.com\/wp-content\/uploads\/2021\/12\/logopng.png\",\"contentUrl\":\"http:\/\/www.prijedordanas.com\/wp-content\/uploads\/2021\/12\/logopng.png\",\"width\":1019,\"height\":776,\"caption\":\"PrijedorDanas.com\"},\"image\":{\"@id\":\"https:\/\/www.prijedordanas.com\/#\/schema\/logo\/image\/\"},\"sameAs\":[\"https:\/\/www.facebook.com\/PrijedorDanasCom\/\"]},{\"@type\":\"Person\",\"@id\":\"https:\/\/www.prijedordanas.com\/#\/schema\/person\/4e08ccf29b506ca916ff86d46bb700e6\",\"name\":\"admin\",\"image\":{\"@type\":\"ImageObject\",\"inLanguage\":\"en-US\",\"@id\":\"https:\/\/www.prijedordanas.com\/#\/schema\/person\/image\/\",\"url\":\"https:\/\/secure.gravatar.com\/avatar\/1d3fc949d550f0b53a5f0d51e06dfd79?s=96&d=mm&r=g\",\"contentUrl\":\"https:\/\/secure.gravatar.com\/avatar\/1d3fc949d550f0b53a5f0d51e06dfd79?s=96&d=mm&r=g\",\"caption\":\"admin\"},\"url\":\"https:\/\/www.prijedordanas.com\/?author=1\"}]}<\/script>\n<!-- \/ Yoast SEO plugin. -->","yoast_head_json":{"title":"Uhap\u0161en osumnji\u010deni za razbojni\u0161tvo i predat Okru\u017enom javnom tu\u017eila\u0161tvu Prijedor - PrijedorDanas.com - Prijedorski gradski portal","robots":{"index":"index","follow":"follow","max-snippet":"max-snippet:-1","max-image-preview":"max-image-preview:large","max-video-preview":"max-video-preview:-1"},"canonical":"https:\/\/www.prijedordanas.com\/?p=252904","og_locale":"en_US","og_type":"article","og_title":"Uhap\u0161en osumnji\u010deni za razbojni\u0161tvo i predat Okru\u017enom javnom tu\u017eila\u0161tvu Prijedor - PrijedorDanas.com - Prijedorski gradski portal","og_description":"Policijski slu\u017ebenici Policijske uprave Prijedor identifikovali su lice E.\u0160. iz Ilija\u0161a kao izvr\u0161oca krivi\u010dnog djela \u201eRazbojni\u0161tvo\u201c u poku\u0161aju, koji je li\u0161en slobode 28.08.2025. godine po osnovu raspisane potrage Policijske uprave [&hellip;]","og_url":"https:\/\/www.prijedordanas.com\/?p=252904","og_site_name":"PrijedorDanas.com - Prijedorski gradski portal","article_publisher":"https:\/\/www.facebook.com\/PrijedorDanasCom\/","article_published_time":"2025-08-29T13:00:25+00:00","og_image":[{"url":"https:\/\/www.prijedordanas.com\/wp-content\/uploads\/2025\/07\/ilustracija-hapsenje-5-300x225.jpg"}],"author":"admin","twitter_card":"summary_large_image","twitter_misc":{"Written by":"admin"},"schema":{"@context":"https:\/\/schema.org","@graph":[{"@type":"Article","@id":"https:\/\/www.prijedordanas.com\/?p=252904#article","isPartOf":{"@id":"https:\/\/www.prijedordanas.com\/?p=252904"},"author":{"name":"admin","@id":"https:\/\/www.prijedordanas.com\/#\/schema\/person\/4e08ccf29b506ca916ff86d46bb700e6"},"headline":"Uhap\u0161en osumnji\u010deni za razbojni\u0161tvo i predat Okru\u017enom javnom tu\u017eila\u0161tvu Prijedor","datePublished":"2025-08-29T13:00:25+00:00","dateModified":"2025-08-29T13:00:25+00:00","mainEntityOfPage":{"@id":"https:\/\/www.prijedordanas.com\/?p=252904"},"wordCount":214,"publisher":{"@id":"https:\/\/www.prijedordanas.com\/#organization"},"articleSection":["Hronika"],"inLanguage":"en-US"},{"@type":"WebPage","@id":"https:\/\/www.prijedordanas.com\/?p=252904","url":"https:\/\/www.prijedordanas.com\/?p=252904","name":"Uhap\u0161en osumnji\u010deni za razbojni\u0161tvo i predat Okru\u017enom javnom tu\u017eila\u0161tvu Prijedor - PrijedorDanas.com - Prijedorski gradski portal","isPartOf":{"@id":"https:\/\/www.prijedordanas.com\/#website"},"datePublished":"2025-08-29T13:00:25+00:00","dateModified":"2025-08-29T13:00:25+00:00","breadcrumb":{"@id":"https:\/\/www.prijedordanas.com\/?p=252904#breadcrumb"},"inLanguage":"en-US","potentialAction":[{"@type":"ReadAction","target":["https:\/\/www.prijedordanas.com\/?p=252904"]}]},{"@type":"BreadcrumbList","@id":"https:\/\/www.prijedordanas.com\/?p=252904#breadcrumb","itemListElement":[{"@type":"ListItem","position":1,"name":"Home","item":"https:\/\/www.prijedordanas.com\/"},{"@type":"ListItem","position":2,"name":"Uhap\u0161en osumnji\u010deni za razbojni\u0161tvo i predat Okru\u017enom javnom tu\u017eila\u0161tvu Prijedor"}]},{"@type":"WebSite","@id":"https:\/\/www.prijedordanas.com\/#website","url":"https:\/\/www.prijedordanas.com\/","name":"PrijedorDanas.com - Prijedorski gradski portal","description":"Portal o doga\u0111anjima u gradu Prijedoru","publisher":{"@id":"https:\/\/www.prijedordanas.com\/#organization"},"potentialAction":[{"@type":"SearchAction","target":{"@type":"EntryPoint","urlTemplate":"https:\/\/www.prijedordanas.com\/?s={search_term_string}"},"query-input":"required name=search_term_string"}],"inLanguage":"en-US"},{"@type":"Organization","@id":"https:\/\/www.prijedordanas.com\/#organization","name":"PrijedorDanas.com","url":"https:\/\/www.prijedordanas.com\/","logo":{"@type":"ImageObject","inLanguage":"en-US","@id":"https:\/\/www.prijedordanas.com\/#\/schema\/logo\/image\/","url":"http:\/\/www.prijedordanas.com\/wp-content\/uploads\/2021\/12\/logopng.png","contentUrl":"http:\/\/www.prijedordanas.com\/wp-content\/uploads\/2021\/12\/logopng.png","width":1019,"height":776,"caption":"PrijedorDanas.com"},"image":{"@id":"https:\/\/www.prijedordanas.com\/#\/schema\/logo\/image\/"},"sameAs":["https:\/\/www.facebook.com\/PrijedorDanasCom\/"]},{"@type":"Person","@id":"https:\/\/www.prijedordanas.com\/#\/schema\/person\/4e08ccf29b506ca916ff86d46bb700e6","name":"admin","image":{"@type":"ImageObject","inLanguage":"en-US","@id":"https:\/\/www.prijedordanas.com\/#\/schema\/person\/image\/","url":"https:\/\/secure.gravatar.com\/avatar\/1d3fc949d550f0b53a5f0d51e06dfd79?s=96&d=mm&r=g","contentUrl":"https:\/\/secure.gravatar.com\/avatar\/1d3fc949d550f0b53a5f0d51e06dfd79?s=96&d=mm&r=g","caption":"admin"},"url":"https:\/\/www.prijedordanas.com\/?author=1"}]}},"_links":{"self":[{"href":"https:\/\/www.prijedordanas.com\/index.php?rest_route=\/wp\/v2\/posts\/252904"}],"collection":[{"href":"https:\/\/www.prijedordanas.com\/index.php?rest_route=\/wp\/v2\/posts"}],"about":[{"href":"https:\/\/www.prijedordanas.com\/index.php?rest_route=\/wp\/v2\/types\/post"}],"author":[{"embeddable":true,"href":"https:\/\/www.prijedordanas.com\/index.php?rest_route=\/wp\/v2\/users\/1"}],"replies":[{"embeddable":true,"href":"https:\/\/www.prijedordanas.com\/index.php?rest_route=%2Fwp%2Fv2%2Fcomments&post=252904"}],"version-history":[{"count":1,"href":"https:\/\/www.prijedordanas.com\/index.php?rest_route=\/wp\/v2\/posts\/252904\/revisions"}],"predecessor-version":[{"id":252905,"href":"https:\/\/www.prijedordanas.com\/index.php?rest_route=\/wp\/v2\/posts\/252904\/revisions\/252905"}],"wp:attachment":[{"href":"https:\/\/www.prijedordanas.com\/index.php?rest_route=%2Fwp%2Fv2%2Fmedia&parent=252904"}],"wp:term":[{"taxonomy":"category","embeddable":true,"href":"https:\/\/www.prijedordanas.com\/index.php?rest_route=%2Fwp%2Fv2%2Fcategories&post=252904"},{"taxonomy":"post_tag","embeddable":true,"href":"https:\/\/www.prijedordanas.com\/index.php?rest_route=%2Fwp%2Fv2%2Ftags&post=252904"}],"curies":[{"name":"wp","href":"https:\/\/api.w.org\/{rel}","templated":true}]}}