{"id":252866,"date":"2025-08-28T19:15:38","date_gmt":"2025-08-28T17:15:38","guid":{"rendered":"https:\/\/www.prijedordanas.com\/?p=252866"},"modified":"2025-08-28T19:15:38","modified_gmt":"2025-08-28T17:15:38","slug":"gradonacelnik-prijedora-obisao-radove-na-izgradnji-terena-s-vjestackom-travom-u-omarskoj-foto-video","status":"publish","type":"post","link":"https:\/\/www.prijedordanas.com\/?p=252866","title":{"rendered":"Gradona\u010delnik Prijedora obi\u0161ao radove na izgradnji terena s vje\u0161ta\u010dkom travom u Omarskoj &#8211; FOTO\/VIDEO"},"content":{"rendered":"<p><a href=\"https:\/\/www.prijedordanas.com\/wp-content\/uploads\/2025\/08\/radovi-na-terenu-sa-vjestackom-travom-u-omarskoj.jpg\"><img loading=\"lazy\" decoding=\"async\" class=\"alignleft size-medium wp-image-252875\" src=\"https:\/\/www.prijedordanas.com\/wp-content\/uploads\/2025\/08\/radovi-na-terenu-sa-vjestackom-travom-u-omarskoj-300x225.jpg\" alt=\"\" width=\"300\" height=\"225\" srcset=\"https:\/\/www.prijedordanas.com\/wp-content\/uploads\/2025\/08\/radovi-na-terenu-sa-vjestackom-travom-u-omarskoj-300x225.jpg 300w, https:\/\/www.prijedordanas.com\/wp-content\/uploads\/2025\/08\/radovi-na-terenu-sa-vjestackom-travom-u-omarskoj-640x480.jpg 640w, https:\/\/www.prijedordanas.com\/wp-content\/uploads\/2025\/08\/radovi-na-terenu-sa-vjestackom-travom-u-omarskoj.jpg 666w\" sizes=\"(max-width: 300px) 100vw, 300px\" \/><\/a>Krajem 2022. godine Grad Prijedor je zajedno sa FK \u201eOmarska\u201c i Fudbalskim savezom RS potpisao tripartitni ugovor, a rije\u010d je o sufinanisiranju osam terena sa vje\u0161ta\u010dkom travom u Srpskoj.<\/p>\n<p>Za jedan od terena ugovor je potpisao i FK \u201eOmarska\u201c.<\/p>\n<p>Gradona\u010delnik Prijedora Slobodan Javor naglasio je da Fudbalski klub &#8220;Omarska&#8221; zbog rezultata koji ostvaruje i pozitivne pri\u010de koja je napravljena oko samog kluba, zaslu\u017euje da ima teren sa vje\u0161ta\u010dkom travom.<\/p>\n<p>\u201eUgovor je sa\u010dinjen tako da se realizuje u tri faze. Prva faza je bila nabavka vkje\u0161ta\u010dke trave i aluminijskih golova, dva para, a to je nabavio Fudbalski savez RS.To je realizovano ve\u0107 po potpisivanju samog ugovora. Ono \u0161to su druga i tre\u0107a faza to je u nadle\u017enosti Grada Prijedora , odnosno druga faza je bila nabavka kvarcnog pijeska i granulata za vje\u0161ta\u010dku travu i za to smo uplatili 82. 000 KM. Ostala je tre\u0107a faza, odnosno pripremanje podloge za polaganje vje\u0161ta\u010dke trave. Danas smo do\u0161li da obi\u0111emo radove i da se uvjerimo da sve te\u010de planiranom dinamikom. Grad Prijedor je izdvojio dodatnih 422. 000 KM za tre\u0107u fazu\u201c, rekao je novinarima Slobodan Javor.<\/p>\n<p><a href=\"https:\/\/www.prijedordanas.com\/wp-content\/uploads\/2025\/08\/prijedorgradorg-obilazak-radova-teren-sa-vjestackom-travom-omarska-1.jpg\"><img loading=\"lazy\" decoding=\"async\" class=\"alignleft size-medium wp-image-252876\" src=\"https:\/\/www.prijedordanas.com\/wp-content\/uploads\/2025\/08\/prijedorgradorg-obilazak-radova-teren-sa-vjestackom-travom-omarska-1-300x225.jpg\" alt=\"\" width=\"300\" height=\"225\" srcset=\"https:\/\/www.prijedordanas.com\/wp-content\/uploads\/2025\/08\/prijedorgradorg-obilazak-radova-teren-sa-vjestackom-travom-omarska-1-300x225.jpg 300w, https:\/\/www.prijedordanas.com\/wp-content\/uploads\/2025\/08\/prijedorgradorg-obilazak-radova-teren-sa-vjestackom-travom-omarska-1-640x480.jpg 640w, https:\/\/www.prijedordanas.com\/wp-content\/uploads\/2025\/08\/prijedorgradorg-obilazak-radova-teren-sa-vjestackom-travom-omarska-1.jpg 667w\" sizes=\"(max-width: 300px) 100vw, 300px\" \/><\/a>Gradona\u010delnik Javor istakao je da bi radovi trebali biti okon\u010dani za mjesec i po dana. Ovaj projekat osd velikog zna\u010daja je za sve stanovnike omarske, a naro\u010dito za FK \u201eOmarska\u201c.<\/p>\n<p>\u201eZna\u010di puno. Nije puno, nego previ\u0161e.Mi imamo jedan teren koji oskrbljujemo i radimo sa pet selekcija naro\u010dito u ovim jesenjim danima je te\u0161ko, tako da \u0107e nam ovaj teren biti od velike va\u017enosti. Omarska je jedina mjesna zajednica koja ima klub koji se takmi\u010di u Prvoj ligi RS\u201c, isti\u010de Svetozar Krecelj, predsjednik FK \u201eOmarska\u201c.<\/p>\n<p>Zavr\u0161etkom ovog projekta Grad Prijedor i Omarska \u0107e dobiti savremen i funkcionalan teren s vje\u0161ta\u010dkom travom.<\/p>\n<p>\u201eOno \u0161to je jo\u0161 va\u017enije je \u0161to \u017eelimo da poka\u017eemo da vodimo ra\u010duna o svim sportskim kolektivima.Tamo gdje ima rezultata Grad Prijedor to prepoznaje i na taj na\u010din poku\u0161avamo da stvorimo jo\u0161 bolji sportski ambijent da mladi ljudi koji su odavde ostvaruju jo\u0161 bolje rezultate\u201c, naglasio je Javor.<\/p>\n<p><a href=\"https:\/\/www.prijedordanas.com\/wp-content\/uploads\/2025\/08\/prijedorgradorg-obilazak-radova-teren-sa-vjestackom-travom-omarska-2.jpg\"><img loading=\"lazy\" decoding=\"async\" class=\"alignleft size-medium wp-image-252877\" src=\"https:\/\/www.prijedordanas.com\/wp-content\/uploads\/2025\/08\/prijedorgradorg-obilazak-radova-teren-sa-vjestackom-travom-omarska-2-300x225.jpg\" alt=\"\" width=\"300\" height=\"225\" srcset=\"https:\/\/www.prijedordanas.com\/wp-content\/uploads\/2025\/08\/prijedorgradorg-obilazak-radova-teren-sa-vjestackom-travom-omarska-2-300x225.jpg 300w, https:\/\/www.prijedordanas.com\/wp-content\/uploads\/2025\/08\/prijedorgradorg-obilazak-radova-teren-sa-vjestackom-travom-omarska-2-640x480.jpg 640w, https:\/\/www.prijedordanas.com\/wp-content\/uploads\/2025\/08\/prijedorgradorg-obilazak-radova-teren-sa-vjestackom-travom-omarska-2.jpg 667w\" sizes=\"(max-width: 300px) 100vw, 300px\" \/><\/a>Osim ovog radi se na jo\u0161 nekoliko manjih projekata koji se realizuju na podru\u010dju Prijedora.<\/p>\n<p>Saniran je ko\u0161arka\u0161ki teren pred SD \u201eMladost\u201c, u Lamovitoj je asfaltiran i zavr\u0161en kompletan teren za mali fudbal, a Javor je najavio i zavr\u0161etak radova na sportskoj dvorani u Omarskoj.<\/p>\n<p>Ve\u0107 naredne sedmice po\u010dinju radovi na izgradnji savremenog i modernog terena s vje\u0161ta\u010dkom travom, odnosno pomo\u0107nog terena za FK \u201eRudar-Prijedor\u201c.<\/p>\n<p>Grad Prijedor je za izgradnju terena u Omarskoj izdvojio vi\u0161e od pola miliona maraka, dok ostale tro\u0161kove snosi Fudbalski savez RS.<\/p>\n<p>Vi\u0161e od 700.000 KM Grad izdvaja kao direktnu podr\u0161ku sportskim klubovima, dok je za sportsku infrastrukturu izdvojeno oko 2,5 miliona maraka.<\/p>\n<p><a href=\"https:\/\/prijedorgrad.org\/sr-EU\/vijesti-sadrzaj.html?vid=22563\" target=\"_blank\" rel=\"noopener\">prijedorgrad.org<\/a><\/p>\n<p><a href=\"https:\/\/www.prijedordanas.com\/wp-content\/uploads\/2025\/08\/prijedorgradorg-obilazak-radova-teren-sa-vjestackom-travom-omarska-3.jpg\"><img loading=\"lazy\" decoding=\"async\" src=\"https:\/\/www.prijedordanas.com\/wp-content\/uploads\/2025\/08\/prijedorgradorg-obilazak-radova-teren-sa-vjestackom-travom-omarska-3-300x225.jpg\" alt=\"\" width=\"300\" height=\"225\" class=\"alignleft size-medium wp-image-252878\" srcset=\"https:\/\/www.prijedordanas.com\/wp-content\/uploads\/2025\/08\/prijedorgradorg-obilazak-radova-teren-sa-vjestackom-travom-omarska-3-300x225.jpg 300w, https:\/\/www.prijedordanas.com\/wp-content\/uploads\/2025\/08\/prijedorgradorg-obilazak-radova-teren-sa-vjestackom-travom-omarska-3-640x480.jpg 640w, https:\/\/www.prijedordanas.com\/wp-content\/uploads\/2025\/08\/prijedorgradorg-obilazak-radova-teren-sa-vjestackom-travom-omarska-3.jpg 667w\" sizes=\"(max-width: 300px) 100vw, 300px\" \/><\/a> <a href=\"https:\/\/www.prijedordanas.com\/wp-content\/uploads\/2025\/08\/prijedorgradorg-obilazak-radova-teren-sa-vjestackom-travom-omarska-4.jpg\"><img loading=\"lazy\" decoding=\"async\" src=\"https:\/\/www.prijedordanas.com\/wp-content\/uploads\/2025\/08\/prijedorgradorg-obilazak-radova-teren-sa-vjestackom-travom-omarska-4-300x225.jpg\" alt=\"\" width=\"300\" height=\"225\" class=\"alignleft size-medium wp-image-252879\" srcset=\"https:\/\/www.prijedordanas.com\/wp-content\/uploads\/2025\/08\/prijedorgradorg-obilazak-radova-teren-sa-vjestackom-travom-omarska-4-300x225.jpg 300w, https:\/\/www.prijedordanas.com\/wp-content\/uploads\/2025\/08\/prijedorgradorg-obilazak-radova-teren-sa-vjestackom-travom-omarska-4-640x480.jpg 640w, https:\/\/www.prijedordanas.com\/wp-content\/uploads\/2025\/08\/prijedorgradorg-obilazak-radova-teren-sa-vjestackom-travom-omarska-4.jpg 667w\" sizes=\"(max-width: 300px) 100vw, 300px\" \/><\/a> <a href=\"https:\/\/www.prijedordanas.com\/wp-content\/uploads\/2025\/08\/prijedorgradorg-obilazak-radova-teren-sa-vjestackom-travom-omarska-5.jpg\"><img loading=\"lazy\" decoding=\"async\" src=\"https:\/\/www.prijedordanas.com\/wp-content\/uploads\/2025\/08\/prijedorgradorg-obilazak-radova-teren-sa-vjestackom-travom-omarska-5-300x200.jpg\" alt=\"\" width=\"300\" height=\"200\" class=\"alignleft size-medium wp-image-252880\" srcset=\"https:\/\/www.prijedordanas.com\/wp-content\/uploads\/2025\/08\/prijedorgradorg-obilazak-radova-teren-sa-vjestackom-travom-omarska-5-300x200.jpg 300w, https:\/\/www.prijedordanas.com\/wp-content\/uploads\/2025\/08\/prijedorgradorg-obilazak-radova-teren-sa-vjestackom-travom-omarska-5-480x320.jpg 480w, https:\/\/www.prijedordanas.com\/wp-content\/uploads\/2025\/08\/prijedorgradorg-obilazak-radova-teren-sa-vjestackom-travom-omarska-5.jpg 600w\" sizes=\"(max-width: 300px) 100vw, 300px\" \/><\/a> <a href=\"https:\/\/www.prijedordanas.com\/wp-content\/uploads\/2025\/08\/prijedorgradorg-obilazak-radova-teren-sa-vjestackom-travom-omarska-7.jpg\"><img loading=\"lazy\" decoding=\"async\" src=\"https:\/\/www.prijedordanas.com\/wp-content\/uploads\/2025\/08\/prijedorgradorg-obilazak-radova-teren-sa-vjestackom-travom-omarska-7-300x200.jpg\" alt=\"\" width=\"300\" height=\"200\" class=\"alignleft size-medium wp-image-252881\" srcset=\"https:\/\/www.prijedordanas.com\/wp-content\/uploads\/2025\/08\/prijedorgradorg-obilazak-radova-teren-sa-vjestackom-travom-omarska-7-300x200.jpg 300w, https:\/\/www.prijedordanas.com\/wp-content\/uploads\/2025\/08\/prijedorgradorg-obilazak-radova-teren-sa-vjestackom-travom-omarska-7-480x320.jpg 480w, https:\/\/www.prijedordanas.com\/wp-content\/uploads\/2025\/08\/prijedorgradorg-obilazak-radova-teren-sa-vjestackom-travom-omarska-7.jpg 600w\" sizes=\"(max-width: 300px) 100vw, 300px\" \/><\/a> <a href=\"https:\/\/www.prijedordanas.com\/wp-content\/uploads\/2025\/08\/prijedorgradorg-obilazak-radova-teren-sa-vjestackom-travom-omarska-8.jpg\"><img loading=\"lazy\" decoding=\"async\" src=\"https:\/\/www.prijedordanas.com\/wp-content\/uploads\/2025\/08\/prijedorgradorg-obilazak-radova-teren-sa-vjestackom-travom-omarska-8-300x200.jpg\" alt=\"\" width=\"300\" height=\"200\" class=\"alignleft size-medium wp-image-252882\" srcset=\"https:\/\/www.prijedordanas.com\/wp-content\/uploads\/2025\/08\/prijedorgradorg-obilazak-radova-teren-sa-vjestackom-travom-omarska-8-300x200.jpg 300w, https:\/\/www.prijedordanas.com\/wp-content\/uploads\/2025\/08\/prijedorgradorg-obilazak-radova-teren-sa-vjestackom-travom-omarska-8-480x320.jpg 480w, https:\/\/www.prijedordanas.com\/wp-content\/uploads\/2025\/08\/prijedorgradorg-obilazak-radova-teren-sa-vjestackom-travom-omarska-8.jpg 600w\" sizes=\"(max-width: 300px) 100vw, 300px\" \/><\/a> <a href=\"https:\/\/www.prijedordanas.com\/wp-content\/uploads\/2025\/08\/prijedorgradorg-obilazak-radova-teren-sa-vjestackom-travom-omarska-6.jpg\"><img loading=\"lazy\" decoding=\"async\" src=\"https:\/\/www.prijedordanas.com\/wp-content\/uploads\/2025\/08\/prijedorgradorg-obilazak-radova-teren-sa-vjestackom-travom-omarska-6-300x200.jpg\" alt=\"\" width=\"300\" height=\"200\" class=\"alignleft size-medium wp-image-252883\" srcset=\"https:\/\/www.prijedordanas.com\/wp-content\/uploads\/2025\/08\/prijedorgradorg-obilazak-radova-teren-sa-vjestackom-travom-omarska-6-300x200.jpg 300w, https:\/\/www.prijedordanas.com\/wp-content\/uploads\/2025\/08\/prijedorgradorg-obilazak-radova-teren-sa-vjestackom-travom-omarska-6-480x320.jpg 480w, https:\/\/www.prijedordanas.com\/wp-content\/uploads\/2025\/08\/prijedorgradorg-obilazak-radova-teren-sa-vjestackom-travom-omarska-6.jpg 600w\" sizes=\"(max-width: 300px) 100vw, 300px\" \/><\/a><\/p>\n<p><iframe loading=\"lazy\" title=\"JAVOR OBI\u0160AO RADOVE NA NOVOM SPORTSKOM TERENU U OMARSKOJ\" width=\"500\" height=\"281\" src=\"https:\/\/www.youtube.com\/embed\/G3uehsZ7gKc?feature=oembed\" frameborder=\"0\" allow=\"accelerometer; autoplay; clipboard-write; encrypted-media; gyroscope; picture-in-picture; web-share\" referrerpolicy=\"strict-origin-when-cross-origin\" allowfullscreen><\/iframe><\/p>\n","protected":false},"excerpt":{"rendered":"<p>Krajem 2022. godine Grad Prijedor je zajedno sa FK \u201eOmarska\u201c i Fudbalskim savezom RS potpisao tripartitni ugovor, a rije\u010d je o sufinanisiranju osam terena sa vje\u0161ta\u010dkom travom u Srpskoj. Za [&hellip;]<\/p>\n","protected":false},"author":1,"featured_media":0,"comment_status":"closed","ping_status":"open","sticky":false,"template":"","format":"standard","meta":{"_monsterinsights_skip_tracking":false,"_monsterinsights_sitenote_active":false,"_monsterinsights_sitenote_note":"","_monsterinsights_sitenote_category":0,"footnotes":""},"categories":[7],"tags":[],"yoast_head":"<!-- This site is optimized with the Yoast SEO plugin v21.6 - https:\/\/yoast.com\/wordpress\/plugins\/seo\/ -->\n<title>Gradona\u010delnik Prijedora obi\u0161ao radove na izgradnji terena s vje\u0161ta\u010dkom travom u Omarskoj - FOTO\/VIDEO - PrijedorDanas.com - Prijedorski gradski portal<\/title>\n<meta name=\"robots\" content=\"index, follow, max-snippet:-1, max-image-preview:large, max-video-preview:-1\" \/>\n<link rel=\"canonical\" href=\"https:\/\/www.prijedordanas.com\/?p=252866\" \/>\n<meta property=\"og:locale\" content=\"en_US\" \/>\n<meta property=\"og:type\" content=\"article\" \/>\n<meta property=\"og:title\" content=\"Gradona\u010delnik Prijedora obi\u0161ao radove na izgradnji terena s vje\u0161ta\u010dkom travom u Omarskoj - FOTO\/VIDEO - PrijedorDanas.com - Prijedorski gradski portal\" \/>\n<meta property=\"og:description\" content=\"Krajem 2022. godine Grad Prijedor je zajedno sa FK \u201eOmarska\u201c i Fudbalskim savezom RS potpisao tripartitni ugovor, a rije\u010d je o sufinanisiranju osam terena sa vje\u0161ta\u010dkom travom u Srpskoj. Za [&hellip;]\" \/>\n<meta property=\"og:url\" content=\"https:\/\/www.prijedordanas.com\/?p=252866\" \/>\n<meta property=\"og:site_name\" content=\"PrijedorDanas.com - Prijedorski gradski portal\" \/>\n<meta property=\"article:publisher\" content=\"https:\/\/www.facebook.com\/PrijedorDanasCom\/\" \/>\n<meta property=\"article:published_time\" content=\"2025-08-28T17:15:38+00:00\" \/>\n<meta property=\"og:image\" content=\"https:\/\/www.prijedordanas.com\/wp-content\/uploads\/2025\/08\/radovi-na-terenu-sa-vjestackom-travom-u-omarskoj-300x225.jpg\" \/>\n<meta name=\"author\" content=\"admin\" \/>\n<meta name=\"twitter:card\" content=\"summary_large_image\" \/>\n<meta name=\"twitter:label1\" content=\"Written by\" \/>\n\t<meta name=\"twitter:data1\" content=\"admin\" \/>\n\t<meta name=\"twitter:label2\" content=\"Est. reading time\" \/>\n\t<meta name=\"twitter:data2\" content=\"3 minutes\" \/>\n<script type=\"application\/ld+json\" class=\"yoast-schema-graph\">{\"@context\":\"https:\/\/schema.org\",\"@graph\":[{\"@type\":\"Article\",\"@id\":\"https:\/\/www.prijedordanas.com\/?p=252866#article\",\"isPartOf\":{\"@id\":\"https:\/\/www.prijedordanas.com\/?p=252866\"},\"author\":{\"name\":\"admin\",\"@id\":\"https:\/\/www.prijedordanas.com\/#\/schema\/person\/4e08ccf29b506ca916ff86d46bb700e6\"},\"headline\":\"Gradona\u010delnik Prijedora obi\u0161ao radove na izgradnji terena s vje\u0161ta\u010dkom travom u Omarskoj &#8211; FOTO\/VIDEO\",\"datePublished\":\"2025-08-28T17:15:38+00:00\",\"dateModified\":\"2025-08-28T17:15:38+00:00\",\"mainEntityOfPage\":{\"@id\":\"https:\/\/www.prijedordanas.com\/?p=252866\"},\"wordCount\":515,\"publisher\":{\"@id\":\"https:\/\/www.prijedordanas.com\/#organization\"},\"articleSection\":[\"Sport\"],\"inLanguage\":\"en-US\"},{\"@type\":\"WebPage\",\"@id\":\"https:\/\/www.prijedordanas.com\/?p=252866\",\"url\":\"https:\/\/www.prijedordanas.com\/?p=252866\",\"name\":\"Gradona\u010delnik Prijedora obi\u0161ao radove na izgradnji terena s vje\u0161ta\u010dkom travom u Omarskoj - FOTO\/VIDEO - PrijedorDanas.com - Prijedorski gradski portal\",\"isPartOf\":{\"@id\":\"https:\/\/www.prijedordanas.com\/#website\"},\"datePublished\":\"2025-08-28T17:15:38+00:00\",\"dateModified\":\"2025-08-28T17:15:38+00:00\",\"breadcrumb\":{\"@id\":\"https:\/\/www.prijedordanas.com\/?p=252866#breadcrumb\"},\"inLanguage\":\"en-US\",\"potentialAction\":[{\"@type\":\"ReadAction\",\"target\":[\"https:\/\/www.prijedordanas.com\/?p=252866\"]}]},{\"@type\":\"BreadcrumbList\",\"@id\":\"https:\/\/www.prijedordanas.com\/?p=252866#breadcrumb\",\"itemListElement\":[{\"@type\":\"ListItem\",\"position\":1,\"name\":\"Home\",\"item\":\"https:\/\/www.prijedordanas.com\/\"},{\"@type\":\"ListItem\",\"position\":2,\"name\":\"Gradona\u010delnik Prijedora obi\u0161ao radove na izgradnji terena s vje\u0161ta\u010dkom travom u Omarskoj &#8211; FOTO\/VIDEO\"}]},{\"@type\":\"WebSite\",\"@id\":\"https:\/\/www.prijedordanas.com\/#website\",\"url\":\"https:\/\/www.prijedordanas.com\/\",\"name\":\"PrijedorDanas.com - Prijedorski gradski portal\",\"description\":\"Portal o doga\u0111anjima u gradu Prijedoru\",\"publisher\":{\"@id\":\"https:\/\/www.prijedordanas.com\/#organization\"},\"potentialAction\":[{\"@type\":\"SearchAction\",\"target\":{\"@type\":\"EntryPoint\",\"urlTemplate\":\"https:\/\/www.prijedordanas.com\/?s={search_term_string}\"},\"query-input\":\"required name=search_term_string\"}],\"inLanguage\":\"en-US\"},{\"@type\":\"Organization\",\"@id\":\"https:\/\/www.prijedordanas.com\/#organization\",\"name\":\"PrijedorDanas.com\",\"url\":\"https:\/\/www.prijedordanas.com\/\",\"logo\":{\"@type\":\"ImageObject\",\"inLanguage\":\"en-US\",\"@id\":\"https:\/\/www.prijedordanas.com\/#\/schema\/logo\/image\/\",\"url\":\"http:\/\/www.prijedordanas.com\/wp-content\/uploads\/2021\/12\/logopng.png\",\"contentUrl\":\"http:\/\/www.prijedordanas.com\/wp-content\/uploads\/2021\/12\/logopng.png\",\"width\":1019,\"height\":776,\"caption\":\"PrijedorDanas.com\"},\"image\":{\"@id\":\"https:\/\/www.prijedordanas.com\/#\/schema\/logo\/image\/\"},\"sameAs\":[\"https:\/\/www.facebook.com\/PrijedorDanasCom\/\"]},{\"@type\":\"Person\",\"@id\":\"https:\/\/www.prijedordanas.com\/#\/schema\/person\/4e08ccf29b506ca916ff86d46bb700e6\",\"name\":\"admin\",\"image\":{\"@type\":\"ImageObject\",\"inLanguage\":\"en-US\",\"@id\":\"https:\/\/www.prijedordanas.com\/#\/schema\/person\/image\/\",\"url\":\"https:\/\/secure.gravatar.com\/avatar\/1d3fc949d550f0b53a5f0d51e06dfd79?s=96&d=mm&r=g\",\"contentUrl\":\"https:\/\/secure.gravatar.com\/avatar\/1d3fc949d550f0b53a5f0d51e06dfd79?s=96&d=mm&r=g\",\"caption\":\"admin\"},\"url\":\"https:\/\/www.prijedordanas.com\/?author=1\"}]}<\/script>\n<!-- \/ Yoast SEO plugin. -->","yoast_head_json":{"title":"Gradona\u010delnik Prijedora obi\u0161ao radove na izgradnji terena s vje\u0161ta\u010dkom travom u Omarskoj - FOTO\/VIDEO - PrijedorDanas.com - Prijedorski gradski portal","robots":{"index":"index","follow":"follow","max-snippet":"max-snippet:-1","max-image-preview":"max-image-preview:large","max-video-preview":"max-video-preview:-1"},"canonical":"https:\/\/www.prijedordanas.com\/?p=252866","og_locale":"en_US","og_type":"article","og_title":"Gradona\u010delnik Prijedora obi\u0161ao radove na izgradnji terena s vje\u0161ta\u010dkom travom u Omarskoj - FOTO\/VIDEO - PrijedorDanas.com - Prijedorski gradski portal","og_description":"Krajem 2022. godine Grad Prijedor je zajedno sa FK \u201eOmarska\u201c i Fudbalskim savezom RS potpisao tripartitni ugovor, a rije\u010d je o sufinanisiranju osam terena sa vje\u0161ta\u010dkom travom u Srpskoj. Za [&hellip;]","og_url":"https:\/\/www.prijedordanas.com\/?p=252866","og_site_name":"PrijedorDanas.com - Prijedorski gradski portal","article_publisher":"https:\/\/www.facebook.com\/PrijedorDanasCom\/","article_published_time":"2025-08-28T17:15:38+00:00","og_image":[{"url":"https:\/\/www.prijedordanas.com\/wp-content\/uploads\/2025\/08\/radovi-na-terenu-sa-vjestackom-travom-u-omarskoj-300x225.jpg"}],"author":"admin","twitter_card":"summary_large_image","twitter_misc":{"Written by":"admin","Est. reading time":"3 minutes"},"schema":{"@context":"https:\/\/schema.org","@graph":[{"@type":"Article","@id":"https:\/\/www.prijedordanas.com\/?p=252866#article","isPartOf":{"@id":"https:\/\/www.prijedordanas.com\/?p=252866"},"author":{"name":"admin","@id":"https:\/\/www.prijedordanas.com\/#\/schema\/person\/4e08ccf29b506ca916ff86d46bb700e6"},"headline":"Gradona\u010delnik Prijedora obi\u0161ao radove na izgradnji terena s vje\u0161ta\u010dkom travom u Omarskoj &#8211; FOTO\/VIDEO","datePublished":"2025-08-28T17:15:38+00:00","dateModified":"2025-08-28T17:15:38+00:00","mainEntityOfPage":{"@id":"https:\/\/www.prijedordanas.com\/?p=252866"},"wordCount":515,"publisher":{"@id":"https:\/\/www.prijedordanas.com\/#organization"},"articleSection":["Sport"],"inLanguage":"en-US"},{"@type":"WebPage","@id":"https:\/\/www.prijedordanas.com\/?p=252866","url":"https:\/\/www.prijedordanas.com\/?p=252866","name":"Gradona\u010delnik Prijedora obi\u0161ao radove na izgradnji terena s vje\u0161ta\u010dkom travom u Omarskoj - FOTO\/VIDEO - PrijedorDanas.com - Prijedorski gradski portal","isPartOf":{"@id":"https:\/\/www.prijedordanas.com\/#website"},"datePublished":"2025-08-28T17:15:38+00:00","dateModified":"2025-08-28T17:15:38+00:00","breadcrumb":{"@id":"https:\/\/www.prijedordanas.com\/?p=252866#breadcrumb"},"inLanguage":"en-US","potentialAction":[{"@type":"ReadAction","target":["https:\/\/www.prijedordanas.com\/?p=252866"]}]},{"@type":"BreadcrumbList","@id":"https:\/\/www.prijedordanas.com\/?p=252866#breadcrumb","itemListElement":[{"@type":"ListItem","position":1,"name":"Home","item":"https:\/\/www.prijedordanas.com\/"},{"@type":"ListItem","position":2,"name":"Gradona\u010delnik Prijedora obi\u0161ao radove na izgradnji terena s vje\u0161ta\u010dkom travom u Omarskoj &#8211; FOTO\/VIDEO"}]},{"@type":"WebSite","@id":"https:\/\/www.prijedordanas.com\/#website","url":"https:\/\/www.prijedordanas.com\/","name":"PrijedorDanas.com - Prijedorski gradski portal","description":"Portal o doga\u0111anjima u gradu Prijedoru","publisher":{"@id":"https:\/\/www.prijedordanas.com\/#organization"},"potentialAction":[{"@type":"SearchAction","target":{"@type":"EntryPoint","urlTemplate":"https:\/\/www.prijedordanas.com\/?s={search_term_string}"},"query-input":"required name=search_term_string"}],"inLanguage":"en-US"},{"@type":"Organization","@id":"https:\/\/www.prijedordanas.com\/#organization","name":"PrijedorDanas.com","url":"https:\/\/www.prijedordanas.com\/","logo":{"@type":"ImageObject","inLanguage":"en-US","@id":"https:\/\/www.prijedordanas.com\/#\/schema\/logo\/image\/","url":"http:\/\/www.prijedordanas.com\/wp-content\/uploads\/2021\/12\/logopng.png","contentUrl":"http:\/\/www.prijedordanas.com\/wp-content\/uploads\/2021\/12\/logopng.png","width":1019,"height":776,"caption":"PrijedorDanas.com"},"image":{"@id":"https:\/\/www.prijedordanas.com\/#\/schema\/logo\/image\/"},"sameAs":["https:\/\/www.facebook.com\/PrijedorDanasCom\/"]},{"@type":"Person","@id":"https:\/\/www.prijedordanas.com\/#\/schema\/person\/4e08ccf29b506ca916ff86d46bb700e6","name":"admin","image":{"@type":"ImageObject","inLanguage":"en-US","@id":"https:\/\/www.prijedordanas.com\/#\/schema\/person\/image\/","url":"https:\/\/secure.gravatar.com\/avatar\/1d3fc949d550f0b53a5f0d51e06dfd79?s=96&d=mm&r=g","contentUrl":"https:\/\/secure.gravatar.com\/avatar\/1d3fc949d550f0b53a5f0d51e06dfd79?s=96&d=mm&r=g","caption":"admin"},"url":"https:\/\/www.prijedordanas.com\/?author=1"}]}},"_links":{"self":[{"href":"https:\/\/www.prijedordanas.com\/index.php?rest_route=\/wp\/v2\/posts\/252866"}],"collection":[{"href":"https:\/\/www.prijedordanas.com\/index.php?rest_route=\/wp\/v2\/posts"}],"about":[{"href":"https:\/\/www.prijedordanas.com\/index.php?rest_route=\/wp\/v2\/types\/post"}],"author":[{"embeddable":true,"href":"https:\/\/www.prijedordanas.com\/index.php?rest_route=\/wp\/v2\/users\/1"}],"replies":[{"embeddable":true,"href":"https:\/\/www.prijedordanas.com\/index.php?rest_route=%2Fwp%2Fv2%2Fcomments&post=252866"}],"version-history":[{"count":2,"href":"https:\/\/www.prijedordanas.com\/index.php?rest_route=\/wp\/v2\/posts\/252866\/revisions"}],"predecessor-version":[{"id":252884,"href":"https:\/\/www.prijedordanas.com\/index.php?rest_route=\/wp\/v2\/posts\/252866\/revisions\/252884"}],"wp:attachment":[{"href":"https:\/\/www.prijedordanas.com\/index.php?rest_route=%2Fwp%2Fv2%2Fmedia&parent=252866"}],"wp:term":[{"taxonomy":"category","embeddable":true,"href":"https:\/\/www.prijedordanas.com\/index.php?rest_route=%2Fwp%2Fv2%2Fcategories&post=252866"},{"taxonomy":"post_tag","embeddable":true,"href":"https:\/\/www.prijedordanas.com\/index.php?rest_route=%2Fwp%2Fv2%2Ftags&post=252866"}],"curies":[{"name":"wp","href":"https:\/\/api.w.org\/{rel}","templated":true}]}}