{"id":252769,"date":"2025-08-27T08:09:38","date_gmt":"2025-08-27T06:09:38","guid":{"rendered":"https:\/\/www.prijedordanas.com\/?p=252769"},"modified":"2025-08-27T08:09:38","modified_gmt":"2025-08-27T06:09:38","slug":"fudbaleri-omarske-gostuju-kod-veleza-u-nevesinju","status":"publish","type":"post","link":"https:\/\/www.prijedordanas.com\/?p=252769","title":{"rendered":"Fudbaleri &#8220;Omarske&#8221; gostuju kod &#8220;Vele\u017ea&#8221; u Nevesinju"},"content":{"rendered":"<p><a href=\"https:\/\/www.prijedordanas.com\/wp-content\/uploads\/2025\/08\/velez-omarska-najava-27avgust.jpg\"><img loading=\"lazy\" decoding=\"async\" src=\"https:\/\/www.prijedordanas.com\/wp-content\/uploads\/2025\/08\/velez-omarska-najava-27avgust-300x300.jpg\" alt=\"\" width=\"300\" height=\"300\" class=\"alignleft size-medium wp-image-252770\" srcset=\"https:\/\/www.prijedordanas.com\/wp-content\/uploads\/2025\/08\/velez-omarska-najava-27avgust-300x300.jpg 300w, https:\/\/www.prijedordanas.com\/wp-content\/uploads\/2025\/08\/velez-omarska-najava-27avgust-150x150.jpg 150w, https:\/\/www.prijedordanas.com\/wp-content\/uploads\/2025\/08\/velez-omarska-najava-27avgust-50x50.jpg 50w, https:\/\/www.prijedordanas.com\/wp-content\/uploads\/2025\/08\/velez-omarska-najava-27avgust.jpg 600w\" sizes=\"(max-width: 300px) 100vw, 300px\" \/><\/a>Na po\u010detku sezone Omarska se nalazi u paklenom ritmu. Nakon te\u0161ke i fizi\u010dke zahtjevne utakmice protiv Drine, Omarsku nakon samo tri dana \u010deka daleko gostovanje u Nevesinju. Vele\u017e je dosta odmorniji jer je utakmicu drugog kola u Novom Gradu odigrao jo\u0161 u \u010detvrtak a i utakmicu igra na doma\u0107em terenu.<\/p>\n<p>Kao \u0161to se vidjelo u prva dva kola, liga je izjedna\u010dena, pa i u Nevesinju o\u010dekujemo jednu te\u0161ku utakmicu koju \u0107e odlu\u010diti sitnice. Obe ekipe ove sezone imaju za cilj da obezbjede opstanak, pa \u0107e posebnu va\u017enost imati me\u0111usobne utakmice.<\/p>\n<p>Kao i u svaku utakmicu, Omarska i u Nevesinje putuje bez bijele zastave, sa \u017eeljom da se nadigrava i da do\u0111e do pozitivnog rezultata. Rosi\u0107 \u0107e presko\u010diti i ovaj duel, a nadamo se povratku Lazara Ni\u0161i\u0107a. Ostali igra\u010di su spremni i na raspolaganju treneru Stojni\u0107u.<\/p>\n<p>\u0160to se ti\u010de Vele\u017ea, zadr\u017eali su svoje najkvalitetnije pojedince, pristigli su na posudbu neki mla\u0111i i talentovani fudbaleri Vele\u017ea iz Mostara i sigurno je da se radi o kvalitetnoj ekipi neugodnoj za Omarsku. dovoljno je re\u0107i da Omarska do sada nije uspjela osvojiti ni bod protiv Nevesinjaca.<\/p>\n<p>Dosada\u0161nji rezultati<br \/>\n2023\/24    2-3    1-2<\/p>\n<p>Predstavljamo Vele\u017e<\/p>\n<p>FK Vele\u017e Nevesinje je osnovan 1932 godine. Tada je u Nevesinju formiran Usta\u0161, kao asocijacija na nevesinjske ustanike. Klub  se nije takmi\u010dio u zvani\u010dnim ligama podsaveza Sarajevo. Kasnije se u Nevesinju osnivaju Nevesinjac i Obili\u0107, Krajem 30-tih godina. Teritorijalno su pripojeni podsavezu u Cetinju, a za rivale u svojoj grupi su se trebali takmi\u010diti sa klubovima iz Trebinja, Gacka, Bile\u0107e, Ljubinja i Avtovca. Rat je prekinuo sve sportske aktivnosti u Nevesinju.<\/p>\n<p>Sport se obnavlja po oslobo\u0111enju osnivanjem Fiskulturnog dru\u0161tva Sloga u \u010dijoj je sekciji bio i fudbalski klub. Od 1954 godine Sloga mjenja ime u Vele\u017e,koje nosi i danas. Nevesinjci su se takmi\u010dili po ligama Hercegovine da bi u sezoni 1955\/56 osvojili ligu podsaveza Mostar. Slijedi mo\u017ee se re\u0107i i najuspje\u0161niji period kluba u drugoj Jugoslaviji.<\/p>\n<p>Po\u0161to je 1955 ukinuta Druga savezna liga i formirane 4 zone, Vele\u017eu se otvorila prilika da se kvalifikuje za novi drugi rang u dr\u017eavi. U kvalifikacijama su liga\u0161ki igrali sa Jedinstvom iz  Biha\u0107a, Proleterom Kreka iz Tuzle i \u017deljezni\u010darem iz Zenice. Zajedno sa bi\u0161\u0107anima u\u0161li su u Drugu zonu,grupa A. U zoni se zadr\u017eavaju dvije sezone, kada se liga ukida.<\/p>\n<p>Slijede decenije igranja po ligama Hercegovine, sa promjenjivim uspjehom. Tek pred kraj 80-tih godina, ta\u010dnije u sezoni 1988\/89, Vele\u017e osvaja Me\u0111uop\u0161tinsku ligu Mostara. Ulaskom u Republi\u010dku ligu BiH-Jug ostvaren je veliki uspjeh, a nevesinjci su se zadr\u017eali tri sezone u njoj, sve do rata.<\/p>\n<p>U ligama Srpske, Vele\u017e je prvo uvr\u0161ten u Drugu ligu, grupa Srpsko Sarajevo. Vele\u017e prolazi prvi kroz cilj i ulazi u Prvu ligu RS, grupa Istok. U njoj se zadr\u017eava samo jednu sezonu. Slijedi povratak u drugoliga\u0161ko dru\u0161tvo u kome \u0107e nevesinjci provesti ve\u0107inu sezona. Bilo je i kriznih sezona, nastupa na regionalnom jugu. Mo\u017ee se re\u0107i da od sezone 2016\/17, Vele\u017e postaje stabilan drugoliga\u0161  sa plasmanima pri vrhu tabele.<\/p>\n<p>U sezoni 2022\/23 Vele\u017e osvaja drugo mjesto, a zatim u bara\u017eu pobje\u0111uje Drinu iz Zvornika i tako obezbje\u0111uje plasman u Prvu ligu RS nakon vi\u0161e od dvije decenije.<\/p>\n<p>fkomarska.com<\/p>\n","protected":false},"excerpt":{"rendered":"<p>Na po\u010detku sezone Omarska se nalazi u paklenom ritmu. Nakon te\u0161ke i fizi\u010dke zahtjevne utakmice protiv Drine, Omarsku nakon samo tri dana \u010deka daleko gostovanje u Nevesinju. Vele\u017e je dosta [&hellip;]<\/p>\n","protected":false},"author":1,"featured_media":0,"comment_status":"closed","ping_status":"open","sticky":false,"template":"","format":"standard","meta":{"_monsterinsights_skip_tracking":false,"_monsterinsights_sitenote_active":false,"_monsterinsights_sitenote_note":"","_monsterinsights_sitenote_category":0,"footnotes":""},"categories":[7],"tags":[],"yoast_head":"<!-- This site is optimized with the Yoast SEO plugin v21.6 - https:\/\/yoast.com\/wordpress\/plugins\/seo\/ -->\n<title>Fudbaleri &quot;Omarske&quot; gostuju kod &quot;Vele\u017ea&quot; u Nevesinju - PrijedorDanas.com - Prijedorski gradski portal<\/title>\n<meta name=\"robots\" content=\"index, follow, max-snippet:-1, max-image-preview:large, max-video-preview:-1\" \/>\n<link rel=\"canonical\" href=\"https:\/\/www.prijedordanas.com\/?p=252769\" \/>\n<meta property=\"og:locale\" content=\"en_US\" \/>\n<meta property=\"og:type\" content=\"article\" \/>\n<meta property=\"og:title\" content=\"Fudbaleri &quot;Omarske&quot; gostuju kod &quot;Vele\u017ea&quot; u Nevesinju - PrijedorDanas.com - Prijedorski gradski portal\" \/>\n<meta property=\"og:description\" content=\"Na po\u010detku sezone Omarska se nalazi u paklenom ritmu. Nakon te\u0161ke i fizi\u010dke zahtjevne utakmice protiv Drine, Omarsku nakon samo tri dana \u010deka daleko gostovanje u Nevesinju. Vele\u017e je dosta [&hellip;]\" \/>\n<meta property=\"og:url\" content=\"https:\/\/www.prijedordanas.com\/?p=252769\" \/>\n<meta property=\"og:site_name\" content=\"PrijedorDanas.com - Prijedorski gradski portal\" \/>\n<meta property=\"article:publisher\" content=\"https:\/\/www.facebook.com\/PrijedorDanasCom\/\" \/>\n<meta property=\"article:published_time\" content=\"2025-08-27T06:09:38+00:00\" \/>\n<meta property=\"og:image\" content=\"https:\/\/www.prijedordanas.com\/wp-content\/uploads\/2025\/08\/velez-omarska-najava-27avgust-300x300.jpg\" \/>\n<meta name=\"author\" content=\"admin\" \/>\n<meta name=\"twitter:card\" content=\"summary_large_image\" \/>\n<meta name=\"twitter:label1\" content=\"Written by\" \/>\n\t<meta name=\"twitter:data1\" content=\"admin\" \/>\n<script type=\"application\/ld+json\" class=\"yoast-schema-graph\">{\"@context\":\"https:\/\/schema.org\",\"@graph\":[{\"@type\":\"Article\",\"@id\":\"https:\/\/www.prijedordanas.com\/?p=252769#article\",\"isPartOf\":{\"@id\":\"https:\/\/www.prijedordanas.com\/?p=252769\"},\"author\":{\"name\":\"admin\",\"@id\":\"https:\/\/www.prijedordanas.com\/#\/schema\/person\/4e08ccf29b506ca916ff86d46bb700e6\"},\"headline\":\"Fudbaleri &#8220;Omarske&#8221; gostuju kod &#8220;Vele\u017ea&#8221; u Nevesinju\",\"datePublished\":\"2025-08-27T06:09:38+00:00\",\"dateModified\":\"2025-08-27T06:09:38+00:00\",\"mainEntityOfPage\":{\"@id\":\"https:\/\/www.prijedordanas.com\/?p=252769\"},\"wordCount\":578,\"publisher\":{\"@id\":\"https:\/\/www.prijedordanas.com\/#organization\"},\"articleSection\":[\"Sport\"],\"inLanguage\":\"en-US\"},{\"@type\":\"WebPage\",\"@id\":\"https:\/\/www.prijedordanas.com\/?p=252769\",\"url\":\"https:\/\/www.prijedordanas.com\/?p=252769\",\"name\":\"Fudbaleri \\\"Omarske\\\" gostuju kod \\\"Vele\u017ea\\\" u Nevesinju - PrijedorDanas.com - Prijedorski gradski portal\",\"isPartOf\":{\"@id\":\"https:\/\/www.prijedordanas.com\/#website\"},\"datePublished\":\"2025-08-27T06:09:38+00:00\",\"dateModified\":\"2025-08-27T06:09:38+00:00\",\"breadcrumb\":{\"@id\":\"https:\/\/www.prijedordanas.com\/?p=252769#breadcrumb\"},\"inLanguage\":\"en-US\",\"potentialAction\":[{\"@type\":\"ReadAction\",\"target\":[\"https:\/\/www.prijedordanas.com\/?p=252769\"]}]},{\"@type\":\"BreadcrumbList\",\"@id\":\"https:\/\/www.prijedordanas.com\/?p=252769#breadcrumb\",\"itemListElement\":[{\"@type\":\"ListItem\",\"position\":1,\"name\":\"Home\",\"item\":\"https:\/\/www.prijedordanas.com\/\"},{\"@type\":\"ListItem\",\"position\":2,\"name\":\"Fudbaleri &#8220;Omarske&#8221; gostuju kod &#8220;Vele\u017ea&#8221; u Nevesinju\"}]},{\"@type\":\"WebSite\",\"@id\":\"https:\/\/www.prijedordanas.com\/#website\",\"url\":\"https:\/\/www.prijedordanas.com\/\",\"name\":\"PrijedorDanas.com - Prijedorski gradski portal\",\"description\":\"Portal o doga\u0111anjima u gradu Prijedoru\",\"publisher\":{\"@id\":\"https:\/\/www.prijedordanas.com\/#organization\"},\"potentialAction\":[{\"@type\":\"SearchAction\",\"target\":{\"@type\":\"EntryPoint\",\"urlTemplate\":\"https:\/\/www.prijedordanas.com\/?s={search_term_string}\"},\"query-input\":\"required name=search_term_string\"}],\"inLanguage\":\"en-US\"},{\"@type\":\"Organization\",\"@id\":\"https:\/\/www.prijedordanas.com\/#organization\",\"name\":\"PrijedorDanas.com\",\"url\":\"https:\/\/www.prijedordanas.com\/\",\"logo\":{\"@type\":\"ImageObject\",\"inLanguage\":\"en-US\",\"@id\":\"https:\/\/www.prijedordanas.com\/#\/schema\/logo\/image\/\",\"url\":\"http:\/\/www.prijedordanas.com\/wp-content\/uploads\/2021\/12\/logopng.png\",\"contentUrl\":\"http:\/\/www.prijedordanas.com\/wp-content\/uploads\/2021\/12\/logopng.png\",\"width\":1019,\"height\":776,\"caption\":\"PrijedorDanas.com\"},\"image\":{\"@id\":\"https:\/\/www.prijedordanas.com\/#\/schema\/logo\/image\/\"},\"sameAs\":[\"https:\/\/www.facebook.com\/PrijedorDanasCom\/\"]},{\"@type\":\"Person\",\"@id\":\"https:\/\/www.prijedordanas.com\/#\/schema\/person\/4e08ccf29b506ca916ff86d46bb700e6\",\"name\":\"admin\",\"image\":{\"@type\":\"ImageObject\",\"inLanguage\":\"en-US\",\"@id\":\"https:\/\/www.prijedordanas.com\/#\/schema\/person\/image\/\",\"url\":\"https:\/\/secure.gravatar.com\/avatar\/1d3fc949d550f0b53a5f0d51e06dfd79?s=96&d=mm&r=g\",\"contentUrl\":\"https:\/\/secure.gravatar.com\/avatar\/1d3fc949d550f0b53a5f0d51e06dfd79?s=96&d=mm&r=g\",\"caption\":\"admin\"},\"url\":\"https:\/\/www.prijedordanas.com\/?author=1\"}]}<\/script>\n<!-- \/ Yoast SEO plugin. -->","yoast_head_json":{"title":"Fudbaleri \"Omarske\" gostuju kod \"Vele\u017ea\" u Nevesinju - PrijedorDanas.com - Prijedorski gradski portal","robots":{"index":"index","follow":"follow","max-snippet":"max-snippet:-1","max-image-preview":"max-image-preview:large","max-video-preview":"max-video-preview:-1"},"canonical":"https:\/\/www.prijedordanas.com\/?p=252769","og_locale":"en_US","og_type":"article","og_title":"Fudbaleri \"Omarske\" gostuju kod \"Vele\u017ea\" u Nevesinju - PrijedorDanas.com - Prijedorski gradski portal","og_description":"Na po\u010detku sezone Omarska se nalazi u paklenom ritmu. Nakon te\u0161ke i fizi\u010dke zahtjevne utakmice protiv Drine, Omarsku nakon samo tri dana \u010deka daleko gostovanje u Nevesinju. Vele\u017e je dosta [&hellip;]","og_url":"https:\/\/www.prijedordanas.com\/?p=252769","og_site_name":"PrijedorDanas.com - Prijedorski gradski portal","article_publisher":"https:\/\/www.facebook.com\/PrijedorDanasCom\/","article_published_time":"2025-08-27T06:09:38+00:00","og_image":[{"url":"https:\/\/www.prijedordanas.com\/wp-content\/uploads\/2025\/08\/velez-omarska-najava-27avgust-300x300.jpg"}],"author":"admin","twitter_card":"summary_large_image","twitter_misc":{"Written by":"admin"},"schema":{"@context":"https:\/\/schema.org","@graph":[{"@type":"Article","@id":"https:\/\/www.prijedordanas.com\/?p=252769#article","isPartOf":{"@id":"https:\/\/www.prijedordanas.com\/?p=252769"},"author":{"name":"admin","@id":"https:\/\/www.prijedordanas.com\/#\/schema\/person\/4e08ccf29b506ca916ff86d46bb700e6"},"headline":"Fudbaleri &#8220;Omarske&#8221; gostuju kod &#8220;Vele\u017ea&#8221; u Nevesinju","datePublished":"2025-08-27T06:09:38+00:00","dateModified":"2025-08-27T06:09:38+00:00","mainEntityOfPage":{"@id":"https:\/\/www.prijedordanas.com\/?p=252769"},"wordCount":578,"publisher":{"@id":"https:\/\/www.prijedordanas.com\/#organization"},"articleSection":["Sport"],"inLanguage":"en-US"},{"@type":"WebPage","@id":"https:\/\/www.prijedordanas.com\/?p=252769","url":"https:\/\/www.prijedordanas.com\/?p=252769","name":"Fudbaleri \"Omarske\" gostuju kod \"Vele\u017ea\" u Nevesinju - PrijedorDanas.com - Prijedorski gradski portal","isPartOf":{"@id":"https:\/\/www.prijedordanas.com\/#website"},"datePublished":"2025-08-27T06:09:38+00:00","dateModified":"2025-08-27T06:09:38+00:00","breadcrumb":{"@id":"https:\/\/www.prijedordanas.com\/?p=252769#breadcrumb"},"inLanguage":"en-US","potentialAction":[{"@type":"ReadAction","target":["https:\/\/www.prijedordanas.com\/?p=252769"]}]},{"@type":"BreadcrumbList","@id":"https:\/\/www.prijedordanas.com\/?p=252769#breadcrumb","itemListElement":[{"@type":"ListItem","position":1,"name":"Home","item":"https:\/\/www.prijedordanas.com\/"},{"@type":"ListItem","position":2,"name":"Fudbaleri &#8220;Omarske&#8221; gostuju kod &#8220;Vele\u017ea&#8221; u Nevesinju"}]},{"@type":"WebSite","@id":"https:\/\/www.prijedordanas.com\/#website","url":"https:\/\/www.prijedordanas.com\/","name":"PrijedorDanas.com - Prijedorski gradski portal","description":"Portal o doga\u0111anjima u gradu Prijedoru","publisher":{"@id":"https:\/\/www.prijedordanas.com\/#organization"},"potentialAction":[{"@type":"SearchAction","target":{"@type":"EntryPoint","urlTemplate":"https:\/\/www.prijedordanas.com\/?s={search_term_string}"},"query-input":"required name=search_term_string"}],"inLanguage":"en-US"},{"@type":"Organization","@id":"https:\/\/www.prijedordanas.com\/#organization","name":"PrijedorDanas.com","url":"https:\/\/www.prijedordanas.com\/","logo":{"@type":"ImageObject","inLanguage":"en-US","@id":"https:\/\/www.prijedordanas.com\/#\/schema\/logo\/image\/","url":"http:\/\/www.prijedordanas.com\/wp-content\/uploads\/2021\/12\/logopng.png","contentUrl":"http:\/\/www.prijedordanas.com\/wp-content\/uploads\/2021\/12\/logopng.png","width":1019,"height":776,"caption":"PrijedorDanas.com"},"image":{"@id":"https:\/\/www.prijedordanas.com\/#\/schema\/logo\/image\/"},"sameAs":["https:\/\/www.facebook.com\/PrijedorDanasCom\/"]},{"@type":"Person","@id":"https:\/\/www.prijedordanas.com\/#\/schema\/person\/4e08ccf29b506ca916ff86d46bb700e6","name":"admin","image":{"@type":"ImageObject","inLanguage":"en-US","@id":"https:\/\/www.prijedordanas.com\/#\/schema\/person\/image\/","url":"https:\/\/secure.gravatar.com\/avatar\/1d3fc949d550f0b53a5f0d51e06dfd79?s=96&d=mm&r=g","contentUrl":"https:\/\/secure.gravatar.com\/avatar\/1d3fc949d550f0b53a5f0d51e06dfd79?s=96&d=mm&r=g","caption":"admin"},"url":"https:\/\/www.prijedordanas.com\/?author=1"}]}},"_links":{"self":[{"href":"https:\/\/www.prijedordanas.com\/index.php?rest_route=\/wp\/v2\/posts\/252769"}],"collection":[{"href":"https:\/\/www.prijedordanas.com\/index.php?rest_route=\/wp\/v2\/posts"}],"about":[{"href":"https:\/\/www.prijedordanas.com\/index.php?rest_route=\/wp\/v2\/types\/post"}],"author":[{"embeddable":true,"href":"https:\/\/www.prijedordanas.com\/index.php?rest_route=\/wp\/v2\/users\/1"}],"replies":[{"embeddable":true,"href":"https:\/\/www.prijedordanas.com\/index.php?rest_route=%2Fwp%2Fv2%2Fcomments&post=252769"}],"version-history":[{"count":1,"href":"https:\/\/www.prijedordanas.com\/index.php?rest_route=\/wp\/v2\/posts\/252769\/revisions"}],"predecessor-version":[{"id":252771,"href":"https:\/\/www.prijedordanas.com\/index.php?rest_route=\/wp\/v2\/posts\/252769\/revisions\/252771"}],"wp:attachment":[{"href":"https:\/\/www.prijedordanas.com\/index.php?rest_route=%2Fwp%2Fv2%2Fmedia&parent=252769"}],"wp:term":[{"taxonomy":"category","embeddable":true,"href":"https:\/\/www.prijedordanas.com\/index.php?rest_route=%2Fwp%2Fv2%2Fcategories&post=252769"},{"taxonomy":"post_tag","embeddable":true,"href":"https:\/\/www.prijedordanas.com\/index.php?rest_route=%2Fwp%2Fv2%2Ftags&post=252769"}],"curies":[{"name":"wp","href":"https:\/\/api.w.org\/{rel}","templated":true}]}}