{"id":252737,"date":"2025-08-26T17:00:31","date_gmt":"2025-08-26T15:00:31","guid":{"rendered":"https:\/\/www.prijedordanas.com\/?p=252737"},"modified":"2025-08-26T17:00:31","modified_gmt":"2025-08-26T15:00:31","slug":"prijedor-organizacija-porodica-poginulih-boraca-obisla-bogdana-miljusa-oca-poginulog-borca-video","status":"publish","type":"post","link":"https:\/\/www.prijedordanas.com\/?p=252737","title":{"rendered":"Prijedor: Organizacija porodica poginulih boraca obi\u0161la Bogdana Milju\u0161a, oca poginulog borca &#8211; VIDEO"},"content":{"rendered":"<p><a href=\"https:\/\/www.prijedordanas.com\/wp-content\/uploads\/2025\/08\/kozarski-posjeta-bogdan-miljus-1.jpg\"><img loading=\"lazy\" decoding=\"async\" class=\"alignleft size-medium wp-image-252738\" src=\"https:\/\/www.prijedordanas.com\/wp-content\/uploads\/2025\/08\/kozarski-posjeta-bogdan-miljus-1-300x225.jpg\" alt=\"\" width=\"300\" height=\"225\" srcset=\"https:\/\/www.prijedordanas.com\/wp-content\/uploads\/2025\/08\/kozarski-posjeta-bogdan-miljus-1-300x225.jpg 300w, https:\/\/www.prijedordanas.com\/wp-content\/uploads\/2025\/08\/kozarski-posjeta-bogdan-miljus-1-640x480.jpg 640w, https:\/\/www.prijedordanas.com\/wp-content\/uploads\/2025\/08\/kozarski-posjeta-bogdan-miljus-1.jpg 667w\" sizes=\"(max-width: 300px) 100vw, 300px\" \/><\/a>Predstavnici gradske Organizacije porodica poginulih i zarobljenih boraca i nestalih civila obi\u0161li su oca poginulog borca Bogdana Milju\u0161a u Aerodromskom naselju i uru\u010dili mu jednokratnu nov\u010danu pomo\u0107.<\/p>\n<p>Nakon te\u0161ke sudbine i gubitka svih uku\u0107ana, Bogdan \u017eivi sam i ka\u017ee da mu svaka posjeta makar na kratko vrijeme odagna tugu i te\u0161ke misli koje ga prate od jutra do sutra.<\/p>\n<p>\u201cPosjeta je svaka vrlo radosna kada jedan \u010dovjek do\u0111e, bilo koji poznat iz kom\u0161iluka, da popri\u010damo, sjednemo. Popije se neki sok ili skuva kafa. Ubijem tu malo vremena da skinem malo tereta za to vrijeme dok je kod mene. I dok ste vi tu i sad me pitate, ja ne mislim o onome \u0161to mislim kad sam sam\u201d, ka\u017ee Milju\u0161.<\/p>\n<p>U Organizaciji porodica poginulih boraca, zarobljenih i nestalih civila ka\u017eu da ljudi poput Bogdana Milju\u0161a vole Republiku Srpsku i da pored svih svojih muka, brinu \u0161ta \u0107e biti s njom.<\/p>\n<p><a href=\"https:\/\/www.prijedordanas.com\/wp-content\/uploads\/2025\/08\/kozarski-posjeta-bogdan-miljus-3.jpg\"><img loading=\"lazy\" decoding=\"async\" class=\"alignleft size-medium wp-image-252739\" src=\"https:\/\/www.prijedordanas.com\/wp-content\/uploads\/2025\/08\/kozarski-posjeta-bogdan-miljus-3-300x169.jpg\" alt=\"\" width=\"300\" height=\"169\" srcset=\"https:\/\/www.prijedordanas.com\/wp-content\/uploads\/2025\/08\/kozarski-posjeta-bogdan-miljus-3-300x169.jpg 300w, https:\/\/www.prijedordanas.com\/wp-content\/uploads\/2025\/08\/kozarski-posjeta-bogdan-miljus-3.jpg 600w\" sizes=\"(max-width: 300px) 100vw, 300px\" \/><\/a>U ovoj organizaciji dodaju da je na\u0161a obaveza da budemo uz sve one \u010diji su najmiliji \u017eivotima platili stvaranje Republike Srpske.<\/p>\n<p>\u201cOvakvim ljudima kao \u0161to je na\u0161 Bogdan Milju\u0161, trebamo svi biti pri ruci. I na\u0161a organizacija i kom\u0161ije i svi organi Republike Srpske. Imamo puno slu\u010dajeva, susre\u0107emo se s tim u zadnje vrijeme, gdje su porodice nestale. To su posljedice rata. Mo\u017eemo mi pri\u010dati \u0161ta ho\u0107emo i \u0161ta sad na kraju. Na kraju svega toga, ovakvi ljudi treba da se odreknu na\u0161e Republike Srpske i da ka\u017eu da je nema. Ne mo\u017eemo se odre\u0107i. Ovo ako neko gleda i misli da nam kroji kapu na svoj na\u010din, ne\u0107e mo\u0107i. Ne mo\u017eemo zbog ovih ljudi\u201d, kategori\u010dan je Slavi\u0161a Knjeginji\u0107, potpredsjednik Organizacije.<\/p>\n<p><a href=\"https:\/\/www.prijedordanas.com\/wp-content\/uploads\/2025\/08\/kozarski-posjeta-bogdan-miljus-2.jpg\"><img loading=\"lazy\" decoding=\"async\" src=\"https:\/\/www.prijedordanas.com\/wp-content\/uploads\/2025\/08\/kozarski-posjeta-bogdan-miljus-2-300x169.jpg\" alt=\"\" width=\"300\" height=\"169\" class=\"alignleft size-medium wp-image-252740\" srcset=\"https:\/\/www.prijedordanas.com\/wp-content\/uploads\/2025\/08\/kozarski-posjeta-bogdan-miljus-2-300x169.jpg 300w, https:\/\/www.prijedordanas.com\/wp-content\/uploads\/2025\/08\/kozarski-posjeta-bogdan-miljus-2.jpg 600w\" sizes=\"(max-width: 300px) 100vw, 300px\" \/><\/a>Bogdan Milju\u0161 je \u017eivio u Sanskom Mostu i aktivno je u\u010destvovao u stvaranju Republike Srpske.<\/p>\n<p>Bio je komandir \u010dete u 6. sanskoj brigadi Vojske Republike Srpske.<\/p>\n<p>Sada ima 86 godina, sahranio je troje djece, suprugu i zeta i ostao sam u ku\u0107i, koja mu je istovremeno i dom i zatvor kada ga te\u0161ke misli opkole sa svih strana.<\/p>\n<p>Ka\u017ee da u tom domu bez doma ili \u0107uti ili pla\u010de.<\/p>\n<p><strong><a href=\"https:\/\/kozarski.com\/organizacija-porodica-poginulih-boraca-obisla-bogdana-miljusa-oca-poginulog-borca\/\" target=\"_blank\" rel=\"noopener\">kozarski.com<\/a><\/strong><\/p>\n<p><iframe loading=\"lazy\" title=\"POSJETA  BOGDANU MILJU\u0160U, OCU  POGINULOG BORCA\" width=\"500\" height=\"281\" src=\"https:\/\/www.youtube.com\/embed\/z9J8KPIzjp8?feature=oembed\" frameborder=\"0\" allow=\"accelerometer; autoplay; clipboard-write; encrypted-media; gyroscope; picture-in-picture; web-share\" referrerpolicy=\"strict-origin-when-cross-origin\" allowfullscreen><\/iframe><\/p>\n","protected":false},"excerpt":{"rendered":"<p>Predstavnici gradske Organizacije porodica poginulih i zarobljenih boraca i nestalih civila obi\u0161li su oca poginulog borca Bogdana Milju\u0161a u Aerodromskom naselju i uru\u010dili mu jednokratnu nov\u010danu pomo\u0107. Nakon te\u0161ke sudbine [&hellip;]<\/p>\n","protected":false},"author":1,"featured_media":0,"comment_status":"closed","ping_status":"open","sticky":false,"template":"","format":"standard","meta":{"_monsterinsights_skip_tracking":false,"_monsterinsights_sitenote_active":false,"_monsterinsights_sitenote_note":"","_monsterinsights_sitenote_category":0,"footnotes":""},"categories":[3],"tags":[],"yoast_head":"<!-- This site is optimized with the Yoast SEO plugin v21.6 - https:\/\/yoast.com\/wordpress\/plugins\/seo\/ -->\n<title>Prijedor: Organizacija porodica poginulih boraca obi\u0161la Bogdana Milju\u0161a, oca poginulog borca - VIDEO - PrijedorDanas.com - Prijedorski gradski portal<\/title>\n<meta name=\"robots\" content=\"index, follow, max-snippet:-1, max-image-preview:large, max-video-preview:-1\" \/>\n<link rel=\"canonical\" href=\"https:\/\/www.prijedordanas.com\/?p=252737\" \/>\n<meta property=\"og:locale\" content=\"en_US\" \/>\n<meta property=\"og:type\" content=\"article\" \/>\n<meta property=\"og:title\" content=\"Prijedor: Organizacija porodica poginulih boraca obi\u0161la Bogdana Milju\u0161a, oca poginulog borca - VIDEO - PrijedorDanas.com - Prijedorski gradski portal\" \/>\n<meta property=\"og:description\" content=\"Predstavnici gradske Organizacije porodica poginulih i zarobljenih boraca i nestalih civila obi\u0161li su oca poginulog borca Bogdana Milju\u0161a u Aerodromskom naselju i uru\u010dili mu jednokratnu nov\u010danu pomo\u0107. Nakon te\u0161ke sudbine [&hellip;]\" \/>\n<meta property=\"og:url\" content=\"https:\/\/www.prijedordanas.com\/?p=252737\" \/>\n<meta property=\"og:site_name\" content=\"PrijedorDanas.com - Prijedorski gradski portal\" \/>\n<meta property=\"article:publisher\" content=\"https:\/\/www.facebook.com\/PrijedorDanasCom\/\" \/>\n<meta property=\"article:published_time\" content=\"2025-08-26T15:00:31+00:00\" \/>\n<meta property=\"og:image\" content=\"https:\/\/www.prijedordanas.com\/wp-content\/uploads\/2025\/08\/kozarski-posjeta-bogdan-miljus-1-300x225.jpg\" \/>\n<meta name=\"author\" content=\"admin\" \/>\n<meta name=\"twitter:card\" content=\"summary_large_image\" \/>\n<meta name=\"twitter:label1\" content=\"Written by\" \/>\n\t<meta name=\"twitter:data1\" content=\"admin\" \/>\n\t<meta name=\"twitter:label2\" content=\"Est. reading time\" \/>\n\t<meta name=\"twitter:data2\" content=\"2 minutes\" \/>\n<script type=\"application\/ld+json\" class=\"yoast-schema-graph\">{\"@context\":\"https:\/\/schema.org\",\"@graph\":[{\"@type\":\"Article\",\"@id\":\"https:\/\/www.prijedordanas.com\/?p=252737#article\",\"isPartOf\":{\"@id\":\"https:\/\/www.prijedordanas.com\/?p=252737\"},\"author\":{\"name\":\"admin\",\"@id\":\"https:\/\/www.prijedordanas.com\/#\/schema\/person\/4e08ccf29b506ca916ff86d46bb700e6\"},\"headline\":\"Prijedor: Organizacija porodica poginulih boraca obi\u0161la Bogdana Milju\u0161a, oca poginulog borca &#8211; VIDEO\",\"datePublished\":\"2025-08-26T15:00:31+00:00\",\"dateModified\":\"2025-08-26T15:00:31+00:00\",\"mainEntityOfPage\":{\"@id\":\"https:\/\/www.prijedordanas.com\/?p=252737\"},\"wordCount\":401,\"publisher\":{\"@id\":\"https:\/\/www.prijedordanas.com\/#organization\"},\"articleSection\":[\"\u017divot\"],\"inLanguage\":\"en-US\"},{\"@type\":\"WebPage\",\"@id\":\"https:\/\/www.prijedordanas.com\/?p=252737\",\"url\":\"https:\/\/www.prijedordanas.com\/?p=252737\",\"name\":\"Prijedor: Organizacija porodica poginulih boraca obi\u0161la Bogdana Milju\u0161a, oca poginulog borca - VIDEO - PrijedorDanas.com - Prijedorski gradski portal\",\"isPartOf\":{\"@id\":\"https:\/\/www.prijedordanas.com\/#website\"},\"datePublished\":\"2025-08-26T15:00:31+00:00\",\"dateModified\":\"2025-08-26T15:00:31+00:00\",\"breadcrumb\":{\"@id\":\"https:\/\/www.prijedordanas.com\/?p=252737#breadcrumb\"},\"inLanguage\":\"en-US\",\"potentialAction\":[{\"@type\":\"ReadAction\",\"target\":[\"https:\/\/www.prijedordanas.com\/?p=252737\"]}]},{\"@type\":\"BreadcrumbList\",\"@id\":\"https:\/\/www.prijedordanas.com\/?p=252737#breadcrumb\",\"itemListElement\":[{\"@type\":\"ListItem\",\"position\":1,\"name\":\"Home\",\"item\":\"https:\/\/www.prijedordanas.com\/\"},{\"@type\":\"ListItem\",\"position\":2,\"name\":\"Prijedor: Organizacija porodica poginulih boraca obi\u0161la Bogdana Milju\u0161a, oca poginulog borca &#8211; VIDEO\"}]},{\"@type\":\"WebSite\",\"@id\":\"https:\/\/www.prijedordanas.com\/#website\",\"url\":\"https:\/\/www.prijedordanas.com\/\",\"name\":\"PrijedorDanas.com - Prijedorski gradski portal\",\"description\":\"Portal o doga\u0111anjima u gradu Prijedoru\",\"publisher\":{\"@id\":\"https:\/\/www.prijedordanas.com\/#organization\"},\"potentialAction\":[{\"@type\":\"SearchAction\",\"target\":{\"@type\":\"EntryPoint\",\"urlTemplate\":\"https:\/\/www.prijedordanas.com\/?s={search_term_string}\"},\"query-input\":\"required name=search_term_string\"}],\"inLanguage\":\"en-US\"},{\"@type\":\"Organization\",\"@id\":\"https:\/\/www.prijedordanas.com\/#organization\",\"name\":\"PrijedorDanas.com\",\"url\":\"https:\/\/www.prijedordanas.com\/\",\"logo\":{\"@type\":\"ImageObject\",\"inLanguage\":\"en-US\",\"@id\":\"https:\/\/www.prijedordanas.com\/#\/schema\/logo\/image\/\",\"url\":\"http:\/\/www.prijedordanas.com\/wp-content\/uploads\/2021\/12\/logopng.png\",\"contentUrl\":\"http:\/\/www.prijedordanas.com\/wp-content\/uploads\/2021\/12\/logopng.png\",\"width\":1019,\"height\":776,\"caption\":\"PrijedorDanas.com\"},\"image\":{\"@id\":\"https:\/\/www.prijedordanas.com\/#\/schema\/logo\/image\/\"},\"sameAs\":[\"https:\/\/www.facebook.com\/PrijedorDanasCom\/\"]},{\"@type\":\"Person\",\"@id\":\"https:\/\/www.prijedordanas.com\/#\/schema\/person\/4e08ccf29b506ca916ff86d46bb700e6\",\"name\":\"admin\",\"image\":{\"@type\":\"ImageObject\",\"inLanguage\":\"en-US\",\"@id\":\"https:\/\/www.prijedordanas.com\/#\/schema\/person\/image\/\",\"url\":\"https:\/\/secure.gravatar.com\/avatar\/1d3fc949d550f0b53a5f0d51e06dfd79?s=96&d=mm&r=g\",\"contentUrl\":\"https:\/\/secure.gravatar.com\/avatar\/1d3fc949d550f0b53a5f0d51e06dfd79?s=96&d=mm&r=g\",\"caption\":\"admin\"},\"url\":\"https:\/\/www.prijedordanas.com\/?author=1\"}]}<\/script>\n<!-- \/ Yoast SEO plugin. -->","yoast_head_json":{"title":"Prijedor: Organizacija porodica poginulih boraca obi\u0161la Bogdana Milju\u0161a, oca poginulog borca - VIDEO - PrijedorDanas.com - Prijedorski gradski portal","robots":{"index":"index","follow":"follow","max-snippet":"max-snippet:-1","max-image-preview":"max-image-preview:large","max-video-preview":"max-video-preview:-1"},"canonical":"https:\/\/www.prijedordanas.com\/?p=252737","og_locale":"en_US","og_type":"article","og_title":"Prijedor: Organizacija porodica poginulih boraca obi\u0161la Bogdana Milju\u0161a, oca poginulog borca - VIDEO - PrijedorDanas.com - Prijedorski gradski portal","og_description":"Predstavnici gradske Organizacije porodica poginulih i zarobljenih boraca i nestalih civila obi\u0161li su oca poginulog borca Bogdana Milju\u0161a u Aerodromskom naselju i uru\u010dili mu jednokratnu nov\u010danu pomo\u0107. Nakon te\u0161ke sudbine [&hellip;]","og_url":"https:\/\/www.prijedordanas.com\/?p=252737","og_site_name":"PrijedorDanas.com - Prijedorski gradski portal","article_publisher":"https:\/\/www.facebook.com\/PrijedorDanasCom\/","article_published_time":"2025-08-26T15:00:31+00:00","og_image":[{"url":"https:\/\/www.prijedordanas.com\/wp-content\/uploads\/2025\/08\/kozarski-posjeta-bogdan-miljus-1-300x225.jpg"}],"author":"admin","twitter_card":"summary_large_image","twitter_misc":{"Written by":"admin","Est. reading time":"2 minutes"},"schema":{"@context":"https:\/\/schema.org","@graph":[{"@type":"Article","@id":"https:\/\/www.prijedordanas.com\/?p=252737#article","isPartOf":{"@id":"https:\/\/www.prijedordanas.com\/?p=252737"},"author":{"name":"admin","@id":"https:\/\/www.prijedordanas.com\/#\/schema\/person\/4e08ccf29b506ca916ff86d46bb700e6"},"headline":"Prijedor: Organizacija porodica poginulih boraca obi\u0161la Bogdana Milju\u0161a, oca poginulog borca &#8211; VIDEO","datePublished":"2025-08-26T15:00:31+00:00","dateModified":"2025-08-26T15:00:31+00:00","mainEntityOfPage":{"@id":"https:\/\/www.prijedordanas.com\/?p=252737"},"wordCount":401,"publisher":{"@id":"https:\/\/www.prijedordanas.com\/#organization"},"articleSection":["\u017divot"],"inLanguage":"en-US"},{"@type":"WebPage","@id":"https:\/\/www.prijedordanas.com\/?p=252737","url":"https:\/\/www.prijedordanas.com\/?p=252737","name":"Prijedor: Organizacija porodica poginulih boraca obi\u0161la Bogdana Milju\u0161a, oca poginulog borca - VIDEO - PrijedorDanas.com - Prijedorski gradski portal","isPartOf":{"@id":"https:\/\/www.prijedordanas.com\/#website"},"datePublished":"2025-08-26T15:00:31+00:00","dateModified":"2025-08-26T15:00:31+00:00","breadcrumb":{"@id":"https:\/\/www.prijedordanas.com\/?p=252737#breadcrumb"},"inLanguage":"en-US","potentialAction":[{"@type":"ReadAction","target":["https:\/\/www.prijedordanas.com\/?p=252737"]}]},{"@type":"BreadcrumbList","@id":"https:\/\/www.prijedordanas.com\/?p=252737#breadcrumb","itemListElement":[{"@type":"ListItem","position":1,"name":"Home","item":"https:\/\/www.prijedordanas.com\/"},{"@type":"ListItem","position":2,"name":"Prijedor: Organizacija porodica poginulih boraca obi\u0161la Bogdana Milju\u0161a, oca poginulog borca &#8211; VIDEO"}]},{"@type":"WebSite","@id":"https:\/\/www.prijedordanas.com\/#website","url":"https:\/\/www.prijedordanas.com\/","name":"PrijedorDanas.com - Prijedorski gradski portal","description":"Portal o doga\u0111anjima u gradu Prijedoru","publisher":{"@id":"https:\/\/www.prijedordanas.com\/#organization"},"potentialAction":[{"@type":"SearchAction","target":{"@type":"EntryPoint","urlTemplate":"https:\/\/www.prijedordanas.com\/?s={search_term_string}"},"query-input":"required name=search_term_string"}],"inLanguage":"en-US"},{"@type":"Organization","@id":"https:\/\/www.prijedordanas.com\/#organization","name":"PrijedorDanas.com","url":"https:\/\/www.prijedordanas.com\/","logo":{"@type":"ImageObject","inLanguage":"en-US","@id":"https:\/\/www.prijedordanas.com\/#\/schema\/logo\/image\/","url":"http:\/\/www.prijedordanas.com\/wp-content\/uploads\/2021\/12\/logopng.png","contentUrl":"http:\/\/www.prijedordanas.com\/wp-content\/uploads\/2021\/12\/logopng.png","width":1019,"height":776,"caption":"PrijedorDanas.com"},"image":{"@id":"https:\/\/www.prijedordanas.com\/#\/schema\/logo\/image\/"},"sameAs":["https:\/\/www.facebook.com\/PrijedorDanasCom\/"]},{"@type":"Person","@id":"https:\/\/www.prijedordanas.com\/#\/schema\/person\/4e08ccf29b506ca916ff86d46bb700e6","name":"admin","image":{"@type":"ImageObject","inLanguage":"en-US","@id":"https:\/\/www.prijedordanas.com\/#\/schema\/person\/image\/","url":"https:\/\/secure.gravatar.com\/avatar\/1d3fc949d550f0b53a5f0d51e06dfd79?s=96&d=mm&r=g","contentUrl":"https:\/\/secure.gravatar.com\/avatar\/1d3fc949d550f0b53a5f0d51e06dfd79?s=96&d=mm&r=g","caption":"admin"},"url":"https:\/\/www.prijedordanas.com\/?author=1"}]}},"_links":{"self":[{"href":"https:\/\/www.prijedordanas.com\/index.php?rest_route=\/wp\/v2\/posts\/252737"}],"collection":[{"href":"https:\/\/www.prijedordanas.com\/index.php?rest_route=\/wp\/v2\/posts"}],"about":[{"href":"https:\/\/www.prijedordanas.com\/index.php?rest_route=\/wp\/v2\/types\/post"}],"author":[{"embeddable":true,"href":"https:\/\/www.prijedordanas.com\/index.php?rest_route=\/wp\/v2\/users\/1"}],"replies":[{"embeddable":true,"href":"https:\/\/www.prijedordanas.com\/index.php?rest_route=%2Fwp%2Fv2%2Fcomments&post=252737"}],"version-history":[{"count":1,"href":"https:\/\/www.prijedordanas.com\/index.php?rest_route=\/wp\/v2\/posts\/252737\/revisions"}],"predecessor-version":[{"id":252741,"href":"https:\/\/www.prijedordanas.com\/index.php?rest_route=\/wp\/v2\/posts\/252737\/revisions\/252741"}],"wp:attachment":[{"href":"https:\/\/www.prijedordanas.com\/index.php?rest_route=%2Fwp%2Fv2%2Fmedia&parent=252737"}],"wp:term":[{"taxonomy":"category","embeddable":true,"href":"https:\/\/www.prijedordanas.com\/index.php?rest_route=%2Fwp%2Fv2%2Fcategories&post=252737"},{"taxonomy":"post_tag","embeddable":true,"href":"https:\/\/www.prijedordanas.com\/index.php?rest_route=%2Fwp%2Fv2%2Ftags&post=252737"}],"curies":[{"name":"wp","href":"https:\/\/api.w.org\/{rel}","templated":true}]}}