{"id":252665,"date":"2025-08-24T15:28:58","date_gmt":"2025-08-24T13:28:58","guid":{"rendered":"https:\/\/www.prijedordanas.com\/?p=252665"},"modified":"2025-08-24T15:28:58","modified_gmt":"2025-08-24T13:28:58","slug":"blanik-kup-2025-prijedorcani-ekipni-pobjednici-na-nivou-rs-i-bih-te-pojedinacno-na-prvenstvu-rs","status":"publish","type":"post","link":"https:\/\/www.prijedordanas.com\/?p=252665","title":{"rendered":"Blanik kup 2025: Prijedor\u010dani ekipni pobjednici na nivou RS i BiH te pojedina\u010dno na Prvenstvu RS"},"content":{"rendered":"<p><a href=\"https:\/\/www.prijedordanas.com\/wp-content\/uploads\/2025\/08\/kozarski-blanik-kup-2025-proglasenje-pobjednika-1.jpg\"><img loading=\"lazy\" decoding=\"async\" class=\"alignleft size-medium wp-image-252666\" src=\"https:\/\/www.prijedordanas.com\/wp-content\/uploads\/2025\/08\/kozarski-blanik-kup-2025-proglasenje-pobjednika-1-300x225.jpg\" alt=\"\" width=\"300\" height=\"225\" srcset=\"https:\/\/www.prijedordanas.com\/wp-content\/uploads\/2025\/08\/kozarski-blanik-kup-2025-proglasenje-pobjednika-1-300x225.jpg 300w, https:\/\/www.prijedordanas.com\/wp-content\/uploads\/2025\/08\/kozarski-blanik-kup-2025-proglasenje-pobjednika-1-640x480.jpg 640w, https:\/\/www.prijedordanas.com\/wp-content\/uploads\/2025\/08\/kozarski-blanik-kup-2025-proglasenje-pobjednika-1.jpg 666w\" sizes=\"(max-width: 300px) 100vw, 300px\" \/><\/a>Na \u201eBlanik kupu\u201c koji je odr\u017ean na Aerodromu \u201eUrije\u201c, titulu najboljeg pilota-jedrili\u010dara u pojedina\u010dnoj kategoriji na Prvenstvu RS odnio je Mladen Banovi\u0107 iz AK \u201cPrijedor\u201d.<\/p>\n<p>Na nivou BiH pojedina\u010dno je najbolji Ibrahim Topi\u0107 iz Biha\u0107a, a u otvorenoj konkurenciiji Slobodan \u0110urovi\u0107 iz Aero-kluba \u201eTrstenik\u201c.<\/p>\n<p>Ekipno najbolji na prvenstvima RS i BiH bili su doma\u0107ini iz Aero-kluba \u201cPrijedor\u201d, a na Otvorenom prvenstvu \u010dlanovi AK \u201eTrstenik\u201c.<\/p>\n<p>\u201eU Prijedoru je uvijek jaka konkurencija, jer se radi o disciplini preciznog sletanja. Ovde su piloti iz cele regije i \u0161ire, a u toj konkurenciji je zaista posebna \u010dast osvojiti vredan rezultat\u201c, naglasio je Slobodan \u0110urovi\u0107.<\/p>\n<p><a href=\"https:\/\/www.prijedordanas.com\/wp-content\/uploads\/2025\/08\/kozarski-blanik-kup-2025-proglasenje-pobjednika-2.jpg\"><img loading=\"lazy\" decoding=\"async\" class=\"alignleft size-medium wp-image-252667\" src=\"https:\/\/www.prijedordanas.com\/wp-content\/uploads\/2025\/08\/kozarski-blanik-kup-2025-proglasenje-pobjednika-2-300x169.jpg\" alt=\"\" width=\"300\" height=\"169\" srcset=\"https:\/\/www.prijedordanas.com\/wp-content\/uploads\/2025\/08\/kozarski-blanik-kup-2025-proglasenje-pobjednika-2-300x169.jpg 300w, https:\/\/www.prijedordanas.com\/wp-content\/uploads\/2025\/08\/kozarski-blanik-kup-2025-proglasenje-pobjednika-2.jpg 600w\" sizes=\"(max-width: 300px) 100vw, 300px\" \/><\/a>Jurgen Rimmelspacher gostuju\u0107i je pilot-jedrili\u010dar u Aero-klubu \u201eTrstenik\u201c u Srbiji, a kako je rekao, atmosfera na Aerodromu \u201eUrije\u201c je najbolja. Zajedno sa \u0110urovi\u0107em, odnio je prvo mjesto u ekipnoj otvorenoj konkurenciji.<\/p>\n<p>\u201eOvdje je veoma dobra energija, porodi\u010dna i prijateljska i to mi se mnogo svi\u0111a. Planiram opet da do\u0111em u Prijedor i posjetim jo\u0161 mnoga druga mjesta u Bosni\u201c, pri\u010da Rimmelspacher.<\/p>\n<p>\u201eNajbitnije je da je sve bezbjedno pro\u0161lo, organizacija je bila na vrhunskom nivou, i nadam se da \u0107emo slede\u0107e godine da se okupimo, ako ne u ovolikom, onda u jo\u0161 ve\u0107em broju\u201c, rekao je Mladen Banovi\u0107 iz Aero-kluba \u201cPrijedor\u201d, ne kriju\u0107i zadovoljstvo rezultatima.<\/p>\n<p><a href=\"https:\/\/www.prijedordanas.com\/wp-content\/uploads\/2025\/08\/blanik-kup-2025-6.jpg\"><img loading=\"lazy\" decoding=\"async\" class=\"alignleft size-medium wp-image-252618\" src=\"https:\/\/www.prijedordanas.com\/wp-content\/uploads\/2025\/08\/blanik-kup-2025-6-300x200.jpg\" alt=\"\" width=\"300\" height=\"200\" srcset=\"https:\/\/www.prijedordanas.com\/wp-content\/uploads\/2025\/08\/blanik-kup-2025-6-300x200.jpg 300w, https:\/\/www.prijedordanas.com\/wp-content\/uploads\/2025\/08\/blanik-kup-2025-6-480x320.jpg 480w, https:\/\/www.prijedordanas.com\/wp-content\/uploads\/2025\/08\/blanik-kup-2025-6.jpg 600w\" sizes=\"(max-width: 300px) 100vw, 300px\" \/><\/a>Iz AK \u201ePrijedor\u201c poru\u010duju da su zadovoljni odzivom kako takmi\u010dara, tako i publike. Za ovakav doga\u0111aj pripremali su se dugo i dobili sve potrebne dozvole od Direkcije za civilno vazduhoplovstvo BiH, Ministarstva porodice omladine i sporta RS te lokalne zajednice.<\/p>\n<p>\u201eZa nas je najva\u017enije \u0161to je takmi\u010darski dan protekao u najboljem redu i bez ikakvih incidenata. Veliko nam je zadovoljstvo \u0161to takmi\u010dari prelaze toliki put da bi bili gosti u Prijedoru\u201c, rekao je Danijel \u0160padi\u0107, \u010dlan Aero-kluba \u201cPrijedor\u201d.<\/p>\n<p>Na 20. \u201eBlanik kupu\u201c u\u010destvovalo je preko 30 takmi\u010dara sa prostora biv\u0161e Jugoslavije, Poljske, Njema\u010dke i Australije.<\/p>\n<p>Organizator je Aero-klub \u201ePrijedor\u201c, a pokrovitelj Grad Prijedor.<\/p>\n<p><strong><a href=\"https:\/\/kozarski.com\/prijedorcani-ekipni-pobjednici-na-nivou-rs-i-bih-te-pojedinacno-na-prvenstvu-srpske\/\" target=\"_blank\" rel=\"noopener\">kozarski.com<\/a><\/strong><\/p>\n<p><a href=\"https:\/\/www.prijedordanas.com\/wp-content\/uploads\/2025\/08\/blanik-kup-2025-11.jpg\"><img loading=\"lazy\" decoding=\"async\" src=\"https:\/\/www.prijedordanas.com\/wp-content\/uploads\/2025\/08\/blanik-kup-2025-11-300x200.jpg\" alt=\"\" width=\"300\" height=\"200\" class=\"alignleft size-medium wp-image-252623\" srcset=\"https:\/\/www.prijedordanas.com\/wp-content\/uploads\/2025\/08\/blanik-kup-2025-11-300x200.jpg 300w, https:\/\/www.prijedordanas.com\/wp-content\/uploads\/2025\/08\/blanik-kup-2025-11-480x320.jpg 480w, https:\/\/www.prijedordanas.com\/wp-content\/uploads\/2025\/08\/blanik-kup-2025-11.jpg 600w\" sizes=\"(max-width: 300px) 100vw, 300px\" \/><\/a> <a href=\"https:\/\/www.prijedordanas.com\/wp-content\/uploads\/2025\/08\/blanik-kup-2025-9.jpg\"><img loading=\"lazy\" decoding=\"async\" src=\"https:\/\/www.prijedordanas.com\/wp-content\/uploads\/2025\/08\/blanik-kup-2025-9-300x200.jpg\" alt=\"\" width=\"300\" height=\"200\" class=\"alignleft size-medium wp-image-252621\" srcset=\"https:\/\/www.prijedordanas.com\/wp-content\/uploads\/2025\/08\/blanik-kup-2025-9-300x200.jpg 300w, https:\/\/www.prijedordanas.com\/wp-content\/uploads\/2025\/08\/blanik-kup-2025-9-480x320.jpg 480w, https:\/\/www.prijedordanas.com\/wp-content\/uploads\/2025\/08\/blanik-kup-2025-9.jpg 600w\" sizes=\"(max-width: 300px) 100vw, 300px\" \/><\/a><\/p>\n","protected":false},"excerpt":{"rendered":"<p>Na \u201eBlanik kupu\u201c koji je odr\u017ean na Aerodromu \u201eUrije\u201c, titulu najboljeg pilota-jedrili\u010dara u pojedina\u010dnoj kategoriji na Prvenstvu RS odnio je Mladen Banovi\u0107 iz AK \u201cPrijedor\u201d. Na nivou BiH pojedina\u010dno je [&hellip;]<\/p>\n","protected":false},"author":1,"featured_media":0,"comment_status":"closed","ping_status":"open","sticky":false,"template":"","format":"standard","meta":{"_monsterinsights_skip_tracking":false,"_monsterinsights_sitenote_active":false,"_monsterinsights_sitenote_note":"","_monsterinsights_sitenote_category":0,"footnotes":""},"categories":[7],"tags":[],"yoast_head":"<!-- This site is optimized with the Yoast SEO plugin v21.6 - https:\/\/yoast.com\/wordpress\/plugins\/seo\/ -->\n<title>Blanik kup 2025: Prijedor\u010dani ekipni pobjednici na nivou RS i BiH te pojedina\u010dno na Prvenstvu RS - PrijedorDanas.com - Prijedorski gradski portal<\/title>\n<meta name=\"robots\" content=\"index, follow, max-snippet:-1, max-image-preview:large, max-video-preview:-1\" \/>\n<link rel=\"canonical\" href=\"https:\/\/www.prijedordanas.com\/?p=252665\" \/>\n<meta property=\"og:locale\" content=\"en_US\" \/>\n<meta property=\"og:type\" content=\"article\" \/>\n<meta property=\"og:title\" content=\"Blanik kup 2025: Prijedor\u010dani ekipni pobjednici na nivou RS i BiH te pojedina\u010dno na Prvenstvu RS - PrijedorDanas.com - Prijedorski gradski portal\" \/>\n<meta property=\"og:description\" content=\"Na \u201eBlanik kupu\u201c koji je odr\u017ean na Aerodromu \u201eUrije\u201c, titulu najboljeg pilota-jedrili\u010dara u pojedina\u010dnoj kategoriji na Prvenstvu RS odnio je Mladen Banovi\u0107 iz AK \u201cPrijedor\u201d. Na nivou BiH pojedina\u010dno je [&hellip;]\" \/>\n<meta property=\"og:url\" content=\"https:\/\/www.prijedordanas.com\/?p=252665\" \/>\n<meta property=\"og:site_name\" content=\"PrijedorDanas.com - Prijedorski gradski portal\" \/>\n<meta property=\"article:publisher\" content=\"https:\/\/www.facebook.com\/PrijedorDanasCom\/\" \/>\n<meta property=\"article:published_time\" content=\"2025-08-24T13:28:58+00:00\" \/>\n<meta property=\"og:image\" content=\"https:\/\/www.prijedordanas.com\/wp-content\/uploads\/2025\/08\/kozarski-blanik-kup-2025-proglasenje-pobjednika-1-300x225.jpg\" \/>\n<meta name=\"author\" content=\"admin\" \/>\n<meta name=\"twitter:card\" content=\"summary_large_image\" \/>\n<meta name=\"twitter:label1\" content=\"Written by\" \/>\n\t<meta name=\"twitter:data1\" content=\"admin\" \/>\n\t<meta name=\"twitter:label2\" content=\"Est. reading time\" \/>\n\t<meta name=\"twitter:data2\" content=\"2 minutes\" \/>\n<script type=\"application\/ld+json\" class=\"yoast-schema-graph\">{\"@context\":\"https:\/\/schema.org\",\"@graph\":[{\"@type\":\"Article\",\"@id\":\"https:\/\/www.prijedordanas.com\/?p=252665#article\",\"isPartOf\":{\"@id\":\"https:\/\/www.prijedordanas.com\/?p=252665\"},\"author\":{\"name\":\"admin\",\"@id\":\"https:\/\/www.prijedordanas.com\/#\/schema\/person\/4e08ccf29b506ca916ff86d46bb700e6\"},\"headline\":\"Blanik kup 2025: Prijedor\u010dani ekipni pobjednici na nivou RS i BiH te pojedina\u010dno na Prvenstvu RS\",\"datePublished\":\"2025-08-24T13:28:58+00:00\",\"dateModified\":\"2025-08-24T13:28:58+00:00\",\"mainEntityOfPage\":{\"@id\":\"https:\/\/www.prijedordanas.com\/?p=252665\"},\"wordCount\":351,\"publisher\":{\"@id\":\"https:\/\/www.prijedordanas.com\/#organization\"},\"articleSection\":[\"Sport\"],\"inLanguage\":\"en-US\"},{\"@type\":\"WebPage\",\"@id\":\"https:\/\/www.prijedordanas.com\/?p=252665\",\"url\":\"https:\/\/www.prijedordanas.com\/?p=252665\",\"name\":\"Blanik kup 2025: Prijedor\u010dani ekipni pobjednici na nivou RS i BiH te pojedina\u010dno na Prvenstvu RS - PrijedorDanas.com - Prijedorski gradski portal\",\"isPartOf\":{\"@id\":\"https:\/\/www.prijedordanas.com\/#website\"},\"datePublished\":\"2025-08-24T13:28:58+00:00\",\"dateModified\":\"2025-08-24T13:28:58+00:00\",\"breadcrumb\":{\"@id\":\"https:\/\/www.prijedordanas.com\/?p=252665#breadcrumb\"},\"inLanguage\":\"en-US\",\"potentialAction\":[{\"@type\":\"ReadAction\",\"target\":[\"https:\/\/www.prijedordanas.com\/?p=252665\"]}]},{\"@type\":\"BreadcrumbList\",\"@id\":\"https:\/\/www.prijedordanas.com\/?p=252665#breadcrumb\",\"itemListElement\":[{\"@type\":\"ListItem\",\"position\":1,\"name\":\"Home\",\"item\":\"https:\/\/www.prijedordanas.com\/\"},{\"@type\":\"ListItem\",\"position\":2,\"name\":\"Blanik kup 2025: Prijedor\u010dani ekipni pobjednici na nivou RS i BiH te pojedina\u010dno na Prvenstvu RS\"}]},{\"@type\":\"WebSite\",\"@id\":\"https:\/\/www.prijedordanas.com\/#website\",\"url\":\"https:\/\/www.prijedordanas.com\/\",\"name\":\"PrijedorDanas.com - Prijedorski gradski portal\",\"description\":\"Portal o doga\u0111anjima u gradu Prijedoru\",\"publisher\":{\"@id\":\"https:\/\/www.prijedordanas.com\/#organization\"},\"potentialAction\":[{\"@type\":\"SearchAction\",\"target\":{\"@type\":\"EntryPoint\",\"urlTemplate\":\"https:\/\/www.prijedordanas.com\/?s={search_term_string}\"},\"query-input\":\"required name=search_term_string\"}],\"inLanguage\":\"en-US\"},{\"@type\":\"Organization\",\"@id\":\"https:\/\/www.prijedordanas.com\/#organization\",\"name\":\"PrijedorDanas.com\",\"url\":\"https:\/\/www.prijedordanas.com\/\",\"logo\":{\"@type\":\"ImageObject\",\"inLanguage\":\"en-US\",\"@id\":\"https:\/\/www.prijedordanas.com\/#\/schema\/logo\/image\/\",\"url\":\"http:\/\/www.prijedordanas.com\/wp-content\/uploads\/2021\/12\/logopng.png\",\"contentUrl\":\"http:\/\/www.prijedordanas.com\/wp-content\/uploads\/2021\/12\/logopng.png\",\"width\":1019,\"height\":776,\"caption\":\"PrijedorDanas.com\"},\"image\":{\"@id\":\"https:\/\/www.prijedordanas.com\/#\/schema\/logo\/image\/\"},\"sameAs\":[\"https:\/\/www.facebook.com\/PrijedorDanasCom\/\"]},{\"@type\":\"Person\",\"@id\":\"https:\/\/www.prijedordanas.com\/#\/schema\/person\/4e08ccf29b506ca916ff86d46bb700e6\",\"name\":\"admin\",\"image\":{\"@type\":\"ImageObject\",\"inLanguage\":\"en-US\",\"@id\":\"https:\/\/www.prijedordanas.com\/#\/schema\/person\/image\/\",\"url\":\"https:\/\/secure.gravatar.com\/avatar\/1d3fc949d550f0b53a5f0d51e06dfd79?s=96&d=mm&r=g\",\"contentUrl\":\"https:\/\/secure.gravatar.com\/avatar\/1d3fc949d550f0b53a5f0d51e06dfd79?s=96&d=mm&r=g\",\"caption\":\"admin\"},\"url\":\"https:\/\/www.prijedordanas.com\/?author=1\"}]}<\/script>\n<!-- \/ Yoast SEO plugin. -->","yoast_head_json":{"title":"Blanik kup 2025: Prijedor\u010dani ekipni pobjednici na nivou RS i BiH te pojedina\u010dno na Prvenstvu RS - PrijedorDanas.com - Prijedorski gradski portal","robots":{"index":"index","follow":"follow","max-snippet":"max-snippet:-1","max-image-preview":"max-image-preview:large","max-video-preview":"max-video-preview:-1"},"canonical":"https:\/\/www.prijedordanas.com\/?p=252665","og_locale":"en_US","og_type":"article","og_title":"Blanik kup 2025: Prijedor\u010dani ekipni pobjednici na nivou RS i BiH te pojedina\u010dno na Prvenstvu RS - PrijedorDanas.com - Prijedorski gradski portal","og_description":"Na \u201eBlanik kupu\u201c koji je odr\u017ean na Aerodromu \u201eUrije\u201c, titulu najboljeg pilota-jedrili\u010dara u pojedina\u010dnoj kategoriji na Prvenstvu RS odnio je Mladen Banovi\u0107 iz AK \u201cPrijedor\u201d. Na nivou BiH pojedina\u010dno je [&hellip;]","og_url":"https:\/\/www.prijedordanas.com\/?p=252665","og_site_name":"PrijedorDanas.com - Prijedorski gradski portal","article_publisher":"https:\/\/www.facebook.com\/PrijedorDanasCom\/","article_published_time":"2025-08-24T13:28:58+00:00","og_image":[{"url":"https:\/\/www.prijedordanas.com\/wp-content\/uploads\/2025\/08\/kozarski-blanik-kup-2025-proglasenje-pobjednika-1-300x225.jpg"}],"author":"admin","twitter_card":"summary_large_image","twitter_misc":{"Written by":"admin","Est. reading time":"2 minutes"},"schema":{"@context":"https:\/\/schema.org","@graph":[{"@type":"Article","@id":"https:\/\/www.prijedordanas.com\/?p=252665#article","isPartOf":{"@id":"https:\/\/www.prijedordanas.com\/?p=252665"},"author":{"name":"admin","@id":"https:\/\/www.prijedordanas.com\/#\/schema\/person\/4e08ccf29b506ca916ff86d46bb700e6"},"headline":"Blanik kup 2025: Prijedor\u010dani ekipni pobjednici na nivou RS i BiH te pojedina\u010dno na Prvenstvu RS","datePublished":"2025-08-24T13:28:58+00:00","dateModified":"2025-08-24T13:28:58+00:00","mainEntityOfPage":{"@id":"https:\/\/www.prijedordanas.com\/?p=252665"},"wordCount":351,"publisher":{"@id":"https:\/\/www.prijedordanas.com\/#organization"},"articleSection":["Sport"],"inLanguage":"en-US"},{"@type":"WebPage","@id":"https:\/\/www.prijedordanas.com\/?p=252665","url":"https:\/\/www.prijedordanas.com\/?p=252665","name":"Blanik kup 2025: Prijedor\u010dani ekipni pobjednici na nivou RS i BiH te pojedina\u010dno na Prvenstvu RS - PrijedorDanas.com - Prijedorski gradski portal","isPartOf":{"@id":"https:\/\/www.prijedordanas.com\/#website"},"datePublished":"2025-08-24T13:28:58+00:00","dateModified":"2025-08-24T13:28:58+00:00","breadcrumb":{"@id":"https:\/\/www.prijedordanas.com\/?p=252665#breadcrumb"},"inLanguage":"en-US","potentialAction":[{"@type":"ReadAction","target":["https:\/\/www.prijedordanas.com\/?p=252665"]}]},{"@type":"BreadcrumbList","@id":"https:\/\/www.prijedordanas.com\/?p=252665#breadcrumb","itemListElement":[{"@type":"ListItem","position":1,"name":"Home","item":"https:\/\/www.prijedordanas.com\/"},{"@type":"ListItem","position":2,"name":"Blanik kup 2025: Prijedor\u010dani ekipni pobjednici na nivou RS i BiH te pojedina\u010dno na Prvenstvu RS"}]},{"@type":"WebSite","@id":"https:\/\/www.prijedordanas.com\/#website","url":"https:\/\/www.prijedordanas.com\/","name":"PrijedorDanas.com - Prijedorski gradski portal","description":"Portal o doga\u0111anjima u gradu Prijedoru","publisher":{"@id":"https:\/\/www.prijedordanas.com\/#organization"},"potentialAction":[{"@type":"SearchAction","target":{"@type":"EntryPoint","urlTemplate":"https:\/\/www.prijedordanas.com\/?s={search_term_string}"},"query-input":"required name=search_term_string"}],"inLanguage":"en-US"},{"@type":"Organization","@id":"https:\/\/www.prijedordanas.com\/#organization","name":"PrijedorDanas.com","url":"https:\/\/www.prijedordanas.com\/","logo":{"@type":"ImageObject","inLanguage":"en-US","@id":"https:\/\/www.prijedordanas.com\/#\/schema\/logo\/image\/","url":"http:\/\/www.prijedordanas.com\/wp-content\/uploads\/2021\/12\/logopng.png","contentUrl":"http:\/\/www.prijedordanas.com\/wp-content\/uploads\/2021\/12\/logopng.png","width":1019,"height":776,"caption":"PrijedorDanas.com"},"image":{"@id":"https:\/\/www.prijedordanas.com\/#\/schema\/logo\/image\/"},"sameAs":["https:\/\/www.facebook.com\/PrijedorDanasCom\/"]},{"@type":"Person","@id":"https:\/\/www.prijedordanas.com\/#\/schema\/person\/4e08ccf29b506ca916ff86d46bb700e6","name":"admin","image":{"@type":"ImageObject","inLanguage":"en-US","@id":"https:\/\/www.prijedordanas.com\/#\/schema\/person\/image\/","url":"https:\/\/secure.gravatar.com\/avatar\/1d3fc949d550f0b53a5f0d51e06dfd79?s=96&d=mm&r=g","contentUrl":"https:\/\/secure.gravatar.com\/avatar\/1d3fc949d550f0b53a5f0d51e06dfd79?s=96&d=mm&r=g","caption":"admin"},"url":"https:\/\/www.prijedordanas.com\/?author=1"}]}},"_links":{"self":[{"href":"https:\/\/www.prijedordanas.com\/index.php?rest_route=\/wp\/v2\/posts\/252665"}],"collection":[{"href":"https:\/\/www.prijedordanas.com\/index.php?rest_route=\/wp\/v2\/posts"}],"about":[{"href":"https:\/\/www.prijedordanas.com\/index.php?rest_route=\/wp\/v2\/types\/post"}],"author":[{"embeddable":true,"href":"https:\/\/www.prijedordanas.com\/index.php?rest_route=\/wp\/v2\/users\/1"}],"replies":[{"embeddable":true,"href":"https:\/\/www.prijedordanas.com\/index.php?rest_route=%2Fwp%2Fv2%2Fcomments&post=252665"}],"version-history":[{"count":1,"href":"https:\/\/www.prijedordanas.com\/index.php?rest_route=\/wp\/v2\/posts\/252665\/revisions"}],"predecessor-version":[{"id":252668,"href":"https:\/\/www.prijedordanas.com\/index.php?rest_route=\/wp\/v2\/posts\/252665\/revisions\/252668"}],"wp:attachment":[{"href":"https:\/\/www.prijedordanas.com\/index.php?rest_route=%2Fwp%2Fv2%2Fmedia&parent=252665"}],"wp:term":[{"taxonomy":"category","embeddable":true,"href":"https:\/\/www.prijedordanas.com\/index.php?rest_route=%2Fwp%2Fv2%2Fcategories&post=252665"},{"taxonomy":"post_tag","embeddable":true,"href":"https:\/\/www.prijedordanas.com\/index.php?rest_route=%2Fwp%2Fv2%2Ftags&post=252665"}],"curies":[{"name":"wp","href":"https:\/\/api.w.org\/{rel}","templated":true}]}}