{"id":252631,"date":"2025-08-23T15:17:30","date_gmt":"2025-08-23T13:17:30","guid":{"rendered":"https:\/\/www.prijedordanas.com\/?p=252631"},"modified":"2025-08-23T15:17:30","modified_gmt":"2025-08-23T13:17:30","slug":"marcetic-na-kozari-trenirao-mlade-prijedorske-atleticare-foto","status":"publish","type":"post","link":"https:\/\/www.prijedordanas.com\/?p=252631","title":{"rendered":"Mar\u010deti\u0107 na Kozari trenirao mlade prijedorske atleti\u010dare &#8211; FOTO"},"content":{"rendered":"<p><a href=\"https:\/\/www.prijedordanas.com\/wp-content\/uploads\/2025\/08\/marcetic-trening-pd-atleticari-trening-kozara-1.jpg\"><img loading=\"lazy\" decoding=\"async\" class=\"alignleft size-medium wp-image-252632\" src=\"https:\/\/www.prijedordanas.com\/wp-content\/uploads\/2025\/08\/marcetic-trening-pd-atleticari-trening-kozara-1-300x225.jpg\" alt=\"\" width=\"300\" height=\"225\" srcset=\"https:\/\/www.prijedordanas.com\/wp-content\/uploads\/2025\/08\/marcetic-trening-pd-atleticari-trening-kozara-1-300x225.jpg 300w, https:\/\/www.prijedordanas.com\/wp-content\/uploads\/2025\/08\/marcetic-trening-pd-atleticari-trening-kozara-1-640x480.jpg 640w, https:\/\/www.prijedordanas.com\/wp-content\/uploads\/2025\/08\/marcetic-trening-pd-atleticari-trening-kozara-1.jpg 667w\" sizes=\"(max-width: 300px) 100vw, 300px\" \/><\/a>Atletski i kondicioni trener Sini\u0161a Mar\u010deti\u0107 na Kozari je odr\u017eao trening sa \u010dlanovima Atletskog kluba \u201cPrijedor\u201d.<\/p>\n<p>Mar\u010deti\u0107 je poznato atletsko ime iz Prijedora, a trenutno kao trener radi u \u201cVFB \u0160tutgart\u201d.<\/p>\n<p>Boravak u Prijedoru iskoristio je da atletskim vje\u0161tinama, po savremenom programu, podu\u010dava i atleti\u010dare grada na Sani.<\/p>\n<p>On ka\u017ee da je prezadovoljan \u0161to je svoje vrijeme proveo sa mladim nadama prijedorske atletike.<\/p>\n<p>\u201cUslovi u kojima oni treniraju lo\u0161iji su, za razliku od uslova koja imaju djeca u Njema\u010dkoj i Evropi, ali ono \u0161to ovdje djeca imaju je talenat koji je jako izra\u017een ne samo u atletici ve\u0107 i u drugim sportovima\u201d, rekao je Mar\u010deti\u0107.<\/p>\n<p><a href=\"https:\/\/www.prijedordanas.com\/wp-content\/uploads\/2025\/08\/marcetic-trening-pd-atleticari-trening-kozara-3.jpg\"><img loading=\"lazy\" decoding=\"async\" class=\"alignleft size-medium wp-image-252633\" src=\"https:\/\/www.prijedordanas.com\/wp-content\/uploads\/2025\/08\/marcetic-trening-pd-atleticari-trening-kozara-3-300x225.jpg\" alt=\"\" width=\"300\" height=\"225\" srcset=\"https:\/\/www.prijedordanas.com\/wp-content\/uploads\/2025\/08\/marcetic-trening-pd-atleticari-trening-kozara-3-300x225.jpg 300w, https:\/\/www.prijedordanas.com\/wp-content\/uploads\/2025\/08\/marcetic-trening-pd-atleticari-trening-kozara-3-640x480.jpg 640w, https:\/\/www.prijedordanas.com\/wp-content\/uploads\/2025\/08\/marcetic-trening-pd-atleticari-trening-kozara-3.jpg 667w\" sizes=\"(max-width: 300px) 100vw, 300px\" \/><\/a>Dodaje da sad radi kao trener u sportskom klubu \u201cVFB \u0160tutgart\u201d koji je fudbalski viceprvak Njema\u010dke.<\/p>\n<p>Mar\u010deti\u0107 je, bave\u0107i se atletikom, upoznao suprugu, atleti\u010darku Lusiju Kimani iz Kenije, koja je predstavljala BiH na Olimpijadi i nosilac je nekoliko dr\u017eavnih rekorda.<\/p>\n<p>Njihova k\u0107erka Viktorija krenula je atletskim stopama roditelja i trenira atletiku u \u0160tutgartu.<\/p>\n<p>Mar\u010deti\u0107 je najavio da \u0107e nastaviti saradnju sa atleti\u010darima iz svog mati\u010dnog kluba.<\/p>\n<p>Trener Atletskog kluba \u201cPrijedor\u201d Milan Popovi\u0107 izrazio je zahvalnost Mar\u010deti\u0107u \u0161to je izdvojio vrijeme za \u010dlanove svog nekada\u0161njeg kluba u kojem je napravio prve atletske korake i bio vi\u0161estruki osvaja\u010d na brojnim takmi\u010denjima.<\/p>\n<p><a href=\"https:\/\/www.prijedordanas.com\/wp-content\/uploads\/2025\/08\/marcetic-trening-pd-atleticari-trening-kozara-2.jpg\"><img loading=\"lazy\" decoding=\"async\" src=\"https:\/\/www.prijedordanas.com\/wp-content\/uploads\/2025\/08\/marcetic-trening-pd-atleticari-trening-kozara-2-300x225.jpg\" alt=\"\" width=\"300\" height=\"225\" class=\"alignleft size-medium wp-image-252634\" srcset=\"https:\/\/www.prijedordanas.com\/wp-content\/uploads\/2025\/08\/marcetic-trening-pd-atleticari-trening-kozara-2-300x225.jpg 300w, https:\/\/www.prijedordanas.com\/wp-content\/uploads\/2025\/08\/marcetic-trening-pd-atleticari-trening-kozara-2-640x480.jpg 640w, https:\/\/www.prijedordanas.com\/wp-content\/uploads\/2025\/08\/marcetic-trening-pd-atleticari-trening-kozara-2.jpg 667w\" sizes=\"(max-width: 300px) 100vw, 300px\" \/><\/a>\u201cOvaj trening sa Mar\u010deti\u0107em, sa kojim sam nekada i ja zajedno trenirao u na\u0161em klubu, zna\u010dajan je za na\u0161e sportiste. Prenio im je novo znanje koje je stekao kroz rad sa velikim svjetskim atleti\u010darima\u201d, rekao je Popovi\u0107.<\/p>\n<p>Prijedorski atleti\u010dari rado odr\u017eavaju treninge u prirodi.<\/p>\n<p>U planu je da sutra treniraju u Busnovima, gdje \u0107e najprije prisustvovati liturgiji u crkvi brvnari koja je posve\u0107ena Vaznesenju Hristovom, a nakon toga odr\u017eati trening u prirodi.<\/p>\n<p><strong><a href=\"https:\/\/kozarski.com\/marcetic-na-kozari-trenirao-mlade-prijedorske-atleticare\/\" target=\"_blank\" rel=\"noopener\">kozarski.com<\/a><\/strong><\/p>\n","protected":false},"excerpt":{"rendered":"<p>Atletski i kondicioni trener Sini\u0161a Mar\u010deti\u0107 na Kozari je odr\u017eao trening sa \u010dlanovima Atletskog kluba \u201cPrijedor\u201d. Mar\u010deti\u0107 je poznato atletsko ime iz Prijedora, a trenutno kao trener radi u \u201cVFB [&hellip;]<\/p>\n","protected":false},"author":1,"featured_media":0,"comment_status":"closed","ping_status":"open","sticky":false,"template":"","format":"standard","meta":{"_monsterinsights_skip_tracking":false,"_monsterinsights_sitenote_active":false,"_monsterinsights_sitenote_note":"","_monsterinsights_sitenote_category":0,"footnotes":""},"categories":[7],"tags":[],"yoast_head":"<!-- This site is optimized with the Yoast SEO plugin v21.6 - https:\/\/yoast.com\/wordpress\/plugins\/seo\/ -->\n<title>Mar\u010deti\u0107 na Kozari trenirao mlade prijedorske atleti\u010dare - FOTO - PrijedorDanas.com - Prijedorski gradski portal<\/title>\n<meta name=\"robots\" content=\"index, follow, max-snippet:-1, max-image-preview:large, max-video-preview:-1\" \/>\n<link rel=\"canonical\" href=\"https:\/\/www.prijedordanas.com\/?p=252631\" \/>\n<meta property=\"og:locale\" content=\"en_US\" \/>\n<meta property=\"og:type\" content=\"article\" \/>\n<meta property=\"og:title\" content=\"Mar\u010deti\u0107 na Kozari trenirao mlade prijedorske atleti\u010dare - FOTO - PrijedorDanas.com - Prijedorski gradski portal\" \/>\n<meta property=\"og:description\" content=\"Atletski i kondicioni trener Sini\u0161a Mar\u010deti\u0107 na Kozari je odr\u017eao trening sa \u010dlanovima Atletskog kluba \u201cPrijedor\u201d. Mar\u010deti\u0107 je poznato atletsko ime iz Prijedora, a trenutno kao trener radi u \u201cVFB [&hellip;]\" \/>\n<meta property=\"og:url\" content=\"https:\/\/www.prijedordanas.com\/?p=252631\" \/>\n<meta property=\"og:site_name\" content=\"PrijedorDanas.com - Prijedorski gradski portal\" \/>\n<meta property=\"article:publisher\" content=\"https:\/\/www.facebook.com\/PrijedorDanasCom\/\" \/>\n<meta property=\"article:published_time\" content=\"2025-08-23T13:17:30+00:00\" \/>\n<meta property=\"og:image\" content=\"https:\/\/www.prijedordanas.com\/wp-content\/uploads\/2025\/08\/marcetic-trening-pd-atleticari-trening-kozara-1-300x225.jpg\" \/>\n<meta name=\"author\" content=\"admin\" \/>\n<meta name=\"twitter:card\" content=\"summary_large_image\" \/>\n<meta name=\"twitter:label1\" content=\"Written by\" \/>\n\t<meta name=\"twitter:data1\" content=\"admin\" \/>\n\t<meta name=\"twitter:label2\" content=\"Est. reading time\" \/>\n\t<meta name=\"twitter:data2\" content=\"2 minutes\" \/>\n<script type=\"application\/ld+json\" class=\"yoast-schema-graph\">{\"@context\":\"https:\/\/schema.org\",\"@graph\":[{\"@type\":\"Article\",\"@id\":\"https:\/\/www.prijedordanas.com\/?p=252631#article\",\"isPartOf\":{\"@id\":\"https:\/\/www.prijedordanas.com\/?p=252631\"},\"author\":{\"name\":\"admin\",\"@id\":\"https:\/\/www.prijedordanas.com\/#\/schema\/person\/4e08ccf29b506ca916ff86d46bb700e6\"},\"headline\":\"Mar\u010deti\u0107 na Kozari trenirao mlade prijedorske atleti\u010dare &#8211; FOTO\",\"datePublished\":\"2025-08-23T13:17:30+00:00\",\"dateModified\":\"2025-08-23T13:17:30+00:00\",\"mainEntityOfPage\":{\"@id\":\"https:\/\/www.prijedordanas.com\/?p=252631\"},\"wordCount\":325,\"publisher\":{\"@id\":\"https:\/\/www.prijedordanas.com\/#organization\"},\"articleSection\":[\"Sport\"],\"inLanguage\":\"en-US\"},{\"@type\":\"WebPage\",\"@id\":\"https:\/\/www.prijedordanas.com\/?p=252631\",\"url\":\"https:\/\/www.prijedordanas.com\/?p=252631\",\"name\":\"Mar\u010deti\u0107 na Kozari trenirao mlade prijedorske atleti\u010dare - FOTO - PrijedorDanas.com - Prijedorski gradski portal\",\"isPartOf\":{\"@id\":\"https:\/\/www.prijedordanas.com\/#website\"},\"datePublished\":\"2025-08-23T13:17:30+00:00\",\"dateModified\":\"2025-08-23T13:17:30+00:00\",\"breadcrumb\":{\"@id\":\"https:\/\/www.prijedordanas.com\/?p=252631#breadcrumb\"},\"inLanguage\":\"en-US\",\"potentialAction\":[{\"@type\":\"ReadAction\",\"target\":[\"https:\/\/www.prijedordanas.com\/?p=252631\"]}]},{\"@type\":\"BreadcrumbList\",\"@id\":\"https:\/\/www.prijedordanas.com\/?p=252631#breadcrumb\",\"itemListElement\":[{\"@type\":\"ListItem\",\"position\":1,\"name\":\"Home\",\"item\":\"https:\/\/www.prijedordanas.com\/\"},{\"@type\":\"ListItem\",\"position\":2,\"name\":\"Mar\u010deti\u0107 na Kozari trenirao mlade prijedorske atleti\u010dare &#8211; FOTO\"}]},{\"@type\":\"WebSite\",\"@id\":\"https:\/\/www.prijedordanas.com\/#website\",\"url\":\"https:\/\/www.prijedordanas.com\/\",\"name\":\"PrijedorDanas.com - Prijedorski gradski portal\",\"description\":\"Portal o doga\u0111anjima u gradu Prijedoru\",\"publisher\":{\"@id\":\"https:\/\/www.prijedordanas.com\/#organization\"},\"potentialAction\":[{\"@type\":\"SearchAction\",\"target\":{\"@type\":\"EntryPoint\",\"urlTemplate\":\"https:\/\/www.prijedordanas.com\/?s={search_term_string}\"},\"query-input\":\"required name=search_term_string\"}],\"inLanguage\":\"en-US\"},{\"@type\":\"Organization\",\"@id\":\"https:\/\/www.prijedordanas.com\/#organization\",\"name\":\"PrijedorDanas.com\",\"url\":\"https:\/\/www.prijedordanas.com\/\",\"logo\":{\"@type\":\"ImageObject\",\"inLanguage\":\"en-US\",\"@id\":\"https:\/\/www.prijedordanas.com\/#\/schema\/logo\/image\/\",\"url\":\"http:\/\/www.prijedordanas.com\/wp-content\/uploads\/2021\/12\/logopng.png\",\"contentUrl\":\"http:\/\/www.prijedordanas.com\/wp-content\/uploads\/2021\/12\/logopng.png\",\"width\":1019,\"height\":776,\"caption\":\"PrijedorDanas.com\"},\"image\":{\"@id\":\"https:\/\/www.prijedordanas.com\/#\/schema\/logo\/image\/\"},\"sameAs\":[\"https:\/\/www.facebook.com\/PrijedorDanasCom\/\"]},{\"@type\":\"Person\",\"@id\":\"https:\/\/www.prijedordanas.com\/#\/schema\/person\/4e08ccf29b506ca916ff86d46bb700e6\",\"name\":\"admin\",\"image\":{\"@type\":\"ImageObject\",\"inLanguage\":\"en-US\",\"@id\":\"https:\/\/www.prijedordanas.com\/#\/schema\/person\/image\/\",\"url\":\"https:\/\/secure.gravatar.com\/avatar\/1d3fc949d550f0b53a5f0d51e06dfd79?s=96&d=mm&r=g\",\"contentUrl\":\"https:\/\/secure.gravatar.com\/avatar\/1d3fc949d550f0b53a5f0d51e06dfd79?s=96&d=mm&r=g\",\"caption\":\"admin\"},\"url\":\"https:\/\/www.prijedordanas.com\/?author=1\"}]}<\/script>\n<!-- \/ Yoast SEO plugin. -->","yoast_head_json":{"title":"Mar\u010deti\u0107 na Kozari trenirao mlade prijedorske atleti\u010dare - FOTO - PrijedorDanas.com - Prijedorski gradski portal","robots":{"index":"index","follow":"follow","max-snippet":"max-snippet:-1","max-image-preview":"max-image-preview:large","max-video-preview":"max-video-preview:-1"},"canonical":"https:\/\/www.prijedordanas.com\/?p=252631","og_locale":"en_US","og_type":"article","og_title":"Mar\u010deti\u0107 na Kozari trenirao mlade prijedorske atleti\u010dare - FOTO - PrijedorDanas.com - Prijedorski gradski portal","og_description":"Atletski i kondicioni trener Sini\u0161a Mar\u010deti\u0107 na Kozari je odr\u017eao trening sa \u010dlanovima Atletskog kluba \u201cPrijedor\u201d. Mar\u010deti\u0107 je poznato atletsko ime iz Prijedora, a trenutno kao trener radi u \u201cVFB [&hellip;]","og_url":"https:\/\/www.prijedordanas.com\/?p=252631","og_site_name":"PrijedorDanas.com - Prijedorski gradski portal","article_publisher":"https:\/\/www.facebook.com\/PrijedorDanasCom\/","article_published_time":"2025-08-23T13:17:30+00:00","og_image":[{"url":"https:\/\/www.prijedordanas.com\/wp-content\/uploads\/2025\/08\/marcetic-trening-pd-atleticari-trening-kozara-1-300x225.jpg"}],"author":"admin","twitter_card":"summary_large_image","twitter_misc":{"Written by":"admin","Est. reading time":"2 minutes"},"schema":{"@context":"https:\/\/schema.org","@graph":[{"@type":"Article","@id":"https:\/\/www.prijedordanas.com\/?p=252631#article","isPartOf":{"@id":"https:\/\/www.prijedordanas.com\/?p=252631"},"author":{"name":"admin","@id":"https:\/\/www.prijedordanas.com\/#\/schema\/person\/4e08ccf29b506ca916ff86d46bb700e6"},"headline":"Mar\u010deti\u0107 na Kozari trenirao mlade prijedorske atleti\u010dare &#8211; FOTO","datePublished":"2025-08-23T13:17:30+00:00","dateModified":"2025-08-23T13:17:30+00:00","mainEntityOfPage":{"@id":"https:\/\/www.prijedordanas.com\/?p=252631"},"wordCount":325,"publisher":{"@id":"https:\/\/www.prijedordanas.com\/#organization"},"articleSection":["Sport"],"inLanguage":"en-US"},{"@type":"WebPage","@id":"https:\/\/www.prijedordanas.com\/?p=252631","url":"https:\/\/www.prijedordanas.com\/?p=252631","name":"Mar\u010deti\u0107 na Kozari trenirao mlade prijedorske atleti\u010dare - FOTO - PrijedorDanas.com - Prijedorski gradski portal","isPartOf":{"@id":"https:\/\/www.prijedordanas.com\/#website"},"datePublished":"2025-08-23T13:17:30+00:00","dateModified":"2025-08-23T13:17:30+00:00","breadcrumb":{"@id":"https:\/\/www.prijedordanas.com\/?p=252631#breadcrumb"},"inLanguage":"en-US","potentialAction":[{"@type":"ReadAction","target":["https:\/\/www.prijedordanas.com\/?p=252631"]}]},{"@type":"BreadcrumbList","@id":"https:\/\/www.prijedordanas.com\/?p=252631#breadcrumb","itemListElement":[{"@type":"ListItem","position":1,"name":"Home","item":"https:\/\/www.prijedordanas.com\/"},{"@type":"ListItem","position":2,"name":"Mar\u010deti\u0107 na Kozari trenirao mlade prijedorske atleti\u010dare &#8211; FOTO"}]},{"@type":"WebSite","@id":"https:\/\/www.prijedordanas.com\/#website","url":"https:\/\/www.prijedordanas.com\/","name":"PrijedorDanas.com - Prijedorski gradski portal","description":"Portal o doga\u0111anjima u gradu Prijedoru","publisher":{"@id":"https:\/\/www.prijedordanas.com\/#organization"},"potentialAction":[{"@type":"SearchAction","target":{"@type":"EntryPoint","urlTemplate":"https:\/\/www.prijedordanas.com\/?s={search_term_string}"},"query-input":"required name=search_term_string"}],"inLanguage":"en-US"},{"@type":"Organization","@id":"https:\/\/www.prijedordanas.com\/#organization","name":"PrijedorDanas.com","url":"https:\/\/www.prijedordanas.com\/","logo":{"@type":"ImageObject","inLanguage":"en-US","@id":"https:\/\/www.prijedordanas.com\/#\/schema\/logo\/image\/","url":"http:\/\/www.prijedordanas.com\/wp-content\/uploads\/2021\/12\/logopng.png","contentUrl":"http:\/\/www.prijedordanas.com\/wp-content\/uploads\/2021\/12\/logopng.png","width":1019,"height":776,"caption":"PrijedorDanas.com"},"image":{"@id":"https:\/\/www.prijedordanas.com\/#\/schema\/logo\/image\/"},"sameAs":["https:\/\/www.facebook.com\/PrijedorDanasCom\/"]},{"@type":"Person","@id":"https:\/\/www.prijedordanas.com\/#\/schema\/person\/4e08ccf29b506ca916ff86d46bb700e6","name":"admin","image":{"@type":"ImageObject","inLanguage":"en-US","@id":"https:\/\/www.prijedordanas.com\/#\/schema\/person\/image\/","url":"https:\/\/secure.gravatar.com\/avatar\/1d3fc949d550f0b53a5f0d51e06dfd79?s=96&d=mm&r=g","contentUrl":"https:\/\/secure.gravatar.com\/avatar\/1d3fc949d550f0b53a5f0d51e06dfd79?s=96&d=mm&r=g","caption":"admin"},"url":"https:\/\/www.prijedordanas.com\/?author=1"}]}},"_links":{"self":[{"href":"https:\/\/www.prijedordanas.com\/index.php?rest_route=\/wp\/v2\/posts\/252631"}],"collection":[{"href":"https:\/\/www.prijedordanas.com\/index.php?rest_route=\/wp\/v2\/posts"}],"about":[{"href":"https:\/\/www.prijedordanas.com\/index.php?rest_route=\/wp\/v2\/types\/post"}],"author":[{"embeddable":true,"href":"https:\/\/www.prijedordanas.com\/index.php?rest_route=\/wp\/v2\/users\/1"}],"replies":[{"embeddable":true,"href":"https:\/\/www.prijedordanas.com\/index.php?rest_route=%2Fwp%2Fv2%2Fcomments&post=252631"}],"version-history":[{"count":2,"href":"https:\/\/www.prijedordanas.com\/index.php?rest_route=\/wp\/v2\/posts\/252631\/revisions"}],"predecessor-version":[{"id":252636,"href":"https:\/\/www.prijedordanas.com\/index.php?rest_route=\/wp\/v2\/posts\/252631\/revisions\/252636"}],"wp:attachment":[{"href":"https:\/\/www.prijedordanas.com\/index.php?rest_route=%2Fwp%2Fv2%2Fmedia&parent=252631"}],"wp:term":[{"taxonomy":"category","embeddable":true,"href":"https:\/\/www.prijedordanas.com\/index.php?rest_route=%2Fwp%2Fv2%2Fcategories&post=252631"},{"taxonomy":"post_tag","embeddable":true,"href":"https:\/\/www.prijedordanas.com\/index.php?rest_route=%2Fwp%2Fv2%2Ftags&post=252631"}],"curies":[{"name":"wp","href":"https:\/\/api.w.org\/{rel}","templated":true}]}}