{"id":252588,"date":"2025-08-23T07:34:17","date_gmt":"2025-08-23T05:34:17","guid":{"rendered":"https:\/\/www.prijedordanas.com\/?p=252588"},"modified":"2025-08-23T07:34:17","modified_gmt":"2025-08-23T05:34:17","slug":"jos-nema-auto-puta-prijedor-banjaluka-gdje-je-zapelo-video","status":"publish","type":"post","link":"https:\/\/www.prijedordanas.com\/?p=252588","title":{"rendered":"Jo\u0161 nema auto-puta Prijedor-Banjaluka: Gdje je zapelo? &#8211; VIDEO"},"content":{"rendered":"<p><a href=\"https:\/\/www.prijedordanas.com\/wp-content\/uploads\/2025\/08\/bntv-autoput-bl-pd-avgust2025-1.jpg\"><img loading=\"lazy\" decoding=\"async\" class=\"alignleft size-medium wp-image-252589\" src=\"https:\/\/www.prijedordanas.com\/wp-content\/uploads\/2025\/08\/bntv-autoput-bl-pd-avgust2025-1-300x225.jpg\" alt=\"\" width=\"300\" height=\"225\" srcset=\"https:\/\/www.prijedordanas.com\/wp-content\/uploads\/2025\/08\/bntv-autoput-bl-pd-avgust2025-1-300x225.jpg 300w, https:\/\/www.prijedordanas.com\/wp-content\/uploads\/2025\/08\/bntv-autoput-bl-pd-avgust2025-1-640x480.jpg 640w, https:\/\/www.prijedordanas.com\/wp-content\/uploads\/2025\/08\/bntv-autoput-bl-pd-avgust2025-1.jpg 667w\" sizes=\"(max-width: 300px) 100vw, 300px\" \/><\/a>U Orlovcima kod Prijedora 6. novembra 2021. godine sve\u010dano je ozvani\u010den po\u010detak realizacije projekta izgradnje autoputa Banja Luka &#8211; Prijedor u du\u017eini od 40,7 kilometara, a vrijednost projekta je 297 miliona eura.<\/p>\n<p>Tada je bila rije\u010d o po\u010detku izgradnje prve faze autoputa Banja Luka &#8211; Prijedor a kojeg \u0107e graditi kineska kompanije &#8220;\u0160andond&#8221;.<\/p>\n<p>Tada\u0161nji premjer Radovan Vi\u0161kovi\u0107 na sve\u010danoj ceremoniji 2021. godine je zajedno sa predstvnicima kineske kompanije koja gradi autoput poru\u010dio da je to po\u010detak istorijskog projekta koji \u0107e stvoriti novu perspektivu za vi\u0161e od pola miliona stanovnika.<\/p>\n<p>&#8220;Ja o\u010dekujem od izvo\u0111a\u010da radova od kompanije \u0160andong i ljudi koji predstavljaju tu kompaniju da \u0107e oni ovaj projekat da urade lagano. Njima je ovo u obimu njihovih poslova i nadam se da \u0107e oni brzo da sagrade ovaj projekat i da \u0107e ovaj projekat biti izgra\u0111en prije roka kako je zami\u0161ljen koncesionim ugovorom&#8221;- poru\u010dio je tada Vi\u0161kovi\u0107.<\/p>\n<p><a href=\"https:\/\/www.prijedordanas.com\/wp-content\/uploads\/2025\/08\/bntv-autoput-bl-pd-avgust2025-2.jpg\"><img loading=\"lazy\" decoding=\"async\" class=\"alignleft size-medium wp-image-252590\" src=\"https:\/\/www.prijedordanas.com\/wp-content\/uploads\/2025\/08\/bntv-autoput-bl-pd-avgust2025-2-300x225.jpg\" alt=\"\" width=\"300\" height=\"225\" srcset=\"https:\/\/www.prijedordanas.com\/wp-content\/uploads\/2025\/08\/bntv-autoput-bl-pd-avgust2025-2-300x225.jpg 300w, https:\/\/www.prijedordanas.com\/wp-content\/uploads\/2025\/08\/bntv-autoput-bl-pd-avgust2025-2-640x480.jpg 640w, https:\/\/www.prijedordanas.com\/wp-content\/uploads\/2025\/08\/bntv-autoput-bl-pd-avgust2025-2.jpg 666w\" sizes=\"(max-width: 300px) 100vw, 300px\" \/><\/a>&#8220;Iako je 2021. godine najavljen po\u010detak izgradnje autoputa Prijedor-Banja Luka i to u jeku vanrednih izbora za gradona\u010delnika Prijedora , sa radovima se ipak nije po\u010delo. Godinu kasnije, odnosno 2022.godine ponovo se najavljuje po\u010detak izgradnje i ovaj put uo\u010di izbora i to op\u0161tih 2022.godine. Ni tada se nije po\u010delo sa izgradnjom ve\u0107 su nadle\u017eni iz njima znanih razloga po tre\u0107i put pro\u0161le godine najavili i zvani\u010dno po\u010deli sa realizacijom projekta.<\/p>\n<p>Ugovor sa Kinezima je potpisan jo\u0161 2018. godine u kojem se Republika Srpska obavezala da \u0107e Kinezima u idu\u0107ih 30 godina pla\u0107ati godi\u0161nju naknadu za raspolo\u017eivost auto-puta u iznosu od 32,5 miliona evra i taj iznos bi trebalo da bude obezbije\u0111en od naplate putarine na svim auto-putevima u RS.<\/p>\n<p>Ako se ovaj iznos ne prikupi od naplate, Vlada Srpske obavezala se da \u0107e razliku ispla\u0107ivati iz bud\u017eeta RS. Tako je za 30 godina koncesije kineskom investitoru obe\u0107ano da \u0107e za ulaganje vrijedno 297 miliona evra zaraditi 975 miliona evra kroz naplatu putarine. Ina\u010de, izgradnju ovog auto-puta od prvog trenutka prate razni problemi.<\/p>\n<p><a href=\"https:\/\/www.prijedordanas.com\/wp-content\/uploads\/2025\/08\/bntv-autoput-bl-pd-avgust2025-3.jpg\"><img loading=\"lazy\" decoding=\"async\" src=\"https:\/\/www.prijedordanas.com\/wp-content\/uploads\/2025\/08\/bntv-autoput-bl-pd-avgust2025-3-300x225.jpg\" alt=\"\" width=\"300\" height=\"225\" class=\"alignleft size-medium wp-image-252591\" srcset=\"https:\/\/www.prijedordanas.com\/wp-content\/uploads\/2025\/08\/bntv-autoput-bl-pd-avgust2025-3-300x225.jpg 300w, https:\/\/www.prijedordanas.com\/wp-content\/uploads\/2025\/08\/bntv-autoput-bl-pd-avgust2025-3-640x480.jpg 640w, https:\/\/www.prijedordanas.com\/wp-content\/uploads\/2025\/08\/bntv-autoput-bl-pd-avgust2025-3.jpg 666w\" sizes=\"(max-width: 300px) 100vw, 300px\" \/><\/a>Prvo, Vlada Republike Srpske i dalje uporno krije detalje ugovora koji se odnose na cijene radova i finansijsku konstrukciju, a ignori\u0161e i cijeli niz sudskih presuda koji im to nare\u0111uje. Osim toga, mje\u0161tani sela preko kojih je planiran prolazak puta ne prihvataju eksproprijaciju i odbijaju da prodaju zemlji\u0161te.<\/p>\n<p>&#8220;Ljudi su nezadovoljni samim tempom izvo\u0111enja eksproprijacije i izgradnje tog puta jer to predugo traje. Li\u010dno sam ja ovde ugro\u017een. Ide mi autoput ispred same ku\u0107e. Ostajem bez pristupnog puta koji nije ucrtan u projektu&#8221;- ka\u017ee za BN Savo Duki\u0107, mje\u0161tanin Gornje Omarske kod Prijedora.<\/p>\n<p>On isti\u010de da trenutnom trasom koja prolazi preko njegovog imanja i cijele Gornje Omarske u du\u017eini od 5 kilometara ru\u0161i se 40 stambenih objekata a da pomjeranjem trase za par stotina metara taj broj bi bio daleko manji. Nebrojeno puta su tvrdi Duki\u0107 razgovarali i sa predstavnicima vlasti Srpske koji su im samo obe\u0107avali, ali ni\u0161ta nisu i realizovali.<\/p>\n<p>&#8220;Ja li\u010dno ne mogu shvatiti ovo dru\u0161tvo, dr\u017eavu, ovo ure\u0111enje da mo\u017ee ovde do\u0107i stru\u010dnjak i kazati da se ovde mo\u017ee \u017eivjeti u ku\u0107i koja je udaljena od za\u0161titne ograde autoputa 3,5 metra. Imam osje\u0107aj da ovo struka nije radila&#8221;- poru\u010duje Duki\u0107.<\/p>\n<p>Projektom izgradnje auto-puta predvi\u0111ena je gradnja 23 nadvo\u017enjaka, 10 podvo\u017enjaka, devet mostova i sedam vijadukta kao i jedan prolaz za \u017eivotinje te jedno obostrano odmarali\u0161te.<\/p>\n<p><a href=\"https:\/\/www.rtvbn.com\/4080519\/jos-nema-autoputa-prijedorbanjaluka-gdje-je-zapelo\" target=\"_blank\" rel=\"noopener\">rtvbn.com<\/a><\/p>\n<p><iframe loading=\"lazy\" title=\"\u0160ta je zapelo u izgradnji auto-puta Prijedor\u2013Banjaluka? Za\u0161to su gra\u0111ani nezadovoljni na ovoj trasi?\" width=\"500\" height=\"281\" src=\"https:\/\/www.youtube.com\/embed\/xHnIOmZwsDo?feature=oembed\" frameborder=\"0\" allow=\"accelerometer; autoplay; clipboard-write; encrypted-media; gyroscope; picture-in-picture; web-share\" referrerpolicy=\"strict-origin-when-cross-origin\" allowfullscreen><\/iframe><\/p>\n","protected":false},"excerpt":{"rendered":"<p>U Orlovcima kod Prijedora 6. novembra 2021. godine sve\u010dano je ozvani\u010den po\u010detak realizacije projekta izgradnje autoputa Banja Luka &#8211; Prijedor u du\u017eini od 40,7 kilometara, a vrijednost projekta je 297 [&hellip;]<\/p>\n","protected":false},"author":1,"featured_media":0,"comment_status":"closed","ping_status":"open","sticky":false,"template":"","format":"standard","meta":{"_monsterinsights_skip_tracking":false,"_monsterinsights_sitenote_active":false,"_monsterinsights_sitenote_note":"","_monsterinsights_sitenote_category":0,"footnotes":""},"categories":[4],"tags":[],"yoast_head":"<!-- This site is optimized with the Yoast SEO plugin v21.6 - https:\/\/yoast.com\/wordpress\/plugins\/seo\/ -->\n<title>Jo\u0161 nema auto-puta Prijedor-Banjaluka: Gdje je zapelo? - VIDEO - PrijedorDanas.com - Prijedorski gradski portal<\/title>\n<meta name=\"robots\" content=\"index, follow, max-snippet:-1, max-image-preview:large, max-video-preview:-1\" \/>\n<link rel=\"canonical\" href=\"https:\/\/www.prijedordanas.com\/?p=252588\" \/>\n<meta property=\"og:locale\" content=\"en_US\" \/>\n<meta property=\"og:type\" content=\"article\" \/>\n<meta property=\"og:title\" content=\"Jo\u0161 nema auto-puta Prijedor-Banjaluka: Gdje je zapelo? - VIDEO - PrijedorDanas.com - Prijedorski gradski portal\" \/>\n<meta property=\"og:description\" content=\"U Orlovcima kod Prijedora 6. novembra 2021. godine sve\u010dano je ozvani\u010den po\u010detak realizacije projekta izgradnje autoputa Banja Luka &#8211; Prijedor u du\u017eini od 40,7 kilometara, a vrijednost projekta je 297 [&hellip;]\" \/>\n<meta property=\"og:url\" content=\"https:\/\/www.prijedordanas.com\/?p=252588\" \/>\n<meta property=\"og:site_name\" content=\"PrijedorDanas.com - Prijedorski gradski portal\" \/>\n<meta property=\"article:publisher\" content=\"https:\/\/www.facebook.com\/PrijedorDanasCom\/\" \/>\n<meta property=\"article:published_time\" content=\"2025-08-23T05:34:17+00:00\" \/>\n<meta property=\"og:image\" content=\"https:\/\/www.prijedordanas.com\/wp-content\/uploads\/2025\/08\/bntv-autoput-bl-pd-avgust2025-1-300x225.jpg\" \/>\n<meta name=\"author\" content=\"admin\" \/>\n<meta name=\"twitter:card\" content=\"summary_large_image\" \/>\n<meta name=\"twitter:label1\" content=\"Written by\" \/>\n\t<meta name=\"twitter:data1\" content=\"admin\" \/>\n\t<meta name=\"twitter:label2\" content=\"Est. reading time\" \/>\n\t<meta name=\"twitter:data2\" content=\"3 minutes\" \/>\n<script type=\"application\/ld+json\" class=\"yoast-schema-graph\">{\"@context\":\"https:\/\/schema.org\",\"@graph\":[{\"@type\":\"Article\",\"@id\":\"https:\/\/www.prijedordanas.com\/?p=252588#article\",\"isPartOf\":{\"@id\":\"https:\/\/www.prijedordanas.com\/?p=252588\"},\"author\":{\"name\":\"admin\",\"@id\":\"https:\/\/www.prijedordanas.com\/#\/schema\/person\/4e08ccf29b506ca916ff86d46bb700e6\"},\"headline\":\"Jo\u0161 nema auto-puta Prijedor-Banjaluka: Gdje je zapelo? &#8211; VIDEO\",\"datePublished\":\"2025-08-23T05:34:17+00:00\",\"dateModified\":\"2025-08-23T05:34:17+00:00\",\"mainEntityOfPage\":{\"@id\":\"https:\/\/www.prijedordanas.com\/?p=252588\"},\"wordCount\":614,\"publisher\":{\"@id\":\"https:\/\/www.prijedordanas.com\/#organization\"},\"articleSection\":[\"Dru\u0161tvo\"],\"inLanguage\":\"en-US\"},{\"@type\":\"WebPage\",\"@id\":\"https:\/\/www.prijedordanas.com\/?p=252588\",\"url\":\"https:\/\/www.prijedordanas.com\/?p=252588\",\"name\":\"Jo\u0161 nema auto-puta Prijedor-Banjaluka: Gdje je zapelo? - VIDEO - PrijedorDanas.com - Prijedorski gradski portal\",\"isPartOf\":{\"@id\":\"https:\/\/www.prijedordanas.com\/#website\"},\"datePublished\":\"2025-08-23T05:34:17+00:00\",\"dateModified\":\"2025-08-23T05:34:17+00:00\",\"breadcrumb\":{\"@id\":\"https:\/\/www.prijedordanas.com\/?p=252588#breadcrumb\"},\"inLanguage\":\"en-US\",\"potentialAction\":[{\"@type\":\"ReadAction\",\"target\":[\"https:\/\/www.prijedordanas.com\/?p=252588\"]}]},{\"@type\":\"BreadcrumbList\",\"@id\":\"https:\/\/www.prijedordanas.com\/?p=252588#breadcrumb\",\"itemListElement\":[{\"@type\":\"ListItem\",\"position\":1,\"name\":\"Home\",\"item\":\"https:\/\/www.prijedordanas.com\/\"},{\"@type\":\"ListItem\",\"position\":2,\"name\":\"Jo\u0161 nema auto-puta Prijedor-Banjaluka: Gdje je zapelo? &#8211; VIDEO\"}]},{\"@type\":\"WebSite\",\"@id\":\"https:\/\/www.prijedordanas.com\/#website\",\"url\":\"https:\/\/www.prijedordanas.com\/\",\"name\":\"PrijedorDanas.com - Prijedorski gradski portal\",\"description\":\"Portal o doga\u0111anjima u gradu Prijedoru\",\"publisher\":{\"@id\":\"https:\/\/www.prijedordanas.com\/#organization\"},\"potentialAction\":[{\"@type\":\"SearchAction\",\"target\":{\"@type\":\"EntryPoint\",\"urlTemplate\":\"https:\/\/www.prijedordanas.com\/?s={search_term_string}\"},\"query-input\":\"required name=search_term_string\"}],\"inLanguage\":\"en-US\"},{\"@type\":\"Organization\",\"@id\":\"https:\/\/www.prijedordanas.com\/#organization\",\"name\":\"PrijedorDanas.com\",\"url\":\"https:\/\/www.prijedordanas.com\/\",\"logo\":{\"@type\":\"ImageObject\",\"inLanguage\":\"en-US\",\"@id\":\"https:\/\/www.prijedordanas.com\/#\/schema\/logo\/image\/\",\"url\":\"http:\/\/www.prijedordanas.com\/wp-content\/uploads\/2021\/12\/logopng.png\",\"contentUrl\":\"http:\/\/www.prijedordanas.com\/wp-content\/uploads\/2021\/12\/logopng.png\",\"width\":1019,\"height\":776,\"caption\":\"PrijedorDanas.com\"},\"image\":{\"@id\":\"https:\/\/www.prijedordanas.com\/#\/schema\/logo\/image\/\"},\"sameAs\":[\"https:\/\/www.facebook.com\/PrijedorDanasCom\/\"]},{\"@type\":\"Person\",\"@id\":\"https:\/\/www.prijedordanas.com\/#\/schema\/person\/4e08ccf29b506ca916ff86d46bb700e6\",\"name\":\"admin\",\"image\":{\"@type\":\"ImageObject\",\"inLanguage\":\"en-US\",\"@id\":\"https:\/\/www.prijedordanas.com\/#\/schema\/person\/image\/\",\"url\":\"https:\/\/secure.gravatar.com\/avatar\/1d3fc949d550f0b53a5f0d51e06dfd79?s=96&d=mm&r=g\",\"contentUrl\":\"https:\/\/secure.gravatar.com\/avatar\/1d3fc949d550f0b53a5f0d51e06dfd79?s=96&d=mm&r=g\",\"caption\":\"admin\"},\"url\":\"https:\/\/www.prijedordanas.com\/?author=1\"}]}<\/script>\n<!-- \/ Yoast SEO plugin. -->","yoast_head_json":{"title":"Jo\u0161 nema auto-puta Prijedor-Banjaluka: Gdje je zapelo? - VIDEO - PrijedorDanas.com - Prijedorski gradski portal","robots":{"index":"index","follow":"follow","max-snippet":"max-snippet:-1","max-image-preview":"max-image-preview:large","max-video-preview":"max-video-preview:-1"},"canonical":"https:\/\/www.prijedordanas.com\/?p=252588","og_locale":"en_US","og_type":"article","og_title":"Jo\u0161 nema auto-puta Prijedor-Banjaluka: Gdje je zapelo? - VIDEO - PrijedorDanas.com - Prijedorski gradski portal","og_description":"U Orlovcima kod Prijedora 6. novembra 2021. godine sve\u010dano je ozvani\u010den po\u010detak realizacije projekta izgradnje autoputa Banja Luka &#8211; Prijedor u du\u017eini od 40,7 kilometara, a vrijednost projekta je 297 [&hellip;]","og_url":"https:\/\/www.prijedordanas.com\/?p=252588","og_site_name":"PrijedorDanas.com - Prijedorski gradski portal","article_publisher":"https:\/\/www.facebook.com\/PrijedorDanasCom\/","article_published_time":"2025-08-23T05:34:17+00:00","og_image":[{"url":"https:\/\/www.prijedordanas.com\/wp-content\/uploads\/2025\/08\/bntv-autoput-bl-pd-avgust2025-1-300x225.jpg"}],"author":"admin","twitter_card":"summary_large_image","twitter_misc":{"Written by":"admin","Est. reading time":"3 minutes"},"schema":{"@context":"https:\/\/schema.org","@graph":[{"@type":"Article","@id":"https:\/\/www.prijedordanas.com\/?p=252588#article","isPartOf":{"@id":"https:\/\/www.prijedordanas.com\/?p=252588"},"author":{"name":"admin","@id":"https:\/\/www.prijedordanas.com\/#\/schema\/person\/4e08ccf29b506ca916ff86d46bb700e6"},"headline":"Jo\u0161 nema auto-puta Prijedor-Banjaluka: Gdje je zapelo? &#8211; VIDEO","datePublished":"2025-08-23T05:34:17+00:00","dateModified":"2025-08-23T05:34:17+00:00","mainEntityOfPage":{"@id":"https:\/\/www.prijedordanas.com\/?p=252588"},"wordCount":614,"publisher":{"@id":"https:\/\/www.prijedordanas.com\/#organization"},"articleSection":["Dru\u0161tvo"],"inLanguage":"en-US"},{"@type":"WebPage","@id":"https:\/\/www.prijedordanas.com\/?p=252588","url":"https:\/\/www.prijedordanas.com\/?p=252588","name":"Jo\u0161 nema auto-puta Prijedor-Banjaluka: Gdje je zapelo? - VIDEO - PrijedorDanas.com - Prijedorski gradski portal","isPartOf":{"@id":"https:\/\/www.prijedordanas.com\/#website"},"datePublished":"2025-08-23T05:34:17+00:00","dateModified":"2025-08-23T05:34:17+00:00","breadcrumb":{"@id":"https:\/\/www.prijedordanas.com\/?p=252588#breadcrumb"},"inLanguage":"en-US","potentialAction":[{"@type":"ReadAction","target":["https:\/\/www.prijedordanas.com\/?p=252588"]}]},{"@type":"BreadcrumbList","@id":"https:\/\/www.prijedordanas.com\/?p=252588#breadcrumb","itemListElement":[{"@type":"ListItem","position":1,"name":"Home","item":"https:\/\/www.prijedordanas.com\/"},{"@type":"ListItem","position":2,"name":"Jo\u0161 nema auto-puta Prijedor-Banjaluka: Gdje je zapelo? &#8211; VIDEO"}]},{"@type":"WebSite","@id":"https:\/\/www.prijedordanas.com\/#website","url":"https:\/\/www.prijedordanas.com\/","name":"PrijedorDanas.com - Prijedorski gradski portal","description":"Portal o doga\u0111anjima u gradu Prijedoru","publisher":{"@id":"https:\/\/www.prijedordanas.com\/#organization"},"potentialAction":[{"@type":"SearchAction","target":{"@type":"EntryPoint","urlTemplate":"https:\/\/www.prijedordanas.com\/?s={search_term_string}"},"query-input":"required name=search_term_string"}],"inLanguage":"en-US"},{"@type":"Organization","@id":"https:\/\/www.prijedordanas.com\/#organization","name":"PrijedorDanas.com","url":"https:\/\/www.prijedordanas.com\/","logo":{"@type":"ImageObject","inLanguage":"en-US","@id":"https:\/\/www.prijedordanas.com\/#\/schema\/logo\/image\/","url":"http:\/\/www.prijedordanas.com\/wp-content\/uploads\/2021\/12\/logopng.png","contentUrl":"http:\/\/www.prijedordanas.com\/wp-content\/uploads\/2021\/12\/logopng.png","width":1019,"height":776,"caption":"PrijedorDanas.com"},"image":{"@id":"https:\/\/www.prijedordanas.com\/#\/schema\/logo\/image\/"},"sameAs":["https:\/\/www.facebook.com\/PrijedorDanasCom\/"]},{"@type":"Person","@id":"https:\/\/www.prijedordanas.com\/#\/schema\/person\/4e08ccf29b506ca916ff86d46bb700e6","name":"admin","image":{"@type":"ImageObject","inLanguage":"en-US","@id":"https:\/\/www.prijedordanas.com\/#\/schema\/person\/image\/","url":"https:\/\/secure.gravatar.com\/avatar\/1d3fc949d550f0b53a5f0d51e06dfd79?s=96&d=mm&r=g","contentUrl":"https:\/\/secure.gravatar.com\/avatar\/1d3fc949d550f0b53a5f0d51e06dfd79?s=96&d=mm&r=g","caption":"admin"},"url":"https:\/\/www.prijedordanas.com\/?author=1"}]}},"_links":{"self":[{"href":"https:\/\/www.prijedordanas.com\/index.php?rest_route=\/wp\/v2\/posts\/252588"}],"collection":[{"href":"https:\/\/www.prijedordanas.com\/index.php?rest_route=\/wp\/v2\/posts"}],"about":[{"href":"https:\/\/www.prijedordanas.com\/index.php?rest_route=\/wp\/v2\/types\/post"}],"author":[{"embeddable":true,"href":"https:\/\/www.prijedordanas.com\/index.php?rest_route=\/wp\/v2\/users\/1"}],"replies":[{"embeddable":true,"href":"https:\/\/www.prijedordanas.com\/index.php?rest_route=%2Fwp%2Fv2%2Fcomments&post=252588"}],"version-history":[{"count":1,"href":"https:\/\/www.prijedordanas.com\/index.php?rest_route=\/wp\/v2\/posts\/252588\/revisions"}],"predecessor-version":[{"id":252592,"href":"https:\/\/www.prijedordanas.com\/index.php?rest_route=\/wp\/v2\/posts\/252588\/revisions\/252592"}],"wp:attachment":[{"href":"https:\/\/www.prijedordanas.com\/index.php?rest_route=%2Fwp%2Fv2%2Fmedia&parent=252588"}],"wp:term":[{"taxonomy":"category","embeddable":true,"href":"https:\/\/www.prijedordanas.com\/index.php?rest_route=%2Fwp%2Fv2%2Fcategories&post=252588"},{"taxonomy":"post_tag","embeddable":true,"href":"https:\/\/www.prijedordanas.com\/index.php?rest_route=%2Fwp%2Fv2%2Ftags&post=252588"}],"curies":[{"name":"wp","href":"https:\/\/api.w.org\/{rel}","templated":true}]}}