{"id":252149,"date":"2025-08-14T09:15:47","date_gmt":"2025-08-14T07:15:47","guid":{"rendered":"https:\/\/www.prijedordanas.com\/?p=252149"},"modified":"2025-08-14T09:15:47","modified_gmt":"2025-08-14T07:15:47","slug":"prijedor-garden-fest-se-oglasio-povodom-incidenta-prekid-saradnje-s-obezbjedenjem","status":"publish","type":"post","link":"https:\/\/www.prijedordanas.com\/?p=252149","title":{"rendered":"Prijedor: Garden Fest se oglasio povodom incidenta &#8211; Prekid saradnje s obezbje\u0111enjem"},"content":{"rendered":"<p><a href=\"https:\/\/www.prijedordanas.com\/wp-content\/uploads\/2025\/08\/garden-fest-2025-oglasavanje-incident.jpg\"><img loading=\"lazy\" decoding=\"async\" src=\"https:\/\/www.prijedordanas.com\/wp-content\/uploads\/2025\/08\/garden-fest-2025-oglasavanje-incident-300x300.jpg\" alt=\"\" width=\"300\" height=\"300\" class=\"alignleft size-medium wp-image-252150\" srcset=\"https:\/\/www.prijedordanas.com\/wp-content\/uploads\/2025\/08\/garden-fest-2025-oglasavanje-incident-300x300.jpg 300w, https:\/\/www.prijedordanas.com\/wp-content\/uploads\/2025\/08\/garden-fest-2025-oglasavanje-incident-150x150.jpg 150w, https:\/\/www.prijedordanas.com\/wp-content\/uploads\/2025\/08\/garden-fest-2025-oglasavanje-incident-50x50.jpg 50w, https:\/\/www.prijedordanas.com\/wp-content\/uploads\/2025\/08\/garden-fest-2025-oglasavanje-incident.jpg 600w\" sizes=\"(max-width: 300px) 100vw, 300px\" \/><\/a>Organizacija \u201eGarden Festa\u201c obratila se javnosti povodom incidenta o kojem su prethodnih dana izvje\u0161tavali mediji, a koji se dogodio tokom trajanja festivala.<\/p>\n<p>Kako navode iz organizacije, tokom jednog od festivalskih dana nekoliko pojedinaca, sada ve\u0107 identifikovanih od strane policije, pojavilo se sa majicama na kojima je bila ispisana \u201eu\u017easna i uvredljiva poruka\u201c.<\/p>\n<p>\u201eTakvo pona\u0161anje je u potpunosti suprotno vrijednostima i duhu Garden festa, koji se zasniva na muzici, zajedni\u0161tvu i pozitivnoj energiji\u201c, poru\u010dili su organizatori.<\/p>\n<p>Dodaju da su \u010dlanovi festivalskog osoblja odmah po uo\u010davanju incidenta reagovali, obavijestili policijske slu\u017ebenike prisutne na licu mjesta, kao i anga\u017eovano obezbje\u0111enje.<\/p>\n<p>\u201eNa\u017ealost, obezbje\u0111enje nije reagovalo pravovremeno, \u0161to smatramo ozbiljnim propustom. Zbog toga \u0107emo prekinuti saradnju i ubudu\u0107e anga\u017eovati partnere koji mogu garantovati vi\u0161i nivo profesionalizma i sigurnosti\u201c, navodi se u saop\u0161tenju.<\/p>\n<p>Organizatori isti\u010du da je zahvaljuju\u0107i brzoj reakciji policije situacija stavljena pod kontrolu bez ugro\u017eavanja sigurnosti posjetilaca i izvo\u0111a\u010da, te nagla\u0161avaju da ovakvih incidenata do sada nije bilo na \u201eGarden festu\u201c.<\/p>\n<p>\u201cPreduze\u0107emo sve potrebne mjere da se ovako ne\u0161to vi\u0161e nikada ne ponovi. Garden Fest se i ovim putem ogra\u0111uje od bilo kakvih uvredljivih, diskriminatornih ili nasilnih poruka i pona\u0161anja. Na\u0161a misija je da Prijedor i na\u0161 festival budu simbol otvorenosti, po\u0161tovanja i ljubavi prema muzici\u201d  poru\u010dili su organizatori ovog festivala.<\/p>\n<p>Organizatori su se zahvalili policiji na brzoj i profesionalnoj reakciji, kao i posjetiocima na podr\u0161ci i razumijevanju.<\/p>\n<p><a href=\"https:\/\/kozarski.com\/garden-fest-se-oglasio-povodom-incidenta-prekid-saradnje-s-obezbjedjenjem\/\" rel=\"noopener\" target=\"_blank\">kozarski.com<\/a><\/p>\n","protected":false},"excerpt":{"rendered":"<p>Organizacija \u201eGarden Festa\u201c obratila se javnosti povodom incidenta o kojem su prethodnih dana izvje\u0161tavali mediji, a koji se dogodio tokom trajanja festivala. Kako navode iz organizacije, tokom jednog od festivalskih [&hellip;]<\/p>\n","protected":false},"author":1,"featured_media":0,"comment_status":"closed","ping_status":"open","sticky":false,"template":"","format":"standard","meta":{"_monsterinsights_skip_tracking":false,"_monsterinsights_sitenote_active":false,"_monsterinsights_sitenote_note":"","_monsterinsights_sitenote_category":0,"footnotes":""},"categories":[8],"tags":[],"yoast_head":"<!-- This site is optimized with the Yoast SEO plugin v21.6 - https:\/\/yoast.com\/wordpress\/plugins\/seo\/ -->\n<title>Prijedor: Garden Fest se oglasio povodom incidenta - Prekid saradnje s obezbje\u0111enjem - PrijedorDanas.com - Prijedorski gradski portal<\/title>\n<meta name=\"robots\" content=\"index, follow, max-snippet:-1, max-image-preview:large, max-video-preview:-1\" \/>\n<link rel=\"canonical\" href=\"https:\/\/www.prijedordanas.com\/?p=252149\" \/>\n<meta property=\"og:locale\" content=\"en_US\" \/>\n<meta property=\"og:type\" content=\"article\" \/>\n<meta property=\"og:title\" content=\"Prijedor: Garden Fest se oglasio povodom incidenta - Prekid saradnje s obezbje\u0111enjem - PrijedorDanas.com - Prijedorski gradski portal\" \/>\n<meta property=\"og:description\" content=\"Organizacija \u201eGarden Festa\u201c obratila se javnosti povodom incidenta o kojem su prethodnih dana izvje\u0161tavali mediji, a koji se dogodio tokom trajanja festivala. Kako navode iz organizacije, tokom jednog od festivalskih [&hellip;]\" \/>\n<meta property=\"og:url\" content=\"https:\/\/www.prijedordanas.com\/?p=252149\" \/>\n<meta property=\"og:site_name\" content=\"PrijedorDanas.com - Prijedorski gradski portal\" \/>\n<meta property=\"article:publisher\" content=\"https:\/\/www.facebook.com\/PrijedorDanasCom\/\" \/>\n<meta property=\"article:published_time\" content=\"2025-08-14T07:15:47+00:00\" \/>\n<meta property=\"og:image\" content=\"https:\/\/www.prijedordanas.com\/wp-content\/uploads\/2025\/08\/garden-fest-2025-oglasavanje-incident-300x300.jpg\" \/>\n<meta name=\"author\" content=\"admin\" \/>\n<meta name=\"twitter:card\" content=\"summary_large_image\" \/>\n<meta name=\"twitter:label1\" content=\"Written by\" \/>\n\t<meta name=\"twitter:data1\" content=\"admin\" \/>\n<script type=\"application\/ld+json\" class=\"yoast-schema-graph\">{\"@context\":\"https:\/\/schema.org\",\"@graph\":[{\"@type\":\"Article\",\"@id\":\"https:\/\/www.prijedordanas.com\/?p=252149#article\",\"isPartOf\":{\"@id\":\"https:\/\/www.prijedordanas.com\/?p=252149\"},\"author\":{\"name\":\"admin\",\"@id\":\"https:\/\/www.prijedordanas.com\/#\/schema\/person\/4e08ccf29b506ca916ff86d46bb700e6\"},\"headline\":\"Prijedor: Garden Fest se oglasio povodom incidenta &#8211; Prekid saradnje s obezbje\u0111enjem\",\"datePublished\":\"2025-08-14T07:15:47+00:00\",\"dateModified\":\"2025-08-14T07:15:47+00:00\",\"mainEntityOfPage\":{\"@id\":\"https:\/\/www.prijedordanas.com\/?p=252149\"},\"wordCount\":269,\"publisher\":{\"@id\":\"https:\/\/www.prijedordanas.com\/#organization\"},\"articleSection\":[\"Svakodnevno\"],\"inLanguage\":\"en-US\"},{\"@type\":\"WebPage\",\"@id\":\"https:\/\/www.prijedordanas.com\/?p=252149\",\"url\":\"https:\/\/www.prijedordanas.com\/?p=252149\",\"name\":\"Prijedor: Garden Fest se oglasio povodom incidenta - Prekid saradnje s obezbje\u0111enjem - PrijedorDanas.com - Prijedorski gradski portal\",\"isPartOf\":{\"@id\":\"https:\/\/www.prijedordanas.com\/#website\"},\"datePublished\":\"2025-08-14T07:15:47+00:00\",\"dateModified\":\"2025-08-14T07:15:47+00:00\",\"breadcrumb\":{\"@id\":\"https:\/\/www.prijedordanas.com\/?p=252149#breadcrumb\"},\"inLanguage\":\"en-US\",\"potentialAction\":[{\"@type\":\"ReadAction\",\"target\":[\"https:\/\/www.prijedordanas.com\/?p=252149\"]}]},{\"@type\":\"BreadcrumbList\",\"@id\":\"https:\/\/www.prijedordanas.com\/?p=252149#breadcrumb\",\"itemListElement\":[{\"@type\":\"ListItem\",\"position\":1,\"name\":\"Home\",\"item\":\"https:\/\/www.prijedordanas.com\/\"},{\"@type\":\"ListItem\",\"position\":2,\"name\":\"Prijedor: Garden Fest se oglasio povodom incidenta &#8211; Prekid saradnje s obezbje\u0111enjem\"}]},{\"@type\":\"WebSite\",\"@id\":\"https:\/\/www.prijedordanas.com\/#website\",\"url\":\"https:\/\/www.prijedordanas.com\/\",\"name\":\"PrijedorDanas.com - Prijedorski gradski portal\",\"description\":\"Portal o doga\u0111anjima u gradu Prijedoru\",\"publisher\":{\"@id\":\"https:\/\/www.prijedordanas.com\/#organization\"},\"potentialAction\":[{\"@type\":\"SearchAction\",\"target\":{\"@type\":\"EntryPoint\",\"urlTemplate\":\"https:\/\/www.prijedordanas.com\/?s={search_term_string}\"},\"query-input\":\"required name=search_term_string\"}],\"inLanguage\":\"en-US\"},{\"@type\":\"Organization\",\"@id\":\"https:\/\/www.prijedordanas.com\/#organization\",\"name\":\"PrijedorDanas.com\",\"url\":\"https:\/\/www.prijedordanas.com\/\",\"logo\":{\"@type\":\"ImageObject\",\"inLanguage\":\"en-US\",\"@id\":\"https:\/\/www.prijedordanas.com\/#\/schema\/logo\/image\/\",\"url\":\"http:\/\/www.prijedordanas.com\/wp-content\/uploads\/2021\/12\/logopng.png\",\"contentUrl\":\"http:\/\/www.prijedordanas.com\/wp-content\/uploads\/2021\/12\/logopng.png\",\"width\":1019,\"height\":776,\"caption\":\"PrijedorDanas.com\"},\"image\":{\"@id\":\"https:\/\/www.prijedordanas.com\/#\/schema\/logo\/image\/\"},\"sameAs\":[\"https:\/\/www.facebook.com\/PrijedorDanasCom\/\"]},{\"@type\":\"Person\",\"@id\":\"https:\/\/www.prijedordanas.com\/#\/schema\/person\/4e08ccf29b506ca916ff86d46bb700e6\",\"name\":\"admin\",\"image\":{\"@type\":\"ImageObject\",\"inLanguage\":\"en-US\",\"@id\":\"https:\/\/www.prijedordanas.com\/#\/schema\/person\/image\/\",\"url\":\"https:\/\/secure.gravatar.com\/avatar\/1d3fc949d550f0b53a5f0d51e06dfd79?s=96&d=mm&r=g\",\"contentUrl\":\"https:\/\/secure.gravatar.com\/avatar\/1d3fc949d550f0b53a5f0d51e06dfd79?s=96&d=mm&r=g\",\"caption\":\"admin\"},\"url\":\"https:\/\/www.prijedordanas.com\/?author=1\"}]}<\/script>\n<!-- \/ Yoast SEO plugin. -->","yoast_head_json":{"title":"Prijedor: Garden Fest se oglasio povodom incidenta - Prekid saradnje s obezbje\u0111enjem - PrijedorDanas.com - Prijedorski gradski portal","robots":{"index":"index","follow":"follow","max-snippet":"max-snippet:-1","max-image-preview":"max-image-preview:large","max-video-preview":"max-video-preview:-1"},"canonical":"https:\/\/www.prijedordanas.com\/?p=252149","og_locale":"en_US","og_type":"article","og_title":"Prijedor: Garden Fest se oglasio povodom incidenta - Prekid saradnje s obezbje\u0111enjem - PrijedorDanas.com - Prijedorski gradski portal","og_description":"Organizacija \u201eGarden Festa\u201c obratila se javnosti povodom incidenta o kojem su prethodnih dana izvje\u0161tavali mediji, a koji se dogodio tokom trajanja festivala. Kako navode iz organizacije, tokom jednog od festivalskih [&hellip;]","og_url":"https:\/\/www.prijedordanas.com\/?p=252149","og_site_name":"PrijedorDanas.com - Prijedorski gradski portal","article_publisher":"https:\/\/www.facebook.com\/PrijedorDanasCom\/","article_published_time":"2025-08-14T07:15:47+00:00","og_image":[{"url":"https:\/\/www.prijedordanas.com\/wp-content\/uploads\/2025\/08\/garden-fest-2025-oglasavanje-incident-300x300.jpg"}],"author":"admin","twitter_card":"summary_large_image","twitter_misc":{"Written by":"admin"},"schema":{"@context":"https:\/\/schema.org","@graph":[{"@type":"Article","@id":"https:\/\/www.prijedordanas.com\/?p=252149#article","isPartOf":{"@id":"https:\/\/www.prijedordanas.com\/?p=252149"},"author":{"name":"admin","@id":"https:\/\/www.prijedordanas.com\/#\/schema\/person\/4e08ccf29b506ca916ff86d46bb700e6"},"headline":"Prijedor: Garden Fest se oglasio povodom incidenta &#8211; Prekid saradnje s obezbje\u0111enjem","datePublished":"2025-08-14T07:15:47+00:00","dateModified":"2025-08-14T07:15:47+00:00","mainEntityOfPage":{"@id":"https:\/\/www.prijedordanas.com\/?p=252149"},"wordCount":269,"publisher":{"@id":"https:\/\/www.prijedordanas.com\/#organization"},"articleSection":["Svakodnevno"],"inLanguage":"en-US"},{"@type":"WebPage","@id":"https:\/\/www.prijedordanas.com\/?p=252149","url":"https:\/\/www.prijedordanas.com\/?p=252149","name":"Prijedor: Garden Fest se oglasio povodom incidenta - Prekid saradnje s obezbje\u0111enjem - PrijedorDanas.com - Prijedorski gradski portal","isPartOf":{"@id":"https:\/\/www.prijedordanas.com\/#website"},"datePublished":"2025-08-14T07:15:47+00:00","dateModified":"2025-08-14T07:15:47+00:00","breadcrumb":{"@id":"https:\/\/www.prijedordanas.com\/?p=252149#breadcrumb"},"inLanguage":"en-US","potentialAction":[{"@type":"ReadAction","target":["https:\/\/www.prijedordanas.com\/?p=252149"]}]},{"@type":"BreadcrumbList","@id":"https:\/\/www.prijedordanas.com\/?p=252149#breadcrumb","itemListElement":[{"@type":"ListItem","position":1,"name":"Home","item":"https:\/\/www.prijedordanas.com\/"},{"@type":"ListItem","position":2,"name":"Prijedor: Garden Fest se oglasio povodom incidenta &#8211; Prekid saradnje s obezbje\u0111enjem"}]},{"@type":"WebSite","@id":"https:\/\/www.prijedordanas.com\/#website","url":"https:\/\/www.prijedordanas.com\/","name":"PrijedorDanas.com - Prijedorski gradski portal","description":"Portal o doga\u0111anjima u gradu Prijedoru","publisher":{"@id":"https:\/\/www.prijedordanas.com\/#organization"},"potentialAction":[{"@type":"SearchAction","target":{"@type":"EntryPoint","urlTemplate":"https:\/\/www.prijedordanas.com\/?s={search_term_string}"},"query-input":"required name=search_term_string"}],"inLanguage":"en-US"},{"@type":"Organization","@id":"https:\/\/www.prijedordanas.com\/#organization","name":"PrijedorDanas.com","url":"https:\/\/www.prijedordanas.com\/","logo":{"@type":"ImageObject","inLanguage":"en-US","@id":"https:\/\/www.prijedordanas.com\/#\/schema\/logo\/image\/","url":"http:\/\/www.prijedordanas.com\/wp-content\/uploads\/2021\/12\/logopng.png","contentUrl":"http:\/\/www.prijedordanas.com\/wp-content\/uploads\/2021\/12\/logopng.png","width":1019,"height":776,"caption":"PrijedorDanas.com"},"image":{"@id":"https:\/\/www.prijedordanas.com\/#\/schema\/logo\/image\/"},"sameAs":["https:\/\/www.facebook.com\/PrijedorDanasCom\/"]},{"@type":"Person","@id":"https:\/\/www.prijedordanas.com\/#\/schema\/person\/4e08ccf29b506ca916ff86d46bb700e6","name":"admin","image":{"@type":"ImageObject","inLanguage":"en-US","@id":"https:\/\/www.prijedordanas.com\/#\/schema\/person\/image\/","url":"https:\/\/secure.gravatar.com\/avatar\/1d3fc949d550f0b53a5f0d51e06dfd79?s=96&d=mm&r=g","contentUrl":"https:\/\/secure.gravatar.com\/avatar\/1d3fc949d550f0b53a5f0d51e06dfd79?s=96&d=mm&r=g","caption":"admin"},"url":"https:\/\/www.prijedordanas.com\/?author=1"}]}},"_links":{"self":[{"href":"https:\/\/www.prijedordanas.com\/index.php?rest_route=\/wp\/v2\/posts\/252149"}],"collection":[{"href":"https:\/\/www.prijedordanas.com\/index.php?rest_route=\/wp\/v2\/posts"}],"about":[{"href":"https:\/\/www.prijedordanas.com\/index.php?rest_route=\/wp\/v2\/types\/post"}],"author":[{"embeddable":true,"href":"https:\/\/www.prijedordanas.com\/index.php?rest_route=\/wp\/v2\/users\/1"}],"replies":[{"embeddable":true,"href":"https:\/\/www.prijedordanas.com\/index.php?rest_route=%2Fwp%2Fv2%2Fcomments&post=252149"}],"version-history":[{"count":1,"href":"https:\/\/www.prijedordanas.com\/index.php?rest_route=\/wp\/v2\/posts\/252149\/revisions"}],"predecessor-version":[{"id":252151,"href":"https:\/\/www.prijedordanas.com\/index.php?rest_route=\/wp\/v2\/posts\/252149\/revisions\/252151"}],"wp:attachment":[{"href":"https:\/\/www.prijedordanas.com\/index.php?rest_route=%2Fwp%2Fv2%2Fmedia&parent=252149"}],"wp:term":[{"taxonomy":"category","embeddable":true,"href":"https:\/\/www.prijedordanas.com\/index.php?rest_route=%2Fwp%2Fv2%2Fcategories&post=252149"},{"taxonomy":"post_tag","embeddable":true,"href":"https:\/\/www.prijedordanas.com\/index.php?rest_route=%2Fwp%2Fv2%2Ftags&post=252149"}],"curies":[{"name":"wp","href":"https:\/\/api.w.org\/{rel}","templated":true}]}}