{"id":252030,"date":"2025-08-08T17:09:22","date_gmt":"2025-08-08T15:09:22","guid":{"rendered":"https:\/\/www.prijedordanas.com\/?p=252030"},"modified":"2025-12-08T14:15:40","modified_gmt":"2025-12-08T13:15:40","slug":"fond-za-profesionalnu-rehabilitaciju-i-zaposljavanje-invalida-rs-potpisani-ugovori-za-odrzivost-zaposlenosti-lica-sa-invaliditetom","status":"publish","type":"post","link":"https:\/\/www.prijedordanas.com\/?p=252030","title":{"rendered":"Fond za profesionalnu rehabilitaciju i zapo\u0161ljavanje invalida RS: Potpisani ugovori za odr\u017eivost zaposlenosti lica sa invaliditetom"},"content":{"rendered":"<p><a href=\"https:\/\/www.prijedordanas.com\/wp-content\/uploads\/2025\/12\/fond-invalidi-ugovori-odrzivost-zaposlenosti-lica-sa-invaliditetom-1.jpg\"><img loading=\"lazy\" decoding=\"async\" class=\"alignleft size-medium wp-image-258712\" src=\"https:\/\/www.prijedordanas.com\/wp-content\/uploads\/2025\/12\/fond-invalidi-ugovori-odrzivost-zaposlenosti-lica-sa-invaliditetom-1-300x225.jpg\" alt=\"\" width=\"300\" height=\"225\" srcset=\"https:\/\/www.prijedordanas.com\/wp-content\/uploads\/2025\/12\/fond-invalidi-ugovori-odrzivost-zaposlenosti-lica-sa-invaliditetom-1-300x225.jpg 300w, https:\/\/www.prijedordanas.com\/wp-content\/uploads\/2025\/12\/fond-invalidi-ugovori-odrzivost-zaposlenosti-lica-sa-invaliditetom-1-640x480.jpg 640w, https:\/\/www.prijedordanas.com\/wp-content\/uploads\/2025\/12\/fond-invalidi-ugovori-odrzivost-zaposlenosti-lica-sa-invaliditetom-1.jpg 667w\" sizes=\"(max-width: 300px) 100vw, 300px\" \/><\/a>U prostorijama JU Fonda za profesionalnu rehabilitaciju i zapo\u0161ljavanje invalida Republike Srpske u Prijedoru, uprili\u010deno je potpisivanje ugovora sa korisnicima sredstava odobrenih putem javnog poziva za odr\u017eivost zaposlenosti lica sa invaliditetom.<\/p>\n<p>Ovim putem podr\u017eani su poslodavci koji su ispunili uslove poziva i koji u kontinuitetu zapo\u0161ljavaju lica sa invaliditetom, \u010dime se doprinosi njihovoj dugoro\u010dnoj integraciji na tr\u017ei\u0161tu rada.<\/p>\n<p>Direktor Fonda Stevica Dronjak istakao je va\u017enost kontinuirane podr\u0161ke ovoj kategoriji, naglasiv\u0161i da je cilj Fonda ne samo zapo\u0161ljavanje, vec\u0301 i zadr\u017eavanje zaposlenih u radnom odnosu, kao i prilago\u0111avanje radnog mjesta licima sa invaliditetom.<\/p>\n<p>\u201eOvo je jo\u0161 jedan korak ka inkluzivnijem i odgovornijem dru\u0161tvu. Zahvaljujemo svim poslodavcima koji prepoznaju va\u017enost ove misije i \u010destitamo im na u\u010de\u0161c\u0301u\u201c, poru\u010dio je direktor Fonda.<\/p>\n<p><a href=\"https:\/\/www.prijedordanas.com\/wp-content\/uploads\/2025\/12\/fond-invalidi-ugovori-odrzivost-zaposlenosti-lica-sa-invaliditetom-2.jpg\"><img loading=\"lazy\" decoding=\"async\" src=\"https:\/\/www.prijedordanas.com\/wp-content\/uploads\/2025\/12\/fond-invalidi-ugovori-odrzivost-zaposlenosti-lica-sa-invaliditetom-2-300x225.jpg\" alt=\"\" width=\"300\" height=\"225\" class=\"alignleft size-medium wp-image-258713\" srcset=\"https:\/\/www.prijedordanas.com\/wp-content\/uploads\/2025\/12\/fond-invalidi-ugovori-odrzivost-zaposlenosti-lica-sa-invaliditetom-2-300x225.jpg 300w, https:\/\/www.prijedordanas.com\/wp-content\/uploads\/2025\/12\/fond-invalidi-ugovori-odrzivost-zaposlenosti-lica-sa-invaliditetom-2.jpg 600w\" sizes=\"(max-width: 300px) 100vw, 300px\" \/><\/a>Ugovori su potpisani sa vi\u0161e poslodavaca sa teritorije Republike Srpske, a sredstva c\u0301e biti iskori\u0161tena za prilago\u0111avanje radnih mjesta za lica sa invaliditetom.<\/p>\n<p>JU Fond za profesionalnu rehabilitaciju i zapo\u0161ljavanje invalida Republike Srpskec\u0301e nastavi\u0107e da pru\u017ea institucionalnu i finansijsku podr\u0161ku u cilju ostvarivanja prava, osna\u017eivanja i ravnopravnog uklju\u010divanja osoba sa invaliditetom u sve sfere dru\u0161tvenog i radnog \u017eivota.<\/p>\n<p>Fond za profesionalnu rehabilitaciju i zapo\u0161ljavanje invalida Republike Srpske<\/p>\n","protected":false},"excerpt":{"rendered":"<p>U prostorijama JU Fonda za profesionalnu rehabilitaciju i zapo\u0161ljavanje invalida Republike Srpske u Prijedoru, uprili\u010deno je potpisivanje ugovora sa korisnicima sredstava odobrenih putem javnog poziva za odr\u017eivost zaposlenosti lica sa [&hellip;]<\/p>\n","protected":false},"author":1,"featured_media":0,"comment_status":"closed","ping_status":"open","sticky":false,"template":"","format":"standard","meta":{"_monsterinsights_skip_tracking":false,"_monsterinsights_sitenote_active":false,"_monsterinsights_sitenote_note":"","_monsterinsights_sitenote_category":0,"footnotes":""},"categories":[8],"tags":[],"yoast_head":"<!-- This site is optimized with the Yoast SEO plugin v21.6 - https:\/\/yoast.com\/wordpress\/plugins\/seo\/ -->\n<title>Fond za profesionalnu rehabilitaciju i zapo\u0161ljavanje invalida RS: Potpisani ugovori za odr\u017eivost zaposlenosti lica sa invaliditetom - PrijedorDanas.com - Prijedorski gradski portal<\/title>\n<meta name=\"robots\" content=\"index, follow, max-snippet:-1, max-image-preview:large, max-video-preview:-1\" \/>\n<link rel=\"canonical\" href=\"https:\/\/www.prijedordanas.com\/?p=252030\" \/>\n<meta property=\"og:locale\" content=\"en_US\" \/>\n<meta property=\"og:type\" content=\"article\" \/>\n<meta property=\"og:title\" content=\"Fond za profesionalnu rehabilitaciju i zapo\u0161ljavanje invalida RS: Potpisani ugovori za odr\u017eivost zaposlenosti lica sa invaliditetom - PrijedorDanas.com - Prijedorski gradski portal\" \/>\n<meta property=\"og:description\" content=\"U prostorijama JU Fonda za profesionalnu rehabilitaciju i zapo\u0161ljavanje invalida Republike Srpske u Prijedoru, uprili\u010deno je potpisivanje ugovora sa korisnicima sredstava odobrenih putem javnog poziva za odr\u017eivost zaposlenosti lica sa [&hellip;]\" \/>\n<meta property=\"og:url\" content=\"https:\/\/www.prijedordanas.com\/?p=252030\" \/>\n<meta property=\"og:site_name\" content=\"PrijedorDanas.com - Prijedorski gradski portal\" \/>\n<meta property=\"article:publisher\" content=\"https:\/\/www.facebook.com\/PrijedorDanasCom\/\" \/>\n<meta property=\"article:published_time\" content=\"2025-08-08T15:09:22+00:00\" \/>\n<meta property=\"article:modified_time\" content=\"2025-12-08T13:15:40+00:00\" \/>\n<meta property=\"og:image\" content=\"https:\/\/www.prijedordanas.com\/wp-content\/uploads\/2025\/12\/fond-invalidi-ugovori-odrzivost-zaposlenosti-lica-sa-invaliditetom-1-300x225.jpg\" \/>\n<meta name=\"author\" content=\"admin\" \/>\n<meta name=\"twitter:card\" content=\"summary_large_image\" \/>\n<meta name=\"twitter:label1\" content=\"Written by\" \/>\n\t<meta name=\"twitter:data1\" content=\"admin\" \/>\n\t<meta name=\"twitter:label2\" content=\"Est. reading time\" \/>\n\t<meta name=\"twitter:data2\" content=\"2 minutes\" \/>\n<script type=\"application\/ld+json\" class=\"yoast-schema-graph\">{\"@context\":\"https:\/\/schema.org\",\"@graph\":[{\"@type\":\"Article\",\"@id\":\"https:\/\/www.prijedordanas.com\/?p=252030#article\",\"isPartOf\":{\"@id\":\"https:\/\/www.prijedordanas.com\/?p=252030\"},\"author\":{\"name\":\"admin\",\"@id\":\"https:\/\/www.prijedordanas.com\/#\/schema\/person\/4e08ccf29b506ca916ff86d46bb700e6\"},\"headline\":\"Fond za profesionalnu rehabilitaciju i zapo\u0161ljavanje invalida RS: Potpisani ugovori za odr\u017eivost zaposlenosti lica sa invaliditetom\",\"datePublished\":\"2025-08-08T15:09:22+00:00\",\"dateModified\":\"2025-12-08T13:15:40+00:00\",\"mainEntityOfPage\":{\"@id\":\"https:\/\/www.prijedordanas.com\/?p=252030\"},\"wordCount\":237,\"publisher\":{\"@id\":\"https:\/\/www.prijedordanas.com\/#organization\"},\"articleSection\":[\"Svakodnevno\"],\"inLanguage\":\"en-US\"},{\"@type\":\"WebPage\",\"@id\":\"https:\/\/www.prijedordanas.com\/?p=252030\",\"url\":\"https:\/\/www.prijedordanas.com\/?p=252030\",\"name\":\"Fond za profesionalnu rehabilitaciju i zapo\u0161ljavanje invalida RS: Potpisani ugovori za odr\u017eivost zaposlenosti lica sa invaliditetom - PrijedorDanas.com - Prijedorski gradski portal\",\"isPartOf\":{\"@id\":\"https:\/\/www.prijedordanas.com\/#website\"},\"datePublished\":\"2025-08-08T15:09:22+00:00\",\"dateModified\":\"2025-12-08T13:15:40+00:00\",\"breadcrumb\":{\"@id\":\"https:\/\/www.prijedordanas.com\/?p=252030#breadcrumb\"},\"inLanguage\":\"en-US\",\"potentialAction\":[{\"@type\":\"ReadAction\",\"target\":[\"https:\/\/www.prijedordanas.com\/?p=252030\"]}]},{\"@type\":\"BreadcrumbList\",\"@id\":\"https:\/\/www.prijedordanas.com\/?p=252030#breadcrumb\",\"itemListElement\":[{\"@type\":\"ListItem\",\"position\":1,\"name\":\"Home\",\"item\":\"https:\/\/www.prijedordanas.com\/\"},{\"@type\":\"ListItem\",\"position\":2,\"name\":\"Fond za profesionalnu rehabilitaciju i zapo\u0161ljavanje invalida RS: Potpisani ugovori za odr\u017eivost zaposlenosti lica sa invaliditetom\"}]},{\"@type\":\"WebSite\",\"@id\":\"https:\/\/www.prijedordanas.com\/#website\",\"url\":\"https:\/\/www.prijedordanas.com\/\",\"name\":\"PrijedorDanas.com - Prijedorski gradski portal\",\"description\":\"Portal o doga\u0111anjima u gradu Prijedoru\",\"publisher\":{\"@id\":\"https:\/\/www.prijedordanas.com\/#organization\"},\"potentialAction\":[{\"@type\":\"SearchAction\",\"target\":{\"@type\":\"EntryPoint\",\"urlTemplate\":\"https:\/\/www.prijedordanas.com\/?s={search_term_string}\"},\"query-input\":\"required name=search_term_string\"}],\"inLanguage\":\"en-US\"},{\"@type\":\"Organization\",\"@id\":\"https:\/\/www.prijedordanas.com\/#organization\",\"name\":\"PrijedorDanas.com\",\"url\":\"https:\/\/www.prijedordanas.com\/\",\"logo\":{\"@type\":\"ImageObject\",\"inLanguage\":\"en-US\",\"@id\":\"https:\/\/www.prijedordanas.com\/#\/schema\/logo\/image\/\",\"url\":\"http:\/\/www.prijedordanas.com\/wp-content\/uploads\/2021\/12\/logopng.png\",\"contentUrl\":\"http:\/\/www.prijedordanas.com\/wp-content\/uploads\/2021\/12\/logopng.png\",\"width\":1019,\"height\":776,\"caption\":\"PrijedorDanas.com\"},\"image\":{\"@id\":\"https:\/\/www.prijedordanas.com\/#\/schema\/logo\/image\/\"},\"sameAs\":[\"https:\/\/www.facebook.com\/PrijedorDanasCom\/\"]},{\"@type\":\"Person\",\"@id\":\"https:\/\/www.prijedordanas.com\/#\/schema\/person\/4e08ccf29b506ca916ff86d46bb700e6\",\"name\":\"admin\",\"image\":{\"@type\":\"ImageObject\",\"inLanguage\":\"en-US\",\"@id\":\"https:\/\/www.prijedordanas.com\/#\/schema\/person\/image\/\",\"url\":\"https:\/\/secure.gravatar.com\/avatar\/1d3fc949d550f0b53a5f0d51e06dfd79?s=96&d=mm&r=g\",\"contentUrl\":\"https:\/\/secure.gravatar.com\/avatar\/1d3fc949d550f0b53a5f0d51e06dfd79?s=96&d=mm&r=g\",\"caption\":\"admin\"},\"url\":\"https:\/\/www.prijedordanas.com\/?author=1\"}]}<\/script>\n<!-- \/ Yoast SEO plugin. -->","yoast_head_json":{"title":"Fond za profesionalnu rehabilitaciju i zapo\u0161ljavanje invalida RS: Potpisani ugovori za odr\u017eivost zaposlenosti lica sa invaliditetom - PrijedorDanas.com - Prijedorski gradski portal","robots":{"index":"index","follow":"follow","max-snippet":"max-snippet:-1","max-image-preview":"max-image-preview:large","max-video-preview":"max-video-preview:-1"},"canonical":"https:\/\/www.prijedordanas.com\/?p=252030","og_locale":"en_US","og_type":"article","og_title":"Fond za profesionalnu rehabilitaciju i zapo\u0161ljavanje invalida RS: Potpisani ugovori za odr\u017eivost zaposlenosti lica sa invaliditetom - PrijedorDanas.com - Prijedorski gradski portal","og_description":"U prostorijama JU Fonda za profesionalnu rehabilitaciju i zapo\u0161ljavanje invalida Republike Srpske u Prijedoru, uprili\u010deno je potpisivanje ugovora sa korisnicima sredstava odobrenih putem javnog poziva za odr\u017eivost zaposlenosti lica sa [&hellip;]","og_url":"https:\/\/www.prijedordanas.com\/?p=252030","og_site_name":"PrijedorDanas.com - Prijedorski gradski portal","article_publisher":"https:\/\/www.facebook.com\/PrijedorDanasCom\/","article_published_time":"2025-08-08T15:09:22+00:00","article_modified_time":"2025-12-08T13:15:40+00:00","og_image":[{"url":"https:\/\/www.prijedordanas.com\/wp-content\/uploads\/2025\/12\/fond-invalidi-ugovori-odrzivost-zaposlenosti-lica-sa-invaliditetom-1-300x225.jpg"}],"author":"admin","twitter_card":"summary_large_image","twitter_misc":{"Written by":"admin","Est. reading time":"2 minutes"},"schema":{"@context":"https:\/\/schema.org","@graph":[{"@type":"Article","@id":"https:\/\/www.prijedordanas.com\/?p=252030#article","isPartOf":{"@id":"https:\/\/www.prijedordanas.com\/?p=252030"},"author":{"name":"admin","@id":"https:\/\/www.prijedordanas.com\/#\/schema\/person\/4e08ccf29b506ca916ff86d46bb700e6"},"headline":"Fond za profesionalnu rehabilitaciju i zapo\u0161ljavanje invalida RS: Potpisani ugovori za odr\u017eivost zaposlenosti lica sa invaliditetom","datePublished":"2025-08-08T15:09:22+00:00","dateModified":"2025-12-08T13:15:40+00:00","mainEntityOfPage":{"@id":"https:\/\/www.prijedordanas.com\/?p=252030"},"wordCount":237,"publisher":{"@id":"https:\/\/www.prijedordanas.com\/#organization"},"articleSection":["Svakodnevno"],"inLanguage":"en-US"},{"@type":"WebPage","@id":"https:\/\/www.prijedordanas.com\/?p=252030","url":"https:\/\/www.prijedordanas.com\/?p=252030","name":"Fond za profesionalnu rehabilitaciju i zapo\u0161ljavanje invalida RS: Potpisani ugovori za odr\u017eivost zaposlenosti lica sa invaliditetom - PrijedorDanas.com - Prijedorski gradski portal","isPartOf":{"@id":"https:\/\/www.prijedordanas.com\/#website"},"datePublished":"2025-08-08T15:09:22+00:00","dateModified":"2025-12-08T13:15:40+00:00","breadcrumb":{"@id":"https:\/\/www.prijedordanas.com\/?p=252030#breadcrumb"},"inLanguage":"en-US","potentialAction":[{"@type":"ReadAction","target":["https:\/\/www.prijedordanas.com\/?p=252030"]}]},{"@type":"BreadcrumbList","@id":"https:\/\/www.prijedordanas.com\/?p=252030#breadcrumb","itemListElement":[{"@type":"ListItem","position":1,"name":"Home","item":"https:\/\/www.prijedordanas.com\/"},{"@type":"ListItem","position":2,"name":"Fond za profesionalnu rehabilitaciju i zapo\u0161ljavanje invalida RS: Potpisani ugovori za odr\u017eivost zaposlenosti lica sa invaliditetom"}]},{"@type":"WebSite","@id":"https:\/\/www.prijedordanas.com\/#website","url":"https:\/\/www.prijedordanas.com\/","name":"PrijedorDanas.com - Prijedorski gradski portal","description":"Portal o doga\u0111anjima u gradu Prijedoru","publisher":{"@id":"https:\/\/www.prijedordanas.com\/#organization"},"potentialAction":[{"@type":"SearchAction","target":{"@type":"EntryPoint","urlTemplate":"https:\/\/www.prijedordanas.com\/?s={search_term_string}"},"query-input":"required name=search_term_string"}],"inLanguage":"en-US"},{"@type":"Organization","@id":"https:\/\/www.prijedordanas.com\/#organization","name":"PrijedorDanas.com","url":"https:\/\/www.prijedordanas.com\/","logo":{"@type":"ImageObject","inLanguage":"en-US","@id":"https:\/\/www.prijedordanas.com\/#\/schema\/logo\/image\/","url":"http:\/\/www.prijedordanas.com\/wp-content\/uploads\/2021\/12\/logopng.png","contentUrl":"http:\/\/www.prijedordanas.com\/wp-content\/uploads\/2021\/12\/logopng.png","width":1019,"height":776,"caption":"PrijedorDanas.com"},"image":{"@id":"https:\/\/www.prijedordanas.com\/#\/schema\/logo\/image\/"},"sameAs":["https:\/\/www.facebook.com\/PrijedorDanasCom\/"]},{"@type":"Person","@id":"https:\/\/www.prijedordanas.com\/#\/schema\/person\/4e08ccf29b506ca916ff86d46bb700e6","name":"admin","image":{"@type":"ImageObject","inLanguage":"en-US","@id":"https:\/\/www.prijedordanas.com\/#\/schema\/person\/image\/","url":"https:\/\/secure.gravatar.com\/avatar\/1d3fc949d550f0b53a5f0d51e06dfd79?s=96&d=mm&r=g","contentUrl":"https:\/\/secure.gravatar.com\/avatar\/1d3fc949d550f0b53a5f0d51e06dfd79?s=96&d=mm&r=g","caption":"admin"},"url":"https:\/\/www.prijedordanas.com\/?author=1"}]}},"_links":{"self":[{"href":"https:\/\/www.prijedordanas.com\/index.php?rest_route=\/wp\/v2\/posts\/252030"}],"collection":[{"href":"https:\/\/www.prijedordanas.com\/index.php?rest_route=\/wp\/v2\/posts"}],"about":[{"href":"https:\/\/www.prijedordanas.com\/index.php?rest_route=\/wp\/v2\/types\/post"}],"author":[{"embeddable":true,"href":"https:\/\/www.prijedordanas.com\/index.php?rest_route=\/wp\/v2\/users\/1"}],"replies":[{"embeddable":true,"href":"https:\/\/www.prijedordanas.com\/index.php?rest_route=%2Fwp%2Fv2%2Fcomments&post=252030"}],"version-history":[{"count":2,"href":"https:\/\/www.prijedordanas.com\/index.php?rest_route=\/wp\/v2\/posts\/252030\/revisions"}],"predecessor-version":[{"id":258714,"href":"https:\/\/www.prijedordanas.com\/index.php?rest_route=\/wp\/v2\/posts\/252030\/revisions\/258714"}],"wp:attachment":[{"href":"https:\/\/www.prijedordanas.com\/index.php?rest_route=%2Fwp%2Fv2%2Fmedia&parent=252030"}],"wp:term":[{"taxonomy":"category","embeddable":true,"href":"https:\/\/www.prijedordanas.com\/index.php?rest_route=%2Fwp%2Fv2%2Fcategories&post=252030"},{"taxonomy":"post_tag","embeddable":true,"href":"https:\/\/www.prijedordanas.com\/index.php?rest_route=%2Fwp%2Fv2%2Ftags&post=252030"}],"curies":[{"name":"wp","href":"https:\/\/api.w.org\/{rel}","templated":true}]}}