{"id":251706,"date":"2025-08-04T14:10:45","date_gmt":"2025-08-04T12:10:45","guid":{"rendered":"https:\/\/www.prijedordanas.com\/?p=251706"},"modified":"2025-08-04T14:10:45","modified_gmt":"2025-08-04T12:10:45","slug":"gradska-izborna-komisija-prijedor-produzen-rok-za-prijavu-podnosenja-zahtjeva-za-ovjeru-kandidatskih-listi-za-izbore-za-savjete-mjesnih-zajednica","status":"publish","type":"post","link":"https:\/\/www.prijedordanas.com\/?p=251706","title":{"rendered":"Gradska izborna komisija Prijedor: Produ\u017een rok za prijavu podno\u0161enja zahtjeva za ovjeru kandidatskih listi za izbore za Savjete mjesnih zajednica"},"content":{"rendered":"<p><a href=\"https:\/\/www.prijedordanas.com\/wp-content\/uploads\/2025\/05\/gradska-uprava-pd-maj2025-1.jpg\"><img loading=\"lazy\" decoding=\"async\" src=\"https:\/\/www.prijedordanas.com\/wp-content\/uploads\/2025\/05\/gradska-uprava-pd-maj2025-1-300x225.jpg\" alt=\"\" width=\"300\" height=\"225\" class=\"alignleft size-medium wp-image-246738\" srcset=\"https:\/\/www.prijedordanas.com\/wp-content\/uploads\/2025\/05\/gradska-uprava-pd-maj2025-1-300x225.jpg 300w, https:\/\/www.prijedordanas.com\/wp-content\/uploads\/2025\/05\/gradska-uprava-pd-maj2025-1-640x480.jpg 640w, https:\/\/www.prijedordanas.com\/wp-content\/uploads\/2025\/05\/gradska-uprava-pd-maj2025-1.jpg 667w\" sizes=\"(max-width: 300px) 100vw, 300px\" \/><\/a>GRADSKA IZBORNA KOMISIJA<br \/>\nPRIJEDOR<\/p>\n<p>O B A V J E \u0160 T E NJ E<\/p>\n<p>Obavje\u0161tavaju se svi zainteresovani subjekti da je Gradska izborna komisija Prijedor na sjednici odr\u017eanoj dana 30.07.2025.godine donijela odluku kojom se produ\u017eava rok za prijavu podno\u0161enja zahtjeva za ovjeru kandidatskih listi za izbore za savjete mjesnih zajednica. <\/p>\n<p>Krajnji rok za prijavu kandidatskih lista je 21.08.2025.godine.<\/p>\n<p>Gradska izborna komisija<\/p>\n","protected":false},"excerpt":{"rendered":"<p>GRADSKA IZBORNA KOMISIJA PRIJEDOR O B A V J E \u0160 T E NJ E Obavje\u0161tavaju se svi zainteresovani subjekti da je Gradska izborna komisija Prijedor na sjednici odr\u017eanoj dana [&hellip;]<\/p>\n","protected":false},"author":1,"featured_media":0,"comment_status":"closed","ping_status":"open","sticky":false,"template":"","format":"standard","meta":{"_monsterinsights_skip_tracking":false,"_monsterinsights_sitenote_active":false,"_monsterinsights_sitenote_note":"","_monsterinsights_sitenote_category":0,"footnotes":""},"categories":[8],"tags":[],"yoast_head":"<!-- This site is optimized with the Yoast SEO plugin v21.6 - https:\/\/yoast.com\/wordpress\/plugins\/seo\/ -->\n<title>Gradska izborna komisija Prijedor: Produ\u017een rok za prijavu podno\u0161enja zahtjeva za ovjeru kandidatskih listi za izbore za Savjete mjesnih zajednica - PrijedorDanas.com - Prijedorski gradski portal<\/title>\n<meta name=\"robots\" content=\"index, follow, max-snippet:-1, max-image-preview:large, max-video-preview:-1\" \/>\n<link rel=\"canonical\" href=\"https:\/\/www.prijedordanas.com\/?p=251706\" \/>\n<meta property=\"og:locale\" content=\"en_US\" \/>\n<meta property=\"og:type\" content=\"article\" \/>\n<meta property=\"og:title\" content=\"Gradska izborna komisija Prijedor: Produ\u017een rok za prijavu podno\u0161enja zahtjeva za ovjeru kandidatskih listi za izbore za Savjete mjesnih zajednica - PrijedorDanas.com - Prijedorski gradski portal\" \/>\n<meta property=\"og:description\" content=\"GRADSKA IZBORNA KOMISIJA PRIJEDOR O B A V J E \u0160 T E NJ E Obavje\u0161tavaju se svi zainteresovani subjekti da je Gradska izborna komisija Prijedor na sjednici odr\u017eanoj dana [&hellip;]\" \/>\n<meta property=\"og:url\" content=\"https:\/\/www.prijedordanas.com\/?p=251706\" \/>\n<meta property=\"og:site_name\" content=\"PrijedorDanas.com - Prijedorski gradski portal\" \/>\n<meta property=\"article:publisher\" content=\"https:\/\/www.facebook.com\/PrijedorDanasCom\/\" \/>\n<meta property=\"article:published_time\" content=\"2025-08-04T12:10:45+00:00\" \/>\n<meta property=\"og:image\" content=\"https:\/\/www.prijedordanas.com\/wp-content\/uploads\/2025\/05\/gradska-uprava-pd-maj2025-1-300x225.jpg\" \/>\n<meta name=\"author\" content=\"admin\" \/>\n<meta name=\"twitter:card\" content=\"summary_large_image\" \/>\n<meta name=\"twitter:label1\" content=\"Written by\" \/>\n\t<meta name=\"twitter:data1\" content=\"admin\" \/>\n<script type=\"application\/ld+json\" class=\"yoast-schema-graph\">{\"@context\":\"https:\/\/schema.org\",\"@graph\":[{\"@type\":\"Article\",\"@id\":\"https:\/\/www.prijedordanas.com\/?p=251706#article\",\"isPartOf\":{\"@id\":\"https:\/\/www.prijedordanas.com\/?p=251706\"},\"author\":{\"name\":\"admin\",\"@id\":\"https:\/\/www.prijedordanas.com\/#\/schema\/person\/4e08ccf29b506ca916ff86d46bb700e6\"},\"headline\":\"Gradska izborna komisija Prijedor: Produ\u017een rok za prijavu podno\u0161enja zahtjeva za ovjeru kandidatskih listi za izbore za Savjete mjesnih zajednica\",\"datePublished\":\"2025-08-04T12:10:45+00:00\",\"dateModified\":\"2025-08-04T12:10:45+00:00\",\"mainEntityOfPage\":{\"@id\":\"https:\/\/www.prijedordanas.com\/?p=251706\"},\"wordCount\":87,\"publisher\":{\"@id\":\"https:\/\/www.prijedordanas.com\/#organization\"},\"articleSection\":[\"Svakodnevno\"],\"inLanguage\":\"en-US\"},{\"@type\":\"WebPage\",\"@id\":\"https:\/\/www.prijedordanas.com\/?p=251706\",\"url\":\"https:\/\/www.prijedordanas.com\/?p=251706\",\"name\":\"Gradska izborna komisija Prijedor: Produ\u017een rok za prijavu podno\u0161enja zahtjeva za ovjeru kandidatskih listi za izbore za Savjete mjesnih zajednica - PrijedorDanas.com - Prijedorski gradski portal\",\"isPartOf\":{\"@id\":\"https:\/\/www.prijedordanas.com\/#website\"},\"datePublished\":\"2025-08-04T12:10:45+00:00\",\"dateModified\":\"2025-08-04T12:10:45+00:00\",\"breadcrumb\":{\"@id\":\"https:\/\/www.prijedordanas.com\/?p=251706#breadcrumb\"},\"inLanguage\":\"en-US\",\"potentialAction\":[{\"@type\":\"ReadAction\",\"target\":[\"https:\/\/www.prijedordanas.com\/?p=251706\"]}]},{\"@type\":\"BreadcrumbList\",\"@id\":\"https:\/\/www.prijedordanas.com\/?p=251706#breadcrumb\",\"itemListElement\":[{\"@type\":\"ListItem\",\"position\":1,\"name\":\"Home\",\"item\":\"https:\/\/www.prijedordanas.com\/\"},{\"@type\":\"ListItem\",\"position\":2,\"name\":\"Gradska izborna komisija Prijedor: Produ\u017een rok za prijavu podno\u0161enja zahtjeva za ovjeru kandidatskih listi za izbore za Savjete mjesnih zajednica\"}]},{\"@type\":\"WebSite\",\"@id\":\"https:\/\/www.prijedordanas.com\/#website\",\"url\":\"https:\/\/www.prijedordanas.com\/\",\"name\":\"PrijedorDanas.com - Prijedorski gradski portal\",\"description\":\"Portal o doga\u0111anjima u gradu Prijedoru\",\"publisher\":{\"@id\":\"https:\/\/www.prijedordanas.com\/#organization\"},\"potentialAction\":[{\"@type\":\"SearchAction\",\"target\":{\"@type\":\"EntryPoint\",\"urlTemplate\":\"https:\/\/www.prijedordanas.com\/?s={search_term_string}\"},\"query-input\":\"required name=search_term_string\"}],\"inLanguage\":\"en-US\"},{\"@type\":\"Organization\",\"@id\":\"https:\/\/www.prijedordanas.com\/#organization\",\"name\":\"PrijedorDanas.com\",\"url\":\"https:\/\/www.prijedordanas.com\/\",\"logo\":{\"@type\":\"ImageObject\",\"inLanguage\":\"en-US\",\"@id\":\"https:\/\/www.prijedordanas.com\/#\/schema\/logo\/image\/\",\"url\":\"http:\/\/www.prijedordanas.com\/wp-content\/uploads\/2021\/12\/logopng.png\",\"contentUrl\":\"http:\/\/www.prijedordanas.com\/wp-content\/uploads\/2021\/12\/logopng.png\",\"width\":1019,\"height\":776,\"caption\":\"PrijedorDanas.com\"},\"image\":{\"@id\":\"https:\/\/www.prijedordanas.com\/#\/schema\/logo\/image\/\"},\"sameAs\":[\"https:\/\/www.facebook.com\/PrijedorDanasCom\/\"]},{\"@type\":\"Person\",\"@id\":\"https:\/\/www.prijedordanas.com\/#\/schema\/person\/4e08ccf29b506ca916ff86d46bb700e6\",\"name\":\"admin\",\"image\":{\"@type\":\"ImageObject\",\"inLanguage\":\"en-US\",\"@id\":\"https:\/\/www.prijedordanas.com\/#\/schema\/person\/image\/\",\"url\":\"https:\/\/secure.gravatar.com\/avatar\/1d3fc949d550f0b53a5f0d51e06dfd79?s=96&d=mm&r=g\",\"contentUrl\":\"https:\/\/secure.gravatar.com\/avatar\/1d3fc949d550f0b53a5f0d51e06dfd79?s=96&d=mm&r=g\",\"caption\":\"admin\"},\"url\":\"https:\/\/www.prijedordanas.com\/?author=1\"}]}<\/script>\n<!-- \/ Yoast SEO plugin. -->","yoast_head_json":{"title":"Gradska izborna komisija Prijedor: Produ\u017een rok za prijavu podno\u0161enja zahtjeva za ovjeru kandidatskih listi za izbore za Savjete mjesnih zajednica - PrijedorDanas.com - Prijedorski gradski portal","robots":{"index":"index","follow":"follow","max-snippet":"max-snippet:-1","max-image-preview":"max-image-preview:large","max-video-preview":"max-video-preview:-1"},"canonical":"https:\/\/www.prijedordanas.com\/?p=251706","og_locale":"en_US","og_type":"article","og_title":"Gradska izborna komisija Prijedor: Produ\u017een rok za prijavu podno\u0161enja zahtjeva za ovjeru kandidatskih listi za izbore za Savjete mjesnih zajednica - PrijedorDanas.com - Prijedorski gradski portal","og_description":"GRADSKA IZBORNA KOMISIJA PRIJEDOR O B A V J E \u0160 T E NJ E Obavje\u0161tavaju se svi zainteresovani subjekti da je Gradska izborna komisija Prijedor na sjednici odr\u017eanoj dana [&hellip;]","og_url":"https:\/\/www.prijedordanas.com\/?p=251706","og_site_name":"PrijedorDanas.com - Prijedorski gradski portal","article_publisher":"https:\/\/www.facebook.com\/PrijedorDanasCom\/","article_published_time":"2025-08-04T12:10:45+00:00","og_image":[{"url":"https:\/\/www.prijedordanas.com\/wp-content\/uploads\/2025\/05\/gradska-uprava-pd-maj2025-1-300x225.jpg"}],"author":"admin","twitter_card":"summary_large_image","twitter_misc":{"Written by":"admin"},"schema":{"@context":"https:\/\/schema.org","@graph":[{"@type":"Article","@id":"https:\/\/www.prijedordanas.com\/?p=251706#article","isPartOf":{"@id":"https:\/\/www.prijedordanas.com\/?p=251706"},"author":{"name":"admin","@id":"https:\/\/www.prijedordanas.com\/#\/schema\/person\/4e08ccf29b506ca916ff86d46bb700e6"},"headline":"Gradska izborna komisija Prijedor: Produ\u017een rok za prijavu podno\u0161enja zahtjeva za ovjeru kandidatskih listi za izbore za Savjete mjesnih zajednica","datePublished":"2025-08-04T12:10:45+00:00","dateModified":"2025-08-04T12:10:45+00:00","mainEntityOfPage":{"@id":"https:\/\/www.prijedordanas.com\/?p=251706"},"wordCount":87,"publisher":{"@id":"https:\/\/www.prijedordanas.com\/#organization"},"articleSection":["Svakodnevno"],"inLanguage":"en-US"},{"@type":"WebPage","@id":"https:\/\/www.prijedordanas.com\/?p=251706","url":"https:\/\/www.prijedordanas.com\/?p=251706","name":"Gradska izborna komisija Prijedor: Produ\u017een rok za prijavu podno\u0161enja zahtjeva za ovjeru kandidatskih listi za izbore za Savjete mjesnih zajednica - PrijedorDanas.com - Prijedorski gradski portal","isPartOf":{"@id":"https:\/\/www.prijedordanas.com\/#website"},"datePublished":"2025-08-04T12:10:45+00:00","dateModified":"2025-08-04T12:10:45+00:00","breadcrumb":{"@id":"https:\/\/www.prijedordanas.com\/?p=251706#breadcrumb"},"inLanguage":"en-US","potentialAction":[{"@type":"ReadAction","target":["https:\/\/www.prijedordanas.com\/?p=251706"]}]},{"@type":"BreadcrumbList","@id":"https:\/\/www.prijedordanas.com\/?p=251706#breadcrumb","itemListElement":[{"@type":"ListItem","position":1,"name":"Home","item":"https:\/\/www.prijedordanas.com\/"},{"@type":"ListItem","position":2,"name":"Gradska izborna komisija Prijedor: Produ\u017een rok za prijavu podno\u0161enja zahtjeva za ovjeru kandidatskih listi za izbore za Savjete mjesnih zajednica"}]},{"@type":"WebSite","@id":"https:\/\/www.prijedordanas.com\/#website","url":"https:\/\/www.prijedordanas.com\/","name":"PrijedorDanas.com - Prijedorski gradski portal","description":"Portal o doga\u0111anjima u gradu Prijedoru","publisher":{"@id":"https:\/\/www.prijedordanas.com\/#organization"},"potentialAction":[{"@type":"SearchAction","target":{"@type":"EntryPoint","urlTemplate":"https:\/\/www.prijedordanas.com\/?s={search_term_string}"},"query-input":"required name=search_term_string"}],"inLanguage":"en-US"},{"@type":"Organization","@id":"https:\/\/www.prijedordanas.com\/#organization","name":"PrijedorDanas.com","url":"https:\/\/www.prijedordanas.com\/","logo":{"@type":"ImageObject","inLanguage":"en-US","@id":"https:\/\/www.prijedordanas.com\/#\/schema\/logo\/image\/","url":"http:\/\/www.prijedordanas.com\/wp-content\/uploads\/2021\/12\/logopng.png","contentUrl":"http:\/\/www.prijedordanas.com\/wp-content\/uploads\/2021\/12\/logopng.png","width":1019,"height":776,"caption":"PrijedorDanas.com"},"image":{"@id":"https:\/\/www.prijedordanas.com\/#\/schema\/logo\/image\/"},"sameAs":["https:\/\/www.facebook.com\/PrijedorDanasCom\/"]},{"@type":"Person","@id":"https:\/\/www.prijedordanas.com\/#\/schema\/person\/4e08ccf29b506ca916ff86d46bb700e6","name":"admin","image":{"@type":"ImageObject","inLanguage":"en-US","@id":"https:\/\/www.prijedordanas.com\/#\/schema\/person\/image\/","url":"https:\/\/secure.gravatar.com\/avatar\/1d3fc949d550f0b53a5f0d51e06dfd79?s=96&d=mm&r=g","contentUrl":"https:\/\/secure.gravatar.com\/avatar\/1d3fc949d550f0b53a5f0d51e06dfd79?s=96&d=mm&r=g","caption":"admin"},"url":"https:\/\/www.prijedordanas.com\/?author=1"}]}},"_links":{"self":[{"href":"https:\/\/www.prijedordanas.com\/index.php?rest_route=\/wp\/v2\/posts\/251706"}],"collection":[{"href":"https:\/\/www.prijedordanas.com\/index.php?rest_route=\/wp\/v2\/posts"}],"about":[{"href":"https:\/\/www.prijedordanas.com\/index.php?rest_route=\/wp\/v2\/types\/post"}],"author":[{"embeddable":true,"href":"https:\/\/www.prijedordanas.com\/index.php?rest_route=\/wp\/v2\/users\/1"}],"replies":[{"embeddable":true,"href":"https:\/\/www.prijedordanas.com\/index.php?rest_route=%2Fwp%2Fv2%2Fcomments&post=251706"}],"version-history":[{"count":1,"href":"https:\/\/www.prijedordanas.com\/index.php?rest_route=\/wp\/v2\/posts\/251706\/revisions"}],"predecessor-version":[{"id":251707,"href":"https:\/\/www.prijedordanas.com\/index.php?rest_route=\/wp\/v2\/posts\/251706\/revisions\/251707"}],"wp:attachment":[{"href":"https:\/\/www.prijedordanas.com\/index.php?rest_route=%2Fwp%2Fv2%2Fmedia&parent=251706"}],"wp:term":[{"taxonomy":"category","embeddable":true,"href":"https:\/\/www.prijedordanas.com\/index.php?rest_route=%2Fwp%2Fv2%2Fcategories&post=251706"},{"taxonomy":"post_tag","embeddable":true,"href":"https:\/\/www.prijedordanas.com\/index.php?rest_route=%2Fwp%2Fv2%2Ftags&post=251706"}],"curies":[{"name":"wp","href":"https:\/\/api.w.org\/{rel}","templated":true}]}}