{"id":251426,"date":"2025-07-31T11:21:14","date_gmt":"2025-07-31T09:21:14","guid":{"rendered":"https:\/\/www.prijedordanas.com\/?p=251426"},"modified":"2025-07-31T11:21:14","modified_gmt":"2025-07-31T09:21:14","slug":"sutra-pocinje-peti-jubilarni-tuborg-garden-fest-dva-dana-muzike-plesa-i-snova-u-znaku-humanosti","status":"publish","type":"post","link":"https:\/\/www.prijedordanas.com\/?p=251426","title":{"rendered":"Sutra po\u010dinje peti jubilarni \u201eTuborg Garden Fest\u201c: Dva dana muzike, plesa i snova u znaku humanosti"},"content":{"rendered":"<p><a href=\"https:\/\/www.prijedordanas.com\/wp-content\/uploads\/2025\/07\/garden-fest-2025-budimo-humani-neven.jpg\"><img loading=\"lazy\" decoding=\"async\" class=\"alignleft size-medium wp-image-251427\" src=\"https:\/\/www.prijedordanas.com\/wp-content\/uploads\/2025\/07\/garden-fest-2025-budimo-humani-neven-241x300.jpg\" alt=\"\" width=\"241\" height=\"300\" srcset=\"https:\/\/www.prijedordanas.com\/wp-content\/uploads\/2025\/07\/garden-fest-2025-budimo-humani-neven-241x300.jpg 241w, https:\/\/www.prijedordanas.com\/wp-content\/uploads\/2025\/07\/garden-fest-2025-budimo-humani-neven.jpg 481w\" sizes=\"(max-width: 241px) 100vw, 241px\" \/><\/a>Najve\u0107i ljetni muzi\u010dki festival u regiji \u201cTuborg Garden Fest\u201d sutra, po peti put, otvara kapije Ljetne ba\u0161te u Prijedoru od 19.30 \u010dasova.<\/p>\n<p>Organizatori jednog od najve\u0107ih ljetnih muzi\u010dkih festivala u regiji odlu\u010dili su da sav prihod od prodajev ulaznice od danas doniraju u humanitarne svrhe.<\/p>\n<p>-Sav prihod od karata koje se kupe danas, sutra i u subotu donira\u0107emo Udru\u017eenju roditelja djece sa posebnim potrebama &#8220;Neven&#8221;, te pozivamo sve da do\u0111u na \u201cTuborg Garden fest\u201d, kupe karte, dobro se zabave, a ujedno budu humani &#8211; poru\u010duju organizatori.<\/p>\n<p>Podsje\u0107amo, da smo jo\u0161 jednu humanitarnu akciju organizovali sredinom juna mjeseca, gdje smo 10% prihoda od svih prodatih ulaznica u odre\u0111enom periodu namijenili za pomo\u0107 Udru\u017eenju \u201eAnemona\u201c iz Prijedora, za pomo\u0107 oboljelim od astme i hroni\u010dne opstruktivne bolesti plu\u0107a\u201c, istakli su organizatori.<\/p>\n<p>Sva prikupljena sredstva Udru\u017eenju \u201cAnemona\u201d i Udru\u017eenju \u201cNeven\u201d, bi\u0107e uru\u010dena nakon zavr\u0161etka festivala.<\/p>\n<p><a href=\"https:\/\/www.prijedordanas.com\/wp-content\/uploads\/2025\/07\/garden-fest-2025-prodajna-mjesta-pd.jpg\"><img loading=\"lazy\" decoding=\"async\" class=\"alignleft size-medium wp-image-251428\" src=\"https:\/\/www.prijedordanas.com\/wp-content\/uploads\/2025\/07\/garden-fest-2025-prodajna-mjesta-pd-241x300.jpg\" alt=\"\" width=\"241\" height=\"300\" srcset=\"https:\/\/www.prijedordanas.com\/wp-content\/uploads\/2025\/07\/garden-fest-2025-prodajna-mjesta-pd-241x300.jpg 241w, https:\/\/www.prijedordanas.com\/wp-content\/uploads\/2025\/07\/garden-fest-2025-prodajna-mjesta-pd.jpg 481w\" sizes=\"(max-width: 241px) 100vw, 241px\" \/><\/a>Jednodnevnu ulaznicu po cijeni od 30 KM i dvodnevnu od samo 35 KM mo\u017eete kupiti putem servisa Gigstix do sutra do 12 \u010dasova, te u Prijedoru u caffe baru \u201cTe\u0161ke boje\u201d, \u201cDowntown ulica na\u00b2\u201d, pub i bilijar klubu \u201cXXL\u201d, \u201cWoodstock\u201d caffe baru i cvje\u0107ari \u201cNata\u0161a\u201d. Karte \u0107e biti u prodaji i na ulazu u Ljetnu ba\u0161tu na dane festivala.<\/p>\n<p>Na\u0161u regiju ve\u0107 danima trese ljetna groznica zvana \u201cTuborg Garden Fest\u201d, jer petu godinu zaredom organizatori pripremaju dvodnevni festivalski spektakl.<\/p>\n<p>\u201cPrijedor se probudio u festivalskom raspolo\u017eenju i spreman je da ugosti najve\u0107a muzi\u010dka imena iz cijele regije. Muziku i ljeto ove godine ra\u0161irenih ruku do\u010dekujemo u samom centru grada, na bini Ljetne ba\u0161te.<\/p>\n<p>Pred nama su dvije ve\u010deri fenomenalnog raspolo\u017eenja. O\u010dekuje nas odli\u010dna zabava\u201d, istakli su organizatori.<\/p>\n<p>Sutra, prvu festivalsku no\u0107, otvara banjalu\u010dka grupa Fju\u017ena pruga, a potom \u0107e na velikoj bini Ljetne ba\u0161te zasvirati Savr\u0161eni marginalci, Atheist Rap, Kultur Shock i Ritam nereda.<\/p>\n<p><a href=\"https:\/\/www.prijedordanas.com\/wp-content\/uploads\/2025\/07\/garden-fest-2025-avgust-lineup.jpg\"><img loading=\"lazy\" decoding=\"async\" class=\"alignleft size-medium wp-image-249843\" src=\"https:\/\/www.prijedordanas.com\/wp-content\/uploads\/2025\/07\/garden-fest-2025-avgust-lineup-240x300.jpg\" alt=\"\" width=\"240\" height=\"300\" srcset=\"https:\/\/www.prijedordanas.com\/wp-content\/uploads\/2025\/07\/garden-fest-2025-avgust-lineup-240x300.jpg 240w, https:\/\/www.prijedordanas.com\/wp-content\/uploads\/2025\/07\/garden-fest-2025-avgust-lineup.jpg 479w\" sizes=\"(max-width: 240px) 100vw, 240px\" \/><\/a>Drugog dana festivala, svira\u0107e lokalni bend Chilimanjaro, a potom nastupaju Bad Copy, Bojana Vunturi\u0161evi\u0107, Van Gogh i Zoster.<\/p>\n<p>Predivan ambijent u Ljetnoj ba\u0161ti, sna\u017ena muzi\u010dka imena, sjajna produkcija i fantasti\u010dan provod samo su neki od razloga za\u0161to posjetiti ovogodi\u0161nji \u201eTuborg Garden Fest\u201c.<\/p>\n<p>Da li ste spremni? Ukoliko jo\u0161 uvijek niste, nije kasno ni sada! Osigurajte svoje karte \u0161to prije i budite dio festivalskog spektakla!<\/p>\n<p>Za publiku van Prijedora, besplatan i siguran prevoz do festivala i nazad obezbjedi\u0107e \u017deljeznice Republike Srpske.<\/p>\n<p>Sve \u0161to je potrebno da uradite je da va\u0161u kartu predo\u010dite na \u0161alteru \u017deljeznice. \u2063<\/p>\n<p>Za vi\u0161e informacija posjetite www.gardenfest.net , kao i Facebook i Instagram stranice festivala.<\/p>\n<p>-Okupite ekipu, posjetite \u201cTuborg Garden Fest\u201d u Prijedoru i do\u017eivite najbolje momente va\u0161eg ljeta. Ne propustite priliku da budete dio ove, sada ve\u0107 tradicionalne, muzi\u010dke pri\u010de. Dobro do\u0161li na \u201cTuborg Garden Fest\u201d &#8211; poru\u010duju organizatori.<\/p>\n","protected":false},"excerpt":{"rendered":"<p>Najve\u0107i ljetni muzi\u010dki festival u regiji \u201cTuborg Garden Fest\u201d sutra, po peti put, otvara kapije Ljetne ba\u0161te u Prijedoru od 19.30 \u010dasova. Organizatori jednog od najve\u0107ih ljetnih muzi\u010dkih festivala u [&hellip;]<\/p>\n","protected":false},"author":1,"featured_media":0,"comment_status":"closed","ping_status":"open","sticky":false,"template":"","format":"standard","meta":{"_monsterinsights_skip_tracking":false,"_monsterinsights_sitenote_active":false,"_monsterinsights_sitenote_note":"","_monsterinsights_sitenote_category":0,"footnotes":""},"categories":[4],"tags":[],"yoast_head":"<!-- This site is optimized with the Yoast SEO plugin v21.6 - https:\/\/yoast.com\/wordpress\/plugins\/seo\/ -->\n<title>Sutra po\u010dinje peti jubilarni \u201eTuborg Garden Fest\u201c: Dva dana muzike, plesa i snova u znaku humanosti - PrijedorDanas.com - Prijedorski gradski portal<\/title>\n<meta name=\"robots\" content=\"index, follow, max-snippet:-1, max-image-preview:large, max-video-preview:-1\" \/>\n<link rel=\"canonical\" href=\"https:\/\/www.prijedordanas.com\/?p=251426\" \/>\n<meta property=\"og:locale\" content=\"en_US\" \/>\n<meta property=\"og:type\" content=\"article\" \/>\n<meta property=\"og:title\" content=\"Sutra po\u010dinje peti jubilarni \u201eTuborg Garden Fest\u201c: Dva dana muzike, plesa i snova u znaku humanosti - PrijedorDanas.com - Prijedorski gradski portal\" \/>\n<meta property=\"og:description\" content=\"Najve\u0107i ljetni muzi\u010dki festival u regiji \u201cTuborg Garden Fest\u201d sutra, po peti put, otvara kapije Ljetne ba\u0161te u Prijedoru od 19.30 \u010dasova. Organizatori jednog od najve\u0107ih ljetnih muzi\u010dkih festivala u [&hellip;]\" \/>\n<meta property=\"og:url\" content=\"https:\/\/www.prijedordanas.com\/?p=251426\" \/>\n<meta property=\"og:site_name\" content=\"PrijedorDanas.com - Prijedorski gradski portal\" \/>\n<meta property=\"article:publisher\" content=\"https:\/\/www.facebook.com\/PrijedorDanasCom\/\" \/>\n<meta property=\"article:published_time\" content=\"2025-07-31T09:21:14+00:00\" \/>\n<meta property=\"og:image\" content=\"https:\/\/www.prijedordanas.com\/wp-content\/uploads\/2025\/07\/garden-fest-2025-budimo-humani-neven-241x300.jpg\" \/>\n<meta name=\"author\" content=\"admin\" \/>\n<meta name=\"twitter:card\" content=\"summary_large_image\" \/>\n<meta name=\"twitter:label1\" content=\"Written by\" \/>\n\t<meta name=\"twitter:data1\" content=\"admin\" \/>\n\t<meta name=\"twitter:label2\" content=\"Est. reading time\" \/>\n\t<meta name=\"twitter:data2\" content=\"3 minutes\" \/>\n<script type=\"application\/ld+json\" class=\"yoast-schema-graph\">{\"@context\":\"https:\/\/schema.org\",\"@graph\":[{\"@type\":\"Article\",\"@id\":\"https:\/\/www.prijedordanas.com\/?p=251426#article\",\"isPartOf\":{\"@id\":\"https:\/\/www.prijedordanas.com\/?p=251426\"},\"author\":{\"name\":\"admin\",\"@id\":\"https:\/\/www.prijedordanas.com\/#\/schema\/person\/4e08ccf29b506ca916ff86d46bb700e6\"},\"headline\":\"Sutra po\u010dinje peti jubilarni \u201eTuborg Garden Fest\u201c: Dva dana muzike, plesa i snova u znaku humanosti\",\"datePublished\":\"2025-07-31T09:21:14+00:00\",\"dateModified\":\"2025-07-31T09:21:14+00:00\",\"mainEntityOfPage\":{\"@id\":\"https:\/\/www.prijedordanas.com\/?p=251426\"},\"wordCount\":507,\"publisher\":{\"@id\":\"https:\/\/www.prijedordanas.com\/#organization\"},\"articleSection\":[\"Dru\u0161tvo\"],\"inLanguage\":\"en-US\"},{\"@type\":\"WebPage\",\"@id\":\"https:\/\/www.prijedordanas.com\/?p=251426\",\"url\":\"https:\/\/www.prijedordanas.com\/?p=251426\",\"name\":\"Sutra po\u010dinje peti jubilarni \u201eTuborg Garden Fest\u201c: Dva dana muzike, plesa i snova u znaku humanosti - PrijedorDanas.com - Prijedorski gradski portal\",\"isPartOf\":{\"@id\":\"https:\/\/www.prijedordanas.com\/#website\"},\"datePublished\":\"2025-07-31T09:21:14+00:00\",\"dateModified\":\"2025-07-31T09:21:14+00:00\",\"breadcrumb\":{\"@id\":\"https:\/\/www.prijedordanas.com\/?p=251426#breadcrumb\"},\"inLanguage\":\"en-US\",\"potentialAction\":[{\"@type\":\"ReadAction\",\"target\":[\"https:\/\/www.prijedordanas.com\/?p=251426\"]}]},{\"@type\":\"BreadcrumbList\",\"@id\":\"https:\/\/www.prijedordanas.com\/?p=251426#breadcrumb\",\"itemListElement\":[{\"@type\":\"ListItem\",\"position\":1,\"name\":\"Home\",\"item\":\"https:\/\/www.prijedordanas.com\/\"},{\"@type\":\"ListItem\",\"position\":2,\"name\":\"Sutra po\u010dinje peti jubilarni \u201eTuborg Garden Fest\u201c: Dva dana muzike, plesa i snova u znaku humanosti\"}]},{\"@type\":\"WebSite\",\"@id\":\"https:\/\/www.prijedordanas.com\/#website\",\"url\":\"https:\/\/www.prijedordanas.com\/\",\"name\":\"PrijedorDanas.com - Prijedorski gradski portal\",\"description\":\"Portal o doga\u0111anjima u gradu Prijedoru\",\"publisher\":{\"@id\":\"https:\/\/www.prijedordanas.com\/#organization\"},\"potentialAction\":[{\"@type\":\"SearchAction\",\"target\":{\"@type\":\"EntryPoint\",\"urlTemplate\":\"https:\/\/www.prijedordanas.com\/?s={search_term_string}\"},\"query-input\":\"required name=search_term_string\"}],\"inLanguage\":\"en-US\"},{\"@type\":\"Organization\",\"@id\":\"https:\/\/www.prijedordanas.com\/#organization\",\"name\":\"PrijedorDanas.com\",\"url\":\"https:\/\/www.prijedordanas.com\/\",\"logo\":{\"@type\":\"ImageObject\",\"inLanguage\":\"en-US\",\"@id\":\"https:\/\/www.prijedordanas.com\/#\/schema\/logo\/image\/\",\"url\":\"http:\/\/www.prijedordanas.com\/wp-content\/uploads\/2021\/12\/logopng.png\",\"contentUrl\":\"http:\/\/www.prijedordanas.com\/wp-content\/uploads\/2021\/12\/logopng.png\",\"width\":1019,\"height\":776,\"caption\":\"PrijedorDanas.com\"},\"image\":{\"@id\":\"https:\/\/www.prijedordanas.com\/#\/schema\/logo\/image\/\"},\"sameAs\":[\"https:\/\/www.facebook.com\/PrijedorDanasCom\/\"]},{\"@type\":\"Person\",\"@id\":\"https:\/\/www.prijedordanas.com\/#\/schema\/person\/4e08ccf29b506ca916ff86d46bb700e6\",\"name\":\"admin\",\"image\":{\"@type\":\"ImageObject\",\"inLanguage\":\"en-US\",\"@id\":\"https:\/\/www.prijedordanas.com\/#\/schema\/person\/image\/\",\"url\":\"https:\/\/secure.gravatar.com\/avatar\/1d3fc949d550f0b53a5f0d51e06dfd79?s=96&d=mm&r=g\",\"contentUrl\":\"https:\/\/secure.gravatar.com\/avatar\/1d3fc949d550f0b53a5f0d51e06dfd79?s=96&d=mm&r=g\",\"caption\":\"admin\"},\"url\":\"https:\/\/www.prijedordanas.com\/?author=1\"}]}<\/script>\n<!-- \/ Yoast SEO plugin. -->","yoast_head_json":{"title":"Sutra po\u010dinje peti jubilarni \u201eTuborg Garden Fest\u201c: Dva dana muzike, plesa i snova u znaku humanosti - PrijedorDanas.com - Prijedorski gradski portal","robots":{"index":"index","follow":"follow","max-snippet":"max-snippet:-1","max-image-preview":"max-image-preview:large","max-video-preview":"max-video-preview:-1"},"canonical":"https:\/\/www.prijedordanas.com\/?p=251426","og_locale":"en_US","og_type":"article","og_title":"Sutra po\u010dinje peti jubilarni \u201eTuborg Garden Fest\u201c: Dva dana muzike, plesa i snova u znaku humanosti - PrijedorDanas.com - Prijedorski gradski portal","og_description":"Najve\u0107i ljetni muzi\u010dki festival u regiji \u201cTuborg Garden Fest\u201d sutra, po peti put, otvara kapije Ljetne ba\u0161te u Prijedoru od 19.30 \u010dasova. Organizatori jednog od najve\u0107ih ljetnih muzi\u010dkih festivala u [&hellip;]","og_url":"https:\/\/www.prijedordanas.com\/?p=251426","og_site_name":"PrijedorDanas.com - Prijedorski gradski portal","article_publisher":"https:\/\/www.facebook.com\/PrijedorDanasCom\/","article_published_time":"2025-07-31T09:21:14+00:00","og_image":[{"url":"https:\/\/www.prijedordanas.com\/wp-content\/uploads\/2025\/07\/garden-fest-2025-budimo-humani-neven-241x300.jpg"}],"author":"admin","twitter_card":"summary_large_image","twitter_misc":{"Written by":"admin","Est. reading time":"3 minutes"},"schema":{"@context":"https:\/\/schema.org","@graph":[{"@type":"Article","@id":"https:\/\/www.prijedordanas.com\/?p=251426#article","isPartOf":{"@id":"https:\/\/www.prijedordanas.com\/?p=251426"},"author":{"name":"admin","@id":"https:\/\/www.prijedordanas.com\/#\/schema\/person\/4e08ccf29b506ca916ff86d46bb700e6"},"headline":"Sutra po\u010dinje peti jubilarni \u201eTuborg Garden Fest\u201c: Dva dana muzike, plesa i snova u znaku humanosti","datePublished":"2025-07-31T09:21:14+00:00","dateModified":"2025-07-31T09:21:14+00:00","mainEntityOfPage":{"@id":"https:\/\/www.prijedordanas.com\/?p=251426"},"wordCount":507,"publisher":{"@id":"https:\/\/www.prijedordanas.com\/#organization"},"articleSection":["Dru\u0161tvo"],"inLanguage":"en-US"},{"@type":"WebPage","@id":"https:\/\/www.prijedordanas.com\/?p=251426","url":"https:\/\/www.prijedordanas.com\/?p=251426","name":"Sutra po\u010dinje peti jubilarni \u201eTuborg Garden Fest\u201c: Dva dana muzike, plesa i snova u znaku humanosti - PrijedorDanas.com - Prijedorski gradski portal","isPartOf":{"@id":"https:\/\/www.prijedordanas.com\/#website"},"datePublished":"2025-07-31T09:21:14+00:00","dateModified":"2025-07-31T09:21:14+00:00","breadcrumb":{"@id":"https:\/\/www.prijedordanas.com\/?p=251426#breadcrumb"},"inLanguage":"en-US","potentialAction":[{"@type":"ReadAction","target":["https:\/\/www.prijedordanas.com\/?p=251426"]}]},{"@type":"BreadcrumbList","@id":"https:\/\/www.prijedordanas.com\/?p=251426#breadcrumb","itemListElement":[{"@type":"ListItem","position":1,"name":"Home","item":"https:\/\/www.prijedordanas.com\/"},{"@type":"ListItem","position":2,"name":"Sutra po\u010dinje peti jubilarni \u201eTuborg Garden Fest\u201c: Dva dana muzike, plesa i snova u znaku humanosti"}]},{"@type":"WebSite","@id":"https:\/\/www.prijedordanas.com\/#website","url":"https:\/\/www.prijedordanas.com\/","name":"PrijedorDanas.com - Prijedorski gradski portal","description":"Portal o doga\u0111anjima u gradu Prijedoru","publisher":{"@id":"https:\/\/www.prijedordanas.com\/#organization"},"potentialAction":[{"@type":"SearchAction","target":{"@type":"EntryPoint","urlTemplate":"https:\/\/www.prijedordanas.com\/?s={search_term_string}"},"query-input":"required name=search_term_string"}],"inLanguage":"en-US"},{"@type":"Organization","@id":"https:\/\/www.prijedordanas.com\/#organization","name":"PrijedorDanas.com","url":"https:\/\/www.prijedordanas.com\/","logo":{"@type":"ImageObject","inLanguage":"en-US","@id":"https:\/\/www.prijedordanas.com\/#\/schema\/logo\/image\/","url":"http:\/\/www.prijedordanas.com\/wp-content\/uploads\/2021\/12\/logopng.png","contentUrl":"http:\/\/www.prijedordanas.com\/wp-content\/uploads\/2021\/12\/logopng.png","width":1019,"height":776,"caption":"PrijedorDanas.com"},"image":{"@id":"https:\/\/www.prijedordanas.com\/#\/schema\/logo\/image\/"},"sameAs":["https:\/\/www.facebook.com\/PrijedorDanasCom\/"]},{"@type":"Person","@id":"https:\/\/www.prijedordanas.com\/#\/schema\/person\/4e08ccf29b506ca916ff86d46bb700e6","name":"admin","image":{"@type":"ImageObject","inLanguage":"en-US","@id":"https:\/\/www.prijedordanas.com\/#\/schema\/person\/image\/","url":"https:\/\/secure.gravatar.com\/avatar\/1d3fc949d550f0b53a5f0d51e06dfd79?s=96&d=mm&r=g","contentUrl":"https:\/\/secure.gravatar.com\/avatar\/1d3fc949d550f0b53a5f0d51e06dfd79?s=96&d=mm&r=g","caption":"admin"},"url":"https:\/\/www.prijedordanas.com\/?author=1"}]}},"_links":{"self":[{"href":"https:\/\/www.prijedordanas.com\/index.php?rest_route=\/wp\/v2\/posts\/251426"}],"collection":[{"href":"https:\/\/www.prijedordanas.com\/index.php?rest_route=\/wp\/v2\/posts"}],"about":[{"href":"https:\/\/www.prijedordanas.com\/index.php?rest_route=\/wp\/v2\/types\/post"}],"author":[{"embeddable":true,"href":"https:\/\/www.prijedordanas.com\/index.php?rest_route=\/wp\/v2\/users\/1"}],"replies":[{"embeddable":true,"href":"https:\/\/www.prijedordanas.com\/index.php?rest_route=%2Fwp%2Fv2%2Fcomments&post=251426"}],"version-history":[{"count":1,"href":"https:\/\/www.prijedordanas.com\/index.php?rest_route=\/wp\/v2\/posts\/251426\/revisions"}],"predecessor-version":[{"id":251429,"href":"https:\/\/www.prijedordanas.com\/index.php?rest_route=\/wp\/v2\/posts\/251426\/revisions\/251429"}],"wp:attachment":[{"href":"https:\/\/www.prijedordanas.com\/index.php?rest_route=%2Fwp%2Fv2%2Fmedia&parent=251426"}],"wp:term":[{"taxonomy":"category","embeddable":true,"href":"https:\/\/www.prijedordanas.com\/index.php?rest_route=%2Fwp%2Fv2%2Fcategories&post=251426"},{"taxonomy":"post_tag","embeddable":true,"href":"https:\/\/www.prijedordanas.com\/index.php?rest_route=%2Fwp%2Fv2%2Ftags&post=251426"}],"curies":[{"name":"wp","href":"https:\/\/api.w.org\/{rel}","templated":true}]}}