{"id":251275,"date":"2025-07-28T16:30:00","date_gmt":"2025-07-28T14:30:00","guid":{"rendered":"https:\/\/www.prijedordanas.com\/?p=251275"},"modified":"2025-07-28T16:30:00","modified_gmt":"2025-07-28T14:30:00","slug":"veceras-medunarodni-festival-tamburaskih-orkestara-u-brezicanima-vece-tamburice-novaka-savanovica","status":"publish","type":"post","link":"https:\/\/www.prijedordanas.com\/?p=251275","title":{"rendered":"Ve\u010deras Me\u0111unarodni festival tambura\u0161kih orkestara u Brezi\u010danima &#8211; Ve\u010de tamburice Novaka Savanovic\u0301a"},"content":{"rendered":"<p><a href=\"https:\/\/www.prijedordanas.com\/wp-content\/uploads\/2025\/07\/brezicani-svetkovanje-o-ognjenoj-mariji-2025-vece-tamburice-plakat.jpg\"><img loading=\"lazy\" decoding=\"async\" class=\"alignleft size-medium wp-image-251260\" src=\"https:\/\/www.prijedordanas.com\/wp-content\/uploads\/2025\/07\/brezicani-svetkovanje-o-ognjenoj-mariji-2025-vece-tamburice-plakat-212x300.jpg\" alt=\"\" width=\"212\" height=\"300\" srcset=\"https:\/\/www.prijedordanas.com\/wp-content\/uploads\/2025\/07\/brezicani-svetkovanje-o-ognjenoj-mariji-2025-vece-tamburice-plakat-212x300.jpg 212w, https:\/\/www.prijedordanas.com\/wp-content\/uploads\/2025\/07\/brezicani-svetkovanje-o-ognjenoj-mariji-2025-vece-tamburice-plakat.jpg 460w\" sizes=\"(max-width: 212px) 100vw, 212px\" \/><\/a>U okviru trodnevne manifestacije Svetkovanja o Ognjenoj Mariji koje se tradicionalno odr\u017eava u Brezi\u010danima kod Prijedora ve\u010deras je na rasporedu Me\u0111unarodni festival tambura\u0161kih orkestara &#8211; Ve\u010de tamburice Novaka Savanovic\u0301a.<\/p>\n<p>Festival je posvec\u0301en liku i djelu istaknutog muzi\u010dara i \u010dovjeka \u2013 Novaka Svanovic\u0301a.<\/p>\n<p>Odr\u017ea\u0107e se ovog ponedjeljka, 28. jula na otvorenoj bini iza kulturnog doma u Brezi\u010danima.<\/p>\n<p>Ovo ve\u010de c\u0301e biti praznik muzike, prijateljstva i tambure \u2013 instrumenta koji u na\u0161im krajevima ima posebno mjesto u srcu.<\/p>\n<p>Osim doma\u0107ina, Tambura\u0161kog orkestra KUD-a &#8220;Milan Egi\u0107&#8221; iz Brezi\u010dana nastupi\u0107e i sljedec\u0301i gosti: TO SKUD \u201eDr Mladen Stojanovic\u0301\u201c \u2013 Prijedor, Gradski tambura\u0161ki orkestar Banjaluka, TS \u201eBagrem\u201c \u2013 Bihac\u0301, TS \u201eSedam tambura\u0161a iz Lakta\u0161a\u201c i TO \u201eSrem\u201c \u2013 Sremska Mitrovica.<\/p>\n<p>TO KUD-a \u201eMilan Egic\u0301\u201c \u2013 Brezi\u010dani<br \/>\nDru\u0161tvo koje decenijama njeguje kulturu, tradiciju i narodnu muziku. Njihov tambura\u0161ki sastav je ponos Brezi\u010dana i \u010duvar muzi\u010dke ba\u0161tine kraja u kom je stasavao i sam Novak Svanovic\u0301. Kao domac\u0301ini, sa ponosom do\u010dekuju prijatelje i ljubitelje dobre pjesme.<\/p>\n<p>TO SKUD \u201eDr Mladen Stojanovic\u0301\u201c \u2013 Prijedor<br \/>\nJedan od najzna\u010dajnijih kulturno-umjetni\u010dkih ansambala iz Republike Srpske, poznat po bogatom folklornom i muzi\u010dkom programu. Njihov tambura\u0161ki sastav je vi\u0161estruko nagra\u0111ivan i prepoznatljiv po sna\u017enom interpretativnom izrazu.<\/p>\n<p>Gradski tambura\u0161ki orkestar Banjaluka<br \/>\nSimbol tambura\u0161ke tradicije grada na Vrbasu. Svojim profesionalizmom i emocijom koju prenose kroz svirku, ovi umjetnici su nosioci i \u010duvari tambura\u0161ke ba\u0161tine u Banjaluci i \u0161ire.<\/p>\n<p>TS \u201eBedem\u201c \u2013 Bihac\u0301<br \/>\nTambura\u0161ki orkestar koji dolazi iz srca Krajine, sa Une, nosi duh starih pjesama i sjec\u0301anja na neka prohujala vremena. Njihova interpretacija kraji\u0161ke i starogradske muzike osvaja publiku gdje god da nastupaju.<\/p>\n<p>TS \u201eSedam tambura\u0161a iz Lakta\u0161a\u201c<br \/>\nGrupa muzi\u010dara koja se izdvaja po svom harmoni\u010dnom zvuku, originalnim aran\u017emanima i energiji na sceni. Spoj mladosti i iskustva, tradicije i savremenog izraza.<\/p>\n<p>TO \u201eSrem\u201c \u2013 Sremska Mitrovica<br \/>\nPravi predstavnici sremske tambura\u0161ke \u0161kole, bogate melodije i tople emocije. Dolaze iz kraja gdje tambura nije samo instrument vec\u0301 na\u010din \u017eivota. Njihova svirka donosi dah ravnice i miris lipa.<\/p>\n<p>Pozivamo sve ljubitelje dobre pjesme, tradicije i tambure da nam se pridru\u017ee 28. jula od 20.00 \u010dasova u Brezi\u010danima! <\/p>\n<p>O\u010dekuje vas ve\u010de puno muzike, sjec\u0301anja, prijateljstva i emocije koju samo tambura zna da probudi.<\/p>\n","protected":false},"excerpt":{"rendered":"<p>U okviru trodnevne manifestacije Svetkovanja o Ognjenoj Mariji koje se tradicionalno odr\u017eava u Brezi\u010danima kod Prijedora ve\u010deras je na rasporedu Me\u0111unarodni festival tambura\u0161kih orkestara &#8211; Ve\u010de tamburice Novaka Savanovic\u0301a. Festival [&hellip;]<\/p>\n","protected":false},"author":1,"featured_media":0,"comment_status":"closed","ping_status":"open","sticky":false,"template":"","format":"standard","meta":{"_monsterinsights_skip_tracking":false,"_monsterinsights_sitenote_active":false,"_monsterinsights_sitenote_note":"","_monsterinsights_sitenote_category":0,"footnotes":""},"categories":[6],"tags":[],"yoast_head":"<!-- This site is optimized with the Yoast SEO plugin v21.6 - https:\/\/yoast.com\/wordpress\/plugins\/seo\/ -->\n<title>Ve\u010deras Me\u0111unarodni festival tambura\u0161kih orkestara u Brezi\u010danima - Ve\u010de tamburice Novaka Savanovic\u0301a - PrijedorDanas.com - Prijedorski gradski portal<\/title>\n<meta name=\"robots\" content=\"index, follow, max-snippet:-1, max-image-preview:large, max-video-preview:-1\" \/>\n<link rel=\"canonical\" href=\"https:\/\/www.prijedordanas.com\/?p=251275\" \/>\n<meta property=\"og:locale\" content=\"en_US\" \/>\n<meta property=\"og:type\" content=\"article\" \/>\n<meta property=\"og:title\" content=\"Ve\u010deras Me\u0111unarodni festival tambura\u0161kih orkestara u Brezi\u010danima - Ve\u010de tamburice Novaka Savanovic\u0301a - PrijedorDanas.com - Prijedorski gradski portal\" \/>\n<meta property=\"og:description\" content=\"U okviru trodnevne manifestacije Svetkovanja o Ognjenoj Mariji koje se tradicionalno odr\u017eava u Brezi\u010danima kod Prijedora ve\u010deras je na rasporedu Me\u0111unarodni festival tambura\u0161kih orkestara &#8211; Ve\u010de tamburice Novaka Savanovic\u0301a. Festival [&hellip;]\" \/>\n<meta property=\"og:url\" content=\"https:\/\/www.prijedordanas.com\/?p=251275\" \/>\n<meta property=\"og:site_name\" content=\"PrijedorDanas.com - Prijedorski gradski portal\" \/>\n<meta property=\"article:publisher\" content=\"https:\/\/www.facebook.com\/PrijedorDanasCom\/\" \/>\n<meta property=\"article:published_time\" content=\"2025-07-28T14:30:00+00:00\" \/>\n<meta property=\"og:image\" content=\"https:\/\/www.prijedordanas.com\/wp-content\/uploads\/2025\/07\/brezicani-svetkovanje-o-ognjenoj-mariji-2025-vece-tamburice-plakat-212x300.jpg\" \/>\n<meta name=\"author\" content=\"admin\" \/>\n<meta name=\"twitter:card\" content=\"summary_large_image\" \/>\n<meta name=\"twitter:label1\" content=\"Written by\" \/>\n\t<meta name=\"twitter:data1\" content=\"admin\" \/>\n\t<meta name=\"twitter:label2\" content=\"Est. reading time\" \/>\n\t<meta name=\"twitter:data2\" content=\"2 minutes\" \/>\n<script type=\"application\/ld+json\" class=\"yoast-schema-graph\">{\"@context\":\"https:\/\/schema.org\",\"@graph\":[{\"@type\":\"Article\",\"@id\":\"https:\/\/www.prijedordanas.com\/?p=251275#article\",\"isPartOf\":{\"@id\":\"https:\/\/www.prijedordanas.com\/?p=251275\"},\"author\":{\"name\":\"admin\",\"@id\":\"https:\/\/www.prijedordanas.com\/#\/schema\/person\/4e08ccf29b506ca916ff86d46bb700e6\"},\"headline\":\"Ve\u010deras Me\u0111unarodni festival tambura\u0161kih orkestara u Brezi\u010danima &#8211; Ve\u010de tamburice Novaka Savanovic\u0301a\",\"datePublished\":\"2025-07-28T14:30:00+00:00\",\"dateModified\":\"2025-07-28T14:30:00+00:00\",\"mainEntityOfPage\":{\"@id\":\"https:\/\/www.prijedordanas.com\/?p=251275\"},\"wordCount\":418,\"publisher\":{\"@id\":\"https:\/\/www.prijedordanas.com\/#organization\"},\"articleSection\":[\"Kultura\"],\"inLanguage\":\"en-US\"},{\"@type\":\"WebPage\",\"@id\":\"https:\/\/www.prijedordanas.com\/?p=251275\",\"url\":\"https:\/\/www.prijedordanas.com\/?p=251275\",\"name\":\"Ve\u010deras Me\u0111unarodni festival tambura\u0161kih orkestara u Brezi\u010danima - Ve\u010de tamburice Novaka Savanovic\u0301a - PrijedorDanas.com - Prijedorski gradski portal\",\"isPartOf\":{\"@id\":\"https:\/\/www.prijedordanas.com\/#website\"},\"datePublished\":\"2025-07-28T14:30:00+00:00\",\"dateModified\":\"2025-07-28T14:30:00+00:00\",\"breadcrumb\":{\"@id\":\"https:\/\/www.prijedordanas.com\/?p=251275#breadcrumb\"},\"inLanguage\":\"en-US\",\"potentialAction\":[{\"@type\":\"ReadAction\",\"target\":[\"https:\/\/www.prijedordanas.com\/?p=251275\"]}]},{\"@type\":\"BreadcrumbList\",\"@id\":\"https:\/\/www.prijedordanas.com\/?p=251275#breadcrumb\",\"itemListElement\":[{\"@type\":\"ListItem\",\"position\":1,\"name\":\"Home\",\"item\":\"https:\/\/www.prijedordanas.com\/\"},{\"@type\":\"ListItem\",\"position\":2,\"name\":\"Ve\u010deras Me\u0111unarodni festival tambura\u0161kih orkestara u Brezi\u010danima &#8211; Ve\u010de tamburice Novaka Savanovic\u0301a\"}]},{\"@type\":\"WebSite\",\"@id\":\"https:\/\/www.prijedordanas.com\/#website\",\"url\":\"https:\/\/www.prijedordanas.com\/\",\"name\":\"PrijedorDanas.com - Prijedorski gradski portal\",\"description\":\"Portal o doga\u0111anjima u gradu Prijedoru\",\"publisher\":{\"@id\":\"https:\/\/www.prijedordanas.com\/#organization\"},\"potentialAction\":[{\"@type\":\"SearchAction\",\"target\":{\"@type\":\"EntryPoint\",\"urlTemplate\":\"https:\/\/www.prijedordanas.com\/?s={search_term_string}\"},\"query-input\":\"required name=search_term_string\"}],\"inLanguage\":\"en-US\"},{\"@type\":\"Organization\",\"@id\":\"https:\/\/www.prijedordanas.com\/#organization\",\"name\":\"PrijedorDanas.com\",\"url\":\"https:\/\/www.prijedordanas.com\/\",\"logo\":{\"@type\":\"ImageObject\",\"inLanguage\":\"en-US\",\"@id\":\"https:\/\/www.prijedordanas.com\/#\/schema\/logo\/image\/\",\"url\":\"http:\/\/www.prijedordanas.com\/wp-content\/uploads\/2021\/12\/logopng.png\",\"contentUrl\":\"http:\/\/www.prijedordanas.com\/wp-content\/uploads\/2021\/12\/logopng.png\",\"width\":1019,\"height\":776,\"caption\":\"PrijedorDanas.com\"},\"image\":{\"@id\":\"https:\/\/www.prijedordanas.com\/#\/schema\/logo\/image\/\"},\"sameAs\":[\"https:\/\/www.facebook.com\/PrijedorDanasCom\/\"]},{\"@type\":\"Person\",\"@id\":\"https:\/\/www.prijedordanas.com\/#\/schema\/person\/4e08ccf29b506ca916ff86d46bb700e6\",\"name\":\"admin\",\"image\":{\"@type\":\"ImageObject\",\"inLanguage\":\"en-US\",\"@id\":\"https:\/\/www.prijedordanas.com\/#\/schema\/person\/image\/\",\"url\":\"https:\/\/secure.gravatar.com\/avatar\/1d3fc949d550f0b53a5f0d51e06dfd79?s=96&d=mm&r=g\",\"contentUrl\":\"https:\/\/secure.gravatar.com\/avatar\/1d3fc949d550f0b53a5f0d51e06dfd79?s=96&d=mm&r=g\",\"caption\":\"admin\"},\"url\":\"https:\/\/www.prijedordanas.com\/?author=1\"}]}<\/script>\n<!-- \/ Yoast SEO plugin. -->","yoast_head_json":{"title":"Ve\u010deras Me\u0111unarodni festival tambura\u0161kih orkestara u Brezi\u010danima - Ve\u010de tamburice Novaka Savanovic\u0301a - PrijedorDanas.com - Prijedorski gradski portal","robots":{"index":"index","follow":"follow","max-snippet":"max-snippet:-1","max-image-preview":"max-image-preview:large","max-video-preview":"max-video-preview:-1"},"canonical":"https:\/\/www.prijedordanas.com\/?p=251275","og_locale":"en_US","og_type":"article","og_title":"Ve\u010deras Me\u0111unarodni festival tambura\u0161kih orkestara u Brezi\u010danima - Ve\u010de tamburice Novaka Savanovic\u0301a - PrijedorDanas.com - Prijedorski gradski portal","og_description":"U okviru trodnevne manifestacije Svetkovanja o Ognjenoj Mariji koje se tradicionalno odr\u017eava u Brezi\u010danima kod Prijedora ve\u010deras je na rasporedu Me\u0111unarodni festival tambura\u0161kih orkestara &#8211; Ve\u010de tamburice Novaka Savanovic\u0301a. Festival [&hellip;]","og_url":"https:\/\/www.prijedordanas.com\/?p=251275","og_site_name":"PrijedorDanas.com - Prijedorski gradski portal","article_publisher":"https:\/\/www.facebook.com\/PrijedorDanasCom\/","article_published_time":"2025-07-28T14:30:00+00:00","og_image":[{"url":"https:\/\/www.prijedordanas.com\/wp-content\/uploads\/2025\/07\/brezicani-svetkovanje-o-ognjenoj-mariji-2025-vece-tamburice-plakat-212x300.jpg"}],"author":"admin","twitter_card":"summary_large_image","twitter_misc":{"Written by":"admin","Est. reading time":"2 minutes"},"schema":{"@context":"https:\/\/schema.org","@graph":[{"@type":"Article","@id":"https:\/\/www.prijedordanas.com\/?p=251275#article","isPartOf":{"@id":"https:\/\/www.prijedordanas.com\/?p=251275"},"author":{"name":"admin","@id":"https:\/\/www.prijedordanas.com\/#\/schema\/person\/4e08ccf29b506ca916ff86d46bb700e6"},"headline":"Ve\u010deras Me\u0111unarodni festival tambura\u0161kih orkestara u Brezi\u010danima &#8211; Ve\u010de tamburice Novaka Savanovic\u0301a","datePublished":"2025-07-28T14:30:00+00:00","dateModified":"2025-07-28T14:30:00+00:00","mainEntityOfPage":{"@id":"https:\/\/www.prijedordanas.com\/?p=251275"},"wordCount":418,"publisher":{"@id":"https:\/\/www.prijedordanas.com\/#organization"},"articleSection":["Kultura"],"inLanguage":"en-US"},{"@type":"WebPage","@id":"https:\/\/www.prijedordanas.com\/?p=251275","url":"https:\/\/www.prijedordanas.com\/?p=251275","name":"Ve\u010deras Me\u0111unarodni festival tambura\u0161kih orkestara u Brezi\u010danima - Ve\u010de tamburice Novaka Savanovic\u0301a - PrijedorDanas.com - Prijedorski gradski portal","isPartOf":{"@id":"https:\/\/www.prijedordanas.com\/#website"},"datePublished":"2025-07-28T14:30:00+00:00","dateModified":"2025-07-28T14:30:00+00:00","breadcrumb":{"@id":"https:\/\/www.prijedordanas.com\/?p=251275#breadcrumb"},"inLanguage":"en-US","potentialAction":[{"@type":"ReadAction","target":["https:\/\/www.prijedordanas.com\/?p=251275"]}]},{"@type":"BreadcrumbList","@id":"https:\/\/www.prijedordanas.com\/?p=251275#breadcrumb","itemListElement":[{"@type":"ListItem","position":1,"name":"Home","item":"https:\/\/www.prijedordanas.com\/"},{"@type":"ListItem","position":2,"name":"Ve\u010deras Me\u0111unarodni festival tambura\u0161kih orkestara u Brezi\u010danima &#8211; Ve\u010de tamburice Novaka Savanovic\u0301a"}]},{"@type":"WebSite","@id":"https:\/\/www.prijedordanas.com\/#website","url":"https:\/\/www.prijedordanas.com\/","name":"PrijedorDanas.com - Prijedorski gradski portal","description":"Portal o doga\u0111anjima u gradu Prijedoru","publisher":{"@id":"https:\/\/www.prijedordanas.com\/#organization"},"potentialAction":[{"@type":"SearchAction","target":{"@type":"EntryPoint","urlTemplate":"https:\/\/www.prijedordanas.com\/?s={search_term_string}"},"query-input":"required name=search_term_string"}],"inLanguage":"en-US"},{"@type":"Organization","@id":"https:\/\/www.prijedordanas.com\/#organization","name":"PrijedorDanas.com","url":"https:\/\/www.prijedordanas.com\/","logo":{"@type":"ImageObject","inLanguage":"en-US","@id":"https:\/\/www.prijedordanas.com\/#\/schema\/logo\/image\/","url":"http:\/\/www.prijedordanas.com\/wp-content\/uploads\/2021\/12\/logopng.png","contentUrl":"http:\/\/www.prijedordanas.com\/wp-content\/uploads\/2021\/12\/logopng.png","width":1019,"height":776,"caption":"PrijedorDanas.com"},"image":{"@id":"https:\/\/www.prijedordanas.com\/#\/schema\/logo\/image\/"},"sameAs":["https:\/\/www.facebook.com\/PrijedorDanasCom\/"]},{"@type":"Person","@id":"https:\/\/www.prijedordanas.com\/#\/schema\/person\/4e08ccf29b506ca916ff86d46bb700e6","name":"admin","image":{"@type":"ImageObject","inLanguage":"en-US","@id":"https:\/\/www.prijedordanas.com\/#\/schema\/person\/image\/","url":"https:\/\/secure.gravatar.com\/avatar\/1d3fc949d550f0b53a5f0d51e06dfd79?s=96&d=mm&r=g","contentUrl":"https:\/\/secure.gravatar.com\/avatar\/1d3fc949d550f0b53a5f0d51e06dfd79?s=96&d=mm&r=g","caption":"admin"},"url":"https:\/\/www.prijedordanas.com\/?author=1"}]}},"_links":{"self":[{"href":"https:\/\/www.prijedordanas.com\/index.php?rest_route=\/wp\/v2\/posts\/251275"}],"collection":[{"href":"https:\/\/www.prijedordanas.com\/index.php?rest_route=\/wp\/v2\/posts"}],"about":[{"href":"https:\/\/www.prijedordanas.com\/index.php?rest_route=\/wp\/v2\/types\/post"}],"author":[{"embeddable":true,"href":"https:\/\/www.prijedordanas.com\/index.php?rest_route=\/wp\/v2\/users\/1"}],"replies":[{"embeddable":true,"href":"https:\/\/www.prijedordanas.com\/index.php?rest_route=%2Fwp%2Fv2%2Fcomments&post=251275"}],"version-history":[{"count":1,"href":"https:\/\/www.prijedordanas.com\/index.php?rest_route=\/wp\/v2\/posts\/251275\/revisions"}],"predecessor-version":[{"id":251276,"href":"https:\/\/www.prijedordanas.com\/index.php?rest_route=\/wp\/v2\/posts\/251275\/revisions\/251276"}],"wp:attachment":[{"href":"https:\/\/www.prijedordanas.com\/index.php?rest_route=%2Fwp%2Fv2%2Fmedia&parent=251275"}],"wp:term":[{"taxonomy":"category","embeddable":true,"href":"https:\/\/www.prijedordanas.com\/index.php?rest_route=%2Fwp%2Fv2%2Fcategories&post=251275"},{"taxonomy":"post_tag","embeddable":true,"href":"https:\/\/www.prijedordanas.com\/index.php?rest_route=%2Fwp%2Fv2%2Ftags&post=251275"}],"curies":[{"name":"wp","href":"https:\/\/api.w.org\/{rel}","templated":true}]}}