{"id":251237,"date":"2025-07-28T14:25:13","date_gmt":"2025-07-28T12:25:13","guid":{"rendered":"https:\/\/www.prijedordanas.com\/?p=251237"},"modified":"2025-07-29T09:35:56","modified_gmt":"2025-07-29T07:35:56","slug":"radnici-centra-za-socijalni-rad-prijedor-organizovali-strajk-upozorenja-foto-video","status":"publish","type":"post","link":"https:\/\/www.prijedordanas.com\/?p=251237","title":{"rendered":"Radnici Centra za socijalni rad Prijedor organizovali \u0161trajk upozorenja &#8211; FOTO\/VIDEO"},"content":{"rendered":"<p><a href=\"https:\/\/www.prijedordanas.com\/wp-content\/uploads\/2025\/07\/csr-prijedor-strajk-28juli-1.jpg\"><img loading=\"lazy\" decoding=\"async\" class=\"alignleft size-medium wp-image-251303\" src=\"https:\/\/www.prijedordanas.com\/wp-content\/uploads\/2025\/07\/csr-prijedor-strajk-28juli-1-300x225.jpg\" alt=\"\" width=\"300\" height=\"225\" srcset=\"https:\/\/www.prijedordanas.com\/wp-content\/uploads\/2025\/07\/csr-prijedor-strajk-28juli-1-300x225.jpg 300w, https:\/\/www.prijedordanas.com\/wp-content\/uploads\/2025\/07\/csr-prijedor-strajk-28juli-1-640x480.jpg 640w, https:\/\/www.prijedordanas.com\/wp-content\/uploads\/2025\/07\/csr-prijedor-strajk-28juli-1.jpg 667w\" sizes=\"(max-width: 300px) 100vw, 300px\" \/><\/a>Od po\u010detka godine radnici prijedorskog Centra za socijalni rad imaju problema sa upla\u0107ivanjem doprinosa.<\/p>\n<p>Danas su organizovali jedno\u010dasovni \u0161trajk upozorenja, a u Sindikalnoj organizaciji ove ustanove su najavili da \u0107e u vremenu od 11 do 12 \u010dasova na jedan sat rad obustavljati i 29. i 30. jula.<\/p>\n<p>Radnici isti\u010du da im upla\u0107ivanje doprinosa na nekoliko dana ne rje\u0161ava probleme ve\u0107 donosi nove neizvjesnosti i nemogu\u0107nost pravovremenog saniranja zdravstvenih problema.<\/p>\n<p>\u201cU neizvjesnosti smo, zato \u0161to zasad zdravstveno osiguranje imamo kao do kraja mjeseca. Zvan\u010dno i pismeno nismo dobili obavje\u0161tenje da \u0107e se to nastaviti i produ\u017eiti, da \u0107e nam to pravo biti osigurano onako kao i svim drugim radnicima koji rade u institucijama i prijavljani su a nemaju na\u010din drugi da se zdravstveno osiguraju. Nama je problem zato \u0161to mnogo radnika ima svoje neke kontinuirane li\u010dne potrebe da ima zdravstveno osiguranje. Imamo koleginice i kolege koji imaju onkolo\u0161kih problema, imamo trudnice i porodilje koje ne mogu ni raditi, ali opet ne mogu ni zadovoljiti svoje potrebe i potrebe svoje djece. Tu su i ljudi koji planiraju potomstvo, koji su u neizvjesnosti kad \u0107e mo\u0107i ne\u0161to da planiraju i \u0161ta \u0107e se de\u0161avati uop\u0161te, kakvi sve rizici mogu da se dese\u201d, ka\u017ee Jovana Bo\u0161njak, psiholog u ovoj ustanovi.<\/p>\n<p><a href=\"https:\/\/www.prijedordanas.com\/wp-content\/uploads\/2025\/07\/csr-prijedor-strajk-28juli-2.jpg\"><img loading=\"lazy\" decoding=\"async\" class=\"alignleft size-medium wp-image-251304\" src=\"https:\/\/www.prijedordanas.com\/wp-content\/uploads\/2025\/07\/csr-prijedor-strajk-28juli-2-300x225.jpg\" alt=\"\" width=\"300\" height=\"225\" srcset=\"https:\/\/www.prijedordanas.com\/wp-content\/uploads\/2025\/07\/csr-prijedor-strajk-28juli-2-300x225.jpg 300w, https:\/\/www.prijedordanas.com\/wp-content\/uploads\/2025\/07\/csr-prijedor-strajk-28juli-2-640x480.jpg 640w, https:\/\/www.prijedordanas.com\/wp-content\/uploads\/2025\/07\/csr-prijedor-strajk-28juli-2.jpg 667w\" sizes=\"(max-width: 300px) 100vw, 300px\" \/><\/a>U Sindikalnoj organizaciji Centra za socijalni rad ka\u017eu da strahuju \u0161ta \u0107e se desiti ukoliko radnicima doprinosi za juni ne budu upla\u0107eni do kraja jula.<\/p>\n<p>Dodaju da ve\u0107 dugo problem oko neupla\u0107ivanja doprinosa i zdravstvenog osiguranja poku\u0161avaju da rije\u0161e sa nadle\u017enima na nivou lokalne zajednice i Ministarstva zdravlja i socijlane za\u0161tite Republike Srpske i da jo\u0161 nisu dobili zvani\u010dne informacije \u0161ta \u0107e se de\u0161avati u narednom periodu.<\/p>\n<p>\u201cMi smo sa poslodavcem od januara 9imali vi\u0161e sastanaka. Poku\u0161avamo na\u0107i neki dogovor i rje\u0161enje. I\u0161li smo i zajedni\u010dki u pregovore sa financijerom, imali bezbroj sastanaka i sa gradona\u010delnikom i Ministarstvom zdravlja i Fondom zdravstvenog osiguranja, poku\u0161avaju\u0107i na\u0107i rje\u0161enje. Ja se zaista sad nadam da se neko rje\u0161enje prona\u0161lo u okviru naravno zakona i zakonskih propisa, Mi tra\u017eimo da dobijemo pismeni odgovor da vi\u0161e nemamo problem kao od januara da nam se zdravstveno osiguranje pu\u0161ta na ka\u0161i\u010dicu. Na taj na\u010din dolazimo u vrlo nezgodnu situaciju. Evo sad kolege imaju osiguranje na \u010detiri dana, svi su se rasta\u010dali po ljekarima, tra\u017ee uputnice, tra\u017ee terapije za mjesec dana, Koleginica je u petak hemoterapije i dnevni boravak u bolnici platila 200 maraka. Nakon \u0161to je izvr\u0161ila uplatu, dobila je poruku na na\u0161u sindikalnu grupu da mi imamo osiguranje, jer je osiguranje pu\u0161teno negdje oko 12.30. \u010dasova. U takvu situaciju zaista nemamo pravo dovesti nijednog zaposlenog \u010dovjeka ovdje u Centru za socijalni rad Prijedora, ni na\u0161e korisnike. Danas je jedan \u010dovjek trebao i\u0107i na operaciju tumora na plu\u0107ima, drugi je danas trebao po\u010deti sa hemoterapijama, oni su danas dobili osiguranje, ali mi nemamo nikakvu informaciju dokad \u0107e nam taj status te\u0107i u Fondu zdravstvenog osiguranja\u201d, poru\u010dila je Branka Jandri\u0107 Vukovi\u0107, predsjednik Sindikalne organizacije.<\/p>\n<p>Prijedorski Centar za sovcijalni rad ima 55 zaposlenih i 259 korisnika. Plata za juni jo\u0161 nije ispla\u0107ena, a radnici ka\u017eu da bez obzira na sve probleme koje imaju i dalje rade i poku\u0161avaju da korisnici te njihove probleme ne nose na svojim le\u0111ima.<\/p>\n<p>Tako\u0111e nagla\u0161avaju da \u0107e se za svoja prava boriti svim zakonski dozvoljenim sredstvima.<\/p>\n<p><strong><a href=\"https:\/\/kozarski.com\/radnici-centra-za-socijalni-rad-organizovali-strajk-upozorenja\/\" target=\"_blank\" rel=\"noopener\">kozarski.com<\/a><\/strong><\/p>\n<p><a href=\"https:\/\/www.prijedordanas.com\/wp-content\/uploads\/2025\/07\/csr-prijedor-strajk-28juli-5.jpg\"><img loading=\"lazy\" decoding=\"async\" src=\"https:\/\/www.prijedordanas.com\/wp-content\/uploads\/2025\/07\/csr-prijedor-strajk-28juli-5-300x225.jpg\" alt=\"\" width=\"300\" height=\"225\" class=\"alignleft size-medium wp-image-251305\" srcset=\"https:\/\/www.prijedordanas.com\/wp-content\/uploads\/2025\/07\/csr-prijedor-strajk-28juli-5-300x225.jpg 300w, https:\/\/www.prijedordanas.com\/wp-content\/uploads\/2025\/07\/csr-prijedor-strajk-28juli-5-640x480.jpg 640w, https:\/\/www.prijedordanas.com\/wp-content\/uploads\/2025\/07\/csr-prijedor-strajk-28juli-5.jpg 667w\" sizes=\"(max-width: 300px) 100vw, 300px\" \/><\/a> <a href=\"https:\/\/www.prijedordanas.com\/wp-content\/uploads\/2025\/07\/csr-prijedor-strajk-28juli-3.jpg\"><img loading=\"lazy\" decoding=\"async\" src=\"https:\/\/www.prijedordanas.com\/wp-content\/uploads\/2025\/07\/csr-prijedor-strajk-28juli-3-300x225.jpg\" alt=\"\" width=\"300\" height=\"225\" class=\"alignleft size-medium wp-image-251306\" srcset=\"https:\/\/www.prijedordanas.com\/wp-content\/uploads\/2025\/07\/csr-prijedor-strajk-28juli-3-300x225.jpg 300w, https:\/\/www.prijedordanas.com\/wp-content\/uploads\/2025\/07\/csr-prijedor-strajk-28juli-3-640x480.jpg 640w, https:\/\/www.prijedordanas.com\/wp-content\/uploads\/2025\/07\/csr-prijedor-strajk-28juli-3.jpg 667w\" sizes=\"(max-width: 300px) 100vw, 300px\" \/><\/a> <\/p>\n<p><iframe loading=\"lazy\" style=\"border: none; overflow: hidden;\" src=\"https:\/\/www.facebook.com\/plugins\/video.php?height=314&amp;href=https%3A%2F%2Fwww.facebook.com%2FPrijedorDanasCom%2Fvideos%2F1246314700528303%2F&amp;show_text=false&amp;width=560&amp;t=0\" width=\"560\" height=\"314\" frameborder=\"0\" scrolling=\"no\" allowfullscreen=\"allowfullscreen\"><\/iframe><\/p>\n<p><iframe loading=\"lazy\" title=\"RADNICI CENTRA ZA SOCIJALNI RAD ORGANIZOVALI \u0160TRAJK UPOZORENJA\" width=\"500\" height=\"281\" src=\"https:\/\/www.youtube.com\/embed\/uca07uBuxxg?feature=oembed\" frameborder=\"0\" allow=\"accelerometer; autoplay; clipboard-write; encrypted-media; gyroscope; picture-in-picture; web-share\" referrerpolicy=\"strict-origin-when-cross-origin\" allowfullscreen><\/iframe><\/p>\n","protected":false},"excerpt":{"rendered":"<p>Od po\u010detka godine radnici prijedorskog Centra za socijalni rad imaju problema sa upla\u0107ivanjem doprinosa. Danas su organizovali jedno\u010dasovni \u0161trajk upozorenja, a u Sindikalnoj organizaciji ove ustanove su najavili da \u0107e [&hellip;]<\/p>\n","protected":false},"author":1,"featured_media":0,"comment_status":"closed","ping_status":"open","sticky":false,"template":"","format":"standard","meta":{"_monsterinsights_skip_tracking":false,"_monsterinsights_sitenote_active":false,"_monsterinsights_sitenote_note":"","_monsterinsights_sitenote_category":0,"footnotes":""},"categories":[4],"tags":[],"yoast_head":"<!-- This site is optimized with the Yoast SEO plugin v21.6 - https:\/\/yoast.com\/wordpress\/plugins\/seo\/ -->\n<title>Radnici Centra za socijalni rad Prijedor organizovali \u0161trajk upozorenja - FOTO\/VIDEO - PrijedorDanas.com - Prijedorski gradski portal<\/title>\n<meta name=\"robots\" content=\"index, follow, max-snippet:-1, max-image-preview:large, max-video-preview:-1\" \/>\n<link rel=\"canonical\" href=\"https:\/\/www.prijedordanas.com\/?p=251237\" \/>\n<meta property=\"og:locale\" content=\"en_US\" \/>\n<meta property=\"og:type\" content=\"article\" \/>\n<meta property=\"og:title\" content=\"Radnici Centra za socijalni rad Prijedor organizovali \u0161trajk upozorenja - FOTO\/VIDEO - PrijedorDanas.com - Prijedorski gradski portal\" \/>\n<meta property=\"og:description\" content=\"Od po\u010detka godine radnici prijedorskog Centra za socijalni rad imaju problema sa upla\u0107ivanjem doprinosa. Danas su organizovali jedno\u010dasovni \u0161trajk upozorenja, a u Sindikalnoj organizaciji ove ustanove su najavili da \u0107e [&hellip;]\" \/>\n<meta property=\"og:url\" content=\"https:\/\/www.prijedordanas.com\/?p=251237\" \/>\n<meta property=\"og:site_name\" content=\"PrijedorDanas.com - Prijedorski gradski portal\" \/>\n<meta property=\"article:publisher\" content=\"https:\/\/www.facebook.com\/PrijedorDanasCom\/\" \/>\n<meta property=\"article:published_time\" content=\"2025-07-28T12:25:13+00:00\" \/>\n<meta property=\"article:modified_time\" content=\"2025-07-29T07:35:56+00:00\" \/>\n<meta property=\"og:image\" content=\"https:\/\/www.prijedordanas.com\/wp-content\/uploads\/2025\/07\/csr-prijedor-strajk-28juli-1-300x225.jpg\" \/>\n<meta name=\"author\" content=\"admin\" \/>\n<meta name=\"twitter:card\" content=\"summary_large_image\" \/>\n<meta name=\"twitter:label1\" content=\"Written by\" \/>\n\t<meta name=\"twitter:data1\" content=\"admin\" \/>\n\t<meta name=\"twitter:label2\" content=\"Est. reading time\" \/>\n\t<meta name=\"twitter:data2\" content=\"3 minutes\" \/>\n<script type=\"application\/ld+json\" class=\"yoast-schema-graph\">{\"@context\":\"https:\/\/schema.org\",\"@graph\":[{\"@type\":\"Article\",\"@id\":\"https:\/\/www.prijedordanas.com\/?p=251237#article\",\"isPartOf\":{\"@id\":\"https:\/\/www.prijedordanas.com\/?p=251237\"},\"author\":{\"name\":\"admin\",\"@id\":\"https:\/\/www.prijedordanas.com\/#\/schema\/person\/4e08ccf29b506ca916ff86d46bb700e6\"},\"headline\":\"Radnici Centra za socijalni rad Prijedor organizovali \u0161trajk upozorenja &#8211; FOTO\/VIDEO\",\"datePublished\":\"2025-07-28T12:25:13+00:00\",\"dateModified\":\"2025-07-29T07:35:56+00:00\",\"mainEntityOfPage\":{\"@id\":\"https:\/\/www.prijedordanas.com\/?p=251237\"},\"wordCount\":618,\"publisher\":{\"@id\":\"https:\/\/www.prijedordanas.com\/#organization\"},\"articleSection\":[\"Dru\u0161tvo\"],\"inLanguage\":\"en-US\"},{\"@type\":\"WebPage\",\"@id\":\"https:\/\/www.prijedordanas.com\/?p=251237\",\"url\":\"https:\/\/www.prijedordanas.com\/?p=251237\",\"name\":\"Radnici Centra za socijalni rad Prijedor organizovali \u0161trajk upozorenja - FOTO\/VIDEO - PrijedorDanas.com - Prijedorski gradski portal\",\"isPartOf\":{\"@id\":\"https:\/\/www.prijedordanas.com\/#website\"},\"datePublished\":\"2025-07-28T12:25:13+00:00\",\"dateModified\":\"2025-07-29T07:35:56+00:00\",\"breadcrumb\":{\"@id\":\"https:\/\/www.prijedordanas.com\/?p=251237#breadcrumb\"},\"inLanguage\":\"en-US\",\"potentialAction\":[{\"@type\":\"ReadAction\",\"target\":[\"https:\/\/www.prijedordanas.com\/?p=251237\"]}]},{\"@type\":\"BreadcrumbList\",\"@id\":\"https:\/\/www.prijedordanas.com\/?p=251237#breadcrumb\",\"itemListElement\":[{\"@type\":\"ListItem\",\"position\":1,\"name\":\"Home\",\"item\":\"https:\/\/www.prijedordanas.com\/\"},{\"@type\":\"ListItem\",\"position\":2,\"name\":\"Radnici Centra za socijalni rad Prijedor organizovali \u0161trajk upozorenja &#8211; FOTO\/VIDEO\"}]},{\"@type\":\"WebSite\",\"@id\":\"https:\/\/www.prijedordanas.com\/#website\",\"url\":\"https:\/\/www.prijedordanas.com\/\",\"name\":\"PrijedorDanas.com - Prijedorski gradski portal\",\"description\":\"Portal o doga\u0111anjima u gradu Prijedoru\",\"publisher\":{\"@id\":\"https:\/\/www.prijedordanas.com\/#organization\"},\"potentialAction\":[{\"@type\":\"SearchAction\",\"target\":{\"@type\":\"EntryPoint\",\"urlTemplate\":\"https:\/\/www.prijedordanas.com\/?s={search_term_string}\"},\"query-input\":\"required name=search_term_string\"}],\"inLanguage\":\"en-US\"},{\"@type\":\"Organization\",\"@id\":\"https:\/\/www.prijedordanas.com\/#organization\",\"name\":\"PrijedorDanas.com\",\"url\":\"https:\/\/www.prijedordanas.com\/\",\"logo\":{\"@type\":\"ImageObject\",\"inLanguage\":\"en-US\",\"@id\":\"https:\/\/www.prijedordanas.com\/#\/schema\/logo\/image\/\",\"url\":\"http:\/\/www.prijedordanas.com\/wp-content\/uploads\/2021\/12\/logopng.png\",\"contentUrl\":\"http:\/\/www.prijedordanas.com\/wp-content\/uploads\/2021\/12\/logopng.png\",\"width\":1019,\"height\":776,\"caption\":\"PrijedorDanas.com\"},\"image\":{\"@id\":\"https:\/\/www.prijedordanas.com\/#\/schema\/logo\/image\/\"},\"sameAs\":[\"https:\/\/www.facebook.com\/PrijedorDanasCom\/\"]},{\"@type\":\"Person\",\"@id\":\"https:\/\/www.prijedordanas.com\/#\/schema\/person\/4e08ccf29b506ca916ff86d46bb700e6\",\"name\":\"admin\",\"image\":{\"@type\":\"ImageObject\",\"inLanguage\":\"en-US\",\"@id\":\"https:\/\/www.prijedordanas.com\/#\/schema\/person\/image\/\",\"url\":\"https:\/\/secure.gravatar.com\/avatar\/1d3fc949d550f0b53a5f0d51e06dfd79?s=96&d=mm&r=g\",\"contentUrl\":\"https:\/\/secure.gravatar.com\/avatar\/1d3fc949d550f0b53a5f0d51e06dfd79?s=96&d=mm&r=g\",\"caption\":\"admin\"},\"url\":\"https:\/\/www.prijedordanas.com\/?author=1\"}]}<\/script>\n<!-- \/ Yoast SEO plugin. -->","yoast_head_json":{"title":"Radnici Centra za socijalni rad Prijedor organizovali \u0161trajk upozorenja - FOTO\/VIDEO - PrijedorDanas.com - Prijedorski gradski portal","robots":{"index":"index","follow":"follow","max-snippet":"max-snippet:-1","max-image-preview":"max-image-preview:large","max-video-preview":"max-video-preview:-1"},"canonical":"https:\/\/www.prijedordanas.com\/?p=251237","og_locale":"en_US","og_type":"article","og_title":"Radnici Centra za socijalni rad Prijedor organizovali \u0161trajk upozorenja - FOTO\/VIDEO - PrijedorDanas.com - Prijedorski gradski portal","og_description":"Od po\u010detka godine radnici prijedorskog Centra za socijalni rad imaju problema sa upla\u0107ivanjem doprinosa. Danas su organizovali jedno\u010dasovni \u0161trajk upozorenja, a u Sindikalnoj organizaciji ove ustanove su najavili da \u0107e [&hellip;]","og_url":"https:\/\/www.prijedordanas.com\/?p=251237","og_site_name":"PrijedorDanas.com - Prijedorski gradski portal","article_publisher":"https:\/\/www.facebook.com\/PrijedorDanasCom\/","article_published_time":"2025-07-28T12:25:13+00:00","article_modified_time":"2025-07-29T07:35:56+00:00","og_image":[{"url":"https:\/\/www.prijedordanas.com\/wp-content\/uploads\/2025\/07\/csr-prijedor-strajk-28juli-1-300x225.jpg"}],"author":"admin","twitter_card":"summary_large_image","twitter_misc":{"Written by":"admin","Est. reading time":"3 minutes"},"schema":{"@context":"https:\/\/schema.org","@graph":[{"@type":"Article","@id":"https:\/\/www.prijedordanas.com\/?p=251237#article","isPartOf":{"@id":"https:\/\/www.prijedordanas.com\/?p=251237"},"author":{"name":"admin","@id":"https:\/\/www.prijedordanas.com\/#\/schema\/person\/4e08ccf29b506ca916ff86d46bb700e6"},"headline":"Radnici Centra za socijalni rad Prijedor organizovali \u0161trajk upozorenja &#8211; FOTO\/VIDEO","datePublished":"2025-07-28T12:25:13+00:00","dateModified":"2025-07-29T07:35:56+00:00","mainEntityOfPage":{"@id":"https:\/\/www.prijedordanas.com\/?p=251237"},"wordCount":618,"publisher":{"@id":"https:\/\/www.prijedordanas.com\/#organization"},"articleSection":["Dru\u0161tvo"],"inLanguage":"en-US"},{"@type":"WebPage","@id":"https:\/\/www.prijedordanas.com\/?p=251237","url":"https:\/\/www.prijedordanas.com\/?p=251237","name":"Radnici Centra za socijalni rad Prijedor organizovali \u0161trajk upozorenja - FOTO\/VIDEO - PrijedorDanas.com - Prijedorski gradski portal","isPartOf":{"@id":"https:\/\/www.prijedordanas.com\/#website"},"datePublished":"2025-07-28T12:25:13+00:00","dateModified":"2025-07-29T07:35:56+00:00","breadcrumb":{"@id":"https:\/\/www.prijedordanas.com\/?p=251237#breadcrumb"},"inLanguage":"en-US","potentialAction":[{"@type":"ReadAction","target":["https:\/\/www.prijedordanas.com\/?p=251237"]}]},{"@type":"BreadcrumbList","@id":"https:\/\/www.prijedordanas.com\/?p=251237#breadcrumb","itemListElement":[{"@type":"ListItem","position":1,"name":"Home","item":"https:\/\/www.prijedordanas.com\/"},{"@type":"ListItem","position":2,"name":"Radnici Centra za socijalni rad Prijedor organizovali \u0161trajk upozorenja &#8211; FOTO\/VIDEO"}]},{"@type":"WebSite","@id":"https:\/\/www.prijedordanas.com\/#website","url":"https:\/\/www.prijedordanas.com\/","name":"PrijedorDanas.com - Prijedorski gradski portal","description":"Portal o doga\u0111anjima u gradu Prijedoru","publisher":{"@id":"https:\/\/www.prijedordanas.com\/#organization"},"potentialAction":[{"@type":"SearchAction","target":{"@type":"EntryPoint","urlTemplate":"https:\/\/www.prijedordanas.com\/?s={search_term_string}"},"query-input":"required name=search_term_string"}],"inLanguage":"en-US"},{"@type":"Organization","@id":"https:\/\/www.prijedordanas.com\/#organization","name":"PrijedorDanas.com","url":"https:\/\/www.prijedordanas.com\/","logo":{"@type":"ImageObject","inLanguage":"en-US","@id":"https:\/\/www.prijedordanas.com\/#\/schema\/logo\/image\/","url":"http:\/\/www.prijedordanas.com\/wp-content\/uploads\/2021\/12\/logopng.png","contentUrl":"http:\/\/www.prijedordanas.com\/wp-content\/uploads\/2021\/12\/logopng.png","width":1019,"height":776,"caption":"PrijedorDanas.com"},"image":{"@id":"https:\/\/www.prijedordanas.com\/#\/schema\/logo\/image\/"},"sameAs":["https:\/\/www.facebook.com\/PrijedorDanasCom\/"]},{"@type":"Person","@id":"https:\/\/www.prijedordanas.com\/#\/schema\/person\/4e08ccf29b506ca916ff86d46bb700e6","name":"admin","image":{"@type":"ImageObject","inLanguage":"en-US","@id":"https:\/\/www.prijedordanas.com\/#\/schema\/person\/image\/","url":"https:\/\/secure.gravatar.com\/avatar\/1d3fc949d550f0b53a5f0d51e06dfd79?s=96&d=mm&r=g","contentUrl":"https:\/\/secure.gravatar.com\/avatar\/1d3fc949d550f0b53a5f0d51e06dfd79?s=96&d=mm&r=g","caption":"admin"},"url":"https:\/\/www.prijedordanas.com\/?author=1"}]}},"_links":{"self":[{"href":"https:\/\/www.prijedordanas.com\/index.php?rest_route=\/wp\/v2\/posts\/251237"}],"collection":[{"href":"https:\/\/www.prijedordanas.com\/index.php?rest_route=\/wp\/v2\/posts"}],"about":[{"href":"https:\/\/www.prijedordanas.com\/index.php?rest_route=\/wp\/v2\/types\/post"}],"author":[{"embeddable":true,"href":"https:\/\/www.prijedordanas.com\/index.php?rest_route=\/wp\/v2\/users\/1"}],"replies":[{"embeddable":true,"href":"https:\/\/www.prijedordanas.com\/index.php?rest_route=%2Fwp%2Fv2%2Fcomments&post=251237"}],"version-history":[{"count":3,"href":"https:\/\/www.prijedordanas.com\/index.php?rest_route=\/wp\/v2\/posts\/251237\/revisions"}],"predecessor-version":[{"id":251309,"href":"https:\/\/www.prijedordanas.com\/index.php?rest_route=\/wp\/v2\/posts\/251237\/revisions\/251309"}],"wp:attachment":[{"href":"https:\/\/www.prijedordanas.com\/index.php?rest_route=%2Fwp%2Fv2%2Fmedia&parent=251237"}],"wp:term":[{"taxonomy":"category","embeddable":true,"href":"https:\/\/www.prijedordanas.com\/index.php?rest_route=%2Fwp%2Fv2%2Fcategories&post=251237"},{"taxonomy":"post_tag","embeddable":true,"href":"https:\/\/www.prijedordanas.com\/index.php?rest_route=%2Fwp%2Fv2%2Ftags&post=251237"}],"curies":[{"name":"wp","href":"https:\/\/api.w.org\/{rel}","templated":true}]}}