{"id":250984,"date":"2025-07-27T09:22:56","date_gmt":"2025-07-27T07:22:56","guid":{"rendered":"https:\/\/www.prijedordanas.com\/?p=250984"},"modified":"2025-07-27T09:22:56","modified_gmt":"2025-07-27T07:22:56","slug":"psiholoska-podrska-svjedocima-u-okruznom-javnom-tuzilastvu-prijedor","status":"publish","type":"post","link":"https:\/\/www.prijedordanas.com\/?p=250984","title":{"rendered":"Psiholo\u0161ka podr\u0161ka svjedocima u Okru\u017enom javnom tu\u017eila\u0161tvu Prijedor"},"content":{"rendered":"<p><a href=\"https:\/\/www.prijedordanas.com\/wp-content\/uploads\/2023\/10\/okruzni-sud-tuzilastvo-privredni-sud-2023-3.jpg\"><img loading=\"lazy\" decoding=\"async\" class=\"alignleft size-medium wp-image-212240\" src=\"https:\/\/www.prijedordanas.com\/wp-content\/uploads\/2023\/10\/okruzni-sud-tuzilastvo-privredni-sud-2023-3-300x225.jpg\" alt=\"\" width=\"300\" height=\"225\" srcset=\"https:\/\/www.prijedordanas.com\/wp-content\/uploads\/2023\/10\/okruzni-sud-tuzilastvo-privredni-sud-2023-3-300x225.jpg 300w, https:\/\/www.prijedordanas.com\/wp-content\/uploads\/2023\/10\/okruzni-sud-tuzilastvo-privredni-sud-2023-3-640x480.jpg 640w, https:\/\/www.prijedordanas.com\/wp-content\/uploads\/2023\/10\/okruzni-sud-tuzilastvo-privredni-sud-2023-3.jpg 667w\" sizes=\"(max-width: 300px) 100vw, 300px\" \/><\/a>U Okru\u017enom javnom tu\u017eila\u0161tvu Prijedor zaposlen je psiholog koji koji doprinosi efikasnom radu Tu\u017eila\u0161tva poma\u017eu\u0107i svjedocima i maloljetnicima u razli\u010ditim fazama istra\u017enog postupka. Pru\u017eanjem adekvatne psiholo\u0161ke podr\u0161ke izbjegava se mogu\u0107nost da davanje izjave i eventualno svjedo\u010denje izazovu dodatne negativne posljedice, novu patnju ili retraumatizacija svjedoka.<\/p>\n<p>Rad psihologa za podr\u0161ku svjedocima ni na koji na\u010din ne ulazi u sadr\u017eaj iskaza svjedoka ve\u0107 se odnosi na psihi\u010dko stanje i potrebe svjedoka.<\/p>\n<p>Cilj rada sa svjedocima je da se \u0161to efikasnije procijeni psihi\u010dko stanje i potreba svjedoka i odradi psiholo\u0161ka priprema za svjedo\u010denje.<\/p>\n<p>Psiholo\u0161ka procjena se odnosi na trenutno psihi\u010dko funkcionisanje i fokusirana je na postupak saslu\u0161anja u Tu\u017eila\u0161tvu, a cilj psiholo\u0161ke procjene je da se razumiju i objasne psihi\u010dka zbivanja i pona\u0161anja svjedoka radi efikasnosti vo\u0111enja postupka, za\u0161tite mentalnog zdravlja te da se sprije\u010di retraumatizacija.<\/p>\n<p>Psiholo\u0161ka priprema koju izvodi psiholog ima za cilj da svjedocima objasni pravosudni postupak, informi\u0161e o pravilima pona\u0161anja, razjasni uloge pravosudnih aktera, nau\u010di svjedoke da prepoznaju i upravljaju svojim emocijama, te pomogne u normalizaciji emocija koje bi mogle da ometaju svjedo\u010denje. \u010cesto je potrebno da se svjedok edukuje o traumi, krizama i problemima kao i o mogu\u0107nostima njihovog prevazila\u017eenja.<\/p>\n<p>Psiholo\u0161ka pomo\u0107 maloljetnim svjedocima ima za cilj smanjenje nivoa anksioznosti i stresa, dodatne traumatizacije, straha i drugih \u0161tetnih uticaja nastalih u\u010destvovanjem u pravosudnom postupku, te se stru\u010dnim radom nastoji pozitivno uticati na sposobnost maloljetnika da stekne sigurnost u postupak i da razumije svoju ulogu kako bi se obezbijedilo kvalitetno svjedo\u010denje.<\/p>\n<p>Tokom svjedo\u010denja maloljetnika psiholog je sve vrijeme prisutan.<\/p>\n<p>Poslovi podr\u0161ke \u017ertvama, o\u0161te\u0107enima i svjedocima obuhvata:<br \/>\na) pru\u017eanje psiholo\u0161ke podr\u0161ke maloljetnim licima, \u017ertvama, o\u0161te\u0107enim i svjedocima u krivi\u010dnom postupku u skladu sa Zakonom,<br \/>\nb) pru\u017ea psiholo\u0161ku podr\u0161ku o\u0161te\u0107enim, svjedocima i \u017ertvama u predmetima krivi\u010dnih djela ratnog zlo\u010dina i drugih krivi\u010dnih djela gdje je potrebna podr\u0161ka,<br \/>\nc) prisustvuje saslu\u0161anju i ispitivanju maloljetnih lica u skladu sa zakonom,<br \/>\nd) poma\u017ee tu\u017eiocu i daje svoje mi\u0161ljenje vezano za konkretna lica u pojedinim predmetima u svim fazama postupka, a naro\u010dito u primjeni zakona koji se ti\u010du postupanja sa djecom i maloljetnicima u krivi\u010dnom postupku,<br \/>\ne) pru\u017eanje prakti\u010dnih informacija i osiguranje prakti\u010dne pomo\u0107i u snala\u017eenju u zgradi tu\u017eila\u0161tva,<br \/>\nf) posredovanje u kontaktu sa slu\u017ebenicima tu\u017eila\u0161tva.<\/p>\n<p>Va\u017eno je napomenuti da slu\u017ebenik za podr\u0161ku svjedocima i maloljetnicima ne daje pravne savjete, niti provodi psihoterapiju, ne razgovara o sadr\u017eaju iskaza svjedoka ili o\u0161te\u0107enih.<\/p>\n<p>Okru\u017eno javno tu\u017eila\u0161tvo Prijedor<\/p>\n","protected":false},"excerpt":{"rendered":"<p>U Okru\u017enom javnom tu\u017eila\u0161tvu Prijedor zaposlen je psiholog koji koji doprinosi efikasnom radu Tu\u017eila\u0161tva poma\u017eu\u0107i svjedocima i maloljetnicima u razli\u010ditim fazama istra\u017enog postupka. Pru\u017eanjem adekvatne psiholo\u0161ke podr\u0161ke izbjegava se mogu\u0107nost [&hellip;]<\/p>\n","protected":false},"author":1,"featured_media":0,"comment_status":"closed","ping_status":"open","sticky":false,"template":"","format":"standard","meta":{"_monsterinsights_skip_tracking":false,"_monsterinsights_sitenote_active":false,"_monsterinsights_sitenote_note":"","_monsterinsights_sitenote_category":0,"footnotes":""},"categories":[8],"tags":[],"yoast_head":"<!-- This site is optimized with the Yoast SEO plugin v21.6 - https:\/\/yoast.com\/wordpress\/plugins\/seo\/ -->\n<title>Psiholo\u0161ka podr\u0161ka svjedocima u Okru\u017enom javnom tu\u017eila\u0161tvu Prijedor - PrijedorDanas.com - Prijedorski gradski portal<\/title>\n<meta name=\"robots\" content=\"index, follow, max-snippet:-1, max-image-preview:large, max-video-preview:-1\" \/>\n<link rel=\"canonical\" href=\"https:\/\/www.prijedordanas.com\/?p=250984\" \/>\n<meta property=\"og:locale\" content=\"en_US\" \/>\n<meta property=\"og:type\" content=\"article\" \/>\n<meta property=\"og:title\" content=\"Psiholo\u0161ka podr\u0161ka svjedocima u Okru\u017enom javnom tu\u017eila\u0161tvu Prijedor - PrijedorDanas.com - Prijedorski gradski portal\" \/>\n<meta property=\"og:description\" content=\"U Okru\u017enom javnom tu\u017eila\u0161tvu Prijedor zaposlen je psiholog koji koji doprinosi efikasnom radu Tu\u017eila\u0161tva poma\u017eu\u0107i svjedocima i maloljetnicima u razli\u010ditim fazama istra\u017enog postupka. Pru\u017eanjem adekvatne psiholo\u0161ke podr\u0161ke izbjegava se mogu\u0107nost [&hellip;]\" \/>\n<meta property=\"og:url\" content=\"https:\/\/www.prijedordanas.com\/?p=250984\" \/>\n<meta property=\"og:site_name\" content=\"PrijedorDanas.com - Prijedorski gradski portal\" \/>\n<meta property=\"article:publisher\" content=\"https:\/\/www.facebook.com\/PrijedorDanasCom\/\" \/>\n<meta property=\"article:published_time\" content=\"2025-07-27T07:22:56+00:00\" \/>\n<meta property=\"og:image\" content=\"https:\/\/www.prijedordanas.com\/wp-content\/uploads\/2023\/10\/okruzni-sud-tuzilastvo-privredni-sud-2023-3-300x225.jpg\" \/>\n<meta name=\"author\" content=\"admin\" \/>\n<meta name=\"twitter:card\" content=\"summary_large_image\" \/>\n<meta name=\"twitter:label1\" content=\"Written by\" \/>\n\t<meta name=\"twitter:data1\" content=\"admin\" \/>\n\t<meta name=\"twitter:label2\" content=\"Est. reading time\" \/>\n\t<meta name=\"twitter:data2\" content=\"2 minutes\" \/>\n<script type=\"application\/ld+json\" class=\"yoast-schema-graph\">{\"@context\":\"https:\/\/schema.org\",\"@graph\":[{\"@type\":\"Article\",\"@id\":\"https:\/\/www.prijedordanas.com\/?p=250984#article\",\"isPartOf\":{\"@id\":\"https:\/\/www.prijedordanas.com\/?p=250984\"},\"author\":{\"name\":\"admin\",\"@id\":\"https:\/\/www.prijedordanas.com\/#\/schema\/person\/4e08ccf29b506ca916ff86d46bb700e6\"},\"headline\":\"Psiholo\u0161ka podr\u0161ka svjedocima u Okru\u017enom javnom tu\u017eila\u0161tvu Prijedor\",\"datePublished\":\"2025-07-27T07:22:56+00:00\",\"dateModified\":\"2025-07-27T07:22:56+00:00\",\"mainEntityOfPage\":{\"@id\":\"https:\/\/www.prijedordanas.com\/?p=250984\"},\"wordCount\":490,\"publisher\":{\"@id\":\"https:\/\/www.prijedordanas.com\/#organization\"},\"articleSection\":[\"Svakodnevno\"],\"inLanguage\":\"en-US\"},{\"@type\":\"WebPage\",\"@id\":\"https:\/\/www.prijedordanas.com\/?p=250984\",\"url\":\"https:\/\/www.prijedordanas.com\/?p=250984\",\"name\":\"Psiholo\u0161ka podr\u0161ka svjedocima u Okru\u017enom javnom tu\u017eila\u0161tvu Prijedor - PrijedorDanas.com - Prijedorski gradski portal\",\"isPartOf\":{\"@id\":\"https:\/\/www.prijedordanas.com\/#website\"},\"datePublished\":\"2025-07-27T07:22:56+00:00\",\"dateModified\":\"2025-07-27T07:22:56+00:00\",\"breadcrumb\":{\"@id\":\"https:\/\/www.prijedordanas.com\/?p=250984#breadcrumb\"},\"inLanguage\":\"en-US\",\"potentialAction\":[{\"@type\":\"ReadAction\",\"target\":[\"https:\/\/www.prijedordanas.com\/?p=250984\"]}]},{\"@type\":\"BreadcrumbList\",\"@id\":\"https:\/\/www.prijedordanas.com\/?p=250984#breadcrumb\",\"itemListElement\":[{\"@type\":\"ListItem\",\"position\":1,\"name\":\"Home\",\"item\":\"https:\/\/www.prijedordanas.com\/\"},{\"@type\":\"ListItem\",\"position\":2,\"name\":\"Psiholo\u0161ka podr\u0161ka svjedocima u Okru\u017enom javnom tu\u017eila\u0161tvu Prijedor\"}]},{\"@type\":\"WebSite\",\"@id\":\"https:\/\/www.prijedordanas.com\/#website\",\"url\":\"https:\/\/www.prijedordanas.com\/\",\"name\":\"PrijedorDanas.com - Prijedorski gradski portal\",\"description\":\"Portal o doga\u0111anjima u gradu Prijedoru\",\"publisher\":{\"@id\":\"https:\/\/www.prijedordanas.com\/#organization\"},\"potentialAction\":[{\"@type\":\"SearchAction\",\"target\":{\"@type\":\"EntryPoint\",\"urlTemplate\":\"https:\/\/www.prijedordanas.com\/?s={search_term_string}\"},\"query-input\":\"required name=search_term_string\"}],\"inLanguage\":\"en-US\"},{\"@type\":\"Organization\",\"@id\":\"https:\/\/www.prijedordanas.com\/#organization\",\"name\":\"PrijedorDanas.com\",\"url\":\"https:\/\/www.prijedordanas.com\/\",\"logo\":{\"@type\":\"ImageObject\",\"inLanguage\":\"en-US\",\"@id\":\"https:\/\/www.prijedordanas.com\/#\/schema\/logo\/image\/\",\"url\":\"http:\/\/www.prijedordanas.com\/wp-content\/uploads\/2021\/12\/logopng.png\",\"contentUrl\":\"http:\/\/www.prijedordanas.com\/wp-content\/uploads\/2021\/12\/logopng.png\",\"width\":1019,\"height\":776,\"caption\":\"PrijedorDanas.com\"},\"image\":{\"@id\":\"https:\/\/www.prijedordanas.com\/#\/schema\/logo\/image\/\"},\"sameAs\":[\"https:\/\/www.facebook.com\/PrijedorDanasCom\/\"]},{\"@type\":\"Person\",\"@id\":\"https:\/\/www.prijedordanas.com\/#\/schema\/person\/4e08ccf29b506ca916ff86d46bb700e6\",\"name\":\"admin\",\"image\":{\"@type\":\"ImageObject\",\"inLanguage\":\"en-US\",\"@id\":\"https:\/\/www.prijedordanas.com\/#\/schema\/person\/image\/\",\"url\":\"https:\/\/secure.gravatar.com\/avatar\/1d3fc949d550f0b53a5f0d51e06dfd79?s=96&d=mm&r=g\",\"contentUrl\":\"https:\/\/secure.gravatar.com\/avatar\/1d3fc949d550f0b53a5f0d51e06dfd79?s=96&d=mm&r=g\",\"caption\":\"admin\"},\"url\":\"https:\/\/www.prijedordanas.com\/?author=1\"}]}<\/script>\n<!-- \/ Yoast SEO plugin. -->","yoast_head_json":{"title":"Psiholo\u0161ka podr\u0161ka svjedocima u Okru\u017enom javnom tu\u017eila\u0161tvu Prijedor - PrijedorDanas.com - Prijedorski gradski portal","robots":{"index":"index","follow":"follow","max-snippet":"max-snippet:-1","max-image-preview":"max-image-preview:large","max-video-preview":"max-video-preview:-1"},"canonical":"https:\/\/www.prijedordanas.com\/?p=250984","og_locale":"en_US","og_type":"article","og_title":"Psiholo\u0161ka podr\u0161ka svjedocima u Okru\u017enom javnom tu\u017eila\u0161tvu Prijedor - PrijedorDanas.com - Prijedorski gradski portal","og_description":"U Okru\u017enom javnom tu\u017eila\u0161tvu Prijedor zaposlen je psiholog koji koji doprinosi efikasnom radu Tu\u017eila\u0161tva poma\u017eu\u0107i svjedocima i maloljetnicima u razli\u010ditim fazama istra\u017enog postupka. Pru\u017eanjem adekvatne psiholo\u0161ke podr\u0161ke izbjegava se mogu\u0107nost [&hellip;]","og_url":"https:\/\/www.prijedordanas.com\/?p=250984","og_site_name":"PrijedorDanas.com - Prijedorski gradski portal","article_publisher":"https:\/\/www.facebook.com\/PrijedorDanasCom\/","article_published_time":"2025-07-27T07:22:56+00:00","og_image":[{"url":"https:\/\/www.prijedordanas.com\/wp-content\/uploads\/2023\/10\/okruzni-sud-tuzilastvo-privredni-sud-2023-3-300x225.jpg"}],"author":"admin","twitter_card":"summary_large_image","twitter_misc":{"Written by":"admin","Est. reading time":"2 minutes"},"schema":{"@context":"https:\/\/schema.org","@graph":[{"@type":"Article","@id":"https:\/\/www.prijedordanas.com\/?p=250984#article","isPartOf":{"@id":"https:\/\/www.prijedordanas.com\/?p=250984"},"author":{"name":"admin","@id":"https:\/\/www.prijedordanas.com\/#\/schema\/person\/4e08ccf29b506ca916ff86d46bb700e6"},"headline":"Psiholo\u0161ka podr\u0161ka svjedocima u Okru\u017enom javnom tu\u017eila\u0161tvu Prijedor","datePublished":"2025-07-27T07:22:56+00:00","dateModified":"2025-07-27T07:22:56+00:00","mainEntityOfPage":{"@id":"https:\/\/www.prijedordanas.com\/?p=250984"},"wordCount":490,"publisher":{"@id":"https:\/\/www.prijedordanas.com\/#organization"},"articleSection":["Svakodnevno"],"inLanguage":"en-US"},{"@type":"WebPage","@id":"https:\/\/www.prijedordanas.com\/?p=250984","url":"https:\/\/www.prijedordanas.com\/?p=250984","name":"Psiholo\u0161ka podr\u0161ka svjedocima u Okru\u017enom javnom tu\u017eila\u0161tvu Prijedor - PrijedorDanas.com - Prijedorski gradski portal","isPartOf":{"@id":"https:\/\/www.prijedordanas.com\/#website"},"datePublished":"2025-07-27T07:22:56+00:00","dateModified":"2025-07-27T07:22:56+00:00","breadcrumb":{"@id":"https:\/\/www.prijedordanas.com\/?p=250984#breadcrumb"},"inLanguage":"en-US","potentialAction":[{"@type":"ReadAction","target":["https:\/\/www.prijedordanas.com\/?p=250984"]}]},{"@type":"BreadcrumbList","@id":"https:\/\/www.prijedordanas.com\/?p=250984#breadcrumb","itemListElement":[{"@type":"ListItem","position":1,"name":"Home","item":"https:\/\/www.prijedordanas.com\/"},{"@type":"ListItem","position":2,"name":"Psiholo\u0161ka podr\u0161ka svjedocima u Okru\u017enom javnom tu\u017eila\u0161tvu Prijedor"}]},{"@type":"WebSite","@id":"https:\/\/www.prijedordanas.com\/#website","url":"https:\/\/www.prijedordanas.com\/","name":"PrijedorDanas.com - Prijedorski gradski portal","description":"Portal o doga\u0111anjima u gradu Prijedoru","publisher":{"@id":"https:\/\/www.prijedordanas.com\/#organization"},"potentialAction":[{"@type":"SearchAction","target":{"@type":"EntryPoint","urlTemplate":"https:\/\/www.prijedordanas.com\/?s={search_term_string}"},"query-input":"required name=search_term_string"}],"inLanguage":"en-US"},{"@type":"Organization","@id":"https:\/\/www.prijedordanas.com\/#organization","name":"PrijedorDanas.com","url":"https:\/\/www.prijedordanas.com\/","logo":{"@type":"ImageObject","inLanguage":"en-US","@id":"https:\/\/www.prijedordanas.com\/#\/schema\/logo\/image\/","url":"http:\/\/www.prijedordanas.com\/wp-content\/uploads\/2021\/12\/logopng.png","contentUrl":"http:\/\/www.prijedordanas.com\/wp-content\/uploads\/2021\/12\/logopng.png","width":1019,"height":776,"caption":"PrijedorDanas.com"},"image":{"@id":"https:\/\/www.prijedordanas.com\/#\/schema\/logo\/image\/"},"sameAs":["https:\/\/www.facebook.com\/PrijedorDanasCom\/"]},{"@type":"Person","@id":"https:\/\/www.prijedordanas.com\/#\/schema\/person\/4e08ccf29b506ca916ff86d46bb700e6","name":"admin","image":{"@type":"ImageObject","inLanguage":"en-US","@id":"https:\/\/www.prijedordanas.com\/#\/schema\/person\/image\/","url":"https:\/\/secure.gravatar.com\/avatar\/1d3fc949d550f0b53a5f0d51e06dfd79?s=96&d=mm&r=g","contentUrl":"https:\/\/secure.gravatar.com\/avatar\/1d3fc949d550f0b53a5f0d51e06dfd79?s=96&d=mm&r=g","caption":"admin"},"url":"https:\/\/www.prijedordanas.com\/?author=1"}]}},"_links":{"self":[{"href":"https:\/\/www.prijedordanas.com\/index.php?rest_route=\/wp\/v2\/posts\/250984"}],"collection":[{"href":"https:\/\/www.prijedordanas.com\/index.php?rest_route=\/wp\/v2\/posts"}],"about":[{"href":"https:\/\/www.prijedordanas.com\/index.php?rest_route=\/wp\/v2\/types\/post"}],"author":[{"embeddable":true,"href":"https:\/\/www.prijedordanas.com\/index.php?rest_route=\/wp\/v2\/users\/1"}],"replies":[{"embeddable":true,"href":"https:\/\/www.prijedordanas.com\/index.php?rest_route=%2Fwp%2Fv2%2Fcomments&post=250984"}],"version-history":[{"count":1,"href":"https:\/\/www.prijedordanas.com\/index.php?rest_route=\/wp\/v2\/posts\/250984\/revisions"}],"predecessor-version":[{"id":250985,"href":"https:\/\/www.prijedordanas.com\/index.php?rest_route=\/wp\/v2\/posts\/250984\/revisions\/250985"}],"wp:attachment":[{"href":"https:\/\/www.prijedordanas.com\/index.php?rest_route=%2Fwp%2Fv2%2Fmedia&parent=250984"}],"wp:term":[{"taxonomy":"category","embeddable":true,"href":"https:\/\/www.prijedordanas.com\/index.php?rest_route=%2Fwp%2Fv2%2Fcategories&post=250984"},{"taxonomy":"post_tag","embeddable":true,"href":"https:\/\/www.prijedordanas.com\/index.php?rest_route=%2Fwp%2Fv2%2Ftags&post=250984"}],"curies":[{"name":"wp","href":"https:\/\/api.w.org\/{rel}","templated":true}]}}