{"id":250854,"date":"2025-07-20T16:17:49","date_gmt":"2025-07-20T14:17:49","guid":{"rendered":"https:\/\/www.prijedordanas.com\/?p=250854"},"modified":"2025-07-20T16:17:49","modified_gmt":"2025-07-20T14:17:49","slug":"prijedor-prvi-u-rs-dobija-smjestaj-za-djecu-s-pervazivnim-poremecajima-video","status":"publish","type":"post","link":"https:\/\/www.prijedordanas.com\/?p=250854","title":{"rendered":"Prijedor prvi u RS dobija smje\u0161taj za djecu s pervazivnim poreme\u0107ajima &#8211; VIDEO"},"content":{"rendered":"<p><a href=\"https:\/\/www.prijedordanas.com\/wp-content\/uploads\/2025\/07\/kozarski-dom-za-lica-sa-invaliditetom-1.jpg\"><img loading=\"lazy\" decoding=\"async\" class=\"alignleft size-medium wp-image-250855\" src=\"https:\/\/www.prijedordanas.com\/wp-content\/uploads\/2025\/07\/kozarski-dom-za-lica-sa-invaliditetom-1-300x225.jpg\" alt=\"\" width=\"300\" height=\"225\" srcset=\"https:\/\/www.prijedordanas.com\/wp-content\/uploads\/2025\/07\/kozarski-dom-za-lica-sa-invaliditetom-1-300x225.jpg 300w, https:\/\/www.prijedordanas.com\/wp-content\/uploads\/2025\/07\/kozarski-dom-za-lica-sa-invaliditetom-1-640x480.jpg 640w, https:\/\/www.prijedordanas.com\/wp-content\/uploads\/2025\/07\/kozarski-dom-za-lica-sa-invaliditetom-1.jpg 667w\" sizes=\"(max-width: 300px) 100vw, 300px\" \/><\/a>Dom za lica sa invaliditetom Prijedor prva je ustanova u Republici Srpskoj koja \u0107e imati smje\u0161taj za djecu s pervazivnim razvojnim poreme\u0107ajima (PRP).<\/p>\n<p>Ve\u0107 je adaptiran prostor za ove namjene, kapaciteta 12 osoba, a prve korisnike o\u010dekuju krajem ovog mjeseca.<\/p>\n<p>Resorno ministarstvo obezbijedilo je subvenciju po korisniku u iznosu od 1.600 KM.<\/p>\n<p>\u201cTo je cjelodnevni boravak. Ide se ustaljenim na\u0161im protokolima. Centri za socijalni rad upu\u0107uju nama zahtjev, ako imaju takve djece i onda se radi sve po na\u0161im protokolima vezanim za smje\u0161taj takvih lica u na\u0161u ustanovu. Radi se o potpuno druga\u010dijem pristupu rada. To je bukvalno rad jedan na jedan. Oni zahtijevaju vi\u0161e pa\u017enje i vi\u0161e aktivnosti. Moramo ih okupirati tokom cijelog dana\u201d, rekao je Nikola Vujasinovi\u0107, direktor Doma za lica sa invaliditetom Prijedor.<\/p>\n<p><a href=\"https:\/\/www.prijedordanas.com\/wp-content\/uploads\/2025\/07\/kozarski-dom-za-lica-sa-invaliditetom-2.jpg\"><img loading=\"lazy\" decoding=\"async\" class=\"alignleft size-medium wp-image-250856\" src=\"https:\/\/www.prijedordanas.com\/wp-content\/uploads\/2025\/07\/kozarski-dom-za-lica-sa-invaliditetom-2-300x169.jpg\" alt=\"\" width=\"300\" height=\"169\" srcset=\"https:\/\/www.prijedordanas.com\/wp-content\/uploads\/2025\/07\/kozarski-dom-za-lica-sa-invaliditetom-2-300x169.jpg 300w, https:\/\/www.prijedordanas.com\/wp-content\/uploads\/2025\/07\/kozarski-dom-za-lica-sa-invaliditetom-2.jpg 600w\" sizes=\"(max-width: 300px) 100vw, 300px\" \/><\/a>Da se u ovoj ustanovi zaista imaju \u010dime pohvaliti, potvr\u0111uje i kulinarska radna terapija, koju su nedavno uveli.<\/p>\n<p>Za potrebe kulinarske sekcije adaptiran je i opremljen prostor u krugu Doma, a \u0161ti\u0107enicima je ovo mnogo vi\u0161e od kuvanja.<\/p>\n<p>Rije\u010d je o vidu radne terapije s ciljem funkcionalne rehabilitacije korisnika.<\/p>\n<p>Koliko im to zna\u010di, uvjerila se i na\u0161a ekipa.<\/p>\n<p><a href=\"https:\/\/www.prijedordanas.com\/wp-content\/uploads\/2025\/07\/kozarski-dom-za-lica-sa-invaliditetom-3.jpg\"><img loading=\"lazy\" decoding=\"async\" src=\"https:\/\/www.prijedordanas.com\/wp-content\/uploads\/2025\/07\/kozarski-dom-za-lica-sa-invaliditetom-3-300x169.jpg\" alt=\"\" width=\"300\" height=\"169\" class=\"alignleft size-medium wp-image-250857\" srcset=\"https:\/\/www.prijedordanas.com\/wp-content\/uploads\/2025\/07\/kozarski-dom-za-lica-sa-invaliditetom-3-300x169.jpg 300w, https:\/\/www.prijedordanas.com\/wp-content\/uploads\/2025\/07\/kozarski-dom-za-lica-sa-invaliditetom-3.jpg 600w\" sizes=\"(max-width: 300px) 100vw, 300px\" \/><\/a>Te\u0161ko je bilo ne primijetiti s kojom predano\u0161\u0107u su poslovali u kuhinji, pod budnim okom terapeuta.<\/p>\n<p>\u201cNjihova uloga u pripremanju hrane posti\u017ee se tako \u0161to razvijaju funkcionalne vje\u0161tine, podsti\u010du svoju kreativnost, a kada vide gotov proizvod, odnosno pripremljenu hranu, to im poma\u017ee u ja\u010danju samopouzdanja. Cilj je da \u0161to vi\u0161e okupiramo na\u0161e korisnike, da njihovo vrijeme u Domu \u0161to kvalitetnije pro\u0111e\u201d, istakla je Dragana Novakovi\u0107, radni terapeut.<\/p>\n<p>Dom za lica sa invaliditetom u Prijedoru trenutno ima 178 \u0161ti\u0107enika, ve\u0107inom iz BiH, dok je nekolicina i iz Hrvatske i Crne Gore.<\/p>\n<p><strong><a href=\"https:\/\/kozarski.com\/prijedor-prvi-u-rs-dobija-smjestaj-za-djecu-s-pervazivnim-poremecajima\/\" target=\"_blank\" rel=\"noopener\">kozarski.com<\/a><\/strong><\/p>\n<p><a href=\"https:\/\/www.prijedordanas.com\/wp-content\/uploads\/2025\/07\/kozarski-dom-za-lica-sa-invaliditetom-5.jpg\"><img loading=\"lazy\" decoding=\"async\" src=\"https:\/\/www.prijedordanas.com\/wp-content\/uploads\/2025\/07\/kozarski-dom-za-lica-sa-invaliditetom-5-300x169.jpg\" alt=\"\" width=\"300\" height=\"169\" class=\"alignleft size-medium wp-image-250858\" srcset=\"https:\/\/www.prijedordanas.com\/wp-content\/uploads\/2025\/07\/kozarski-dom-za-lica-sa-invaliditetom-5-300x169.jpg 300w, https:\/\/www.prijedordanas.com\/wp-content\/uploads\/2025\/07\/kozarski-dom-za-lica-sa-invaliditetom-5.jpg 600w\" sizes=\"(max-width: 300px) 100vw, 300px\" \/><\/a> <a href=\"https:\/\/www.prijedordanas.com\/wp-content\/uploads\/2025\/07\/kozarski-dom-za-lica-sa-invaliditetom-4.jpg\"><img loading=\"lazy\" decoding=\"async\" src=\"https:\/\/www.prijedordanas.com\/wp-content\/uploads\/2025\/07\/kozarski-dom-za-lica-sa-invaliditetom-4-300x169.jpg\" alt=\"\" width=\"300\" height=\"169\" class=\"alignleft size-medium wp-image-250859\" srcset=\"https:\/\/www.prijedordanas.com\/wp-content\/uploads\/2025\/07\/kozarski-dom-za-lica-sa-invaliditetom-4-300x169.jpg 300w, https:\/\/www.prijedordanas.com\/wp-content\/uploads\/2025\/07\/kozarski-dom-za-lica-sa-invaliditetom-4.jpg 600w\" sizes=\"(max-width: 300px) 100vw, 300px\" \/><\/a><\/p>\n<p><iframe loading=\"lazy\" title=\"PRIJEDOR PRVI U RS DOBIJA SMJE\u0160TAJ ZA DJECU S PERVAZIVNIM RAZVOJNIM POREME\u0106AJIMA\" width=\"500\" height=\"281\" src=\"https:\/\/www.youtube.com\/embed\/KB5o3I8MvXE?feature=oembed\" frameborder=\"0\" allow=\"accelerometer; autoplay; clipboard-write; encrypted-media; gyroscope; picture-in-picture; web-share\" referrerpolicy=\"strict-origin-when-cross-origin\" allowfullscreen><\/iframe><\/p>\n","protected":false},"excerpt":{"rendered":"<p>Dom za lica sa invaliditetom Prijedor prva je ustanova u Republici Srpskoj koja \u0107e imati smje\u0161taj za djecu s pervazivnim razvojnim poreme\u0107ajima (PRP). Ve\u0107 je adaptiran prostor za ove namjene, [&hellip;]<\/p>\n","protected":false},"author":1,"featured_media":0,"comment_status":"closed","ping_status":"open","sticky":false,"template":"","format":"standard","meta":{"_monsterinsights_skip_tracking":false,"_monsterinsights_sitenote_active":false,"_monsterinsights_sitenote_note":"","_monsterinsights_sitenote_category":0,"footnotes":""},"categories":[8],"tags":[],"yoast_head":"<!-- This site is optimized with the Yoast SEO plugin v21.6 - https:\/\/yoast.com\/wordpress\/plugins\/seo\/ -->\n<title>Prijedor prvi u RS dobija smje\u0161taj za djecu s pervazivnim poreme\u0107ajima - VIDEO - PrijedorDanas.com - Prijedorski gradski portal<\/title>\n<meta name=\"robots\" content=\"index, follow, max-snippet:-1, max-image-preview:large, max-video-preview:-1\" \/>\n<link rel=\"canonical\" href=\"https:\/\/www.prijedordanas.com\/?p=250854\" \/>\n<meta property=\"og:locale\" content=\"en_US\" \/>\n<meta property=\"og:type\" content=\"article\" \/>\n<meta property=\"og:title\" content=\"Prijedor prvi u RS dobija smje\u0161taj za djecu s pervazivnim poreme\u0107ajima - VIDEO - PrijedorDanas.com - Prijedorski gradski portal\" \/>\n<meta property=\"og:description\" content=\"Dom za lica sa invaliditetom Prijedor prva je ustanova u Republici Srpskoj koja \u0107e imati smje\u0161taj za djecu s pervazivnim razvojnim poreme\u0107ajima (PRP). Ve\u0107 je adaptiran prostor za ove namjene, [&hellip;]\" \/>\n<meta property=\"og:url\" content=\"https:\/\/www.prijedordanas.com\/?p=250854\" \/>\n<meta property=\"og:site_name\" content=\"PrijedorDanas.com - Prijedorski gradski portal\" \/>\n<meta property=\"article:publisher\" content=\"https:\/\/www.facebook.com\/PrijedorDanasCom\/\" \/>\n<meta property=\"article:published_time\" content=\"2025-07-20T14:17:49+00:00\" \/>\n<meta property=\"og:image\" content=\"https:\/\/www.prijedordanas.com\/wp-content\/uploads\/2025\/07\/kozarski-dom-za-lica-sa-invaliditetom-1-300x225.jpg\" \/>\n<meta name=\"author\" content=\"admin\" \/>\n<meta name=\"twitter:card\" content=\"summary_large_image\" \/>\n<meta name=\"twitter:label1\" content=\"Written by\" \/>\n\t<meta name=\"twitter:data1\" content=\"admin\" \/>\n\t<meta name=\"twitter:label2\" content=\"Est. reading time\" \/>\n\t<meta name=\"twitter:data2\" content=\"2 minutes\" \/>\n<script type=\"application\/ld+json\" class=\"yoast-schema-graph\">{\"@context\":\"https:\/\/schema.org\",\"@graph\":[{\"@type\":\"Article\",\"@id\":\"https:\/\/www.prijedordanas.com\/?p=250854#article\",\"isPartOf\":{\"@id\":\"https:\/\/www.prijedordanas.com\/?p=250854\"},\"author\":{\"name\":\"admin\",\"@id\":\"https:\/\/www.prijedordanas.com\/#\/schema\/person\/4e08ccf29b506ca916ff86d46bb700e6\"},\"headline\":\"Prijedor prvi u RS dobija smje\u0161taj za djecu s pervazivnim poreme\u0107ajima &#8211; VIDEO\",\"datePublished\":\"2025-07-20T14:17:49+00:00\",\"dateModified\":\"2025-07-20T14:17:49+00:00\",\"mainEntityOfPage\":{\"@id\":\"https:\/\/www.prijedordanas.com\/?p=250854\"},\"wordCount\":327,\"publisher\":{\"@id\":\"https:\/\/www.prijedordanas.com\/#organization\"},\"articleSection\":[\"Svakodnevno\"],\"inLanguage\":\"en-US\"},{\"@type\":\"WebPage\",\"@id\":\"https:\/\/www.prijedordanas.com\/?p=250854\",\"url\":\"https:\/\/www.prijedordanas.com\/?p=250854\",\"name\":\"Prijedor prvi u RS dobija smje\u0161taj za djecu s pervazivnim poreme\u0107ajima - VIDEO - PrijedorDanas.com - Prijedorski gradski portal\",\"isPartOf\":{\"@id\":\"https:\/\/www.prijedordanas.com\/#website\"},\"datePublished\":\"2025-07-20T14:17:49+00:00\",\"dateModified\":\"2025-07-20T14:17:49+00:00\",\"breadcrumb\":{\"@id\":\"https:\/\/www.prijedordanas.com\/?p=250854#breadcrumb\"},\"inLanguage\":\"en-US\",\"potentialAction\":[{\"@type\":\"ReadAction\",\"target\":[\"https:\/\/www.prijedordanas.com\/?p=250854\"]}]},{\"@type\":\"BreadcrumbList\",\"@id\":\"https:\/\/www.prijedordanas.com\/?p=250854#breadcrumb\",\"itemListElement\":[{\"@type\":\"ListItem\",\"position\":1,\"name\":\"Home\",\"item\":\"https:\/\/www.prijedordanas.com\/\"},{\"@type\":\"ListItem\",\"position\":2,\"name\":\"Prijedor prvi u RS dobija smje\u0161taj za djecu s pervazivnim poreme\u0107ajima &#8211; VIDEO\"}]},{\"@type\":\"WebSite\",\"@id\":\"https:\/\/www.prijedordanas.com\/#website\",\"url\":\"https:\/\/www.prijedordanas.com\/\",\"name\":\"PrijedorDanas.com - Prijedorski gradski portal\",\"description\":\"Portal o doga\u0111anjima u gradu Prijedoru\",\"publisher\":{\"@id\":\"https:\/\/www.prijedordanas.com\/#organization\"},\"potentialAction\":[{\"@type\":\"SearchAction\",\"target\":{\"@type\":\"EntryPoint\",\"urlTemplate\":\"https:\/\/www.prijedordanas.com\/?s={search_term_string}\"},\"query-input\":\"required name=search_term_string\"}],\"inLanguage\":\"en-US\"},{\"@type\":\"Organization\",\"@id\":\"https:\/\/www.prijedordanas.com\/#organization\",\"name\":\"PrijedorDanas.com\",\"url\":\"https:\/\/www.prijedordanas.com\/\",\"logo\":{\"@type\":\"ImageObject\",\"inLanguage\":\"en-US\",\"@id\":\"https:\/\/www.prijedordanas.com\/#\/schema\/logo\/image\/\",\"url\":\"http:\/\/www.prijedordanas.com\/wp-content\/uploads\/2021\/12\/logopng.png\",\"contentUrl\":\"http:\/\/www.prijedordanas.com\/wp-content\/uploads\/2021\/12\/logopng.png\",\"width\":1019,\"height\":776,\"caption\":\"PrijedorDanas.com\"},\"image\":{\"@id\":\"https:\/\/www.prijedordanas.com\/#\/schema\/logo\/image\/\"},\"sameAs\":[\"https:\/\/www.facebook.com\/PrijedorDanasCom\/\"]},{\"@type\":\"Person\",\"@id\":\"https:\/\/www.prijedordanas.com\/#\/schema\/person\/4e08ccf29b506ca916ff86d46bb700e6\",\"name\":\"admin\",\"image\":{\"@type\":\"ImageObject\",\"inLanguage\":\"en-US\",\"@id\":\"https:\/\/www.prijedordanas.com\/#\/schema\/person\/image\/\",\"url\":\"https:\/\/secure.gravatar.com\/avatar\/1d3fc949d550f0b53a5f0d51e06dfd79?s=96&d=mm&r=g\",\"contentUrl\":\"https:\/\/secure.gravatar.com\/avatar\/1d3fc949d550f0b53a5f0d51e06dfd79?s=96&d=mm&r=g\",\"caption\":\"admin\"},\"url\":\"https:\/\/www.prijedordanas.com\/?author=1\"}]}<\/script>\n<!-- \/ Yoast SEO plugin. -->","yoast_head_json":{"title":"Prijedor prvi u RS dobija smje\u0161taj za djecu s pervazivnim poreme\u0107ajima - VIDEO - PrijedorDanas.com - Prijedorski gradski portal","robots":{"index":"index","follow":"follow","max-snippet":"max-snippet:-1","max-image-preview":"max-image-preview:large","max-video-preview":"max-video-preview:-1"},"canonical":"https:\/\/www.prijedordanas.com\/?p=250854","og_locale":"en_US","og_type":"article","og_title":"Prijedor prvi u RS dobija smje\u0161taj za djecu s pervazivnim poreme\u0107ajima - VIDEO - PrijedorDanas.com - Prijedorski gradski portal","og_description":"Dom za lica sa invaliditetom Prijedor prva je ustanova u Republici Srpskoj koja \u0107e imati smje\u0161taj za djecu s pervazivnim razvojnim poreme\u0107ajima (PRP). Ve\u0107 je adaptiran prostor za ove namjene, [&hellip;]","og_url":"https:\/\/www.prijedordanas.com\/?p=250854","og_site_name":"PrijedorDanas.com - Prijedorski gradski portal","article_publisher":"https:\/\/www.facebook.com\/PrijedorDanasCom\/","article_published_time":"2025-07-20T14:17:49+00:00","og_image":[{"url":"https:\/\/www.prijedordanas.com\/wp-content\/uploads\/2025\/07\/kozarski-dom-za-lica-sa-invaliditetom-1-300x225.jpg"}],"author":"admin","twitter_card":"summary_large_image","twitter_misc":{"Written by":"admin","Est. reading time":"2 minutes"},"schema":{"@context":"https:\/\/schema.org","@graph":[{"@type":"Article","@id":"https:\/\/www.prijedordanas.com\/?p=250854#article","isPartOf":{"@id":"https:\/\/www.prijedordanas.com\/?p=250854"},"author":{"name":"admin","@id":"https:\/\/www.prijedordanas.com\/#\/schema\/person\/4e08ccf29b506ca916ff86d46bb700e6"},"headline":"Prijedor prvi u RS dobija smje\u0161taj za djecu s pervazivnim poreme\u0107ajima &#8211; VIDEO","datePublished":"2025-07-20T14:17:49+00:00","dateModified":"2025-07-20T14:17:49+00:00","mainEntityOfPage":{"@id":"https:\/\/www.prijedordanas.com\/?p=250854"},"wordCount":327,"publisher":{"@id":"https:\/\/www.prijedordanas.com\/#organization"},"articleSection":["Svakodnevno"],"inLanguage":"en-US"},{"@type":"WebPage","@id":"https:\/\/www.prijedordanas.com\/?p=250854","url":"https:\/\/www.prijedordanas.com\/?p=250854","name":"Prijedor prvi u RS dobija smje\u0161taj za djecu s pervazivnim poreme\u0107ajima - VIDEO - PrijedorDanas.com - Prijedorski gradski portal","isPartOf":{"@id":"https:\/\/www.prijedordanas.com\/#website"},"datePublished":"2025-07-20T14:17:49+00:00","dateModified":"2025-07-20T14:17:49+00:00","breadcrumb":{"@id":"https:\/\/www.prijedordanas.com\/?p=250854#breadcrumb"},"inLanguage":"en-US","potentialAction":[{"@type":"ReadAction","target":["https:\/\/www.prijedordanas.com\/?p=250854"]}]},{"@type":"BreadcrumbList","@id":"https:\/\/www.prijedordanas.com\/?p=250854#breadcrumb","itemListElement":[{"@type":"ListItem","position":1,"name":"Home","item":"https:\/\/www.prijedordanas.com\/"},{"@type":"ListItem","position":2,"name":"Prijedor prvi u RS dobija smje\u0161taj za djecu s pervazivnim poreme\u0107ajima &#8211; VIDEO"}]},{"@type":"WebSite","@id":"https:\/\/www.prijedordanas.com\/#website","url":"https:\/\/www.prijedordanas.com\/","name":"PrijedorDanas.com - Prijedorski gradski portal","description":"Portal o doga\u0111anjima u gradu Prijedoru","publisher":{"@id":"https:\/\/www.prijedordanas.com\/#organization"},"potentialAction":[{"@type":"SearchAction","target":{"@type":"EntryPoint","urlTemplate":"https:\/\/www.prijedordanas.com\/?s={search_term_string}"},"query-input":"required name=search_term_string"}],"inLanguage":"en-US"},{"@type":"Organization","@id":"https:\/\/www.prijedordanas.com\/#organization","name":"PrijedorDanas.com","url":"https:\/\/www.prijedordanas.com\/","logo":{"@type":"ImageObject","inLanguage":"en-US","@id":"https:\/\/www.prijedordanas.com\/#\/schema\/logo\/image\/","url":"http:\/\/www.prijedordanas.com\/wp-content\/uploads\/2021\/12\/logopng.png","contentUrl":"http:\/\/www.prijedordanas.com\/wp-content\/uploads\/2021\/12\/logopng.png","width":1019,"height":776,"caption":"PrijedorDanas.com"},"image":{"@id":"https:\/\/www.prijedordanas.com\/#\/schema\/logo\/image\/"},"sameAs":["https:\/\/www.facebook.com\/PrijedorDanasCom\/"]},{"@type":"Person","@id":"https:\/\/www.prijedordanas.com\/#\/schema\/person\/4e08ccf29b506ca916ff86d46bb700e6","name":"admin","image":{"@type":"ImageObject","inLanguage":"en-US","@id":"https:\/\/www.prijedordanas.com\/#\/schema\/person\/image\/","url":"https:\/\/secure.gravatar.com\/avatar\/1d3fc949d550f0b53a5f0d51e06dfd79?s=96&d=mm&r=g","contentUrl":"https:\/\/secure.gravatar.com\/avatar\/1d3fc949d550f0b53a5f0d51e06dfd79?s=96&d=mm&r=g","caption":"admin"},"url":"https:\/\/www.prijedordanas.com\/?author=1"}]}},"_links":{"self":[{"href":"https:\/\/www.prijedordanas.com\/index.php?rest_route=\/wp\/v2\/posts\/250854"}],"collection":[{"href":"https:\/\/www.prijedordanas.com\/index.php?rest_route=\/wp\/v2\/posts"}],"about":[{"href":"https:\/\/www.prijedordanas.com\/index.php?rest_route=\/wp\/v2\/types\/post"}],"author":[{"embeddable":true,"href":"https:\/\/www.prijedordanas.com\/index.php?rest_route=\/wp\/v2\/users\/1"}],"replies":[{"embeddable":true,"href":"https:\/\/www.prijedordanas.com\/index.php?rest_route=%2Fwp%2Fv2%2Fcomments&post=250854"}],"version-history":[{"count":1,"href":"https:\/\/www.prijedordanas.com\/index.php?rest_route=\/wp\/v2\/posts\/250854\/revisions"}],"predecessor-version":[{"id":250860,"href":"https:\/\/www.prijedordanas.com\/index.php?rest_route=\/wp\/v2\/posts\/250854\/revisions\/250860"}],"wp:attachment":[{"href":"https:\/\/www.prijedordanas.com\/index.php?rest_route=%2Fwp%2Fv2%2Fmedia&parent=250854"}],"wp:term":[{"taxonomy":"category","embeddable":true,"href":"https:\/\/www.prijedordanas.com\/index.php?rest_route=%2Fwp%2Fv2%2Fcategories&post=250854"},{"taxonomy":"post_tag","embeddable":true,"href":"https:\/\/www.prijedordanas.com\/index.php?rest_route=%2Fwp%2Fv2%2Ftags&post=250854"}],"curies":[{"name":"wp","href":"https:\/\/api.w.org\/{rel}","templated":true}]}}