{"id":250823,"date":"2025-07-19T16:13:58","date_gmt":"2025-07-19T14:13:58","guid":{"rendered":"https:\/\/www.prijedordanas.com\/?p=250823"},"modified":"2025-07-19T16:13:58","modified_gmt":"2025-07-19T14:13:58","slug":"spanska-veza-u-gradu-na-sani-abel-pascual-urbon-i-roberto-corral-novi-fudbaleri-rudar-prijedora","status":"publish","type":"post","link":"https:\/\/www.prijedordanas.com\/?p=250823","title":{"rendered":"\u0160panska veza u gradu na Sani: Abel Pascual Urbon i Roberto Corral novi fudbaleri &#8220;Rudar-Prijedora&#8221;"},"content":{"rendered":"<p><a href=\"https:\/\/www.prijedordanas.com\/wp-content\/uploads\/2025\/07\/rudarpd-abel-roberto.jpg\"><img loading=\"lazy\" decoding=\"async\" src=\"https:\/\/www.prijedordanas.com\/wp-content\/uploads\/2025\/07\/rudarpd-abel-roberto-300x225.jpg\" alt=\"\" width=\"300\" height=\"225\" class=\"alignleft size-medium wp-image-250824\" srcset=\"https:\/\/www.prijedordanas.com\/wp-content\/uploads\/2025\/07\/rudarpd-abel-roberto-300x225.jpg 300w, https:\/\/www.prijedordanas.com\/wp-content\/uploads\/2025\/07\/rudarpd-abel-roberto-640x480.jpg 640w, https:\/\/www.prijedordanas.com\/wp-content\/uploads\/2025\/07\/rudarpd-abel-roberto.jpg 667w\" sizes=\"(max-width: 300px) 100vw, 300px\" \/><\/a>Abel Pascual Urbon i Roberto Corral novi su fudbaleri FK Rudar-Prijedor.<\/p>\n<p>Abel pokriva poziciju \u0161topera i desnog beka, dolazi iz tre\u0107e lige \u0160panije, gdje je za svoj klub pro\u0161le sezone upisao 35 nastupa. <\/p>\n<p>-Nadamo se da \u0107e Abel dati poseban &#8220;\u0161panski \u0161tih&#8221; posljednjoj liniji na\u0161e ekipe &#8211; navode u premijerliga\u0161u iz grada na Sani.<\/p>\n<p>Roberto pokriva poziciju lijevog bo\u010dnog igra\u010da, u svojoj karijeri je nastupao za klubove iz \u0160panije, Poljske i Ukrajine i sigurno \u0107e biti veliko poja\u010danje za \u017euto-plave u nastupaju\u0107oj sezoni.<\/p>\n<p>-Momci, dobro do\u0161li. \u017delimo vam mnogo sre\u0107e i uspjeha u na\u0161em klubu &#8211; poru\u010duju iz Rudar-Prijedora.<\/p>\n<p>Priredio \u2013 <a href=\"https:\/\/www.prijedordanas.com\" target=\"_blank\" rel=\"noopener noreferrer\">www.prijedordanas.com<\/a><br \/>\nFoto &#8211; FK Rudar-Prijedor<\/p>\n<p><a href=\"https:\/\/www.prijedordanas.com\/wp-content\/uploads\/2025\/07\/rudarpd-abel-pascual-urbon.jpg\"><img loading=\"lazy\" decoding=\"async\" src=\"https:\/\/www.prijedordanas.com\/wp-content\/uploads\/2025\/07\/rudarpd-abel-pascual-urbon-240x300.jpg\" alt=\"\" width=\"240\" height=\"300\" class=\"alignleft size-medium wp-image-250825\" srcset=\"https:\/\/www.prijedordanas.com\/wp-content\/uploads\/2025\/07\/rudarpd-abel-pascual-urbon-240x300.jpg 240w, https:\/\/www.prijedordanas.com\/wp-content\/uploads\/2025\/07\/rudarpd-abel-pascual-urbon.jpg 480w\" sizes=\"(max-width: 240px) 100vw, 240px\" \/><\/a> <a href=\"https:\/\/www.prijedordanas.com\/wp-content\/uploads\/2025\/07\/rudarpd-roberto-corral.jpg\"><img loading=\"lazy\" decoding=\"async\" src=\"https:\/\/www.prijedordanas.com\/wp-content\/uploads\/2025\/07\/rudarpd-roberto-corral-240x300.jpg\" alt=\"\" width=\"240\" height=\"300\" class=\"alignleft size-medium wp-image-250826\" srcset=\"https:\/\/www.prijedordanas.com\/wp-content\/uploads\/2025\/07\/rudarpd-roberto-corral-240x300.jpg 240w, https:\/\/www.prijedordanas.com\/wp-content\/uploads\/2025\/07\/rudarpd-roberto-corral.jpg 480w\" sizes=\"(max-width: 240px) 100vw, 240px\" \/><\/a><\/p>\n","protected":false},"excerpt":{"rendered":"<p>Abel Pascual Urbon i Roberto Corral novi su fudbaleri FK Rudar-Prijedor. Abel pokriva poziciju \u0161topera i desnog beka, dolazi iz tre\u0107e lige \u0160panije, gdje je za svoj klub pro\u0161le sezone [&hellip;]<\/p>\n","protected":false},"author":1,"featured_media":0,"comment_status":"closed","ping_status":"open","sticky":false,"template":"","format":"standard","meta":{"_monsterinsights_skip_tracking":false,"_monsterinsights_sitenote_active":false,"_monsterinsights_sitenote_note":"","_monsterinsights_sitenote_category":0,"footnotes":""},"categories":[7],"tags":[],"yoast_head":"<!-- This site is optimized with the Yoast SEO plugin v21.6 - https:\/\/yoast.com\/wordpress\/plugins\/seo\/ -->\n<title>\u0160panska veza u gradu na Sani: Abel Pascual Urbon i Roberto Corral novi fudbaleri &quot;Rudar-Prijedora&quot; - PrijedorDanas.com - Prijedorski gradski portal<\/title>\n<meta name=\"robots\" content=\"index, follow, max-snippet:-1, max-image-preview:large, max-video-preview:-1\" \/>\n<link rel=\"canonical\" href=\"https:\/\/www.prijedordanas.com\/?p=250823\" \/>\n<meta property=\"og:locale\" content=\"en_US\" \/>\n<meta property=\"og:type\" content=\"article\" \/>\n<meta property=\"og:title\" content=\"\u0160panska veza u gradu na Sani: Abel Pascual Urbon i Roberto Corral novi fudbaleri &quot;Rudar-Prijedora&quot; - PrijedorDanas.com - Prijedorski gradski portal\" \/>\n<meta property=\"og:description\" content=\"Abel Pascual Urbon i Roberto Corral novi su fudbaleri FK Rudar-Prijedor. Abel pokriva poziciju \u0161topera i desnog beka, dolazi iz tre\u0107e lige \u0160panije, gdje je za svoj klub pro\u0161le sezone [&hellip;]\" \/>\n<meta property=\"og:url\" content=\"https:\/\/www.prijedordanas.com\/?p=250823\" \/>\n<meta property=\"og:site_name\" content=\"PrijedorDanas.com - Prijedorski gradski portal\" \/>\n<meta property=\"article:publisher\" content=\"https:\/\/www.facebook.com\/PrijedorDanasCom\/\" \/>\n<meta property=\"article:published_time\" content=\"2025-07-19T14:13:58+00:00\" \/>\n<meta property=\"og:image\" content=\"https:\/\/www.prijedordanas.com\/wp-content\/uploads\/2025\/07\/rudarpd-abel-roberto-300x225.jpg\" \/>\n<meta name=\"author\" content=\"admin\" \/>\n<meta name=\"twitter:card\" content=\"summary_large_image\" \/>\n<meta name=\"twitter:label1\" content=\"Written by\" \/>\n\t<meta name=\"twitter:data1\" content=\"admin\" \/>\n<script type=\"application\/ld+json\" class=\"yoast-schema-graph\">{\"@context\":\"https:\/\/schema.org\",\"@graph\":[{\"@type\":\"Article\",\"@id\":\"https:\/\/www.prijedordanas.com\/?p=250823#article\",\"isPartOf\":{\"@id\":\"https:\/\/www.prijedordanas.com\/?p=250823\"},\"author\":{\"name\":\"admin\",\"@id\":\"https:\/\/www.prijedordanas.com\/#\/schema\/person\/4e08ccf29b506ca916ff86d46bb700e6\"},\"headline\":\"\u0160panska veza u gradu na Sani: Abel Pascual Urbon i Roberto Corral novi fudbaleri &#8220;Rudar-Prijedora&#8221;\",\"datePublished\":\"2025-07-19T14:13:58+00:00\",\"dateModified\":\"2025-07-19T14:13:58+00:00\",\"mainEntityOfPage\":{\"@id\":\"https:\/\/www.prijedordanas.com\/?p=250823\"},\"wordCount\":133,\"publisher\":{\"@id\":\"https:\/\/www.prijedordanas.com\/#organization\"},\"articleSection\":[\"Sport\"],\"inLanguage\":\"en-US\"},{\"@type\":\"WebPage\",\"@id\":\"https:\/\/www.prijedordanas.com\/?p=250823\",\"url\":\"https:\/\/www.prijedordanas.com\/?p=250823\",\"name\":\"\u0160panska veza u gradu na Sani: Abel Pascual Urbon i Roberto Corral novi fudbaleri \\\"Rudar-Prijedora\\\" - PrijedorDanas.com - Prijedorski gradski portal\",\"isPartOf\":{\"@id\":\"https:\/\/www.prijedordanas.com\/#website\"},\"datePublished\":\"2025-07-19T14:13:58+00:00\",\"dateModified\":\"2025-07-19T14:13:58+00:00\",\"breadcrumb\":{\"@id\":\"https:\/\/www.prijedordanas.com\/?p=250823#breadcrumb\"},\"inLanguage\":\"en-US\",\"potentialAction\":[{\"@type\":\"ReadAction\",\"target\":[\"https:\/\/www.prijedordanas.com\/?p=250823\"]}]},{\"@type\":\"BreadcrumbList\",\"@id\":\"https:\/\/www.prijedordanas.com\/?p=250823#breadcrumb\",\"itemListElement\":[{\"@type\":\"ListItem\",\"position\":1,\"name\":\"Home\",\"item\":\"https:\/\/www.prijedordanas.com\/\"},{\"@type\":\"ListItem\",\"position\":2,\"name\":\"\u0160panska veza u gradu na Sani: Abel Pascual Urbon i Roberto Corral novi fudbaleri &#8220;Rudar-Prijedora&#8221;\"}]},{\"@type\":\"WebSite\",\"@id\":\"https:\/\/www.prijedordanas.com\/#website\",\"url\":\"https:\/\/www.prijedordanas.com\/\",\"name\":\"PrijedorDanas.com - Prijedorski gradski portal\",\"description\":\"Portal o doga\u0111anjima u gradu Prijedoru\",\"publisher\":{\"@id\":\"https:\/\/www.prijedordanas.com\/#organization\"},\"potentialAction\":[{\"@type\":\"SearchAction\",\"target\":{\"@type\":\"EntryPoint\",\"urlTemplate\":\"https:\/\/www.prijedordanas.com\/?s={search_term_string}\"},\"query-input\":\"required name=search_term_string\"}],\"inLanguage\":\"en-US\"},{\"@type\":\"Organization\",\"@id\":\"https:\/\/www.prijedordanas.com\/#organization\",\"name\":\"PrijedorDanas.com\",\"url\":\"https:\/\/www.prijedordanas.com\/\",\"logo\":{\"@type\":\"ImageObject\",\"inLanguage\":\"en-US\",\"@id\":\"https:\/\/www.prijedordanas.com\/#\/schema\/logo\/image\/\",\"url\":\"http:\/\/www.prijedordanas.com\/wp-content\/uploads\/2021\/12\/logopng.png\",\"contentUrl\":\"http:\/\/www.prijedordanas.com\/wp-content\/uploads\/2021\/12\/logopng.png\",\"width\":1019,\"height\":776,\"caption\":\"PrijedorDanas.com\"},\"image\":{\"@id\":\"https:\/\/www.prijedordanas.com\/#\/schema\/logo\/image\/\"},\"sameAs\":[\"https:\/\/www.facebook.com\/PrijedorDanasCom\/\"]},{\"@type\":\"Person\",\"@id\":\"https:\/\/www.prijedordanas.com\/#\/schema\/person\/4e08ccf29b506ca916ff86d46bb700e6\",\"name\":\"admin\",\"image\":{\"@type\":\"ImageObject\",\"inLanguage\":\"en-US\",\"@id\":\"https:\/\/www.prijedordanas.com\/#\/schema\/person\/image\/\",\"url\":\"https:\/\/secure.gravatar.com\/avatar\/1d3fc949d550f0b53a5f0d51e06dfd79?s=96&d=mm&r=g\",\"contentUrl\":\"https:\/\/secure.gravatar.com\/avatar\/1d3fc949d550f0b53a5f0d51e06dfd79?s=96&d=mm&r=g\",\"caption\":\"admin\"},\"url\":\"https:\/\/www.prijedordanas.com\/?author=1\"}]}<\/script>\n<!-- \/ Yoast SEO plugin. -->","yoast_head_json":{"title":"\u0160panska veza u gradu na Sani: Abel Pascual Urbon i Roberto Corral novi fudbaleri \"Rudar-Prijedora\" - PrijedorDanas.com - Prijedorski gradski portal","robots":{"index":"index","follow":"follow","max-snippet":"max-snippet:-1","max-image-preview":"max-image-preview:large","max-video-preview":"max-video-preview:-1"},"canonical":"https:\/\/www.prijedordanas.com\/?p=250823","og_locale":"en_US","og_type":"article","og_title":"\u0160panska veza u gradu na Sani: Abel Pascual Urbon i Roberto Corral novi fudbaleri \"Rudar-Prijedora\" - PrijedorDanas.com - Prijedorski gradski portal","og_description":"Abel Pascual Urbon i Roberto Corral novi su fudbaleri FK Rudar-Prijedor. Abel pokriva poziciju \u0161topera i desnog beka, dolazi iz tre\u0107e lige \u0160panije, gdje je za svoj klub pro\u0161le sezone [&hellip;]","og_url":"https:\/\/www.prijedordanas.com\/?p=250823","og_site_name":"PrijedorDanas.com - Prijedorski gradski portal","article_publisher":"https:\/\/www.facebook.com\/PrijedorDanasCom\/","article_published_time":"2025-07-19T14:13:58+00:00","og_image":[{"url":"https:\/\/www.prijedordanas.com\/wp-content\/uploads\/2025\/07\/rudarpd-abel-roberto-300x225.jpg"}],"author":"admin","twitter_card":"summary_large_image","twitter_misc":{"Written by":"admin"},"schema":{"@context":"https:\/\/schema.org","@graph":[{"@type":"Article","@id":"https:\/\/www.prijedordanas.com\/?p=250823#article","isPartOf":{"@id":"https:\/\/www.prijedordanas.com\/?p=250823"},"author":{"name":"admin","@id":"https:\/\/www.prijedordanas.com\/#\/schema\/person\/4e08ccf29b506ca916ff86d46bb700e6"},"headline":"\u0160panska veza u gradu na Sani: Abel Pascual Urbon i Roberto Corral novi fudbaleri &#8220;Rudar-Prijedora&#8221;","datePublished":"2025-07-19T14:13:58+00:00","dateModified":"2025-07-19T14:13:58+00:00","mainEntityOfPage":{"@id":"https:\/\/www.prijedordanas.com\/?p=250823"},"wordCount":133,"publisher":{"@id":"https:\/\/www.prijedordanas.com\/#organization"},"articleSection":["Sport"],"inLanguage":"en-US"},{"@type":"WebPage","@id":"https:\/\/www.prijedordanas.com\/?p=250823","url":"https:\/\/www.prijedordanas.com\/?p=250823","name":"\u0160panska veza u gradu na Sani: Abel Pascual Urbon i Roberto Corral novi fudbaleri \"Rudar-Prijedora\" - PrijedorDanas.com - Prijedorski gradski portal","isPartOf":{"@id":"https:\/\/www.prijedordanas.com\/#website"},"datePublished":"2025-07-19T14:13:58+00:00","dateModified":"2025-07-19T14:13:58+00:00","breadcrumb":{"@id":"https:\/\/www.prijedordanas.com\/?p=250823#breadcrumb"},"inLanguage":"en-US","potentialAction":[{"@type":"ReadAction","target":["https:\/\/www.prijedordanas.com\/?p=250823"]}]},{"@type":"BreadcrumbList","@id":"https:\/\/www.prijedordanas.com\/?p=250823#breadcrumb","itemListElement":[{"@type":"ListItem","position":1,"name":"Home","item":"https:\/\/www.prijedordanas.com\/"},{"@type":"ListItem","position":2,"name":"\u0160panska veza u gradu na Sani: Abel Pascual Urbon i Roberto Corral novi fudbaleri &#8220;Rudar-Prijedora&#8221;"}]},{"@type":"WebSite","@id":"https:\/\/www.prijedordanas.com\/#website","url":"https:\/\/www.prijedordanas.com\/","name":"PrijedorDanas.com - Prijedorski gradski portal","description":"Portal o doga\u0111anjima u gradu Prijedoru","publisher":{"@id":"https:\/\/www.prijedordanas.com\/#organization"},"potentialAction":[{"@type":"SearchAction","target":{"@type":"EntryPoint","urlTemplate":"https:\/\/www.prijedordanas.com\/?s={search_term_string}"},"query-input":"required name=search_term_string"}],"inLanguage":"en-US"},{"@type":"Organization","@id":"https:\/\/www.prijedordanas.com\/#organization","name":"PrijedorDanas.com","url":"https:\/\/www.prijedordanas.com\/","logo":{"@type":"ImageObject","inLanguage":"en-US","@id":"https:\/\/www.prijedordanas.com\/#\/schema\/logo\/image\/","url":"http:\/\/www.prijedordanas.com\/wp-content\/uploads\/2021\/12\/logopng.png","contentUrl":"http:\/\/www.prijedordanas.com\/wp-content\/uploads\/2021\/12\/logopng.png","width":1019,"height":776,"caption":"PrijedorDanas.com"},"image":{"@id":"https:\/\/www.prijedordanas.com\/#\/schema\/logo\/image\/"},"sameAs":["https:\/\/www.facebook.com\/PrijedorDanasCom\/"]},{"@type":"Person","@id":"https:\/\/www.prijedordanas.com\/#\/schema\/person\/4e08ccf29b506ca916ff86d46bb700e6","name":"admin","image":{"@type":"ImageObject","inLanguage":"en-US","@id":"https:\/\/www.prijedordanas.com\/#\/schema\/person\/image\/","url":"https:\/\/secure.gravatar.com\/avatar\/1d3fc949d550f0b53a5f0d51e06dfd79?s=96&d=mm&r=g","contentUrl":"https:\/\/secure.gravatar.com\/avatar\/1d3fc949d550f0b53a5f0d51e06dfd79?s=96&d=mm&r=g","caption":"admin"},"url":"https:\/\/www.prijedordanas.com\/?author=1"}]}},"_links":{"self":[{"href":"https:\/\/www.prijedordanas.com\/index.php?rest_route=\/wp\/v2\/posts\/250823"}],"collection":[{"href":"https:\/\/www.prijedordanas.com\/index.php?rest_route=\/wp\/v2\/posts"}],"about":[{"href":"https:\/\/www.prijedordanas.com\/index.php?rest_route=\/wp\/v2\/types\/post"}],"author":[{"embeddable":true,"href":"https:\/\/www.prijedordanas.com\/index.php?rest_route=\/wp\/v2\/users\/1"}],"replies":[{"embeddable":true,"href":"https:\/\/www.prijedordanas.com\/index.php?rest_route=%2Fwp%2Fv2%2Fcomments&post=250823"}],"version-history":[{"count":1,"href":"https:\/\/www.prijedordanas.com\/index.php?rest_route=\/wp\/v2\/posts\/250823\/revisions"}],"predecessor-version":[{"id":250827,"href":"https:\/\/www.prijedordanas.com\/index.php?rest_route=\/wp\/v2\/posts\/250823\/revisions\/250827"}],"wp:attachment":[{"href":"https:\/\/www.prijedordanas.com\/index.php?rest_route=%2Fwp%2Fv2%2Fmedia&parent=250823"}],"wp:term":[{"taxonomy":"category","embeddable":true,"href":"https:\/\/www.prijedordanas.com\/index.php?rest_route=%2Fwp%2Fv2%2Fcategories&post=250823"},{"taxonomy":"post_tag","embeddable":true,"href":"https:\/\/www.prijedordanas.com\/index.php?rest_route=%2Fwp%2Fv2%2Ftags&post=250823"}],"curies":[{"name":"wp","href":"https:\/\/api.w.org\/{rel}","templated":true}]}}