{"id":25075,"date":"2015-06-30T18:26:58","date_gmt":"2015-06-30T17:26:58","guid":{"rendered":"https:\/\/www.prijedordanas.com\/?p=25075"},"modified":"2015-06-30T18:26:58","modified_gmt":"2015-06-30T17:26:58","slug":"muhidin-saric-i-mirsad-abdagic-kike-nominovani-za-nagradu-astrid-lindgren-2016","status":"publish","type":"post","link":"https:\/\/www.prijedordanas.com\/?p=25075","title":{"rendered":"MUHIDIN \u0160ARI\u0106 I MIRSAD ABDAGI\u0106 KIKE NOMINOVANI ZA NAGRADU ASTRID LINDGREN 2016"},"content":{"rendered":"<p><a href=\"https:\/\/www.prijedordanas.com\/wp-content\/uploads\/2015\/06\/muhidin-saric.jpg\"><img loading=\"lazy\" decoding=\"async\" class=\"alignleft size-medium wp-image-25076\" src=\"https:\/\/www.prijedordanas.com\/wp-content\/uploads\/2015\/06\/muhidin-saric-286x300.jpg\" alt=\"muhidin saric\" width=\"286\" height=\"300\" srcset=\"https:\/\/www.prijedordanas.com\/wp-content\/uploads\/2015\/06\/muhidin-saric-286x300.jpg 286w, https:\/\/www.prijedordanas.com\/wp-content\/uploads\/2015\/06\/muhidin-saric.jpg 572w\" sizes=\"(max-width: 286px) 100vw, 286px\" \/><\/a>Nacionalna i univerzitetska biblioteka Bosne i Hercegovine (NUBBiH) za nagradu The Astrid Lindgren Memorial Award za 2016. godinu nominovala je Muhidina \u0160ari\u0107a i Mirsada Abdagi\u0107a Kiketa.<\/p>\n<p>NUBBiH je od 2007. godine jedino nominacijsko tijelo iz BiH za nagradu Astrid Lindgren ovla\u0161ten od \u0160vedskog umjetni\u010dkog vije\u0107a (Swedish Arts Council).<\/p>\n<p>Ova presti\u017ena nagrada za dje\u010diju knji\u017eevnost dodjeljuje se na godi\u0161njem nivou jednom od svjetski prepoznatljivih pisaca za djecu.<\/p>\n<p>Muhidin \u0160ari\u0107 ro\u0111en je u Prijedoru, pi\u0161e poeziju, prozu i drame, a u knji\u017eevnosti se javio zbirkom pjesama za djecu &#8220;Spava li dan u mraku\u201c 1976. godine, a za svoj rad je dobio vi\u0161e nagrada.<\/p>\n<p>Mirsad Abdagi\u0107 Kike, prvi po\u010dasni ambasador &#8220;Malih ambasadora mira&#8221;, &#8220;Vitez dje\u010dijeg osmijeha&#8221;, dje\u010diji pjesnik, zabavlja\u010d, muzi\u010dar, radio i TV-voditelj i trash artist ro\u0111en je u Sarajevu i autor je brojnih radio i TV emisija namijenjenih djeci. Ima vi\u0161e od 500 priredbi za djecu po atomskim skloni\u0161tima, podrumima i bolnicama tokom rata u Bosni i Hercegovini donijelo mu je ljubav i povjerenje ne samo najmla\u0111ih, te je jedna od najomiljenijih javnih li\u010dnosti u svojoj zemlji.<\/p>\n<p>Promocija nominovanih kandidata za The Astrid Lindgren Memorial Award za 2016. godinu odr\u017eat \u0107e se na Sajmu knjiga u Frankfurtu u oktobru, saop\u0107eno je iz NUBBiH.<\/p>\n<p>Astrid Lindgren ro\u0111ena je 1907. godine u \u0160vedskoj. Njena djela prevedena su na vi\u0161e od 95 jezika \u0161to je \u010dini jednom od najpopularnijih pisaca dje\u010dije knji\u017eevnosti. Stekla je slavu stvoriv\u0161i knji\u017eevnu junakinju Pipi Dugu \u010carapu. Umrla je 2002. godine u \u0160tokholmu kada je i \u0160vedska vlada ustanovila nagradu Astrid Lindgren (Astrid Lindgren Memorial Award, ALMA).<\/p>\n<p>Tekst \u2013 FENA<br \/>\nFoto &#8211; Aleksandar Drakuli\u0107 \u2013 <a href=\"www.prijedordanas.com\" target=\"_blank\">www.prijedordanas.com<\/a><\/p>\n","protected":false},"excerpt":{"rendered":"<p>Nacionalna i univerzitetska biblioteka Bosne i Hercegovine (NUBBiH) za nagradu The Astrid Lindgren Memorial Award za 2016. godinu nominovala je Muhidina \u0160ari\u0107a i Mirsada Abdagi\u0107a Kiketa. NUBBiH je od 2007. [&hellip;]<\/p>\n","protected":false},"author":1,"featured_media":0,"comment_status":"closed","ping_status":"open","sticky":false,"template":"","format":"standard","meta":{"_monsterinsights_skip_tracking":false,"_monsterinsights_sitenote_active":false,"_monsterinsights_sitenote_note":"","_monsterinsights_sitenote_category":0,"footnotes":""},"categories":[6],"tags":[4047],"yoast_head":"<!-- This site is optimized with the Yoast SEO plugin v21.6 - https:\/\/yoast.com\/wordpress\/plugins\/seo\/ -->\n<title>MUHIDIN \u0160ARI\u0106 I MIRSAD ABDAGI\u0106 KIKE NOMINOVANI ZA NAGRADU ASTRID LINDGREN 2016 - PrijedorDanas.com - Prijedorski gradski portal<\/title>\n<meta name=\"robots\" content=\"index, follow, max-snippet:-1, max-image-preview:large, max-video-preview:-1\" \/>\n<link rel=\"canonical\" href=\"https:\/\/www.prijedordanas.com\/?p=25075\" \/>\n<meta property=\"og:locale\" content=\"en_US\" \/>\n<meta property=\"og:type\" content=\"article\" \/>\n<meta property=\"og:title\" content=\"MUHIDIN \u0160ARI\u0106 I MIRSAD ABDAGI\u0106 KIKE NOMINOVANI ZA NAGRADU ASTRID LINDGREN 2016 - PrijedorDanas.com - Prijedorski gradski portal\" \/>\n<meta property=\"og:description\" content=\"Nacionalna i univerzitetska biblioteka Bosne i Hercegovine (NUBBiH) za nagradu The Astrid Lindgren Memorial Award za 2016. godinu nominovala je Muhidina \u0160ari\u0107a i Mirsada Abdagi\u0107a Kiketa. NUBBiH je od 2007. [&hellip;]\" \/>\n<meta property=\"og:url\" content=\"https:\/\/www.prijedordanas.com\/?p=25075\" \/>\n<meta property=\"og:site_name\" content=\"PrijedorDanas.com - Prijedorski gradski portal\" \/>\n<meta property=\"article:publisher\" content=\"https:\/\/www.facebook.com\/PrijedorDanasCom\/\" \/>\n<meta property=\"article:published_time\" content=\"2015-06-30T17:26:58+00:00\" \/>\n<meta property=\"og:image\" content=\"https:\/\/www.prijedordanas.com\/wp-content\/uploads\/2015\/06\/muhidin-saric-286x300.jpg\" \/>\n<meta name=\"author\" content=\"admin\" \/>\n<meta name=\"twitter:card\" content=\"summary_large_image\" \/>\n<meta name=\"twitter:label1\" content=\"Written by\" \/>\n\t<meta name=\"twitter:data1\" content=\"admin\" \/>\n\t<meta name=\"twitter:label2\" content=\"Est. reading time\" \/>\n\t<meta name=\"twitter:data2\" content=\"1 minute\" \/>\n<script type=\"application\/ld+json\" class=\"yoast-schema-graph\">{\"@context\":\"https:\/\/schema.org\",\"@graph\":[{\"@type\":\"Article\",\"@id\":\"https:\/\/www.prijedordanas.com\/?p=25075#article\",\"isPartOf\":{\"@id\":\"https:\/\/www.prijedordanas.com\/?p=25075\"},\"author\":{\"name\":\"admin\",\"@id\":\"https:\/\/www.prijedordanas.com\/#\/schema\/person\/4e08ccf29b506ca916ff86d46bb700e6\"},\"headline\":\"MUHIDIN \u0160ARI\u0106 I MIRSAD ABDAGI\u0106 KIKE NOMINOVANI ZA NAGRADU ASTRID LINDGREN 2016\",\"datePublished\":\"2015-06-30T17:26:58+00:00\",\"dateModified\":\"2015-06-30T17:26:58+00:00\",\"mainEntityOfPage\":{\"@id\":\"https:\/\/www.prijedordanas.com\/?p=25075\"},\"wordCount\":298,\"publisher\":{\"@id\":\"https:\/\/www.prijedordanas.com\/#organization\"},\"keywords\":[\"Muhidin \u0160ari\u0107\"],\"articleSection\":[\"Kultura\"],\"inLanguage\":\"en-US\"},{\"@type\":\"WebPage\",\"@id\":\"https:\/\/www.prijedordanas.com\/?p=25075\",\"url\":\"https:\/\/www.prijedordanas.com\/?p=25075\",\"name\":\"MUHIDIN \u0160ARI\u0106 I MIRSAD ABDAGI\u0106 KIKE NOMINOVANI ZA NAGRADU ASTRID LINDGREN 2016 - PrijedorDanas.com - Prijedorski gradski portal\",\"isPartOf\":{\"@id\":\"https:\/\/www.prijedordanas.com\/#website\"},\"datePublished\":\"2015-06-30T17:26:58+00:00\",\"dateModified\":\"2015-06-30T17:26:58+00:00\",\"breadcrumb\":{\"@id\":\"https:\/\/www.prijedordanas.com\/?p=25075#breadcrumb\"},\"inLanguage\":\"en-US\",\"potentialAction\":[{\"@type\":\"ReadAction\",\"target\":[\"https:\/\/www.prijedordanas.com\/?p=25075\"]}]},{\"@type\":\"BreadcrumbList\",\"@id\":\"https:\/\/www.prijedordanas.com\/?p=25075#breadcrumb\",\"itemListElement\":[{\"@type\":\"ListItem\",\"position\":1,\"name\":\"Home\",\"item\":\"https:\/\/www.prijedordanas.com\/\"},{\"@type\":\"ListItem\",\"position\":2,\"name\":\"MUHIDIN \u0160ARI\u0106 I MIRSAD ABDAGI\u0106 KIKE NOMINOVANI ZA NAGRADU ASTRID LINDGREN 2016\"}]},{\"@type\":\"WebSite\",\"@id\":\"https:\/\/www.prijedordanas.com\/#website\",\"url\":\"https:\/\/www.prijedordanas.com\/\",\"name\":\"PrijedorDanas.com - Prijedorski gradski portal\",\"description\":\"Portal o doga\u0111anjima u gradu Prijedoru\",\"publisher\":{\"@id\":\"https:\/\/www.prijedordanas.com\/#organization\"},\"potentialAction\":[{\"@type\":\"SearchAction\",\"target\":{\"@type\":\"EntryPoint\",\"urlTemplate\":\"https:\/\/www.prijedordanas.com\/?s={search_term_string}\"},\"query-input\":\"required name=search_term_string\"}],\"inLanguage\":\"en-US\"},{\"@type\":\"Organization\",\"@id\":\"https:\/\/www.prijedordanas.com\/#organization\",\"name\":\"PrijedorDanas.com\",\"url\":\"https:\/\/www.prijedordanas.com\/\",\"logo\":{\"@type\":\"ImageObject\",\"inLanguage\":\"en-US\",\"@id\":\"https:\/\/www.prijedordanas.com\/#\/schema\/logo\/image\/\",\"url\":\"http:\/\/www.prijedordanas.com\/wp-content\/uploads\/2021\/12\/logopng.png\",\"contentUrl\":\"http:\/\/www.prijedordanas.com\/wp-content\/uploads\/2021\/12\/logopng.png\",\"width\":1019,\"height\":776,\"caption\":\"PrijedorDanas.com\"},\"image\":{\"@id\":\"https:\/\/www.prijedordanas.com\/#\/schema\/logo\/image\/\"},\"sameAs\":[\"https:\/\/www.facebook.com\/PrijedorDanasCom\/\"]},{\"@type\":\"Person\",\"@id\":\"https:\/\/www.prijedordanas.com\/#\/schema\/person\/4e08ccf29b506ca916ff86d46bb700e6\",\"name\":\"admin\",\"image\":{\"@type\":\"ImageObject\",\"inLanguage\":\"en-US\",\"@id\":\"https:\/\/www.prijedordanas.com\/#\/schema\/person\/image\/\",\"url\":\"https:\/\/secure.gravatar.com\/avatar\/1d3fc949d550f0b53a5f0d51e06dfd79?s=96&d=mm&r=g\",\"contentUrl\":\"https:\/\/secure.gravatar.com\/avatar\/1d3fc949d550f0b53a5f0d51e06dfd79?s=96&d=mm&r=g\",\"caption\":\"admin\"},\"url\":\"https:\/\/www.prijedordanas.com\/?author=1\"}]}<\/script>\n<!-- \/ Yoast SEO plugin. -->","yoast_head_json":{"title":"MUHIDIN \u0160ARI\u0106 I MIRSAD ABDAGI\u0106 KIKE NOMINOVANI ZA NAGRADU ASTRID LINDGREN 2016 - PrijedorDanas.com - Prijedorski gradski portal","robots":{"index":"index","follow":"follow","max-snippet":"max-snippet:-1","max-image-preview":"max-image-preview:large","max-video-preview":"max-video-preview:-1"},"canonical":"https:\/\/www.prijedordanas.com\/?p=25075","og_locale":"en_US","og_type":"article","og_title":"MUHIDIN \u0160ARI\u0106 I MIRSAD ABDAGI\u0106 KIKE NOMINOVANI ZA NAGRADU ASTRID LINDGREN 2016 - PrijedorDanas.com - Prijedorski gradski portal","og_description":"Nacionalna i univerzitetska biblioteka Bosne i Hercegovine (NUBBiH) za nagradu The Astrid Lindgren Memorial Award za 2016. godinu nominovala je Muhidina \u0160ari\u0107a i Mirsada Abdagi\u0107a Kiketa. NUBBiH je od 2007. [&hellip;]","og_url":"https:\/\/www.prijedordanas.com\/?p=25075","og_site_name":"PrijedorDanas.com - Prijedorski gradski portal","article_publisher":"https:\/\/www.facebook.com\/PrijedorDanasCom\/","article_published_time":"2015-06-30T17:26:58+00:00","og_image":[{"url":"https:\/\/www.prijedordanas.com\/wp-content\/uploads\/2015\/06\/muhidin-saric-286x300.jpg"}],"author":"admin","twitter_card":"summary_large_image","twitter_misc":{"Written by":"admin","Est. reading time":"1 minute"},"schema":{"@context":"https:\/\/schema.org","@graph":[{"@type":"Article","@id":"https:\/\/www.prijedordanas.com\/?p=25075#article","isPartOf":{"@id":"https:\/\/www.prijedordanas.com\/?p=25075"},"author":{"name":"admin","@id":"https:\/\/www.prijedordanas.com\/#\/schema\/person\/4e08ccf29b506ca916ff86d46bb700e6"},"headline":"MUHIDIN \u0160ARI\u0106 I MIRSAD ABDAGI\u0106 KIKE NOMINOVANI ZA NAGRADU ASTRID LINDGREN 2016","datePublished":"2015-06-30T17:26:58+00:00","dateModified":"2015-06-30T17:26:58+00:00","mainEntityOfPage":{"@id":"https:\/\/www.prijedordanas.com\/?p=25075"},"wordCount":298,"publisher":{"@id":"https:\/\/www.prijedordanas.com\/#organization"},"keywords":["Muhidin \u0160ari\u0107"],"articleSection":["Kultura"],"inLanguage":"en-US"},{"@type":"WebPage","@id":"https:\/\/www.prijedordanas.com\/?p=25075","url":"https:\/\/www.prijedordanas.com\/?p=25075","name":"MUHIDIN \u0160ARI\u0106 I MIRSAD ABDAGI\u0106 KIKE NOMINOVANI ZA NAGRADU ASTRID LINDGREN 2016 - PrijedorDanas.com - Prijedorski gradski portal","isPartOf":{"@id":"https:\/\/www.prijedordanas.com\/#website"},"datePublished":"2015-06-30T17:26:58+00:00","dateModified":"2015-06-30T17:26:58+00:00","breadcrumb":{"@id":"https:\/\/www.prijedordanas.com\/?p=25075#breadcrumb"},"inLanguage":"en-US","potentialAction":[{"@type":"ReadAction","target":["https:\/\/www.prijedordanas.com\/?p=25075"]}]},{"@type":"BreadcrumbList","@id":"https:\/\/www.prijedordanas.com\/?p=25075#breadcrumb","itemListElement":[{"@type":"ListItem","position":1,"name":"Home","item":"https:\/\/www.prijedordanas.com\/"},{"@type":"ListItem","position":2,"name":"MUHIDIN \u0160ARI\u0106 I MIRSAD ABDAGI\u0106 KIKE NOMINOVANI ZA NAGRADU ASTRID LINDGREN 2016"}]},{"@type":"WebSite","@id":"https:\/\/www.prijedordanas.com\/#website","url":"https:\/\/www.prijedordanas.com\/","name":"PrijedorDanas.com - Prijedorski gradski portal","description":"Portal o doga\u0111anjima u gradu Prijedoru","publisher":{"@id":"https:\/\/www.prijedordanas.com\/#organization"},"potentialAction":[{"@type":"SearchAction","target":{"@type":"EntryPoint","urlTemplate":"https:\/\/www.prijedordanas.com\/?s={search_term_string}"},"query-input":"required name=search_term_string"}],"inLanguage":"en-US"},{"@type":"Organization","@id":"https:\/\/www.prijedordanas.com\/#organization","name":"PrijedorDanas.com","url":"https:\/\/www.prijedordanas.com\/","logo":{"@type":"ImageObject","inLanguage":"en-US","@id":"https:\/\/www.prijedordanas.com\/#\/schema\/logo\/image\/","url":"http:\/\/www.prijedordanas.com\/wp-content\/uploads\/2021\/12\/logopng.png","contentUrl":"http:\/\/www.prijedordanas.com\/wp-content\/uploads\/2021\/12\/logopng.png","width":1019,"height":776,"caption":"PrijedorDanas.com"},"image":{"@id":"https:\/\/www.prijedordanas.com\/#\/schema\/logo\/image\/"},"sameAs":["https:\/\/www.facebook.com\/PrijedorDanasCom\/"]},{"@type":"Person","@id":"https:\/\/www.prijedordanas.com\/#\/schema\/person\/4e08ccf29b506ca916ff86d46bb700e6","name":"admin","image":{"@type":"ImageObject","inLanguage":"en-US","@id":"https:\/\/www.prijedordanas.com\/#\/schema\/person\/image\/","url":"https:\/\/secure.gravatar.com\/avatar\/1d3fc949d550f0b53a5f0d51e06dfd79?s=96&d=mm&r=g","contentUrl":"https:\/\/secure.gravatar.com\/avatar\/1d3fc949d550f0b53a5f0d51e06dfd79?s=96&d=mm&r=g","caption":"admin"},"url":"https:\/\/www.prijedordanas.com\/?author=1"}]}},"_links":{"self":[{"href":"https:\/\/www.prijedordanas.com\/index.php?rest_route=\/wp\/v2\/posts\/25075"}],"collection":[{"href":"https:\/\/www.prijedordanas.com\/index.php?rest_route=\/wp\/v2\/posts"}],"about":[{"href":"https:\/\/www.prijedordanas.com\/index.php?rest_route=\/wp\/v2\/types\/post"}],"author":[{"embeddable":true,"href":"https:\/\/www.prijedordanas.com\/index.php?rest_route=\/wp\/v2\/users\/1"}],"replies":[{"embeddable":true,"href":"https:\/\/www.prijedordanas.com\/index.php?rest_route=%2Fwp%2Fv2%2Fcomments&post=25075"}],"version-history":[{"count":1,"href":"https:\/\/www.prijedordanas.com\/index.php?rest_route=\/wp\/v2\/posts\/25075\/revisions"}],"predecessor-version":[{"id":25077,"href":"https:\/\/www.prijedordanas.com\/index.php?rest_route=\/wp\/v2\/posts\/25075\/revisions\/25077"}],"wp:attachment":[{"href":"https:\/\/www.prijedordanas.com\/index.php?rest_route=%2Fwp%2Fv2%2Fmedia&parent=25075"}],"wp:term":[{"taxonomy":"category","embeddable":true,"href":"https:\/\/www.prijedordanas.com\/index.php?rest_route=%2Fwp%2Fv2%2Fcategories&post=25075"},{"taxonomy":"post_tag","embeddable":true,"href":"https:\/\/www.prijedordanas.com\/index.php?rest_route=%2Fwp%2Fv2%2Ftags&post=25075"}],"curies":[{"name":"wp","href":"https:\/\/api.w.org\/{rel}","templated":true}]}}