{"id":250622,"date":"2025-07-13T16:09:50","date_gmt":"2025-07-13T14:09:50","guid":{"rendered":"https:\/\/www.prijedordanas.com\/?p=250622"},"modified":"2025-07-13T16:09:50","modified_gmt":"2025-07-13T14:09:50","slug":"kud-sarenica-prijedor-odrzan-festival-folklora-sacuvajmo-nasu-tradiciju-foto","status":"publish","type":"post","link":"https:\/\/www.prijedordanas.com\/?p=250622","title":{"rendered":"KUD &#8220;\u0160arenica&#8221; Prijedor: Odr\u017ean Festival folklora &#8220;Sa\u010duvajmo na\u0161u tradiciju&#8221; &#8211; FOTO"},"content":{"rendered":"<p><a href=\"https:\/\/www.prijedordanas.com\/wp-content\/uploads\/2025\/07\/kozarski-sacuvajmo-nasu-tradiciju-1.jpg\"><img loading=\"lazy\" decoding=\"async\" class=\"alignleft size-medium wp-image-250623\" src=\"https:\/\/www.prijedordanas.com\/wp-content\/uploads\/2025\/07\/kozarski-sacuvajmo-nasu-tradiciju-1-300x225.jpg\" alt=\"\" width=\"300\" height=\"225\" srcset=\"https:\/\/www.prijedordanas.com\/wp-content\/uploads\/2025\/07\/kozarski-sacuvajmo-nasu-tradiciju-1-300x225.jpg 300w, https:\/\/www.prijedordanas.com\/wp-content\/uploads\/2025\/07\/kozarski-sacuvajmo-nasu-tradiciju-1-640x480.jpg 640w, https:\/\/www.prijedordanas.com\/wp-content\/uploads\/2025\/07\/kozarski-sacuvajmo-nasu-tradiciju-1.jpg 666w\" sizes=\"(max-width: 300px) 100vw, 300px\" \/><\/a>U organizaciji KUD-a \u201c\u0160arenica\u201d, u Prijedoru je odr\u017ean tradicionalni Festival folklora \u201cSa\u010duvajmo na\u0161u tradiciju\u201d, koji je okupio kulturno-umjetni\u010dka dru\u0161tva iz Srbije, Austrije, Hrvatske i Bosne i Hercegovine.<\/p>\n<p>\u010clanovi Folklornog udru\u017eenja \u201cPerlas\u201d iz Srbije prvi put su boravili u Prijedoru, a ovom prilikom su izveli dvije koreografije: Vla\u0161ke igre iz okoline Negotina i Igre Lu\u017eni\u010dke doline.<\/p>\n<p>\u201cIzuzetno je va\u017eno da se kulturno-umjetni\u010dka dru\u0161tva me\u0111usobno obilaze, jer se time \u0161iri prijateljstvo. To je neki uzrast od 12-14 pa do 20 godina. Mi smo jutros stigli u Prijedor i imali smo prilike da provedemo kvalitetno vrijeme sa \u010dlanovima KUD-a \u2018\u0160arenica\u2019. Kroz folklor je va\u017eno da djeca nau\u010de da se dru\u017ee me\u0111usobno, da sara\u0111uju i da poma\u017eu jednim drugima\u201d, rekao je Nenad Kova\u010devi\u0107 iz \u201cPerlasa\u201d.<\/p>\n<p>Miroslav Dumani\u0107 iz KUD-a \u201cBrojanica\u201d, Grac\/Austrija, rekao je da ve\u0107 tri godine sara\u0111uju sa prijedorskom \u201c\u0160arenicom\u201d, \u010diji su \u010dlanovi u dva navrata gostovali kod njih.<\/p>\n<p><a href=\"https:\/\/www.prijedordanas.com\/wp-content\/uploads\/2025\/07\/kozarski-sacuvajmo-nasu-tradiciju-3.jpg\"><img loading=\"lazy\" decoding=\"async\" class=\"alignleft size-medium wp-image-250624\" src=\"https:\/\/www.prijedordanas.com\/wp-content\/uploads\/2025\/07\/kozarski-sacuvajmo-nasu-tradiciju-3-300x178.jpg\" alt=\"\" width=\"300\" height=\"178\" srcset=\"https:\/\/www.prijedordanas.com\/wp-content\/uploads\/2025\/07\/kozarski-sacuvajmo-nasu-tradiciju-3-300x178.jpg 300w, https:\/\/www.prijedordanas.com\/wp-content\/uploads\/2025\/07\/kozarski-sacuvajmo-nasu-tradiciju-3.jpg 600w\" sizes=\"(max-width: 300px) 100vw, 300px\" \/><\/a>\u201cRadimo u tri sekcije i okupljamo oko 60 aktivnih igra\u010da. Do\u0161li smo u uzvratnu posjetu i predstavili smo se koreografijom Igre iz okoline \u0160umadije. Ja sam najstariji igra\u010d, a i moje dijete je \u010dlan na\u0161eg KUD-a. I pored svih tih, da ka\u017eem, problema i vremena u kojem \u017eivimo te drugih stvari za koje su djeca zainteresovana, mi poku\u0161avamo da sa\u010duvamo tradiciju, jezik, na\u0161u igru i kulturu\u201d, isti\u010de Dumani\u0107.<\/p>\n<p>Doma\u0107ini su nastupili sa mla\u0111om pjeva\u010dkom grupom, dok je premijerni ansamlb izveo igre i pjesme iz Potkozarja.<\/p>\n<p>Izvo\u0111a\u010dki ansambl KUD-a \u201c\u0160arenica\u201d u novim no\u0161njama je predstavio koreografiju, Igre iz okoline Leskovca. Milana Luki\u0107, umjetni\u010dki rukovodilac KUD-a \u201c\u0160arenica\u201d, Prijedor, podsjetila je da Festival folklora \u201cSa\u010duvajmo na\u0161u tradiciju\u201d organizuju od 2013. godine.<\/p>\n<p>\u201cOdr\u017eati kontinuitet saradnje sa ansamblima iz drugih zemalja nije tako jednostavno, ali uspijevamo u tome uz volju, \u017eelju, trud i rad koji ula\u017eemo u na\u0161em KUD-u. Trenutno imamo preko 250 \u010dlanova, koji rade u sekcijama Rasavci, Garevci, Trnopolje, O\u0161tra Luka i Orlovci\u201d, rekla je Luki\u0107eva.<\/p>\n<p>Ulaz na Festival pla\u0107ao se dobrovoljnim prilozima, od \u010dega \u0107e dio biti iskori\u0161ten za nabavku no\u0161nji za \u010dlanove \u201c\u0160arenice\u201d.<\/p>\n<p>Festival folklora odr\u017ean je u okviru \u201cPrijedorskog ljeta\u201d.<\/p>\n<p><strong><a href=\"https:\/\/kozarski.com\/odrzan-festival-folklora-sacuvajmo-nasu-tradiciju\/\" target=\"_blank\" rel=\"noopener\">kozarski.com<\/a><\/strong><\/p>\n<p><a href=\"https:\/\/www.prijedordanas.com\/wp-content\/uploads\/2025\/07\/kozarski-sacuvajmo-nasu-tradiciju-2.jpg\"><img loading=\"lazy\" decoding=\"async\" src=\"https:\/\/www.prijedordanas.com\/wp-content\/uploads\/2025\/07\/kozarski-sacuvajmo-nasu-tradiciju-2-300x169.jpg\" alt=\"\" width=\"300\" height=\"169\" class=\"alignleft size-medium wp-image-250625\" srcset=\"https:\/\/www.prijedordanas.com\/wp-content\/uploads\/2025\/07\/kozarski-sacuvajmo-nasu-tradiciju-2-300x169.jpg 300w, https:\/\/www.prijedordanas.com\/wp-content\/uploads\/2025\/07\/kozarski-sacuvajmo-nasu-tradiciju-2.jpg 600w\" sizes=\"(max-width: 300px) 100vw, 300px\" \/><\/a> <a href=\"https:\/\/www.prijedordanas.com\/wp-content\/uploads\/2025\/07\/kozarski-sacuvajmo-nasu-tradiciju-4.jpg\"><img loading=\"lazy\" decoding=\"async\" src=\"https:\/\/www.prijedordanas.com\/wp-content\/uploads\/2025\/07\/kozarski-sacuvajmo-nasu-tradiciju-4-300x186.jpg\" alt=\"\" width=\"300\" height=\"186\" class=\"alignleft size-medium wp-image-250626\" srcset=\"https:\/\/www.prijedordanas.com\/wp-content\/uploads\/2025\/07\/kozarski-sacuvajmo-nasu-tradiciju-4-300x186.jpg 300w, https:\/\/www.prijedordanas.com\/wp-content\/uploads\/2025\/07\/kozarski-sacuvajmo-nasu-tradiciju-4.jpg 600w\" sizes=\"(max-width: 300px) 100vw, 300px\" \/><\/a><\/p>\n","protected":false},"excerpt":{"rendered":"<p>U organizaciji KUD-a \u201c\u0160arenica\u201d, u Prijedoru je odr\u017ean tradicionalni Festival folklora \u201cSa\u010duvajmo na\u0161u tradiciju\u201d, koji je okupio kulturno-umjetni\u010dka dru\u0161tva iz Srbije, Austrije, Hrvatske i Bosne i Hercegovine. \u010clanovi Folklornog udru\u017eenja [&hellip;]<\/p>\n","protected":false},"author":1,"featured_media":0,"comment_status":"closed","ping_status":"open","sticky":false,"template":"","format":"standard","meta":{"_monsterinsights_skip_tracking":false,"_monsterinsights_sitenote_active":false,"_monsterinsights_sitenote_note":"","_monsterinsights_sitenote_category":0,"footnotes":""},"categories":[6],"tags":[],"yoast_head":"<!-- This site is optimized with the Yoast SEO plugin v21.6 - https:\/\/yoast.com\/wordpress\/plugins\/seo\/ -->\n<title>KUD &quot;\u0160arenica&quot; Prijedor: Odr\u017ean Festival folklora &quot;Sa\u010duvajmo na\u0161u tradiciju&quot; - FOTO - PrijedorDanas.com - Prijedorski gradski portal<\/title>\n<meta name=\"robots\" content=\"index, follow, max-snippet:-1, max-image-preview:large, max-video-preview:-1\" \/>\n<link rel=\"canonical\" href=\"https:\/\/www.prijedordanas.com\/?p=250622\" \/>\n<meta property=\"og:locale\" content=\"en_US\" \/>\n<meta property=\"og:type\" content=\"article\" \/>\n<meta property=\"og:title\" content=\"KUD &quot;\u0160arenica&quot; Prijedor: Odr\u017ean Festival folklora &quot;Sa\u010duvajmo na\u0161u tradiciju&quot; - FOTO - PrijedorDanas.com - Prijedorski gradski portal\" \/>\n<meta property=\"og:description\" content=\"U organizaciji KUD-a \u201c\u0160arenica\u201d, u Prijedoru je odr\u017ean tradicionalni Festival folklora \u201cSa\u010duvajmo na\u0161u tradiciju\u201d, koji je okupio kulturno-umjetni\u010dka dru\u0161tva iz Srbije, Austrije, Hrvatske i Bosne i Hercegovine. \u010clanovi Folklornog udru\u017eenja [&hellip;]\" \/>\n<meta property=\"og:url\" content=\"https:\/\/www.prijedordanas.com\/?p=250622\" \/>\n<meta property=\"og:site_name\" content=\"PrijedorDanas.com - Prijedorski gradski portal\" \/>\n<meta property=\"article:publisher\" content=\"https:\/\/www.facebook.com\/PrijedorDanasCom\/\" \/>\n<meta property=\"article:published_time\" content=\"2025-07-13T14:09:50+00:00\" \/>\n<meta property=\"og:image\" content=\"https:\/\/www.prijedordanas.com\/wp-content\/uploads\/2025\/07\/kozarski-sacuvajmo-nasu-tradiciju-1-300x225.jpg\" \/>\n<meta name=\"author\" content=\"admin\" \/>\n<meta name=\"twitter:card\" content=\"summary_large_image\" \/>\n<meta name=\"twitter:label1\" content=\"Written by\" \/>\n\t<meta name=\"twitter:data1\" content=\"admin\" \/>\n\t<meta name=\"twitter:label2\" content=\"Est. reading time\" \/>\n\t<meta name=\"twitter:data2\" content=\"2 minutes\" \/>\n<script type=\"application\/ld+json\" class=\"yoast-schema-graph\">{\"@context\":\"https:\/\/schema.org\",\"@graph\":[{\"@type\":\"Article\",\"@id\":\"https:\/\/www.prijedordanas.com\/?p=250622#article\",\"isPartOf\":{\"@id\":\"https:\/\/www.prijedordanas.com\/?p=250622\"},\"author\":{\"name\":\"admin\",\"@id\":\"https:\/\/www.prijedordanas.com\/#\/schema\/person\/4e08ccf29b506ca916ff86d46bb700e6\"},\"headline\":\"KUD &#8220;\u0160arenica&#8221; Prijedor: Odr\u017ean Festival folklora &#8220;Sa\u010duvajmo na\u0161u tradiciju&#8221; &#8211; FOTO\",\"datePublished\":\"2025-07-13T14:09:50+00:00\",\"dateModified\":\"2025-07-13T14:09:50+00:00\",\"mainEntityOfPage\":{\"@id\":\"https:\/\/www.prijedordanas.com\/?p=250622\"},\"wordCount\":396,\"publisher\":{\"@id\":\"https:\/\/www.prijedordanas.com\/#organization\"},\"articleSection\":[\"Kultura\"],\"inLanguage\":\"en-US\"},{\"@type\":\"WebPage\",\"@id\":\"https:\/\/www.prijedordanas.com\/?p=250622\",\"url\":\"https:\/\/www.prijedordanas.com\/?p=250622\",\"name\":\"KUD \\\"\u0160arenica\\\" Prijedor: Odr\u017ean Festival folklora \\\"Sa\u010duvajmo na\u0161u tradiciju\\\" - FOTO - PrijedorDanas.com - Prijedorski gradski portal\",\"isPartOf\":{\"@id\":\"https:\/\/www.prijedordanas.com\/#website\"},\"datePublished\":\"2025-07-13T14:09:50+00:00\",\"dateModified\":\"2025-07-13T14:09:50+00:00\",\"breadcrumb\":{\"@id\":\"https:\/\/www.prijedordanas.com\/?p=250622#breadcrumb\"},\"inLanguage\":\"en-US\",\"potentialAction\":[{\"@type\":\"ReadAction\",\"target\":[\"https:\/\/www.prijedordanas.com\/?p=250622\"]}]},{\"@type\":\"BreadcrumbList\",\"@id\":\"https:\/\/www.prijedordanas.com\/?p=250622#breadcrumb\",\"itemListElement\":[{\"@type\":\"ListItem\",\"position\":1,\"name\":\"Home\",\"item\":\"https:\/\/www.prijedordanas.com\/\"},{\"@type\":\"ListItem\",\"position\":2,\"name\":\"KUD &#8220;\u0160arenica&#8221; Prijedor: Odr\u017ean Festival folklora &#8220;Sa\u010duvajmo na\u0161u tradiciju&#8221; &#8211; FOTO\"}]},{\"@type\":\"WebSite\",\"@id\":\"https:\/\/www.prijedordanas.com\/#website\",\"url\":\"https:\/\/www.prijedordanas.com\/\",\"name\":\"PrijedorDanas.com - Prijedorski gradski portal\",\"description\":\"Portal o doga\u0111anjima u gradu Prijedoru\",\"publisher\":{\"@id\":\"https:\/\/www.prijedordanas.com\/#organization\"},\"potentialAction\":[{\"@type\":\"SearchAction\",\"target\":{\"@type\":\"EntryPoint\",\"urlTemplate\":\"https:\/\/www.prijedordanas.com\/?s={search_term_string}\"},\"query-input\":\"required name=search_term_string\"}],\"inLanguage\":\"en-US\"},{\"@type\":\"Organization\",\"@id\":\"https:\/\/www.prijedordanas.com\/#organization\",\"name\":\"PrijedorDanas.com\",\"url\":\"https:\/\/www.prijedordanas.com\/\",\"logo\":{\"@type\":\"ImageObject\",\"inLanguage\":\"en-US\",\"@id\":\"https:\/\/www.prijedordanas.com\/#\/schema\/logo\/image\/\",\"url\":\"http:\/\/www.prijedordanas.com\/wp-content\/uploads\/2021\/12\/logopng.png\",\"contentUrl\":\"http:\/\/www.prijedordanas.com\/wp-content\/uploads\/2021\/12\/logopng.png\",\"width\":1019,\"height\":776,\"caption\":\"PrijedorDanas.com\"},\"image\":{\"@id\":\"https:\/\/www.prijedordanas.com\/#\/schema\/logo\/image\/\"},\"sameAs\":[\"https:\/\/www.facebook.com\/PrijedorDanasCom\/\"]},{\"@type\":\"Person\",\"@id\":\"https:\/\/www.prijedordanas.com\/#\/schema\/person\/4e08ccf29b506ca916ff86d46bb700e6\",\"name\":\"admin\",\"image\":{\"@type\":\"ImageObject\",\"inLanguage\":\"en-US\",\"@id\":\"https:\/\/www.prijedordanas.com\/#\/schema\/person\/image\/\",\"url\":\"https:\/\/secure.gravatar.com\/avatar\/1d3fc949d550f0b53a5f0d51e06dfd79?s=96&d=mm&r=g\",\"contentUrl\":\"https:\/\/secure.gravatar.com\/avatar\/1d3fc949d550f0b53a5f0d51e06dfd79?s=96&d=mm&r=g\",\"caption\":\"admin\"},\"url\":\"https:\/\/www.prijedordanas.com\/?author=1\"}]}<\/script>\n<!-- \/ Yoast SEO plugin. -->","yoast_head_json":{"title":"KUD \"\u0160arenica\" Prijedor: Odr\u017ean Festival folklora \"Sa\u010duvajmo na\u0161u tradiciju\" - FOTO - PrijedorDanas.com - Prijedorski gradski portal","robots":{"index":"index","follow":"follow","max-snippet":"max-snippet:-1","max-image-preview":"max-image-preview:large","max-video-preview":"max-video-preview:-1"},"canonical":"https:\/\/www.prijedordanas.com\/?p=250622","og_locale":"en_US","og_type":"article","og_title":"KUD \"\u0160arenica\" Prijedor: Odr\u017ean Festival folklora \"Sa\u010duvajmo na\u0161u tradiciju\" - FOTO - PrijedorDanas.com - Prijedorski gradski portal","og_description":"U organizaciji KUD-a \u201c\u0160arenica\u201d, u Prijedoru je odr\u017ean tradicionalni Festival folklora \u201cSa\u010duvajmo na\u0161u tradiciju\u201d, koji je okupio kulturno-umjetni\u010dka dru\u0161tva iz Srbije, Austrije, Hrvatske i Bosne i Hercegovine. \u010clanovi Folklornog udru\u017eenja [&hellip;]","og_url":"https:\/\/www.prijedordanas.com\/?p=250622","og_site_name":"PrijedorDanas.com - Prijedorski gradski portal","article_publisher":"https:\/\/www.facebook.com\/PrijedorDanasCom\/","article_published_time":"2025-07-13T14:09:50+00:00","og_image":[{"url":"https:\/\/www.prijedordanas.com\/wp-content\/uploads\/2025\/07\/kozarski-sacuvajmo-nasu-tradiciju-1-300x225.jpg"}],"author":"admin","twitter_card":"summary_large_image","twitter_misc":{"Written by":"admin","Est. reading time":"2 minutes"},"schema":{"@context":"https:\/\/schema.org","@graph":[{"@type":"Article","@id":"https:\/\/www.prijedordanas.com\/?p=250622#article","isPartOf":{"@id":"https:\/\/www.prijedordanas.com\/?p=250622"},"author":{"name":"admin","@id":"https:\/\/www.prijedordanas.com\/#\/schema\/person\/4e08ccf29b506ca916ff86d46bb700e6"},"headline":"KUD &#8220;\u0160arenica&#8221; Prijedor: Odr\u017ean Festival folklora &#8220;Sa\u010duvajmo na\u0161u tradiciju&#8221; &#8211; FOTO","datePublished":"2025-07-13T14:09:50+00:00","dateModified":"2025-07-13T14:09:50+00:00","mainEntityOfPage":{"@id":"https:\/\/www.prijedordanas.com\/?p=250622"},"wordCount":396,"publisher":{"@id":"https:\/\/www.prijedordanas.com\/#organization"},"articleSection":["Kultura"],"inLanguage":"en-US"},{"@type":"WebPage","@id":"https:\/\/www.prijedordanas.com\/?p=250622","url":"https:\/\/www.prijedordanas.com\/?p=250622","name":"KUD \"\u0160arenica\" Prijedor: Odr\u017ean Festival folklora \"Sa\u010duvajmo na\u0161u tradiciju\" - FOTO - PrijedorDanas.com - Prijedorski gradski portal","isPartOf":{"@id":"https:\/\/www.prijedordanas.com\/#website"},"datePublished":"2025-07-13T14:09:50+00:00","dateModified":"2025-07-13T14:09:50+00:00","breadcrumb":{"@id":"https:\/\/www.prijedordanas.com\/?p=250622#breadcrumb"},"inLanguage":"en-US","potentialAction":[{"@type":"ReadAction","target":["https:\/\/www.prijedordanas.com\/?p=250622"]}]},{"@type":"BreadcrumbList","@id":"https:\/\/www.prijedordanas.com\/?p=250622#breadcrumb","itemListElement":[{"@type":"ListItem","position":1,"name":"Home","item":"https:\/\/www.prijedordanas.com\/"},{"@type":"ListItem","position":2,"name":"KUD &#8220;\u0160arenica&#8221; Prijedor: Odr\u017ean Festival folklora &#8220;Sa\u010duvajmo na\u0161u tradiciju&#8221; &#8211; FOTO"}]},{"@type":"WebSite","@id":"https:\/\/www.prijedordanas.com\/#website","url":"https:\/\/www.prijedordanas.com\/","name":"PrijedorDanas.com - Prijedorski gradski portal","description":"Portal o doga\u0111anjima u gradu Prijedoru","publisher":{"@id":"https:\/\/www.prijedordanas.com\/#organization"},"potentialAction":[{"@type":"SearchAction","target":{"@type":"EntryPoint","urlTemplate":"https:\/\/www.prijedordanas.com\/?s={search_term_string}"},"query-input":"required name=search_term_string"}],"inLanguage":"en-US"},{"@type":"Organization","@id":"https:\/\/www.prijedordanas.com\/#organization","name":"PrijedorDanas.com","url":"https:\/\/www.prijedordanas.com\/","logo":{"@type":"ImageObject","inLanguage":"en-US","@id":"https:\/\/www.prijedordanas.com\/#\/schema\/logo\/image\/","url":"http:\/\/www.prijedordanas.com\/wp-content\/uploads\/2021\/12\/logopng.png","contentUrl":"http:\/\/www.prijedordanas.com\/wp-content\/uploads\/2021\/12\/logopng.png","width":1019,"height":776,"caption":"PrijedorDanas.com"},"image":{"@id":"https:\/\/www.prijedordanas.com\/#\/schema\/logo\/image\/"},"sameAs":["https:\/\/www.facebook.com\/PrijedorDanasCom\/"]},{"@type":"Person","@id":"https:\/\/www.prijedordanas.com\/#\/schema\/person\/4e08ccf29b506ca916ff86d46bb700e6","name":"admin","image":{"@type":"ImageObject","inLanguage":"en-US","@id":"https:\/\/www.prijedordanas.com\/#\/schema\/person\/image\/","url":"https:\/\/secure.gravatar.com\/avatar\/1d3fc949d550f0b53a5f0d51e06dfd79?s=96&d=mm&r=g","contentUrl":"https:\/\/secure.gravatar.com\/avatar\/1d3fc949d550f0b53a5f0d51e06dfd79?s=96&d=mm&r=g","caption":"admin"},"url":"https:\/\/www.prijedordanas.com\/?author=1"}]}},"_links":{"self":[{"href":"https:\/\/www.prijedordanas.com\/index.php?rest_route=\/wp\/v2\/posts\/250622"}],"collection":[{"href":"https:\/\/www.prijedordanas.com\/index.php?rest_route=\/wp\/v2\/posts"}],"about":[{"href":"https:\/\/www.prijedordanas.com\/index.php?rest_route=\/wp\/v2\/types\/post"}],"author":[{"embeddable":true,"href":"https:\/\/www.prijedordanas.com\/index.php?rest_route=\/wp\/v2\/users\/1"}],"replies":[{"embeddable":true,"href":"https:\/\/www.prijedordanas.com\/index.php?rest_route=%2Fwp%2Fv2%2Fcomments&post=250622"}],"version-history":[{"count":1,"href":"https:\/\/www.prijedordanas.com\/index.php?rest_route=\/wp\/v2\/posts\/250622\/revisions"}],"predecessor-version":[{"id":250627,"href":"https:\/\/www.prijedordanas.com\/index.php?rest_route=\/wp\/v2\/posts\/250622\/revisions\/250627"}],"wp:attachment":[{"href":"https:\/\/www.prijedordanas.com\/index.php?rest_route=%2Fwp%2Fv2%2Fmedia&parent=250622"}],"wp:term":[{"taxonomy":"category","embeddable":true,"href":"https:\/\/www.prijedordanas.com\/index.php?rest_route=%2Fwp%2Fv2%2Fcategories&post=250622"},{"taxonomy":"post_tag","embeddable":true,"href":"https:\/\/www.prijedordanas.com\/index.php?rest_route=%2Fwp%2Fv2%2Ftags&post=250622"}],"curies":[{"name":"wp","href":"https:\/\/api.w.org\/{rel}","templated":true}]}}