{"id":2506,"date":"2014-05-06T18:33:17","date_gmt":"2014-05-06T17:33:17","guid":{"rendered":"https:\/\/www.prijedordanas.com\/?p=2506"},"modified":"2014-05-06T18:33:17","modified_gmt":"2014-05-06T17:33:17","slug":"pozoriste-prijedor-u-novu-sezonu-na-novim-daskama","status":"publish","type":"post","link":"https:\/\/www.prijedordanas.com\/?p=2506","title":{"rendered":"POZORI\u0160TE PRIJEDOR U NOVU SEZONU NA NOVIM DASKAMA"},"content":{"rendered":"<p><a href=\"https:\/\/www.prijedordanas.com\/wp-content\/uploads\/2014\/05\/pozoriste-prijedor-sala.jpg\"><img loading=\"lazy\" decoding=\"async\" class=\"alignleft size-thumbnail wp-image-2507\" alt=\"pozoriste prijedor-sala\" src=\"https:\/\/www.prijedordanas.com\/wp-content\/uploads\/2014\/05\/pozoriste-prijedor-sala-300x300.jpg\" width=\"150\" height=\"150\" srcset=\"https:\/\/www.prijedordanas.com\/wp-content\/uploads\/2014\/05\/pozoriste-prijedor-sala-300x300.jpg 300w, https:\/\/www.prijedordanas.com\/wp-content\/uploads\/2014\/05\/pozoriste-prijedor-sala-50x50.jpg 50w\" sizes=\"(max-width: 150px) 100vw, 150px\" \/><\/a>Radovi na sanaciji zgrade Pozori\u0161ta Prijedor po\u010de\u0107e u junu, potvrdio je direktor ovog teatra Zoran Baro\u0161.<\/p>\n<p>Na tender za izvo\u0111a\u010da radova koje je Pozori\u0161te raspisalo, ponude su pristizale do 22. aprila, ali jo\u0161 nije odlu\u010deno ko \u0107e raditi na obnovi ove teatarske ku\u0107e.<\/p>\n<p>&#8211; Ako sve bude i\u0161lo po planu do kraja godine ima\u0107emo saniran objekat na\u0161eg pozori\u0161ta. Bi\u0107e dogra\u0111eno 197 kvadratnih metara garderobnog prostora na nivou drugog sprata, stavi\u0107emo i termi\u010dku za\u0161titu fasadnih betonskih zidova, a bi\u0107e stavljene i nove daske na sceni &#8211; rekao je Baro\u0161.<\/p>\n<p>On je podsjetio da su radovi na zgrada Pozori\u0161ta izvo\u0111eni 1971. i 1974. godine, ali nikada nije ostvarena ideja da se veoma slo\u017een i razu\u0111eni krov pokrije bakarnim limom jer nije bilo dovoljno novca.<br \/>\nZajedni\u010dkom ulaganjem grada Prijedora i Vlade Republike Srpske sada je planirana adaptacija i nadzi\u0111ivanje sa rekonstrukcijom krova, za koju se od izvo\u0111a\u010da zahtijeva garantni rok dvadeset godina. Procijenjena vrijednost radova je 409.000 maraka.<\/p>\n<p>Vjernu publiku ovog pozori\u0161ta 13. maja o\u010dekuje repriza predstave &#8220;Ve\u010dera budala&#8221; koju je po tekstu Fransisa Vebera re\u017eirao banjalu\u010dki glumac i reditelj Slobodan Peri\u0161i\u0107. Komedija koja govori o namjeri trojice prijatelja da organizuju ve\u010deru na koju \u0107e svaki dovesti po jednu budalu, nai\u0161la je na odli\u010dan prijem prijedorske publike na premijeri odr\u017eanoj u aprilu. Rije\u010d je o komadu koji je sa velikim uspjehom izvo\u0111en na brojnim pozori\u0161nim scenama \u0161irom svijeta.<\/p>\n<p>Osim toga, u junu bi na sceni Pozori\u0161ta Prijedor trebalo da o\u017eivi diplomska predstava studenta re\u017eije na banjalu\u010dkoj akademiji umjetnosti Vedrana Mar\u010deti\u0107a.<\/p>\n<p>Konkurs<\/p>\n<p>Zoran Baro\u0161 je podsjetio da je Pozori\u0161te Prijedor u januaru raspisalo konkurs za najbolju predstavu dramskih sekcija prijedorskih osnovnih \u0161kola. Komad mora biti ura\u0111en isklju\u010divo vlastitim snagama u\u010denika i nastavnika svake prijavljene \u0161kole. Najbolja predstava bi\u0107e izabrana u junu, a zatim izvedena u okviru Prijedorskog kulturnog ljeta.<\/p>\n<p>Glas Srpske<\/p>\n","protected":false},"excerpt":{"rendered":"<p>Radovi na sanaciji zgrade Pozori\u0161ta Prijedor po\u010de\u0107e u junu, potvrdio je direktor ovog teatra Zoran Baro\u0161. Na tender za izvo\u0111a\u010da radova koje je Pozori\u0161te raspisalo, ponude su pristizale do 22. [&hellip;]<\/p>\n","protected":false},"author":1,"featured_media":0,"comment_status":"closed","ping_status":"open","sticky":false,"template":"","format":"standard","meta":{"_monsterinsights_skip_tracking":false,"_monsterinsights_sitenote_active":false,"_monsterinsights_sitenote_note":"","_monsterinsights_sitenote_category":0,"footnotes":""},"categories":[6],"tags":[1170,189],"yoast_head":"<!-- This site is optimized with the Yoast SEO plugin v21.6 - https:\/\/yoast.com\/wordpress\/plugins\/seo\/ -->\n<title>POZORI\u0160TE PRIJEDOR U NOVU SEZONU NA NOVIM DASKAMA - PrijedorDanas.com - Prijedorski gradski portal<\/title>\n<meta name=\"robots\" content=\"index, follow, max-snippet:-1, max-image-preview:large, max-video-preview:-1\" \/>\n<link rel=\"canonical\" href=\"https:\/\/www.prijedordanas.com\/?p=2506\" \/>\n<meta property=\"og:locale\" content=\"en_US\" \/>\n<meta property=\"og:type\" content=\"article\" \/>\n<meta property=\"og:title\" content=\"POZORI\u0160TE PRIJEDOR U NOVU SEZONU NA NOVIM DASKAMA - PrijedorDanas.com - Prijedorski gradski portal\" \/>\n<meta property=\"og:description\" content=\"Radovi na sanaciji zgrade Pozori\u0161ta Prijedor po\u010de\u0107e u junu, potvrdio je direktor ovog teatra Zoran Baro\u0161. Na tender za izvo\u0111a\u010da radova koje je Pozori\u0161te raspisalo, ponude su pristizale do 22. [&hellip;]\" \/>\n<meta property=\"og:url\" content=\"https:\/\/www.prijedordanas.com\/?p=2506\" \/>\n<meta property=\"og:site_name\" content=\"PrijedorDanas.com - Prijedorski gradski portal\" \/>\n<meta property=\"article:publisher\" content=\"https:\/\/www.facebook.com\/PrijedorDanasCom\/\" \/>\n<meta property=\"article:published_time\" content=\"2014-05-06T17:33:17+00:00\" \/>\n<meta property=\"og:image\" content=\"https:\/\/www.prijedordanas.com\/wp-content\/uploads\/2014\/05\/pozoriste-prijedor-sala-300x300.jpg\" \/>\n<meta name=\"author\" content=\"admin\" \/>\n<meta name=\"twitter:card\" content=\"summary_large_image\" \/>\n<meta name=\"twitter:label1\" content=\"Written by\" \/>\n\t<meta name=\"twitter:data1\" content=\"admin\" \/>\n\t<meta name=\"twitter:label2\" content=\"Est. reading time\" \/>\n\t<meta name=\"twitter:data2\" content=\"2 minutes\" \/>\n<script type=\"application\/ld+json\" class=\"yoast-schema-graph\">{\"@context\":\"https:\/\/schema.org\",\"@graph\":[{\"@type\":\"Article\",\"@id\":\"https:\/\/www.prijedordanas.com\/?p=2506#article\",\"isPartOf\":{\"@id\":\"https:\/\/www.prijedordanas.com\/?p=2506\"},\"author\":{\"name\":\"admin\",\"@id\":\"https:\/\/www.prijedordanas.com\/#\/schema\/person\/4e08ccf29b506ca916ff86d46bb700e6\"},\"headline\":\"POZORI\u0160TE PRIJEDOR U NOVU SEZONU NA NOVIM DASKAMA\",\"datePublished\":\"2014-05-06T17:33:17+00:00\",\"dateModified\":\"2014-05-06T17:33:17+00:00\",\"mainEntityOfPage\":{\"@id\":\"https:\/\/www.prijedordanas.com\/?p=2506\"},\"wordCount\":349,\"publisher\":{\"@id\":\"https:\/\/www.prijedordanas.com\/#organization\"},\"keywords\":[\"nove daske\",\"Pozori\u0161te Prijedor\"],\"articleSection\":[\"Kultura\"],\"inLanguage\":\"en-US\"},{\"@type\":\"WebPage\",\"@id\":\"https:\/\/www.prijedordanas.com\/?p=2506\",\"url\":\"https:\/\/www.prijedordanas.com\/?p=2506\",\"name\":\"POZORI\u0160TE PRIJEDOR U NOVU SEZONU NA NOVIM DASKAMA - PrijedorDanas.com - Prijedorski gradski portal\",\"isPartOf\":{\"@id\":\"https:\/\/www.prijedordanas.com\/#website\"},\"datePublished\":\"2014-05-06T17:33:17+00:00\",\"dateModified\":\"2014-05-06T17:33:17+00:00\",\"breadcrumb\":{\"@id\":\"https:\/\/www.prijedordanas.com\/?p=2506#breadcrumb\"},\"inLanguage\":\"en-US\",\"potentialAction\":[{\"@type\":\"ReadAction\",\"target\":[\"https:\/\/www.prijedordanas.com\/?p=2506\"]}]},{\"@type\":\"BreadcrumbList\",\"@id\":\"https:\/\/www.prijedordanas.com\/?p=2506#breadcrumb\",\"itemListElement\":[{\"@type\":\"ListItem\",\"position\":1,\"name\":\"Home\",\"item\":\"https:\/\/www.prijedordanas.com\/\"},{\"@type\":\"ListItem\",\"position\":2,\"name\":\"POZORI\u0160TE PRIJEDOR U NOVU SEZONU NA NOVIM DASKAMA\"}]},{\"@type\":\"WebSite\",\"@id\":\"https:\/\/www.prijedordanas.com\/#website\",\"url\":\"https:\/\/www.prijedordanas.com\/\",\"name\":\"PrijedorDanas.com - Prijedorski gradski portal\",\"description\":\"Portal o doga\u0111anjima u gradu Prijedoru\",\"publisher\":{\"@id\":\"https:\/\/www.prijedordanas.com\/#organization\"},\"potentialAction\":[{\"@type\":\"SearchAction\",\"target\":{\"@type\":\"EntryPoint\",\"urlTemplate\":\"https:\/\/www.prijedordanas.com\/?s={search_term_string}\"},\"query-input\":\"required name=search_term_string\"}],\"inLanguage\":\"en-US\"},{\"@type\":\"Organization\",\"@id\":\"https:\/\/www.prijedordanas.com\/#organization\",\"name\":\"PrijedorDanas.com\",\"url\":\"https:\/\/www.prijedordanas.com\/\",\"logo\":{\"@type\":\"ImageObject\",\"inLanguage\":\"en-US\",\"@id\":\"https:\/\/www.prijedordanas.com\/#\/schema\/logo\/image\/\",\"url\":\"http:\/\/www.prijedordanas.com\/wp-content\/uploads\/2021\/12\/logopng.png\",\"contentUrl\":\"http:\/\/www.prijedordanas.com\/wp-content\/uploads\/2021\/12\/logopng.png\",\"width\":1019,\"height\":776,\"caption\":\"PrijedorDanas.com\"},\"image\":{\"@id\":\"https:\/\/www.prijedordanas.com\/#\/schema\/logo\/image\/\"},\"sameAs\":[\"https:\/\/www.facebook.com\/PrijedorDanasCom\/\"]},{\"@type\":\"Person\",\"@id\":\"https:\/\/www.prijedordanas.com\/#\/schema\/person\/4e08ccf29b506ca916ff86d46bb700e6\",\"name\":\"admin\",\"image\":{\"@type\":\"ImageObject\",\"inLanguage\":\"en-US\",\"@id\":\"https:\/\/www.prijedordanas.com\/#\/schema\/person\/image\/\",\"url\":\"https:\/\/secure.gravatar.com\/avatar\/1d3fc949d550f0b53a5f0d51e06dfd79?s=96&d=mm&r=g\",\"contentUrl\":\"https:\/\/secure.gravatar.com\/avatar\/1d3fc949d550f0b53a5f0d51e06dfd79?s=96&d=mm&r=g\",\"caption\":\"admin\"},\"url\":\"https:\/\/www.prijedordanas.com\/?author=1\"}]}<\/script>\n<!-- \/ Yoast SEO plugin. -->","yoast_head_json":{"title":"POZORI\u0160TE PRIJEDOR U NOVU SEZONU NA NOVIM DASKAMA - PrijedorDanas.com - Prijedorski gradski portal","robots":{"index":"index","follow":"follow","max-snippet":"max-snippet:-1","max-image-preview":"max-image-preview:large","max-video-preview":"max-video-preview:-1"},"canonical":"https:\/\/www.prijedordanas.com\/?p=2506","og_locale":"en_US","og_type":"article","og_title":"POZORI\u0160TE PRIJEDOR U NOVU SEZONU NA NOVIM DASKAMA - PrijedorDanas.com - Prijedorski gradski portal","og_description":"Radovi na sanaciji zgrade Pozori\u0161ta Prijedor po\u010de\u0107e u junu, potvrdio je direktor ovog teatra Zoran Baro\u0161. Na tender za izvo\u0111a\u010da radova koje je Pozori\u0161te raspisalo, ponude su pristizale do 22. [&hellip;]","og_url":"https:\/\/www.prijedordanas.com\/?p=2506","og_site_name":"PrijedorDanas.com - Prijedorski gradski portal","article_publisher":"https:\/\/www.facebook.com\/PrijedorDanasCom\/","article_published_time":"2014-05-06T17:33:17+00:00","og_image":[{"url":"https:\/\/www.prijedordanas.com\/wp-content\/uploads\/2014\/05\/pozoriste-prijedor-sala-300x300.jpg"}],"author":"admin","twitter_card":"summary_large_image","twitter_misc":{"Written by":"admin","Est. reading time":"2 minutes"},"schema":{"@context":"https:\/\/schema.org","@graph":[{"@type":"Article","@id":"https:\/\/www.prijedordanas.com\/?p=2506#article","isPartOf":{"@id":"https:\/\/www.prijedordanas.com\/?p=2506"},"author":{"name":"admin","@id":"https:\/\/www.prijedordanas.com\/#\/schema\/person\/4e08ccf29b506ca916ff86d46bb700e6"},"headline":"POZORI\u0160TE PRIJEDOR U NOVU SEZONU NA NOVIM DASKAMA","datePublished":"2014-05-06T17:33:17+00:00","dateModified":"2014-05-06T17:33:17+00:00","mainEntityOfPage":{"@id":"https:\/\/www.prijedordanas.com\/?p=2506"},"wordCount":349,"publisher":{"@id":"https:\/\/www.prijedordanas.com\/#organization"},"keywords":["nove daske","Pozori\u0161te Prijedor"],"articleSection":["Kultura"],"inLanguage":"en-US"},{"@type":"WebPage","@id":"https:\/\/www.prijedordanas.com\/?p=2506","url":"https:\/\/www.prijedordanas.com\/?p=2506","name":"POZORI\u0160TE PRIJEDOR U NOVU SEZONU NA NOVIM DASKAMA - PrijedorDanas.com - Prijedorski gradski portal","isPartOf":{"@id":"https:\/\/www.prijedordanas.com\/#website"},"datePublished":"2014-05-06T17:33:17+00:00","dateModified":"2014-05-06T17:33:17+00:00","breadcrumb":{"@id":"https:\/\/www.prijedordanas.com\/?p=2506#breadcrumb"},"inLanguage":"en-US","potentialAction":[{"@type":"ReadAction","target":["https:\/\/www.prijedordanas.com\/?p=2506"]}]},{"@type":"BreadcrumbList","@id":"https:\/\/www.prijedordanas.com\/?p=2506#breadcrumb","itemListElement":[{"@type":"ListItem","position":1,"name":"Home","item":"https:\/\/www.prijedordanas.com\/"},{"@type":"ListItem","position":2,"name":"POZORI\u0160TE PRIJEDOR U NOVU SEZONU NA NOVIM DASKAMA"}]},{"@type":"WebSite","@id":"https:\/\/www.prijedordanas.com\/#website","url":"https:\/\/www.prijedordanas.com\/","name":"PrijedorDanas.com - Prijedorski gradski portal","description":"Portal o doga\u0111anjima u gradu Prijedoru","publisher":{"@id":"https:\/\/www.prijedordanas.com\/#organization"},"potentialAction":[{"@type":"SearchAction","target":{"@type":"EntryPoint","urlTemplate":"https:\/\/www.prijedordanas.com\/?s={search_term_string}"},"query-input":"required name=search_term_string"}],"inLanguage":"en-US"},{"@type":"Organization","@id":"https:\/\/www.prijedordanas.com\/#organization","name":"PrijedorDanas.com","url":"https:\/\/www.prijedordanas.com\/","logo":{"@type":"ImageObject","inLanguage":"en-US","@id":"https:\/\/www.prijedordanas.com\/#\/schema\/logo\/image\/","url":"http:\/\/www.prijedordanas.com\/wp-content\/uploads\/2021\/12\/logopng.png","contentUrl":"http:\/\/www.prijedordanas.com\/wp-content\/uploads\/2021\/12\/logopng.png","width":1019,"height":776,"caption":"PrijedorDanas.com"},"image":{"@id":"https:\/\/www.prijedordanas.com\/#\/schema\/logo\/image\/"},"sameAs":["https:\/\/www.facebook.com\/PrijedorDanasCom\/"]},{"@type":"Person","@id":"https:\/\/www.prijedordanas.com\/#\/schema\/person\/4e08ccf29b506ca916ff86d46bb700e6","name":"admin","image":{"@type":"ImageObject","inLanguage":"en-US","@id":"https:\/\/www.prijedordanas.com\/#\/schema\/person\/image\/","url":"https:\/\/secure.gravatar.com\/avatar\/1d3fc949d550f0b53a5f0d51e06dfd79?s=96&d=mm&r=g","contentUrl":"https:\/\/secure.gravatar.com\/avatar\/1d3fc949d550f0b53a5f0d51e06dfd79?s=96&d=mm&r=g","caption":"admin"},"url":"https:\/\/www.prijedordanas.com\/?author=1"}]}},"_links":{"self":[{"href":"https:\/\/www.prijedordanas.com\/index.php?rest_route=\/wp\/v2\/posts\/2506"}],"collection":[{"href":"https:\/\/www.prijedordanas.com\/index.php?rest_route=\/wp\/v2\/posts"}],"about":[{"href":"https:\/\/www.prijedordanas.com\/index.php?rest_route=\/wp\/v2\/types\/post"}],"author":[{"embeddable":true,"href":"https:\/\/www.prijedordanas.com\/index.php?rest_route=\/wp\/v2\/users\/1"}],"replies":[{"embeddable":true,"href":"https:\/\/www.prijedordanas.com\/index.php?rest_route=%2Fwp%2Fv2%2Fcomments&post=2506"}],"version-history":[{"count":1,"href":"https:\/\/www.prijedordanas.com\/index.php?rest_route=\/wp\/v2\/posts\/2506\/revisions"}],"predecessor-version":[{"id":2508,"href":"https:\/\/www.prijedordanas.com\/index.php?rest_route=\/wp\/v2\/posts\/2506\/revisions\/2508"}],"wp:attachment":[{"href":"https:\/\/www.prijedordanas.com\/index.php?rest_route=%2Fwp%2Fv2%2Fmedia&parent=2506"}],"wp:term":[{"taxonomy":"category","embeddable":true,"href":"https:\/\/www.prijedordanas.com\/index.php?rest_route=%2Fwp%2Fv2%2Fcategories&post=2506"},{"taxonomy":"post_tag","embeddable":true,"href":"https:\/\/www.prijedordanas.com\/index.php?rest_route=%2Fwp%2Fv2%2Ftags&post=2506"}],"curies":[{"name":"wp","href":"https:\/\/api.w.org\/{rel}","templated":true}]}}