{"id":250395,"date":"2025-07-10T15:18:17","date_gmt":"2025-07-10T13:18:17","guid":{"rendered":"https:\/\/www.prijedordanas.com\/?p=250395"},"modified":"2025-07-10T16:55:28","modified_gmt":"2025-07-10T14:55:28","slug":"saobracajka-kod-prijedora-sudar-mercedesa-i-citroena-ima-povrijedenih-saobracaj-obustavljen-foto","status":"publish","type":"post","link":"https:\/\/www.prijedordanas.com\/?p=250395","title":{"rendered":"Saobra\u0107ajka kod Prijedora: Sudar &#8220;Mercedesa&#8221; i &#8220;Citroena&#8221;, ima povrije\u0111enih &#8211; FOTO"},"content":{"rendered":"<p><a href=\"https:\/\/www.prijedordanas.com\/wp-content\/uploads\/2025\/07\/saobracajka-kozarusa-mercedes-citroen-1.jpg\"><img loading=\"lazy\" decoding=\"async\" class=\"alignleft size-medium wp-image-250396\" src=\"https:\/\/www.prijedordanas.com\/wp-content\/uploads\/2025\/07\/saobracajka-kozarusa-mercedes-citroen-1-300x225.jpg\" alt=\"\" width=\"300\" height=\"225\" srcset=\"https:\/\/www.prijedordanas.com\/wp-content\/uploads\/2025\/07\/saobracajka-kozarusa-mercedes-citroen-1-300x225.jpg 300w, https:\/\/www.prijedordanas.com\/wp-content\/uploads\/2025\/07\/saobracajka-kozarusa-mercedes-citroen-1-640x480.jpg 640w, https:\/\/www.prijedordanas.com\/wp-content\/uploads\/2025\/07\/saobracajka-kozarusa-mercedes-citroen-1.jpg 667w\" sizes=\"(max-width: 300px) 100vw, 300px\" \/><\/a>Nova te\u0161ka saobra\u0107ajka na podru\u010dju Prijedora ovog \u010detvrtka popodne.<\/p>\n<p>Kako saznajemo, do nezgode je do\u0161lo oko 15:30 \u010dasova na magistralnom putu Prijedor-Banjaluka u mjestu Kozaru\u0161a.<\/p>\n<p>Do\u0161lo je do sudara &#8220;Mercedesa&#8221; i &#8220;Citroena&#8221;.<\/p>\n<p>Intervenisala je i slu\u017eba hitne pomo\u0107i prijedorskog Doma zdravlja.<\/p>\n<p>Prema nezvani\u010dnim informacijama, oni su medicinski zbrinuli oba voza\u010da i odvezli ih u prijedorsku bolnicu.<\/p>\n<p><a href=\"https:\/\/www.prijedordanas.com\/wp-content\/uploads\/2025\/07\/saobracajka-kozarusa-mercedes-citroen-2.jpg\"><img loading=\"lazy\" decoding=\"async\" src=\"https:\/\/www.prijedordanas.com\/wp-content\/uploads\/2025\/07\/saobracajka-kozarusa-mercedes-citroen-2-300x225.jpg\" alt=\"\" width=\"300\" height=\"225\" class=\"alignleft size-medium wp-image-250397\" srcset=\"https:\/\/www.prijedordanas.com\/wp-content\/uploads\/2025\/07\/saobracajka-kozarusa-mercedes-citroen-2-300x225.jpg 300w, https:\/\/www.prijedordanas.com\/wp-content\/uploads\/2025\/07\/saobracajka-kozarusa-mercedes-citroen-2-640x480.jpg 640w, https:\/\/www.prijedordanas.com\/wp-content\/uploads\/2025\/07\/saobracajka-kozarusa-mercedes-citroen-2.jpg 667w\" sizes=\"(max-width: 300px) 100vw, 300px\" \/><\/a>Za sada nemamo informacije kakav je stepen njihovih povreda.<\/p>\n<p>U toku je uvi\u0111aj koji obavljaju policijski slu\u017ebenici PS za bezbjednost saobra\u0107aja Prijedor.<\/p>\n<p>Saobra\u0107aj je trenutno obustavljen.<\/p>\n<p>Voza\u010dima se savjetuje da koriste alternativne pravce, stari put Prijedor-Banjaluka.<\/p>\n<p>Voza\u010di oprez, prilagodite svoju vo\u017enju uslovima na putu i po\u0161tujte saobra\u0107ajne propise.<\/p>\n<p>Tekst i foto &#8211; Aleksandar Drakuli\u0107\/Nijaz Huremovi\u0107 \u2013 <a href=\"https:\/\/www.prijedordanas.com\" target=\"_blank\" rel=\"noopener noreferrer\">www.prijedordanas.com<\/a><\/p>\n<p><a href=\"https:\/\/www.prijedordanas.com\/wp-content\/uploads\/2025\/07\/saobracajka-kozarusa-mercedes-citroen-3.jpg\"><img loading=\"lazy\" decoding=\"async\" src=\"https:\/\/www.prijedordanas.com\/wp-content\/uploads\/2025\/07\/saobracajka-kozarusa-mercedes-citroen-3-300x225.jpg\" alt=\"\" width=\"300\" height=\"225\" class=\"alignleft size-medium wp-image-250398\" srcset=\"https:\/\/www.prijedordanas.com\/wp-content\/uploads\/2025\/07\/saobracajka-kozarusa-mercedes-citroen-3-300x225.jpg 300w, https:\/\/www.prijedordanas.com\/wp-content\/uploads\/2025\/07\/saobracajka-kozarusa-mercedes-citroen-3-640x480.jpg 640w, https:\/\/www.prijedordanas.com\/wp-content\/uploads\/2025\/07\/saobracajka-kozarusa-mercedes-citroen-3.jpg 667w\" sizes=\"(max-width: 300px) 100vw, 300px\" \/><\/a> <a href=\"https:\/\/www.prijedordanas.com\/wp-content\/uploads\/2025\/07\/saobracajka-kozarusa-mercedes-citroen-4.jpg\"><img loading=\"lazy\" decoding=\"async\" src=\"https:\/\/www.prijedordanas.com\/wp-content\/uploads\/2025\/07\/saobracajka-kozarusa-mercedes-citroen-4-300x225.jpg\" alt=\"\" width=\"300\" height=\"225\" class=\"alignleft size-medium wp-image-250399\" srcset=\"https:\/\/www.prijedordanas.com\/wp-content\/uploads\/2025\/07\/saobracajka-kozarusa-mercedes-citroen-4-300x225.jpg 300w, https:\/\/www.prijedordanas.com\/wp-content\/uploads\/2025\/07\/saobracajka-kozarusa-mercedes-citroen-4-640x480.jpg 640w, https:\/\/www.prijedordanas.com\/wp-content\/uploads\/2025\/07\/saobracajka-kozarusa-mercedes-citroen-4.jpg 667w\" sizes=\"(max-width: 300px) 100vw, 300px\" \/><\/a> <a href=\"https:\/\/www.prijedordanas.com\/wp-content\/uploads\/2025\/07\/saobracajka-kozarusa-mercedes-citroen-5.jpg\"><img loading=\"lazy\" decoding=\"async\" src=\"https:\/\/www.prijedordanas.com\/wp-content\/uploads\/2025\/07\/saobracajka-kozarusa-mercedes-citroen-5-300x225.jpg\" alt=\"\" width=\"300\" height=\"225\" class=\"alignleft size-medium wp-image-250401\" srcset=\"https:\/\/www.prijedordanas.com\/wp-content\/uploads\/2025\/07\/saobracajka-kozarusa-mercedes-citroen-5-300x225.jpg 300w, https:\/\/www.prijedordanas.com\/wp-content\/uploads\/2025\/07\/saobracajka-kozarusa-mercedes-citroen-5-640x480.jpg 640w, https:\/\/www.prijedordanas.com\/wp-content\/uploads\/2025\/07\/saobracajka-kozarusa-mercedes-citroen-5.jpg 667w\" sizes=\"(max-width: 300px) 100vw, 300px\" \/><\/a> <a href=\"https:\/\/www.prijedordanas.com\/wp-content\/uploads\/2025\/07\/saobracajka-kozarusa-mercedes-citroen-6.jpg\"><img loading=\"lazy\" decoding=\"async\" src=\"https:\/\/www.prijedordanas.com\/wp-content\/uploads\/2025\/07\/saobracajka-kozarusa-mercedes-citroen-6-300x225.jpg\" alt=\"\" width=\"300\" height=\"225\" class=\"alignleft size-medium wp-image-250403\" srcset=\"https:\/\/www.prijedordanas.com\/wp-content\/uploads\/2025\/07\/saobracajka-kozarusa-mercedes-citroen-6-300x225.jpg 300w, https:\/\/www.prijedordanas.com\/wp-content\/uploads\/2025\/07\/saobracajka-kozarusa-mercedes-citroen-6-640x480.jpg 640w, https:\/\/www.prijedordanas.com\/wp-content\/uploads\/2025\/07\/saobracajka-kozarusa-mercedes-citroen-6.jpg 667w\" sizes=\"(max-width: 300px) 100vw, 300px\" \/><\/a> <a href=\"https:\/\/www.prijedordanas.com\/wp-content\/uploads\/2025\/07\/saobracajka-kozarusa-mercedes-citroen-8.jpg\"><img loading=\"lazy\" decoding=\"async\" src=\"https:\/\/www.prijedordanas.com\/wp-content\/uploads\/2025\/07\/saobracajka-kozarusa-mercedes-citroen-8-300x225.jpg\" alt=\"\" width=\"300\" height=\"225\" class=\"alignleft size-medium wp-image-250404\" srcset=\"https:\/\/www.prijedordanas.com\/wp-content\/uploads\/2025\/07\/saobracajka-kozarusa-mercedes-citroen-8-300x225.jpg 300w, https:\/\/www.prijedordanas.com\/wp-content\/uploads\/2025\/07\/saobracajka-kozarusa-mercedes-citroen-8-640x480.jpg 640w, https:\/\/www.prijedordanas.com\/wp-content\/uploads\/2025\/07\/saobracajka-kozarusa-mercedes-citroen-8.jpg 667w\" sizes=\"(max-width: 300px) 100vw, 300px\" \/><\/a> <a href=\"https:\/\/www.prijedordanas.com\/wp-content\/uploads\/2025\/07\/saobracajka-kozarusa-mercedes-citroen-9.jpg\"><img loading=\"lazy\" decoding=\"async\" src=\"https:\/\/www.prijedordanas.com\/wp-content\/uploads\/2025\/07\/saobracajka-kozarusa-mercedes-citroen-9-300x225.jpg\" alt=\"\" width=\"300\" height=\"225\" class=\"alignleft size-medium wp-image-250405\" srcset=\"https:\/\/www.prijedordanas.com\/wp-content\/uploads\/2025\/07\/saobracajka-kozarusa-mercedes-citroen-9-300x225.jpg 300w, https:\/\/www.prijedordanas.com\/wp-content\/uploads\/2025\/07\/saobracajka-kozarusa-mercedes-citroen-9-640x480.jpg 640w, https:\/\/www.prijedordanas.com\/wp-content\/uploads\/2025\/07\/saobracajka-kozarusa-mercedes-citroen-9.jpg 667w\" sizes=\"(max-width: 300px) 100vw, 300px\" \/><\/a> <a href=\"https:\/\/www.prijedordanas.com\/wp-content\/uploads\/2025\/07\/saobracajka-kozarusa-mercedes-citroen-7.jpg\"><img loading=\"lazy\" decoding=\"async\" src=\"https:\/\/www.prijedordanas.com\/wp-content\/uploads\/2025\/07\/saobracajka-kozarusa-mercedes-citroen-7-300x225.jpg\" alt=\"\" width=\"300\" height=\"225\" class=\"alignleft size-medium wp-image-250406\" srcset=\"https:\/\/www.prijedordanas.com\/wp-content\/uploads\/2025\/07\/saobracajka-kozarusa-mercedes-citroen-7-300x225.jpg 300w, https:\/\/www.prijedordanas.com\/wp-content\/uploads\/2025\/07\/saobracajka-kozarusa-mercedes-citroen-7-640x480.jpg 640w, https:\/\/www.prijedordanas.com\/wp-content\/uploads\/2025\/07\/saobracajka-kozarusa-mercedes-citroen-7.jpg 667w\" sizes=\"(max-width: 300px) 100vw, 300px\" \/><\/a><\/p>\n","protected":false},"excerpt":{"rendered":"<p>Nova te\u0161ka saobra\u0107ajka na podru\u010dju Prijedora ovog \u010detvrtka popodne. Kako saznajemo, do nezgode je do\u0161lo oko 15:30 \u010dasova na magistralnom putu Prijedor-Banjaluka u mjestu Kozaru\u0161a. Do\u0161lo je do sudara &#8220;Mercedesa&#8221; [&hellip;]<\/p>\n","protected":false},"author":1,"featured_media":0,"comment_status":"closed","ping_status":"open","sticky":false,"template":"","format":"standard","meta":{"_monsterinsights_skip_tracking":false,"_monsterinsights_sitenote_active":false,"_monsterinsights_sitenote_note":"","_monsterinsights_sitenote_category":0,"footnotes":""},"categories":[5],"tags":[],"yoast_head":"<!-- This site is optimized with the Yoast SEO plugin v21.6 - https:\/\/yoast.com\/wordpress\/plugins\/seo\/ -->\n<title>Saobra\u0107ajka kod Prijedora: Sudar &quot;Mercedesa&quot; i &quot;Citroena&quot;, ima povrije\u0111enih - FOTO - PrijedorDanas.com - Prijedorski gradski portal<\/title>\n<meta name=\"robots\" content=\"index, follow, max-snippet:-1, max-image-preview:large, max-video-preview:-1\" \/>\n<link rel=\"canonical\" href=\"https:\/\/www.prijedordanas.com\/?p=250395\" \/>\n<meta property=\"og:locale\" content=\"en_US\" \/>\n<meta property=\"og:type\" content=\"article\" \/>\n<meta property=\"og:title\" content=\"Saobra\u0107ajka kod Prijedora: Sudar &quot;Mercedesa&quot; i &quot;Citroena&quot;, ima povrije\u0111enih - FOTO - PrijedorDanas.com - Prijedorski gradski portal\" \/>\n<meta property=\"og:description\" content=\"Nova te\u0161ka saobra\u0107ajka na podru\u010dju Prijedora ovog \u010detvrtka popodne. Kako saznajemo, do nezgode je do\u0161lo oko 15:30 \u010dasova na magistralnom putu Prijedor-Banjaluka u mjestu Kozaru\u0161a. Do\u0161lo je do sudara &#8220;Mercedesa&#8221; [&hellip;]\" \/>\n<meta property=\"og:url\" content=\"https:\/\/www.prijedordanas.com\/?p=250395\" \/>\n<meta property=\"og:site_name\" content=\"PrijedorDanas.com - Prijedorski gradski portal\" \/>\n<meta property=\"article:publisher\" content=\"https:\/\/www.facebook.com\/PrijedorDanasCom\/\" \/>\n<meta property=\"article:published_time\" content=\"2025-07-10T13:18:17+00:00\" \/>\n<meta property=\"article:modified_time\" content=\"2025-07-10T14:55:28+00:00\" \/>\n<meta property=\"og:image\" content=\"https:\/\/www.prijedordanas.com\/wp-content\/uploads\/2025\/07\/saobracajka-kozarusa-mercedes-citroen-1-300x225.jpg\" \/>\n<meta name=\"author\" content=\"admin\" \/>\n<meta name=\"twitter:card\" content=\"summary_large_image\" \/>\n<meta name=\"twitter:label1\" content=\"Written by\" \/>\n\t<meta name=\"twitter:data1\" content=\"admin\" \/>\n\t<meta name=\"twitter:label2\" content=\"Est. reading time\" \/>\n\t<meta name=\"twitter:data2\" content=\"3 minutes\" \/>\n<script type=\"application\/ld+json\" class=\"yoast-schema-graph\">{\"@context\":\"https:\/\/schema.org\",\"@graph\":[{\"@type\":\"Article\",\"@id\":\"https:\/\/www.prijedordanas.com\/?p=250395#article\",\"isPartOf\":{\"@id\":\"https:\/\/www.prijedordanas.com\/?p=250395\"},\"author\":{\"name\":\"admin\",\"@id\":\"https:\/\/www.prijedordanas.com\/#\/schema\/person\/4e08ccf29b506ca916ff86d46bb700e6\"},\"headline\":\"Saobra\u0107ajka kod Prijedora: Sudar &#8220;Mercedesa&#8221; i &#8220;Citroena&#8221;, ima povrije\u0111enih &#8211; FOTO\",\"datePublished\":\"2025-07-10T13:18:17+00:00\",\"dateModified\":\"2025-07-10T14:55:28+00:00\",\"mainEntityOfPage\":{\"@id\":\"https:\/\/www.prijedordanas.com\/?p=250395\"},\"wordCount\":146,\"publisher\":{\"@id\":\"https:\/\/www.prijedordanas.com\/#organization\"},\"articleSection\":[\"Hronika\"],\"inLanguage\":\"en-US\"},{\"@type\":\"WebPage\",\"@id\":\"https:\/\/www.prijedordanas.com\/?p=250395\",\"url\":\"https:\/\/www.prijedordanas.com\/?p=250395\",\"name\":\"Saobra\u0107ajka kod Prijedora: Sudar \\\"Mercedesa\\\" i \\\"Citroena\\\", ima povrije\u0111enih - FOTO - PrijedorDanas.com - Prijedorski gradski portal\",\"isPartOf\":{\"@id\":\"https:\/\/www.prijedordanas.com\/#website\"},\"datePublished\":\"2025-07-10T13:18:17+00:00\",\"dateModified\":\"2025-07-10T14:55:28+00:00\",\"breadcrumb\":{\"@id\":\"https:\/\/www.prijedordanas.com\/?p=250395#breadcrumb\"},\"inLanguage\":\"en-US\",\"potentialAction\":[{\"@type\":\"ReadAction\",\"target\":[\"https:\/\/www.prijedordanas.com\/?p=250395\"]}]},{\"@type\":\"BreadcrumbList\",\"@id\":\"https:\/\/www.prijedordanas.com\/?p=250395#breadcrumb\",\"itemListElement\":[{\"@type\":\"ListItem\",\"position\":1,\"name\":\"Home\",\"item\":\"https:\/\/www.prijedordanas.com\/\"},{\"@type\":\"ListItem\",\"position\":2,\"name\":\"Saobra\u0107ajka kod Prijedora: Sudar &#8220;Mercedesa&#8221; i &#8220;Citroena&#8221;, ima povrije\u0111enih &#8211; FOTO\"}]},{\"@type\":\"WebSite\",\"@id\":\"https:\/\/www.prijedordanas.com\/#website\",\"url\":\"https:\/\/www.prijedordanas.com\/\",\"name\":\"PrijedorDanas.com - Prijedorski gradski portal\",\"description\":\"Portal o doga\u0111anjima u gradu Prijedoru\",\"publisher\":{\"@id\":\"https:\/\/www.prijedordanas.com\/#organization\"},\"potentialAction\":[{\"@type\":\"SearchAction\",\"target\":{\"@type\":\"EntryPoint\",\"urlTemplate\":\"https:\/\/www.prijedordanas.com\/?s={search_term_string}\"},\"query-input\":\"required name=search_term_string\"}],\"inLanguage\":\"en-US\"},{\"@type\":\"Organization\",\"@id\":\"https:\/\/www.prijedordanas.com\/#organization\",\"name\":\"PrijedorDanas.com\",\"url\":\"https:\/\/www.prijedordanas.com\/\",\"logo\":{\"@type\":\"ImageObject\",\"inLanguage\":\"en-US\",\"@id\":\"https:\/\/www.prijedordanas.com\/#\/schema\/logo\/image\/\",\"url\":\"http:\/\/www.prijedordanas.com\/wp-content\/uploads\/2021\/12\/logopng.png\",\"contentUrl\":\"http:\/\/www.prijedordanas.com\/wp-content\/uploads\/2021\/12\/logopng.png\",\"width\":1019,\"height\":776,\"caption\":\"PrijedorDanas.com\"},\"image\":{\"@id\":\"https:\/\/www.prijedordanas.com\/#\/schema\/logo\/image\/\"},\"sameAs\":[\"https:\/\/www.facebook.com\/PrijedorDanasCom\/\"]},{\"@type\":\"Person\",\"@id\":\"https:\/\/www.prijedordanas.com\/#\/schema\/person\/4e08ccf29b506ca916ff86d46bb700e6\",\"name\":\"admin\",\"image\":{\"@type\":\"ImageObject\",\"inLanguage\":\"en-US\",\"@id\":\"https:\/\/www.prijedordanas.com\/#\/schema\/person\/image\/\",\"url\":\"https:\/\/secure.gravatar.com\/avatar\/1d3fc949d550f0b53a5f0d51e06dfd79?s=96&d=mm&r=g\",\"contentUrl\":\"https:\/\/secure.gravatar.com\/avatar\/1d3fc949d550f0b53a5f0d51e06dfd79?s=96&d=mm&r=g\",\"caption\":\"admin\"},\"url\":\"https:\/\/www.prijedordanas.com\/?author=1\"}]}<\/script>\n<!-- \/ Yoast SEO plugin. -->","yoast_head_json":{"title":"Saobra\u0107ajka kod Prijedora: Sudar \"Mercedesa\" i \"Citroena\", ima povrije\u0111enih - FOTO - PrijedorDanas.com - Prijedorski gradski portal","robots":{"index":"index","follow":"follow","max-snippet":"max-snippet:-1","max-image-preview":"max-image-preview:large","max-video-preview":"max-video-preview:-1"},"canonical":"https:\/\/www.prijedordanas.com\/?p=250395","og_locale":"en_US","og_type":"article","og_title":"Saobra\u0107ajka kod Prijedora: Sudar \"Mercedesa\" i \"Citroena\", ima povrije\u0111enih - FOTO - PrijedorDanas.com - Prijedorski gradski portal","og_description":"Nova te\u0161ka saobra\u0107ajka na podru\u010dju Prijedora ovog \u010detvrtka popodne. Kako saznajemo, do nezgode je do\u0161lo oko 15:30 \u010dasova na magistralnom putu Prijedor-Banjaluka u mjestu Kozaru\u0161a. Do\u0161lo je do sudara &#8220;Mercedesa&#8221; [&hellip;]","og_url":"https:\/\/www.prijedordanas.com\/?p=250395","og_site_name":"PrijedorDanas.com - Prijedorski gradski portal","article_publisher":"https:\/\/www.facebook.com\/PrijedorDanasCom\/","article_published_time":"2025-07-10T13:18:17+00:00","article_modified_time":"2025-07-10T14:55:28+00:00","og_image":[{"url":"https:\/\/www.prijedordanas.com\/wp-content\/uploads\/2025\/07\/saobracajka-kozarusa-mercedes-citroen-1-300x225.jpg"}],"author":"admin","twitter_card":"summary_large_image","twitter_misc":{"Written by":"admin","Est. reading time":"3 minutes"},"schema":{"@context":"https:\/\/schema.org","@graph":[{"@type":"Article","@id":"https:\/\/www.prijedordanas.com\/?p=250395#article","isPartOf":{"@id":"https:\/\/www.prijedordanas.com\/?p=250395"},"author":{"name":"admin","@id":"https:\/\/www.prijedordanas.com\/#\/schema\/person\/4e08ccf29b506ca916ff86d46bb700e6"},"headline":"Saobra\u0107ajka kod Prijedora: Sudar &#8220;Mercedesa&#8221; i &#8220;Citroena&#8221;, ima povrije\u0111enih &#8211; FOTO","datePublished":"2025-07-10T13:18:17+00:00","dateModified":"2025-07-10T14:55:28+00:00","mainEntityOfPage":{"@id":"https:\/\/www.prijedordanas.com\/?p=250395"},"wordCount":146,"publisher":{"@id":"https:\/\/www.prijedordanas.com\/#organization"},"articleSection":["Hronika"],"inLanguage":"en-US"},{"@type":"WebPage","@id":"https:\/\/www.prijedordanas.com\/?p=250395","url":"https:\/\/www.prijedordanas.com\/?p=250395","name":"Saobra\u0107ajka kod Prijedora: Sudar \"Mercedesa\" i \"Citroena\", ima povrije\u0111enih - FOTO - PrijedorDanas.com - Prijedorski gradski portal","isPartOf":{"@id":"https:\/\/www.prijedordanas.com\/#website"},"datePublished":"2025-07-10T13:18:17+00:00","dateModified":"2025-07-10T14:55:28+00:00","breadcrumb":{"@id":"https:\/\/www.prijedordanas.com\/?p=250395#breadcrumb"},"inLanguage":"en-US","potentialAction":[{"@type":"ReadAction","target":["https:\/\/www.prijedordanas.com\/?p=250395"]}]},{"@type":"BreadcrumbList","@id":"https:\/\/www.prijedordanas.com\/?p=250395#breadcrumb","itemListElement":[{"@type":"ListItem","position":1,"name":"Home","item":"https:\/\/www.prijedordanas.com\/"},{"@type":"ListItem","position":2,"name":"Saobra\u0107ajka kod Prijedora: Sudar &#8220;Mercedesa&#8221; i &#8220;Citroena&#8221;, ima povrije\u0111enih &#8211; FOTO"}]},{"@type":"WebSite","@id":"https:\/\/www.prijedordanas.com\/#website","url":"https:\/\/www.prijedordanas.com\/","name":"PrijedorDanas.com - Prijedorski gradski portal","description":"Portal o doga\u0111anjima u gradu Prijedoru","publisher":{"@id":"https:\/\/www.prijedordanas.com\/#organization"},"potentialAction":[{"@type":"SearchAction","target":{"@type":"EntryPoint","urlTemplate":"https:\/\/www.prijedordanas.com\/?s={search_term_string}"},"query-input":"required name=search_term_string"}],"inLanguage":"en-US"},{"@type":"Organization","@id":"https:\/\/www.prijedordanas.com\/#organization","name":"PrijedorDanas.com","url":"https:\/\/www.prijedordanas.com\/","logo":{"@type":"ImageObject","inLanguage":"en-US","@id":"https:\/\/www.prijedordanas.com\/#\/schema\/logo\/image\/","url":"http:\/\/www.prijedordanas.com\/wp-content\/uploads\/2021\/12\/logopng.png","contentUrl":"http:\/\/www.prijedordanas.com\/wp-content\/uploads\/2021\/12\/logopng.png","width":1019,"height":776,"caption":"PrijedorDanas.com"},"image":{"@id":"https:\/\/www.prijedordanas.com\/#\/schema\/logo\/image\/"},"sameAs":["https:\/\/www.facebook.com\/PrijedorDanasCom\/"]},{"@type":"Person","@id":"https:\/\/www.prijedordanas.com\/#\/schema\/person\/4e08ccf29b506ca916ff86d46bb700e6","name":"admin","image":{"@type":"ImageObject","inLanguage":"en-US","@id":"https:\/\/www.prijedordanas.com\/#\/schema\/person\/image\/","url":"https:\/\/secure.gravatar.com\/avatar\/1d3fc949d550f0b53a5f0d51e06dfd79?s=96&d=mm&r=g","contentUrl":"https:\/\/secure.gravatar.com\/avatar\/1d3fc949d550f0b53a5f0d51e06dfd79?s=96&d=mm&r=g","caption":"admin"},"url":"https:\/\/www.prijedordanas.com\/?author=1"}]}},"_links":{"self":[{"href":"https:\/\/www.prijedordanas.com\/index.php?rest_route=\/wp\/v2\/posts\/250395"}],"collection":[{"href":"https:\/\/www.prijedordanas.com\/index.php?rest_route=\/wp\/v2\/posts"}],"about":[{"href":"https:\/\/www.prijedordanas.com\/index.php?rest_route=\/wp\/v2\/types\/post"}],"author":[{"embeddable":true,"href":"https:\/\/www.prijedordanas.com\/index.php?rest_route=\/wp\/v2\/users\/1"}],"replies":[{"embeddable":true,"href":"https:\/\/www.prijedordanas.com\/index.php?rest_route=%2Fwp%2Fv2%2Fcomments&post=250395"}],"version-history":[{"count":4,"href":"https:\/\/www.prijedordanas.com\/index.php?rest_route=\/wp\/v2\/posts\/250395\/revisions"}],"predecessor-version":[{"id":250416,"href":"https:\/\/www.prijedordanas.com\/index.php?rest_route=\/wp\/v2\/posts\/250395\/revisions\/250416"}],"wp:attachment":[{"href":"https:\/\/www.prijedordanas.com\/index.php?rest_route=%2Fwp%2Fv2%2Fmedia&parent=250395"}],"wp:term":[{"taxonomy":"category","embeddable":true,"href":"https:\/\/www.prijedordanas.com\/index.php?rest_route=%2Fwp%2Fv2%2Fcategories&post=250395"},{"taxonomy":"post_tag","embeddable":true,"href":"https:\/\/www.prijedordanas.com\/index.php?rest_route=%2Fwp%2Fv2%2Ftags&post=250395"}],"curies":[{"name":"wp","href":"https:\/\/api.w.org\/{rel}","templated":true}]}}