{"id":250389,"date":"2025-07-10T11:20:37","date_gmt":"2025-07-10T09:20:37","guid":{"rendered":"https:\/\/www.prijedordanas.com\/?p=250389"},"modified":"2025-07-10T11:20:37","modified_gmt":"2025-07-10T09:20:37","slug":"okruzno-javno-tuzilastvo-prijedor-maric-strateski-ciljevi-se-ostvaruju-uprkos-nedovoljnom-broju-tuzilaca","status":"publish","type":"post","link":"https:\/\/www.prijedordanas.com\/?p=250389","title":{"rendered":"Okru\u017eno javno tu\u017eila\u0161tvo Prijedor &#8211; Mari\u0107: Strate\u0161ki ciljevi se ostvaruju uprkos nedovoljnom broju tu\u017eilaca"},"content":{"rendered":"<p><a href=\"https:\/\/www.prijedordanas.com\/wp-content\/uploads\/2025\/07\/glavni-tuzilac-ojt-prijedor-sladjana-maric-juli2025.jpg\"><img loading=\"lazy\" decoding=\"async\" src=\"https:\/\/www.prijedordanas.com\/wp-content\/uploads\/2025\/07\/glavni-tuzilac-ojt-prijedor-sladjana-maric-juli2025-300x225.jpg\" alt=\"\" width=\"300\" height=\"225\" class=\"alignleft size-medium wp-image-250390\" srcset=\"https:\/\/www.prijedordanas.com\/wp-content\/uploads\/2025\/07\/glavni-tuzilac-ojt-prijedor-sladjana-maric-juli2025-300x225.jpg 300w, https:\/\/www.prijedordanas.com\/wp-content\/uploads\/2025\/07\/glavni-tuzilac-ojt-prijedor-sladjana-maric-juli2025-640x480.jpg 640w, https:\/\/www.prijedordanas.com\/wp-content\/uploads\/2025\/07\/glavni-tuzilac-ojt-prijedor-sladjana-maric-juli2025.jpg 667w\" sizes=\"(max-width: 300px) 100vw, 300px\" \/><\/a>Okru\u017eno javno tu\u017eila\u0161tvo Prijedor ostvaruje strate\u0161ke ciljeve tu\u017eila\u010dkog sistema Republike Srpske, bez obzira na nedovoljan broj tu\u017eilaca, izjavila je glavni tu\u017eilac Sla\u0111ana Mari\u0107.<\/p>\n<p>Mari\u0107eva je precizirala da su me\u0111u strate\u0161kim ciljevima pove\u0107anje broja rije\u0161enih predmeta u kojima nije odre\u0111en po\u010dinilac niti je odre\u0111eno djelo, te navela da je takvih predmeta u prvoj polovini godine primljen 221, a 232 su rije\u0161ena.<\/p>\n<p>&#8220;Strate\u0161ki cilj je i smanjenje ukupnog broja narije\u0161enih predmeta sa odre\u0111enim djelom i poznatim po\u010diniocem. Takvih je na po\u010detku godine bilo 2.008, a za manje od pola godine broj je smanjen na 1.949&#8221;, rekla je Mari\u0107eva Srni.<\/p>\n<p>Ona je podsjetila da je planom rje\u0161avanja starih predmeta predvi\u0111eno da se u ovoj godini rije\u0161e svi predmeti iz 2022. godine, ali da \u0107e se zbog nedovoljnog broja tu\u017eilaca taj plan u ovom mjesecu revidirati.<\/p>\n<p>&#8220;Bez obzira na ove rezultate, imamo veliki broj nerije\u0161enih predmeta. Trenutno imamo sedam tu\u017eilaca, za dva je konkurs u toku, a sistematizovano je deset. Od Visokog sudskog i tu\u017eila\u010dkog savjeta BiH zatra\u017ei\u0107emo pro\u0161irenje sistematizacije odnosno pove\u0107anje broja tu\u017eilaca. Prvi razlog je broj predmeta kojim su zadu\u017eeni tu\u017eioci, a drugi priliv novih predmeta. To je stvarna i realna potreba&#8221;, najavila je Mari\u0107eva.<\/p>\n<p>Prema njenim rije\u010dima, u kvalitetu rada tu\u017eila\u0161tva strate\u0161ki ciljevi su 80 odsto osu\u0111uju\u0107ih presuda u predmetima korupcije i privrednog kriminala i 90 odsto u predmetima op\u0161teg kriminala, a prijedorsko tu\u017eila\u0161tvo ima i vi\u0161e od 95 odsto pravosna\u017enih osu\u0111uju\u0107ih presuda.<\/p>\n<p>&#8220;Jedan od strate\u0161kih ciljeva je i kvalitet i kvantitet informacija koje pru\u017eamo gra\u0111anima. I tu imamo odre\u0111enu bodovnu skalu i jedan od ciljeva je da se pove\u0107aju i kvalitet i kvantitet. I u tom strate\u0161kom cilju smo postigli rezultate&#8221;, dodala je Mari\u0107eva.<\/p>\n<p>Ovo tu\u017eila\u0161tvo pokriva grad Prijedor i op\u0161tine Novi Grad, Kozarska Dubica, Kostajnica, O\u0161tra Luka i Krupa na Uni i zastupa optu\u017enice pred osnovnim sudovima u Prijedoru, Novom Gradu i Kozarskoj Dubici, te pred Okru\u017enim sudom u Prijedoru. <\/p>\n<p>SRNA<\/p>\n","protected":false},"excerpt":{"rendered":"<p>Okru\u017eno javno tu\u017eila\u0161tvo Prijedor ostvaruje strate\u0161ke ciljeve tu\u017eila\u010dkog sistema Republike Srpske, bez obzira na nedovoljan broj tu\u017eilaca, izjavila je glavni tu\u017eilac Sla\u0111ana Mari\u0107. Mari\u0107eva je precizirala da su me\u0111u strate\u0161kim [&hellip;]<\/p>\n","protected":false},"author":1,"featured_media":0,"comment_status":"closed","ping_status":"open","sticky":false,"template":"","format":"standard","meta":{"_monsterinsights_skip_tracking":false,"_monsterinsights_sitenote_active":false,"_monsterinsights_sitenote_note":"","_monsterinsights_sitenote_category":0,"footnotes":""},"categories":[8],"tags":[],"yoast_head":"<!-- This site is optimized with the Yoast SEO plugin v21.6 - https:\/\/yoast.com\/wordpress\/plugins\/seo\/ -->\n<title>Okru\u017eno javno tu\u017eila\u0161tvo Prijedor - Mari\u0107: Strate\u0161ki ciljevi se ostvaruju uprkos nedovoljnom broju tu\u017eilaca - PrijedorDanas.com - Prijedorski gradski portal<\/title>\n<meta name=\"robots\" content=\"index, follow, max-snippet:-1, max-image-preview:large, max-video-preview:-1\" \/>\n<link rel=\"canonical\" href=\"https:\/\/www.prijedordanas.com\/?p=250389\" \/>\n<meta property=\"og:locale\" content=\"en_US\" \/>\n<meta property=\"og:type\" content=\"article\" \/>\n<meta property=\"og:title\" content=\"Okru\u017eno javno tu\u017eila\u0161tvo Prijedor - Mari\u0107: Strate\u0161ki ciljevi se ostvaruju uprkos nedovoljnom broju tu\u017eilaca - PrijedorDanas.com - Prijedorski gradski portal\" \/>\n<meta property=\"og:description\" content=\"Okru\u017eno javno tu\u017eila\u0161tvo Prijedor ostvaruje strate\u0161ke ciljeve tu\u017eila\u010dkog sistema Republike Srpske, bez obzira na nedovoljan broj tu\u017eilaca, izjavila je glavni tu\u017eilac Sla\u0111ana Mari\u0107. Mari\u0107eva je precizirala da su me\u0111u strate\u0161kim [&hellip;]\" \/>\n<meta property=\"og:url\" content=\"https:\/\/www.prijedordanas.com\/?p=250389\" \/>\n<meta property=\"og:site_name\" content=\"PrijedorDanas.com - Prijedorski gradski portal\" \/>\n<meta property=\"article:publisher\" content=\"https:\/\/www.facebook.com\/PrijedorDanasCom\/\" \/>\n<meta property=\"article:published_time\" content=\"2025-07-10T09:20:37+00:00\" \/>\n<meta property=\"og:image\" content=\"https:\/\/www.prijedordanas.com\/wp-content\/uploads\/2025\/07\/glavni-tuzilac-ojt-prijedor-sladjana-maric-juli2025-300x225.jpg\" \/>\n<meta name=\"author\" content=\"admin\" \/>\n<meta name=\"twitter:card\" content=\"summary_large_image\" \/>\n<meta name=\"twitter:label1\" content=\"Written by\" \/>\n\t<meta name=\"twitter:data1\" content=\"admin\" \/>\n<script type=\"application\/ld+json\" class=\"yoast-schema-graph\">{\"@context\":\"https:\/\/schema.org\",\"@graph\":[{\"@type\":\"Article\",\"@id\":\"https:\/\/www.prijedordanas.com\/?p=250389#article\",\"isPartOf\":{\"@id\":\"https:\/\/www.prijedordanas.com\/?p=250389\"},\"author\":{\"name\":\"admin\",\"@id\":\"https:\/\/www.prijedordanas.com\/#\/schema\/person\/4e08ccf29b506ca916ff86d46bb700e6\"},\"headline\":\"Okru\u017eno javno tu\u017eila\u0161tvo Prijedor &#8211; Mari\u0107: Strate\u0161ki ciljevi se ostvaruju uprkos nedovoljnom broju tu\u017eilaca\",\"datePublished\":\"2025-07-10T09:20:37+00:00\",\"dateModified\":\"2025-07-10T09:20:37+00:00\",\"mainEntityOfPage\":{\"@id\":\"https:\/\/www.prijedordanas.com\/?p=250389\"},\"wordCount\":389,\"publisher\":{\"@id\":\"https:\/\/www.prijedordanas.com\/#organization\"},\"articleSection\":[\"Svakodnevno\"],\"inLanguage\":\"en-US\"},{\"@type\":\"WebPage\",\"@id\":\"https:\/\/www.prijedordanas.com\/?p=250389\",\"url\":\"https:\/\/www.prijedordanas.com\/?p=250389\",\"name\":\"Okru\u017eno javno tu\u017eila\u0161tvo Prijedor - Mari\u0107: Strate\u0161ki ciljevi se ostvaruju uprkos nedovoljnom broju tu\u017eilaca - PrijedorDanas.com - Prijedorski gradski portal\",\"isPartOf\":{\"@id\":\"https:\/\/www.prijedordanas.com\/#website\"},\"datePublished\":\"2025-07-10T09:20:37+00:00\",\"dateModified\":\"2025-07-10T09:20:37+00:00\",\"breadcrumb\":{\"@id\":\"https:\/\/www.prijedordanas.com\/?p=250389#breadcrumb\"},\"inLanguage\":\"en-US\",\"potentialAction\":[{\"@type\":\"ReadAction\",\"target\":[\"https:\/\/www.prijedordanas.com\/?p=250389\"]}]},{\"@type\":\"BreadcrumbList\",\"@id\":\"https:\/\/www.prijedordanas.com\/?p=250389#breadcrumb\",\"itemListElement\":[{\"@type\":\"ListItem\",\"position\":1,\"name\":\"Home\",\"item\":\"https:\/\/www.prijedordanas.com\/\"},{\"@type\":\"ListItem\",\"position\":2,\"name\":\"Okru\u017eno javno tu\u017eila\u0161tvo Prijedor &#8211; Mari\u0107: Strate\u0161ki ciljevi se ostvaruju uprkos nedovoljnom broju tu\u017eilaca\"}]},{\"@type\":\"WebSite\",\"@id\":\"https:\/\/www.prijedordanas.com\/#website\",\"url\":\"https:\/\/www.prijedordanas.com\/\",\"name\":\"PrijedorDanas.com - Prijedorski gradski portal\",\"description\":\"Portal o doga\u0111anjima u gradu Prijedoru\",\"publisher\":{\"@id\":\"https:\/\/www.prijedordanas.com\/#organization\"},\"potentialAction\":[{\"@type\":\"SearchAction\",\"target\":{\"@type\":\"EntryPoint\",\"urlTemplate\":\"https:\/\/www.prijedordanas.com\/?s={search_term_string}\"},\"query-input\":\"required name=search_term_string\"}],\"inLanguage\":\"en-US\"},{\"@type\":\"Organization\",\"@id\":\"https:\/\/www.prijedordanas.com\/#organization\",\"name\":\"PrijedorDanas.com\",\"url\":\"https:\/\/www.prijedordanas.com\/\",\"logo\":{\"@type\":\"ImageObject\",\"inLanguage\":\"en-US\",\"@id\":\"https:\/\/www.prijedordanas.com\/#\/schema\/logo\/image\/\",\"url\":\"http:\/\/www.prijedordanas.com\/wp-content\/uploads\/2021\/12\/logopng.png\",\"contentUrl\":\"http:\/\/www.prijedordanas.com\/wp-content\/uploads\/2021\/12\/logopng.png\",\"width\":1019,\"height\":776,\"caption\":\"PrijedorDanas.com\"},\"image\":{\"@id\":\"https:\/\/www.prijedordanas.com\/#\/schema\/logo\/image\/\"},\"sameAs\":[\"https:\/\/www.facebook.com\/PrijedorDanasCom\/\"]},{\"@type\":\"Person\",\"@id\":\"https:\/\/www.prijedordanas.com\/#\/schema\/person\/4e08ccf29b506ca916ff86d46bb700e6\",\"name\":\"admin\",\"image\":{\"@type\":\"ImageObject\",\"inLanguage\":\"en-US\",\"@id\":\"https:\/\/www.prijedordanas.com\/#\/schema\/person\/image\/\",\"url\":\"https:\/\/secure.gravatar.com\/avatar\/1d3fc949d550f0b53a5f0d51e06dfd79?s=96&d=mm&r=g\",\"contentUrl\":\"https:\/\/secure.gravatar.com\/avatar\/1d3fc949d550f0b53a5f0d51e06dfd79?s=96&d=mm&r=g\",\"caption\":\"admin\"},\"url\":\"https:\/\/www.prijedordanas.com\/?author=1\"}]}<\/script>\n<!-- \/ Yoast SEO plugin. -->","yoast_head_json":{"title":"Okru\u017eno javno tu\u017eila\u0161tvo Prijedor - Mari\u0107: Strate\u0161ki ciljevi se ostvaruju uprkos nedovoljnom broju tu\u017eilaca - PrijedorDanas.com - Prijedorski gradski portal","robots":{"index":"index","follow":"follow","max-snippet":"max-snippet:-1","max-image-preview":"max-image-preview:large","max-video-preview":"max-video-preview:-1"},"canonical":"https:\/\/www.prijedordanas.com\/?p=250389","og_locale":"en_US","og_type":"article","og_title":"Okru\u017eno javno tu\u017eila\u0161tvo Prijedor - Mari\u0107: Strate\u0161ki ciljevi se ostvaruju uprkos nedovoljnom broju tu\u017eilaca - PrijedorDanas.com - Prijedorski gradski portal","og_description":"Okru\u017eno javno tu\u017eila\u0161tvo Prijedor ostvaruje strate\u0161ke ciljeve tu\u017eila\u010dkog sistema Republike Srpske, bez obzira na nedovoljan broj tu\u017eilaca, izjavila je glavni tu\u017eilac Sla\u0111ana Mari\u0107. Mari\u0107eva je precizirala da su me\u0111u strate\u0161kim [&hellip;]","og_url":"https:\/\/www.prijedordanas.com\/?p=250389","og_site_name":"PrijedorDanas.com - Prijedorski gradski portal","article_publisher":"https:\/\/www.facebook.com\/PrijedorDanasCom\/","article_published_time":"2025-07-10T09:20:37+00:00","og_image":[{"url":"https:\/\/www.prijedordanas.com\/wp-content\/uploads\/2025\/07\/glavni-tuzilac-ojt-prijedor-sladjana-maric-juli2025-300x225.jpg"}],"author":"admin","twitter_card":"summary_large_image","twitter_misc":{"Written by":"admin"},"schema":{"@context":"https:\/\/schema.org","@graph":[{"@type":"Article","@id":"https:\/\/www.prijedordanas.com\/?p=250389#article","isPartOf":{"@id":"https:\/\/www.prijedordanas.com\/?p=250389"},"author":{"name":"admin","@id":"https:\/\/www.prijedordanas.com\/#\/schema\/person\/4e08ccf29b506ca916ff86d46bb700e6"},"headline":"Okru\u017eno javno tu\u017eila\u0161tvo Prijedor &#8211; Mari\u0107: Strate\u0161ki ciljevi se ostvaruju uprkos nedovoljnom broju tu\u017eilaca","datePublished":"2025-07-10T09:20:37+00:00","dateModified":"2025-07-10T09:20:37+00:00","mainEntityOfPage":{"@id":"https:\/\/www.prijedordanas.com\/?p=250389"},"wordCount":389,"publisher":{"@id":"https:\/\/www.prijedordanas.com\/#organization"},"articleSection":["Svakodnevno"],"inLanguage":"en-US"},{"@type":"WebPage","@id":"https:\/\/www.prijedordanas.com\/?p=250389","url":"https:\/\/www.prijedordanas.com\/?p=250389","name":"Okru\u017eno javno tu\u017eila\u0161tvo Prijedor - Mari\u0107: Strate\u0161ki ciljevi se ostvaruju uprkos nedovoljnom broju tu\u017eilaca - PrijedorDanas.com - Prijedorski gradski portal","isPartOf":{"@id":"https:\/\/www.prijedordanas.com\/#website"},"datePublished":"2025-07-10T09:20:37+00:00","dateModified":"2025-07-10T09:20:37+00:00","breadcrumb":{"@id":"https:\/\/www.prijedordanas.com\/?p=250389#breadcrumb"},"inLanguage":"en-US","potentialAction":[{"@type":"ReadAction","target":["https:\/\/www.prijedordanas.com\/?p=250389"]}]},{"@type":"BreadcrumbList","@id":"https:\/\/www.prijedordanas.com\/?p=250389#breadcrumb","itemListElement":[{"@type":"ListItem","position":1,"name":"Home","item":"https:\/\/www.prijedordanas.com\/"},{"@type":"ListItem","position":2,"name":"Okru\u017eno javno tu\u017eila\u0161tvo Prijedor &#8211; Mari\u0107: Strate\u0161ki ciljevi se ostvaruju uprkos nedovoljnom broju tu\u017eilaca"}]},{"@type":"WebSite","@id":"https:\/\/www.prijedordanas.com\/#website","url":"https:\/\/www.prijedordanas.com\/","name":"PrijedorDanas.com - Prijedorski gradski portal","description":"Portal o doga\u0111anjima u gradu Prijedoru","publisher":{"@id":"https:\/\/www.prijedordanas.com\/#organization"},"potentialAction":[{"@type":"SearchAction","target":{"@type":"EntryPoint","urlTemplate":"https:\/\/www.prijedordanas.com\/?s={search_term_string}"},"query-input":"required name=search_term_string"}],"inLanguage":"en-US"},{"@type":"Organization","@id":"https:\/\/www.prijedordanas.com\/#organization","name":"PrijedorDanas.com","url":"https:\/\/www.prijedordanas.com\/","logo":{"@type":"ImageObject","inLanguage":"en-US","@id":"https:\/\/www.prijedordanas.com\/#\/schema\/logo\/image\/","url":"http:\/\/www.prijedordanas.com\/wp-content\/uploads\/2021\/12\/logopng.png","contentUrl":"http:\/\/www.prijedordanas.com\/wp-content\/uploads\/2021\/12\/logopng.png","width":1019,"height":776,"caption":"PrijedorDanas.com"},"image":{"@id":"https:\/\/www.prijedordanas.com\/#\/schema\/logo\/image\/"},"sameAs":["https:\/\/www.facebook.com\/PrijedorDanasCom\/"]},{"@type":"Person","@id":"https:\/\/www.prijedordanas.com\/#\/schema\/person\/4e08ccf29b506ca916ff86d46bb700e6","name":"admin","image":{"@type":"ImageObject","inLanguage":"en-US","@id":"https:\/\/www.prijedordanas.com\/#\/schema\/person\/image\/","url":"https:\/\/secure.gravatar.com\/avatar\/1d3fc949d550f0b53a5f0d51e06dfd79?s=96&d=mm&r=g","contentUrl":"https:\/\/secure.gravatar.com\/avatar\/1d3fc949d550f0b53a5f0d51e06dfd79?s=96&d=mm&r=g","caption":"admin"},"url":"https:\/\/www.prijedordanas.com\/?author=1"}]}},"_links":{"self":[{"href":"https:\/\/www.prijedordanas.com\/index.php?rest_route=\/wp\/v2\/posts\/250389"}],"collection":[{"href":"https:\/\/www.prijedordanas.com\/index.php?rest_route=\/wp\/v2\/posts"}],"about":[{"href":"https:\/\/www.prijedordanas.com\/index.php?rest_route=\/wp\/v2\/types\/post"}],"author":[{"embeddable":true,"href":"https:\/\/www.prijedordanas.com\/index.php?rest_route=\/wp\/v2\/users\/1"}],"replies":[{"embeddable":true,"href":"https:\/\/www.prijedordanas.com\/index.php?rest_route=%2Fwp%2Fv2%2Fcomments&post=250389"}],"version-history":[{"count":1,"href":"https:\/\/www.prijedordanas.com\/index.php?rest_route=\/wp\/v2\/posts\/250389\/revisions"}],"predecessor-version":[{"id":250391,"href":"https:\/\/www.prijedordanas.com\/index.php?rest_route=\/wp\/v2\/posts\/250389\/revisions\/250391"}],"wp:attachment":[{"href":"https:\/\/www.prijedordanas.com\/index.php?rest_route=%2Fwp%2Fv2%2Fmedia&parent=250389"}],"wp:term":[{"taxonomy":"category","embeddable":true,"href":"https:\/\/www.prijedordanas.com\/index.php?rest_route=%2Fwp%2Fv2%2Fcategories&post=250389"},{"taxonomy":"post_tag","embeddable":true,"href":"https:\/\/www.prijedordanas.com\/index.php?rest_route=%2Fwp%2Fv2%2Ftags&post=250389"}],"curies":[{"name":"wp","href":"https:\/\/api.w.org\/{rel}","templated":true}]}}