{"id":250149,"date":"2025-07-06T17:35:51","date_gmt":"2025-07-06T15:35:51","guid":{"rendered":"https:\/\/www.prijedordanas.com\/?p=250149"},"modified":"2025-07-06T17:35:51","modified_gmt":"2025-07-06T15:35:51","slug":"madar-gabor-hirsler-i-ekipa-omana-pobjednici-29-otvorenog-padobranskog-prvenstva-prijedor-open-2025-foto","status":"publish","type":"post","link":"https:\/\/www.prijedordanas.com\/?p=250149","title":{"rendered":"Ma\u0111ar Gabor Hir\u0161ler i ekipa &#8220;Omana&#8221; pobjednici 29. otvorenog padobranskog prvenstva &#8220;Prijedor Open 2025&#8221; \u2013 FOTO"},"content":{"rendered":"<p><a href=\"https:\/\/www.prijedordanas.com\/wp-content\/uploads\/2025\/07\/padobranski-kup-prijedor-2025-finalni-dan-1.jpg\"><img loading=\"lazy\" decoding=\"async\" class=\"alignleft size-medium wp-image-250154\" src=\"https:\/\/www.prijedordanas.com\/wp-content\/uploads\/2025\/07\/padobranski-kup-prijedor-2025-finalni-dan-1-300x225.jpg\" alt=\"\" width=\"300\" height=\"225\" srcset=\"https:\/\/www.prijedordanas.com\/wp-content\/uploads\/2025\/07\/padobranski-kup-prijedor-2025-finalni-dan-1-300x225.jpg 300w, https:\/\/www.prijedordanas.com\/wp-content\/uploads\/2025\/07\/padobranski-kup-prijedor-2025-finalni-dan-1-640x480.jpg 640w, https:\/\/www.prijedordanas.com\/wp-content\/uploads\/2025\/07\/padobranski-kup-prijedor-2025-finalni-dan-1.jpg 667w\" sizes=\"(max-width: 300px) 100vw, 300px\" \/><\/a>Ma\u0111ar Gabor Hir\u0161ler iz ekipe &#8220;Solnok&#8221; u pojedina\u010dnoj i &#8220;Oman&#8221; u ekipnoj konkurenciji, pobjednici su 29. otvorenog padobranskog prvenstva &#8220;Prijedor Open 2025&#8221; koje je u protekla dva dana odr\u017eano na aerodromu \u201cUrije\u201d u Prijedoru.<\/p>\n<p>Uspje\u0161an organizator i doma\u0107in i ovoga puta je bio Aero-klub &#8220;Prijedor&#8221;.<\/p>\n<p>Takmi\u010denje, koje se od 2022. godine odr\u017eava u okviru Isto\u010dno-evropske cilja\u0161ke lige, okupilo je u ovogodip\u0161\u0161njem izdanju 15 ekipa iz 12 zemalja sa tri kontinenta.<\/p>\n<p>Hir\u0161ler je nakon osam skokova imao samo 6 negativnih centimetara, drugoplasirani Francuz Erik Simonin iz ekipe &#8220;Austria Internatiol&#8221; sedam, a tre\u0107eplasirani Abdula Almakbali iz &#8220;Omana&#8221; 14 centimetara.<\/p>\n<p><a href=\"https:\/\/www.prijedordanas.com\/wp-content\/uploads\/2025\/07\/padobranski-kup-prijedor-2025-finalni-dan-2.jpg\"><img loading=\"lazy\" decoding=\"async\" src=\"https:\/\/www.prijedordanas.com\/wp-content\/uploads\/2025\/07\/padobranski-kup-prijedor-2025-finalni-dan-2-300x225.jpg\" alt=\"\" width=\"300\" height=\"225\" class=\"alignleft size-medium wp-image-250155\" srcset=\"https:\/\/www.prijedordanas.com\/wp-content\/uploads\/2025\/07\/padobranski-kup-prijedor-2025-finalni-dan-2-300x225.jpg 300w, https:\/\/www.prijedordanas.com\/wp-content\/uploads\/2025\/07\/padobranski-kup-prijedor-2025-finalni-dan-2-640x480.jpg 640w, https:\/\/www.prijedordanas.com\/wp-content\/uploads\/2025\/07\/padobranski-kup-prijedor-2025-finalni-dan-2.jpg 667w\" sizes=\"(max-width: 300px) 100vw, 300px\" \/><\/a>Pobjedni\u010dki tim &#8220;Omana&#8221; imao je 81 negativni centimetar, drugoplasirani su doma\u0107ini, ekipa &#8220;Prijedora&#8221; sa 108 centimetara, koliko je imala i tre\u0107eplasirana ekipa &#8220;Solnoka&#8221; iz Ma\u0111arske.<\/p>\n<p>Najbolji u master konkurenciji bio je tako\u0111e Hir\u0161ler.<\/p>\n<p>Kod \u017eena je trijumfovala Ina Gitel iz Njema\u010dke..<\/p>\n<p>Ina\u010de, ove godine se takmi\u010dilo 12 ekipa sa 58 padobranaca iz BiH, Austrije, Slovenije, Hrvatske, Srbije, Crne Gore, Omana, Njema\u010dke, Bugarske, Ma\u0111arske i Poljske.<\/p>\n<p>Teksti foto \u2013 Aleksandar Drakuli\u0107 &#8211; <a href=\"https:\/\/www.prijedordanas.com\" target=\"_blank\" rel=\"noopener noreferrer\">www.prijedordanas.com<\/a><\/p>\n<p><a href=\"https:\/\/www.prijedordanas.com\/wp-content\/uploads\/2025\/07\/padobranski-kup-prijedor-2025-finalni-dan-3.jpg\"><img loading=\"lazy\" decoding=\"async\" src=\"https:\/\/www.prijedordanas.com\/wp-content\/uploads\/2025\/07\/padobranski-kup-prijedor-2025-finalni-dan-3-300x225.jpg\" alt=\"\" width=\"300\" height=\"225\" class=\"alignleft size-medium wp-image-250156\" srcset=\"https:\/\/www.prijedordanas.com\/wp-content\/uploads\/2025\/07\/padobranski-kup-prijedor-2025-finalni-dan-3-300x225.jpg 300w, https:\/\/www.prijedordanas.com\/wp-content\/uploads\/2025\/07\/padobranski-kup-prijedor-2025-finalni-dan-3-640x480.jpg 640w, https:\/\/www.prijedordanas.com\/wp-content\/uploads\/2025\/07\/padobranski-kup-prijedor-2025-finalni-dan-3.jpg 667w\" sizes=\"(max-width: 300px) 100vw, 300px\" \/><\/a> <a href=\"https:\/\/www.prijedordanas.com\/wp-content\/uploads\/2025\/07\/padobranski-kup-prijedor-2025-finalni-dan-4.jpg\"><img loading=\"lazy\" decoding=\"async\" src=\"https:\/\/www.prijedordanas.com\/wp-content\/uploads\/2025\/07\/padobranski-kup-prijedor-2025-finalni-dan-4-300x225.jpg\" alt=\"\" width=\"300\" height=\"225\" class=\"alignleft size-medium wp-image-250157\" srcset=\"https:\/\/www.prijedordanas.com\/wp-content\/uploads\/2025\/07\/padobranski-kup-prijedor-2025-finalni-dan-4-300x225.jpg 300w, https:\/\/www.prijedordanas.com\/wp-content\/uploads\/2025\/07\/padobranski-kup-prijedor-2025-finalni-dan-4-640x480.jpg 640w, https:\/\/www.prijedordanas.com\/wp-content\/uploads\/2025\/07\/padobranski-kup-prijedor-2025-finalni-dan-4.jpg 667w\" sizes=\"(max-width: 300px) 100vw, 300px\" \/><\/a> <a href=\"https:\/\/www.prijedordanas.com\/wp-content\/uploads\/2025\/07\/padobranski-kup-prijedor-2025-finalni-dan-5.jpg\"><img loading=\"lazy\" decoding=\"async\" src=\"https:\/\/www.prijedordanas.com\/wp-content\/uploads\/2025\/07\/padobranski-kup-prijedor-2025-finalni-dan-5-300x225.jpg\" alt=\"\" width=\"300\" height=\"225\" class=\"alignleft size-medium wp-image-250158\" srcset=\"https:\/\/www.prijedordanas.com\/wp-content\/uploads\/2025\/07\/padobranski-kup-prijedor-2025-finalni-dan-5-300x225.jpg 300w, https:\/\/www.prijedordanas.com\/wp-content\/uploads\/2025\/07\/padobranski-kup-prijedor-2025-finalni-dan-5-640x480.jpg 640w, https:\/\/www.prijedordanas.com\/wp-content\/uploads\/2025\/07\/padobranski-kup-prijedor-2025-finalni-dan-5.jpg 667w\" sizes=\"(max-width: 300px) 100vw, 300px\" \/><\/a> <a href=\"https:\/\/www.prijedordanas.com\/wp-content\/uploads\/2025\/07\/padobranski-kup-prijedor-2025-finalni-dan-6.jpg\"><img loading=\"lazy\" decoding=\"async\" src=\"https:\/\/www.prijedordanas.com\/wp-content\/uploads\/2025\/07\/padobranski-kup-prijedor-2025-finalni-dan-6-300x225.jpg\" alt=\"\" width=\"300\" height=\"225\" class=\"alignleft size-medium wp-image-250159\" srcset=\"https:\/\/www.prijedordanas.com\/wp-content\/uploads\/2025\/07\/padobranski-kup-prijedor-2025-finalni-dan-6-300x225.jpg 300w, https:\/\/www.prijedordanas.com\/wp-content\/uploads\/2025\/07\/padobranski-kup-prijedor-2025-finalni-dan-6-640x480.jpg 640w, https:\/\/www.prijedordanas.com\/wp-content\/uploads\/2025\/07\/padobranski-kup-prijedor-2025-finalni-dan-6.jpg 667w\" sizes=\"(max-width: 300px) 100vw, 300px\" \/><\/a> <a href=\"https:\/\/www.prijedordanas.com\/wp-content\/uploads\/2025\/07\/padobranski-kup-prijedor-2025-finalni-dan-7.jpg\"><img loading=\"lazy\" decoding=\"async\" src=\"https:\/\/www.prijedordanas.com\/wp-content\/uploads\/2025\/07\/padobranski-kup-prijedor-2025-finalni-dan-7-300x225.jpg\" alt=\"\" width=\"300\" height=\"225\" class=\"alignleft size-medium wp-image-250160\" srcset=\"https:\/\/www.prijedordanas.com\/wp-content\/uploads\/2025\/07\/padobranski-kup-prijedor-2025-finalni-dan-7-300x225.jpg 300w, https:\/\/www.prijedordanas.com\/wp-content\/uploads\/2025\/07\/padobranski-kup-prijedor-2025-finalni-dan-7-640x480.jpg 640w, https:\/\/www.prijedordanas.com\/wp-content\/uploads\/2025\/07\/padobranski-kup-prijedor-2025-finalni-dan-7.jpg 667w\" sizes=\"(max-width: 300px) 100vw, 300px\" \/><\/a> <a href=\"https:\/\/www.prijedordanas.com\/wp-content\/uploads\/2025\/07\/padobranski-kup-prijedor-2025-finalni-dan-8.jpg\"><img loading=\"lazy\" decoding=\"async\" src=\"https:\/\/www.prijedordanas.com\/wp-content\/uploads\/2025\/07\/padobranski-kup-prijedor-2025-finalni-dan-8-300x225.jpg\" alt=\"\" width=\"300\" height=\"225\" class=\"alignleft size-medium wp-image-250161\" srcset=\"https:\/\/www.prijedordanas.com\/wp-content\/uploads\/2025\/07\/padobranski-kup-prijedor-2025-finalni-dan-8-300x225.jpg 300w, https:\/\/www.prijedordanas.com\/wp-content\/uploads\/2025\/07\/padobranski-kup-prijedor-2025-finalni-dan-8-640x480.jpg 640w, https:\/\/www.prijedordanas.com\/wp-content\/uploads\/2025\/07\/padobranski-kup-prijedor-2025-finalni-dan-8.jpg 667w\" sizes=\"(max-width: 300px) 100vw, 300px\" \/><\/a> <a href=\"https:\/\/www.prijedordanas.com\/wp-content\/uploads\/2025\/07\/padobranski-kup-prijedor-2025-finalni-dan-10.jpg\"><img loading=\"lazy\" decoding=\"async\" src=\"https:\/\/www.prijedordanas.com\/wp-content\/uploads\/2025\/07\/padobranski-kup-prijedor-2025-finalni-dan-10-300x200.jpg\" alt=\"\" width=\"300\" height=\"200\" class=\"alignleft size-medium wp-image-250162\" srcset=\"https:\/\/www.prijedordanas.com\/wp-content\/uploads\/2025\/07\/padobranski-kup-prijedor-2025-finalni-dan-10-300x200.jpg 300w, https:\/\/www.prijedordanas.com\/wp-content\/uploads\/2025\/07\/padobranski-kup-prijedor-2025-finalni-dan-10-480x320.jpg 480w, https:\/\/www.prijedordanas.com\/wp-content\/uploads\/2025\/07\/padobranski-kup-prijedor-2025-finalni-dan-10.jpg 600w\" sizes=\"(max-width: 300px) 100vw, 300px\" \/><\/a> <a href=\"https:\/\/www.prijedordanas.com\/wp-content\/uploads\/2025\/07\/padobranski-kup-prijedor-2025-finalni-dan-11.jpg\"><img loading=\"lazy\" decoding=\"async\" src=\"https:\/\/www.prijedordanas.com\/wp-content\/uploads\/2025\/07\/padobranski-kup-prijedor-2025-finalni-dan-11-300x200.jpg\" alt=\"\" width=\"300\" height=\"200\" class=\"alignleft size-medium wp-image-250163\" srcset=\"https:\/\/www.prijedordanas.com\/wp-content\/uploads\/2025\/07\/padobranski-kup-prijedor-2025-finalni-dan-11-300x200.jpg 300w, https:\/\/www.prijedordanas.com\/wp-content\/uploads\/2025\/07\/padobranski-kup-prijedor-2025-finalni-dan-11-480x320.jpg 480w, https:\/\/www.prijedordanas.com\/wp-content\/uploads\/2025\/07\/padobranski-kup-prijedor-2025-finalni-dan-11.jpg 600w\" sizes=\"(max-width: 300px) 100vw, 300px\" \/><\/a> <a href=\"https:\/\/www.prijedordanas.com\/wp-content\/uploads\/2025\/07\/padobranski-kup-prijedor-2025-finalni-dan-9.jpg\"><img loading=\"lazy\" decoding=\"async\" src=\"https:\/\/www.prijedordanas.com\/wp-content\/uploads\/2025\/07\/padobranski-kup-prijedor-2025-finalni-dan-9-300x225.jpg\" alt=\"\" width=\"300\" height=\"225\" class=\"alignleft size-medium wp-image-250164\" srcset=\"https:\/\/www.prijedordanas.com\/wp-content\/uploads\/2025\/07\/padobranski-kup-prijedor-2025-finalni-dan-9-300x225.jpg 300w, https:\/\/www.prijedordanas.com\/wp-content\/uploads\/2025\/07\/padobranski-kup-prijedor-2025-finalni-dan-9-640x480.jpg 640w, https:\/\/www.prijedordanas.com\/wp-content\/uploads\/2025\/07\/padobranski-kup-prijedor-2025-finalni-dan-9.jpg 667w\" sizes=\"(max-width: 300px) 100vw, 300px\" \/><\/a><\/p>\n","protected":false},"excerpt":{"rendered":"<p>Ma\u0111ar Gabor Hir\u0161ler iz ekipe &#8220;Solnok&#8221; u pojedina\u010dnoj i &#8220;Oman&#8221; u ekipnoj konkurenciji, pobjednici su 29. otvorenog padobranskog prvenstva &#8220;Prijedor Open 2025&#8221; koje je u protekla dva dana odr\u017eano na [&hellip;]<\/p>\n","protected":false},"author":1,"featured_media":0,"comment_status":"closed","ping_status":"open","sticky":false,"template":"","format":"standard","meta":{"_monsterinsights_skip_tracking":false,"_monsterinsights_sitenote_active":false,"_monsterinsights_sitenote_note":"","_monsterinsights_sitenote_category":0,"footnotes":""},"categories":[7515,7],"tags":[],"yoast_head":"<!-- This site is optimized with the Yoast SEO plugin v21.6 - https:\/\/yoast.com\/wordpress\/plugins\/seo\/ -->\n<title>Ma\u0111ar Gabor Hir\u0161ler i ekipa &quot;Omana&quot; pobjednici 29. otvorenog padobranskog prvenstva &quot;Prijedor Open 2025&quot; \u2013 FOTO - PrijedorDanas.com - Prijedorski gradski portal<\/title>\n<meta name=\"robots\" content=\"index, follow, max-snippet:-1, max-image-preview:large, max-video-preview:-1\" \/>\n<link rel=\"canonical\" href=\"https:\/\/www.prijedordanas.com\/?p=250149\" \/>\n<meta property=\"og:locale\" content=\"en_US\" \/>\n<meta property=\"og:type\" content=\"article\" \/>\n<meta property=\"og:title\" content=\"Ma\u0111ar Gabor Hir\u0161ler i ekipa &quot;Omana&quot; pobjednici 29. otvorenog padobranskog prvenstva &quot;Prijedor Open 2025&quot; \u2013 FOTO - PrijedorDanas.com - Prijedorski gradski portal\" \/>\n<meta property=\"og:description\" content=\"Ma\u0111ar Gabor Hir\u0161ler iz ekipe &#8220;Solnok&#8221; u pojedina\u010dnoj i &#8220;Oman&#8221; u ekipnoj konkurenciji, pobjednici su 29. otvorenog padobranskog prvenstva &#8220;Prijedor Open 2025&#8221; koje je u protekla dva dana odr\u017eano na [&hellip;]\" \/>\n<meta property=\"og:url\" content=\"https:\/\/www.prijedordanas.com\/?p=250149\" \/>\n<meta property=\"og:site_name\" content=\"PrijedorDanas.com - Prijedorski gradski portal\" \/>\n<meta property=\"article:publisher\" content=\"https:\/\/www.facebook.com\/PrijedorDanasCom\/\" \/>\n<meta property=\"article:published_time\" content=\"2025-07-06T15:35:51+00:00\" \/>\n<meta property=\"og:image\" content=\"https:\/\/www.prijedordanas.com\/wp-content\/uploads\/2025\/07\/padobranski-kup-prijedor-2025-finalni-dan-1-300x225.jpg\" \/>\n<meta name=\"author\" content=\"admin\" \/>\n<meta name=\"twitter:card\" content=\"summary_large_image\" \/>\n<meta name=\"twitter:label1\" content=\"Written by\" \/>\n\t<meta name=\"twitter:data1\" content=\"admin\" \/>\n\t<meta name=\"twitter:label2\" content=\"Est. reading time\" \/>\n\t<meta name=\"twitter:data2\" content=\"1 minute\" \/>\n<script type=\"application\/ld+json\" class=\"yoast-schema-graph\">{\"@context\":\"https:\/\/schema.org\",\"@graph\":[{\"@type\":\"Article\",\"@id\":\"https:\/\/www.prijedordanas.com\/?p=250149#article\",\"isPartOf\":{\"@id\":\"https:\/\/www.prijedordanas.com\/?p=250149\"},\"author\":{\"name\":\"admin\",\"@id\":\"https:\/\/www.prijedordanas.com\/#\/schema\/person\/4e08ccf29b506ca916ff86d46bb700e6\"},\"headline\":\"Ma\u0111ar Gabor Hir\u0161ler i ekipa &#8220;Omana&#8221; pobjednici 29. otvorenog padobranskog prvenstva &#8220;Prijedor Open 2025&#8221; \u2013 FOTO\",\"datePublished\":\"2025-07-06T15:35:51+00:00\",\"dateModified\":\"2025-07-06T15:35:51+00:00\",\"mainEntityOfPage\":{\"@id\":\"https:\/\/www.prijedordanas.com\/?p=250149\"},\"wordCount\":198,\"publisher\":{\"@id\":\"https:\/\/www.prijedordanas.com\/#organization\"},\"articleSection\":[\"Foto dana\",\"Sport\"],\"inLanguage\":\"en-US\"},{\"@type\":\"WebPage\",\"@id\":\"https:\/\/www.prijedordanas.com\/?p=250149\",\"url\":\"https:\/\/www.prijedordanas.com\/?p=250149\",\"name\":\"Ma\u0111ar Gabor Hir\u0161ler i ekipa \\\"Omana\\\" pobjednici 29. otvorenog padobranskog prvenstva \\\"Prijedor Open 2025\\\" \u2013 FOTO - PrijedorDanas.com - Prijedorski gradski portal\",\"isPartOf\":{\"@id\":\"https:\/\/www.prijedordanas.com\/#website\"},\"datePublished\":\"2025-07-06T15:35:51+00:00\",\"dateModified\":\"2025-07-06T15:35:51+00:00\",\"breadcrumb\":{\"@id\":\"https:\/\/www.prijedordanas.com\/?p=250149#breadcrumb\"},\"inLanguage\":\"en-US\",\"potentialAction\":[{\"@type\":\"ReadAction\",\"target\":[\"https:\/\/www.prijedordanas.com\/?p=250149\"]}]},{\"@type\":\"BreadcrumbList\",\"@id\":\"https:\/\/www.prijedordanas.com\/?p=250149#breadcrumb\",\"itemListElement\":[{\"@type\":\"ListItem\",\"position\":1,\"name\":\"Home\",\"item\":\"https:\/\/www.prijedordanas.com\/\"},{\"@type\":\"ListItem\",\"position\":2,\"name\":\"Ma\u0111ar Gabor Hir\u0161ler i ekipa &#8220;Omana&#8221; pobjednici 29. otvorenog padobranskog prvenstva &#8220;Prijedor Open 2025&#8221; \u2013 FOTO\"}]},{\"@type\":\"WebSite\",\"@id\":\"https:\/\/www.prijedordanas.com\/#website\",\"url\":\"https:\/\/www.prijedordanas.com\/\",\"name\":\"PrijedorDanas.com - Prijedorski gradski portal\",\"description\":\"Portal o doga\u0111anjima u gradu Prijedoru\",\"publisher\":{\"@id\":\"https:\/\/www.prijedordanas.com\/#organization\"},\"potentialAction\":[{\"@type\":\"SearchAction\",\"target\":{\"@type\":\"EntryPoint\",\"urlTemplate\":\"https:\/\/www.prijedordanas.com\/?s={search_term_string}\"},\"query-input\":\"required name=search_term_string\"}],\"inLanguage\":\"en-US\"},{\"@type\":\"Organization\",\"@id\":\"https:\/\/www.prijedordanas.com\/#organization\",\"name\":\"PrijedorDanas.com\",\"url\":\"https:\/\/www.prijedordanas.com\/\",\"logo\":{\"@type\":\"ImageObject\",\"inLanguage\":\"en-US\",\"@id\":\"https:\/\/www.prijedordanas.com\/#\/schema\/logo\/image\/\",\"url\":\"http:\/\/www.prijedordanas.com\/wp-content\/uploads\/2021\/12\/logopng.png\",\"contentUrl\":\"http:\/\/www.prijedordanas.com\/wp-content\/uploads\/2021\/12\/logopng.png\",\"width\":1019,\"height\":776,\"caption\":\"PrijedorDanas.com\"},\"image\":{\"@id\":\"https:\/\/www.prijedordanas.com\/#\/schema\/logo\/image\/\"},\"sameAs\":[\"https:\/\/www.facebook.com\/PrijedorDanasCom\/\"]},{\"@type\":\"Person\",\"@id\":\"https:\/\/www.prijedordanas.com\/#\/schema\/person\/4e08ccf29b506ca916ff86d46bb700e6\",\"name\":\"admin\",\"image\":{\"@type\":\"ImageObject\",\"inLanguage\":\"en-US\",\"@id\":\"https:\/\/www.prijedordanas.com\/#\/schema\/person\/image\/\",\"url\":\"https:\/\/secure.gravatar.com\/avatar\/1d3fc949d550f0b53a5f0d51e06dfd79?s=96&d=mm&r=g\",\"contentUrl\":\"https:\/\/secure.gravatar.com\/avatar\/1d3fc949d550f0b53a5f0d51e06dfd79?s=96&d=mm&r=g\",\"caption\":\"admin\"},\"url\":\"https:\/\/www.prijedordanas.com\/?author=1\"}]}<\/script>\n<!-- \/ Yoast SEO plugin. -->","yoast_head_json":{"title":"Ma\u0111ar Gabor Hir\u0161ler i ekipa \"Omana\" pobjednici 29. otvorenog padobranskog prvenstva \"Prijedor Open 2025\" \u2013 FOTO - PrijedorDanas.com - Prijedorski gradski portal","robots":{"index":"index","follow":"follow","max-snippet":"max-snippet:-1","max-image-preview":"max-image-preview:large","max-video-preview":"max-video-preview:-1"},"canonical":"https:\/\/www.prijedordanas.com\/?p=250149","og_locale":"en_US","og_type":"article","og_title":"Ma\u0111ar Gabor Hir\u0161ler i ekipa \"Omana\" pobjednici 29. otvorenog padobranskog prvenstva \"Prijedor Open 2025\" \u2013 FOTO - PrijedorDanas.com - Prijedorski gradski portal","og_description":"Ma\u0111ar Gabor Hir\u0161ler iz ekipe &#8220;Solnok&#8221; u pojedina\u010dnoj i &#8220;Oman&#8221; u ekipnoj konkurenciji, pobjednici su 29. otvorenog padobranskog prvenstva &#8220;Prijedor Open 2025&#8221; koje je u protekla dva dana odr\u017eano na [&hellip;]","og_url":"https:\/\/www.prijedordanas.com\/?p=250149","og_site_name":"PrijedorDanas.com - Prijedorski gradski portal","article_publisher":"https:\/\/www.facebook.com\/PrijedorDanasCom\/","article_published_time":"2025-07-06T15:35:51+00:00","og_image":[{"url":"https:\/\/www.prijedordanas.com\/wp-content\/uploads\/2025\/07\/padobranski-kup-prijedor-2025-finalni-dan-1-300x225.jpg"}],"author":"admin","twitter_card":"summary_large_image","twitter_misc":{"Written by":"admin","Est. reading time":"1 minute"},"schema":{"@context":"https:\/\/schema.org","@graph":[{"@type":"Article","@id":"https:\/\/www.prijedordanas.com\/?p=250149#article","isPartOf":{"@id":"https:\/\/www.prijedordanas.com\/?p=250149"},"author":{"name":"admin","@id":"https:\/\/www.prijedordanas.com\/#\/schema\/person\/4e08ccf29b506ca916ff86d46bb700e6"},"headline":"Ma\u0111ar Gabor Hir\u0161ler i ekipa &#8220;Omana&#8221; pobjednici 29. otvorenog padobranskog prvenstva &#8220;Prijedor Open 2025&#8221; \u2013 FOTO","datePublished":"2025-07-06T15:35:51+00:00","dateModified":"2025-07-06T15:35:51+00:00","mainEntityOfPage":{"@id":"https:\/\/www.prijedordanas.com\/?p=250149"},"wordCount":198,"publisher":{"@id":"https:\/\/www.prijedordanas.com\/#organization"},"articleSection":["Foto dana","Sport"],"inLanguage":"en-US"},{"@type":"WebPage","@id":"https:\/\/www.prijedordanas.com\/?p=250149","url":"https:\/\/www.prijedordanas.com\/?p=250149","name":"Ma\u0111ar Gabor Hir\u0161ler i ekipa \"Omana\" pobjednici 29. otvorenog padobranskog prvenstva \"Prijedor Open 2025\" \u2013 FOTO - PrijedorDanas.com - Prijedorski gradski portal","isPartOf":{"@id":"https:\/\/www.prijedordanas.com\/#website"},"datePublished":"2025-07-06T15:35:51+00:00","dateModified":"2025-07-06T15:35:51+00:00","breadcrumb":{"@id":"https:\/\/www.prijedordanas.com\/?p=250149#breadcrumb"},"inLanguage":"en-US","potentialAction":[{"@type":"ReadAction","target":["https:\/\/www.prijedordanas.com\/?p=250149"]}]},{"@type":"BreadcrumbList","@id":"https:\/\/www.prijedordanas.com\/?p=250149#breadcrumb","itemListElement":[{"@type":"ListItem","position":1,"name":"Home","item":"https:\/\/www.prijedordanas.com\/"},{"@type":"ListItem","position":2,"name":"Ma\u0111ar Gabor Hir\u0161ler i ekipa &#8220;Omana&#8221; pobjednici 29. otvorenog padobranskog prvenstva &#8220;Prijedor Open 2025&#8221; \u2013 FOTO"}]},{"@type":"WebSite","@id":"https:\/\/www.prijedordanas.com\/#website","url":"https:\/\/www.prijedordanas.com\/","name":"PrijedorDanas.com - Prijedorski gradski portal","description":"Portal o doga\u0111anjima u gradu Prijedoru","publisher":{"@id":"https:\/\/www.prijedordanas.com\/#organization"},"potentialAction":[{"@type":"SearchAction","target":{"@type":"EntryPoint","urlTemplate":"https:\/\/www.prijedordanas.com\/?s={search_term_string}"},"query-input":"required name=search_term_string"}],"inLanguage":"en-US"},{"@type":"Organization","@id":"https:\/\/www.prijedordanas.com\/#organization","name":"PrijedorDanas.com","url":"https:\/\/www.prijedordanas.com\/","logo":{"@type":"ImageObject","inLanguage":"en-US","@id":"https:\/\/www.prijedordanas.com\/#\/schema\/logo\/image\/","url":"http:\/\/www.prijedordanas.com\/wp-content\/uploads\/2021\/12\/logopng.png","contentUrl":"http:\/\/www.prijedordanas.com\/wp-content\/uploads\/2021\/12\/logopng.png","width":1019,"height":776,"caption":"PrijedorDanas.com"},"image":{"@id":"https:\/\/www.prijedordanas.com\/#\/schema\/logo\/image\/"},"sameAs":["https:\/\/www.facebook.com\/PrijedorDanasCom\/"]},{"@type":"Person","@id":"https:\/\/www.prijedordanas.com\/#\/schema\/person\/4e08ccf29b506ca916ff86d46bb700e6","name":"admin","image":{"@type":"ImageObject","inLanguage":"en-US","@id":"https:\/\/www.prijedordanas.com\/#\/schema\/person\/image\/","url":"https:\/\/secure.gravatar.com\/avatar\/1d3fc949d550f0b53a5f0d51e06dfd79?s=96&d=mm&r=g","contentUrl":"https:\/\/secure.gravatar.com\/avatar\/1d3fc949d550f0b53a5f0d51e06dfd79?s=96&d=mm&r=g","caption":"admin"},"url":"https:\/\/www.prijedordanas.com\/?author=1"}]}},"_links":{"self":[{"href":"https:\/\/www.prijedordanas.com\/index.php?rest_route=\/wp\/v2\/posts\/250149"}],"collection":[{"href":"https:\/\/www.prijedordanas.com\/index.php?rest_route=\/wp\/v2\/posts"}],"about":[{"href":"https:\/\/www.prijedordanas.com\/index.php?rest_route=\/wp\/v2\/types\/post"}],"author":[{"embeddable":true,"href":"https:\/\/www.prijedordanas.com\/index.php?rest_route=\/wp\/v2\/users\/1"}],"replies":[{"embeddable":true,"href":"https:\/\/www.prijedordanas.com\/index.php?rest_route=%2Fwp%2Fv2%2Fcomments&post=250149"}],"version-history":[{"count":3,"href":"https:\/\/www.prijedordanas.com\/index.php?rest_route=\/wp\/v2\/posts\/250149\/revisions"}],"predecessor-version":[{"id":250165,"href":"https:\/\/www.prijedordanas.com\/index.php?rest_route=\/wp\/v2\/posts\/250149\/revisions\/250165"}],"wp:attachment":[{"href":"https:\/\/www.prijedordanas.com\/index.php?rest_route=%2Fwp%2Fv2%2Fmedia&parent=250149"}],"wp:term":[{"taxonomy":"category","embeddable":true,"href":"https:\/\/www.prijedordanas.com\/index.php?rest_route=%2Fwp%2Fv2%2Fcategories&post=250149"},{"taxonomy":"post_tag","embeddable":true,"href":"https:\/\/www.prijedordanas.com\/index.php?rest_route=%2Fwp%2Fv2%2Ftags&post=250149"}],"curies":[{"name":"wp","href":"https:\/\/api.w.org\/{rel}","templated":true}]}}