{"id":249850,"date":"2025-07-01T18:46:50","date_gmt":"2025-07-01T16:46:50","guid":{"rendered":"https:\/\/www.prijedordanas.com\/?p=249850"},"modified":"2025-07-01T18:46:50","modified_gmt":"2025-07-01T16:46:50","slug":"dom-zdravlja-prijedor-otvara-vakcinalni-centar-centar-za-rani-razvoj-i-rast-te-centar-za-prevenciju-bolesti-i-promociju-zdravlja","status":"publish","type":"post","link":"https:\/\/www.prijedordanas.com\/?p=249850","title":{"rendered":"Dom zdravlja Prijedor otvara vakcinalni centar, Centar za rani razvoj i rast, te Centar za prevenciju bolesti i promociju zdravlja"},"content":{"rendered":"<p><a href=\"https:\/\/www.prijedordanas.com\/wp-content\/uploads\/2025\/07\/dom-zdravlja-prijedor-maj2025-1.jpg\"><img loading=\"lazy\" decoding=\"async\" src=\"https:\/\/www.prijedordanas.com\/wp-content\/uploads\/2025\/07\/dom-zdravlja-prijedor-maj2025-1-300x225.jpg\" alt=\"\" width=\"300\" height=\"225\" class=\"alignleft size-medium wp-image-249852\" srcset=\"https:\/\/www.prijedordanas.com\/wp-content\/uploads\/2025\/07\/dom-zdravlja-prijedor-maj2025-1-300x225.jpg 300w, https:\/\/www.prijedordanas.com\/wp-content\/uploads\/2025\/07\/dom-zdravlja-prijedor-maj2025-1-640x480.jpg 640w, https:\/\/www.prijedordanas.com\/wp-content\/uploads\/2025\/07\/dom-zdravlja-prijedor-maj2025-1.jpg 667w\" sizes=\"(max-width: 300px) 100vw, 300px\" \/><\/a>Dom zdravlja Prijedor krupnim koracima ide naprijed kada su ulaganja u pitanju i u poslednje tri godine investirano je izme\u0111u 500.000 i 600.000 KM direktnih investicija vezanih za opremu  i renoviranje slu\u017ebi.  <\/p>\n<p>Nova pedijatrija je na usluzi  gra\u0111anima, gdje su znatno pobolj\u0161ane usluge najmla\u0111im pacijentima. <\/p>\n<p>Zavr\u0161en je i otvoren vakcinalni centar, a zvani\u010dno otvaranje \u0107e biti tokom jula mjeseca. <\/p>\n<p>Do sada je vakcinacija obavljana pacijentima do 6 godina, a sada je pomjerena do 14 godina i radi\u0107e u dvije smjene. <\/p>\n<p>U planu je  otvaranje Centra za rani rast i razvoj, u saradnji sa resornim ministarstvom i UNICEF-om i po\u010detkom septembra \u0107e po\u010deti s radom. <\/p>\n<p>Slijedi otvaranje Centra za promociju zdravlja i prevenciju nezaraznih bolesti, a otvaranje je planirano tokom devetog mjeseca.<\/p>\n<p>Vrhunac svih aktivnosti  je odr\u017eavanje i organizacija Me\u0111unarodnog simpozijuma u oktobru.<\/p>\n<p>\u201eMislim da ne treba posebno nagla\u0161avati \u0161ta to zna\u010di za na\u0161e sugra\u0111ane vezano za prevenciju , spre\u010davanje mortaliteta, i nezaraznih bolesti koje \u0107emo preventivnim radom poku\u0161ati \u0161to vi\u0161e smanjiti, a kroz odre\u0111ene edukacije i kroz kontrolu na\u0161ih timova porodi\u010dne medicine koji \u0107e se baviti tim aktvonostima i kroz odre\u0111ene akcije gdje \u0107emo obezbjediti besplatne preglede poput ultrazvu\u010dnih, mamografskih pregleda i sli\u010dno \u0161to nismo imali u prethodnom periodu.O\u010dekujemo dolazak eminentnih predava\u010da i gostiju iz regije i inostranstva. Organizator simpozijuma je Dom zdravlja Prijedor , a koorganizatori su Bolnica Prijedor , Specijalisti\u010dka ordinacija \u201ePredojevi\u0107\u201c, Specijalisti\u010dka ordinacija \u201eHannah\u201c. S tim simpozijumom uz pokroviteljstvo Grada Prijedora koje je ve\u0107 najavljeno posla\u0107emo veoma pozitivnu sliku vezanu ne samo za zdravstvo u Prijedoru, ve\u0107 i same prezentacije Grada Prijedora i dokaze da se zajedni\u010dkim djelovanjem kroz privatno i javno partnerstvo mo\u017ee posti\u0107i dobar rezultat\u201c, rekao je za \u201cKozarski vjesnik\u201d direktor JZU Dom zdravlja Prijedor Milo\u0161 Marjanovi\u0107.<\/p>\n<p><strong><a href=\"https:\/\/kozarski.com\/dom-zdravlja-prijedor-otvara-vakcinalni-centar-centar-za-rani-razvoj-i-rast-te-centar-za-prevenciju-zaraznih-bolesti-i-promociju-zdravlja\/\">kozarski.com<\/a><\/strong><\/p>\n","protected":false},"excerpt":{"rendered":"<p>Dom zdravlja Prijedor krupnim koracima ide naprijed kada su ulaganja u pitanju i u poslednje tri godine investirano je izme\u0111u 500.000 i 600.000 KM direktnih investicija vezanih za opremu i [&hellip;]<\/p>\n","protected":false},"author":1,"featured_media":0,"comment_status":"closed","ping_status":"open","sticky":false,"template":"","format":"standard","meta":{"_monsterinsights_skip_tracking":false,"_monsterinsights_sitenote_active":false,"_monsterinsights_sitenote_note":"","_monsterinsights_sitenote_category":0,"footnotes":""},"categories":[4],"tags":[],"yoast_head":"<!-- This site is optimized with the Yoast SEO plugin v21.6 - https:\/\/yoast.com\/wordpress\/plugins\/seo\/ -->\n<title>Dom zdravlja Prijedor otvara vakcinalni centar, Centar za rani razvoj i rast, te Centar za prevenciju bolesti i promociju zdravlja - PrijedorDanas.com - Prijedorski gradski portal<\/title>\n<meta name=\"robots\" content=\"index, follow, max-snippet:-1, max-image-preview:large, max-video-preview:-1\" \/>\n<link rel=\"canonical\" href=\"https:\/\/www.prijedordanas.com\/?p=249850\" \/>\n<meta property=\"og:locale\" content=\"en_US\" \/>\n<meta property=\"og:type\" content=\"article\" \/>\n<meta property=\"og:title\" content=\"Dom zdravlja Prijedor otvara vakcinalni centar, Centar za rani razvoj i rast, te Centar za prevenciju bolesti i promociju zdravlja - PrijedorDanas.com - Prijedorski gradski portal\" \/>\n<meta property=\"og:description\" content=\"Dom zdravlja Prijedor krupnim koracima ide naprijed kada su ulaganja u pitanju i u poslednje tri godine investirano je izme\u0111u 500.000 i 600.000 KM direktnih investicija vezanih za opremu i [&hellip;]\" \/>\n<meta property=\"og:url\" content=\"https:\/\/www.prijedordanas.com\/?p=249850\" \/>\n<meta property=\"og:site_name\" content=\"PrijedorDanas.com - Prijedorski gradski portal\" \/>\n<meta property=\"article:publisher\" content=\"https:\/\/www.facebook.com\/PrijedorDanasCom\/\" \/>\n<meta property=\"article:published_time\" content=\"2025-07-01T16:46:50+00:00\" \/>\n<meta property=\"og:image\" content=\"https:\/\/www.prijedordanas.com\/wp-content\/uploads\/2025\/07\/dom-zdravlja-prijedor-maj2025-1-300x225.jpg\" \/>\n<meta name=\"author\" content=\"admin\" \/>\n<meta name=\"twitter:card\" content=\"summary_large_image\" \/>\n<meta name=\"twitter:label1\" content=\"Written by\" \/>\n\t<meta name=\"twitter:data1\" content=\"admin\" \/>\n\t<meta name=\"twitter:label2\" content=\"Est. reading time\" \/>\n\t<meta name=\"twitter:data2\" content=\"2 minutes\" \/>\n<script type=\"application\/ld+json\" class=\"yoast-schema-graph\">{\"@context\":\"https:\/\/schema.org\",\"@graph\":[{\"@type\":\"Article\",\"@id\":\"https:\/\/www.prijedordanas.com\/?p=249850#article\",\"isPartOf\":{\"@id\":\"https:\/\/www.prijedordanas.com\/?p=249850\"},\"author\":{\"name\":\"admin\",\"@id\":\"https:\/\/www.prijedordanas.com\/#\/schema\/person\/4e08ccf29b506ca916ff86d46bb700e6\"},\"headline\":\"Dom zdravlja Prijedor otvara vakcinalni centar, Centar za rani razvoj i rast, te Centar za prevenciju bolesti i promociju zdravlja\",\"datePublished\":\"2025-07-01T16:46:50+00:00\",\"dateModified\":\"2025-07-01T16:46:50+00:00\",\"mainEntityOfPage\":{\"@id\":\"https:\/\/www.prijedordanas.com\/?p=249850\"},\"wordCount\":331,\"publisher\":{\"@id\":\"https:\/\/www.prijedordanas.com\/#organization\"},\"articleSection\":[\"Dru\u0161tvo\"],\"inLanguage\":\"en-US\"},{\"@type\":\"WebPage\",\"@id\":\"https:\/\/www.prijedordanas.com\/?p=249850\",\"url\":\"https:\/\/www.prijedordanas.com\/?p=249850\",\"name\":\"Dom zdravlja Prijedor otvara vakcinalni centar, Centar za rani razvoj i rast, te Centar za prevenciju bolesti i promociju zdravlja - PrijedorDanas.com - Prijedorski gradski portal\",\"isPartOf\":{\"@id\":\"https:\/\/www.prijedordanas.com\/#website\"},\"datePublished\":\"2025-07-01T16:46:50+00:00\",\"dateModified\":\"2025-07-01T16:46:50+00:00\",\"breadcrumb\":{\"@id\":\"https:\/\/www.prijedordanas.com\/?p=249850#breadcrumb\"},\"inLanguage\":\"en-US\",\"potentialAction\":[{\"@type\":\"ReadAction\",\"target\":[\"https:\/\/www.prijedordanas.com\/?p=249850\"]}]},{\"@type\":\"BreadcrumbList\",\"@id\":\"https:\/\/www.prijedordanas.com\/?p=249850#breadcrumb\",\"itemListElement\":[{\"@type\":\"ListItem\",\"position\":1,\"name\":\"Home\",\"item\":\"https:\/\/www.prijedordanas.com\/\"},{\"@type\":\"ListItem\",\"position\":2,\"name\":\"Dom zdravlja Prijedor otvara vakcinalni centar, Centar za rani razvoj i rast, te Centar za prevenciju bolesti i promociju zdravlja\"}]},{\"@type\":\"WebSite\",\"@id\":\"https:\/\/www.prijedordanas.com\/#website\",\"url\":\"https:\/\/www.prijedordanas.com\/\",\"name\":\"PrijedorDanas.com - Prijedorski gradski portal\",\"description\":\"Portal o doga\u0111anjima u gradu Prijedoru\",\"publisher\":{\"@id\":\"https:\/\/www.prijedordanas.com\/#organization\"},\"potentialAction\":[{\"@type\":\"SearchAction\",\"target\":{\"@type\":\"EntryPoint\",\"urlTemplate\":\"https:\/\/www.prijedordanas.com\/?s={search_term_string}\"},\"query-input\":\"required name=search_term_string\"}],\"inLanguage\":\"en-US\"},{\"@type\":\"Organization\",\"@id\":\"https:\/\/www.prijedordanas.com\/#organization\",\"name\":\"PrijedorDanas.com\",\"url\":\"https:\/\/www.prijedordanas.com\/\",\"logo\":{\"@type\":\"ImageObject\",\"inLanguage\":\"en-US\",\"@id\":\"https:\/\/www.prijedordanas.com\/#\/schema\/logo\/image\/\",\"url\":\"http:\/\/www.prijedordanas.com\/wp-content\/uploads\/2021\/12\/logopng.png\",\"contentUrl\":\"http:\/\/www.prijedordanas.com\/wp-content\/uploads\/2021\/12\/logopng.png\",\"width\":1019,\"height\":776,\"caption\":\"PrijedorDanas.com\"},\"image\":{\"@id\":\"https:\/\/www.prijedordanas.com\/#\/schema\/logo\/image\/\"},\"sameAs\":[\"https:\/\/www.facebook.com\/PrijedorDanasCom\/\"]},{\"@type\":\"Person\",\"@id\":\"https:\/\/www.prijedordanas.com\/#\/schema\/person\/4e08ccf29b506ca916ff86d46bb700e6\",\"name\":\"admin\",\"image\":{\"@type\":\"ImageObject\",\"inLanguage\":\"en-US\",\"@id\":\"https:\/\/www.prijedordanas.com\/#\/schema\/person\/image\/\",\"url\":\"https:\/\/secure.gravatar.com\/avatar\/1d3fc949d550f0b53a5f0d51e06dfd79?s=96&d=mm&r=g\",\"contentUrl\":\"https:\/\/secure.gravatar.com\/avatar\/1d3fc949d550f0b53a5f0d51e06dfd79?s=96&d=mm&r=g\",\"caption\":\"admin\"},\"url\":\"https:\/\/www.prijedordanas.com\/?author=1\"}]}<\/script>\n<!-- \/ Yoast SEO plugin. -->","yoast_head_json":{"title":"Dom zdravlja Prijedor otvara vakcinalni centar, Centar za rani razvoj i rast, te Centar za prevenciju bolesti i promociju zdravlja - PrijedorDanas.com - Prijedorski gradski portal","robots":{"index":"index","follow":"follow","max-snippet":"max-snippet:-1","max-image-preview":"max-image-preview:large","max-video-preview":"max-video-preview:-1"},"canonical":"https:\/\/www.prijedordanas.com\/?p=249850","og_locale":"en_US","og_type":"article","og_title":"Dom zdravlja Prijedor otvara vakcinalni centar, Centar za rani razvoj i rast, te Centar za prevenciju bolesti i promociju zdravlja - PrijedorDanas.com - Prijedorski gradski portal","og_description":"Dom zdravlja Prijedor krupnim koracima ide naprijed kada su ulaganja u pitanju i u poslednje tri godine investirano je izme\u0111u 500.000 i 600.000 KM direktnih investicija vezanih za opremu i [&hellip;]","og_url":"https:\/\/www.prijedordanas.com\/?p=249850","og_site_name":"PrijedorDanas.com - Prijedorski gradski portal","article_publisher":"https:\/\/www.facebook.com\/PrijedorDanasCom\/","article_published_time":"2025-07-01T16:46:50+00:00","og_image":[{"url":"https:\/\/www.prijedordanas.com\/wp-content\/uploads\/2025\/07\/dom-zdravlja-prijedor-maj2025-1-300x225.jpg"}],"author":"admin","twitter_card":"summary_large_image","twitter_misc":{"Written by":"admin","Est. reading time":"2 minutes"},"schema":{"@context":"https:\/\/schema.org","@graph":[{"@type":"Article","@id":"https:\/\/www.prijedordanas.com\/?p=249850#article","isPartOf":{"@id":"https:\/\/www.prijedordanas.com\/?p=249850"},"author":{"name":"admin","@id":"https:\/\/www.prijedordanas.com\/#\/schema\/person\/4e08ccf29b506ca916ff86d46bb700e6"},"headline":"Dom zdravlja Prijedor otvara vakcinalni centar, Centar za rani razvoj i rast, te Centar za prevenciju bolesti i promociju zdravlja","datePublished":"2025-07-01T16:46:50+00:00","dateModified":"2025-07-01T16:46:50+00:00","mainEntityOfPage":{"@id":"https:\/\/www.prijedordanas.com\/?p=249850"},"wordCount":331,"publisher":{"@id":"https:\/\/www.prijedordanas.com\/#organization"},"articleSection":["Dru\u0161tvo"],"inLanguage":"en-US"},{"@type":"WebPage","@id":"https:\/\/www.prijedordanas.com\/?p=249850","url":"https:\/\/www.prijedordanas.com\/?p=249850","name":"Dom zdravlja Prijedor otvara vakcinalni centar, Centar za rani razvoj i rast, te Centar za prevenciju bolesti i promociju zdravlja - PrijedorDanas.com - Prijedorski gradski portal","isPartOf":{"@id":"https:\/\/www.prijedordanas.com\/#website"},"datePublished":"2025-07-01T16:46:50+00:00","dateModified":"2025-07-01T16:46:50+00:00","breadcrumb":{"@id":"https:\/\/www.prijedordanas.com\/?p=249850#breadcrumb"},"inLanguage":"en-US","potentialAction":[{"@type":"ReadAction","target":["https:\/\/www.prijedordanas.com\/?p=249850"]}]},{"@type":"BreadcrumbList","@id":"https:\/\/www.prijedordanas.com\/?p=249850#breadcrumb","itemListElement":[{"@type":"ListItem","position":1,"name":"Home","item":"https:\/\/www.prijedordanas.com\/"},{"@type":"ListItem","position":2,"name":"Dom zdravlja Prijedor otvara vakcinalni centar, Centar za rani razvoj i rast, te Centar za prevenciju bolesti i promociju zdravlja"}]},{"@type":"WebSite","@id":"https:\/\/www.prijedordanas.com\/#website","url":"https:\/\/www.prijedordanas.com\/","name":"PrijedorDanas.com - Prijedorski gradski portal","description":"Portal o doga\u0111anjima u gradu Prijedoru","publisher":{"@id":"https:\/\/www.prijedordanas.com\/#organization"},"potentialAction":[{"@type":"SearchAction","target":{"@type":"EntryPoint","urlTemplate":"https:\/\/www.prijedordanas.com\/?s={search_term_string}"},"query-input":"required name=search_term_string"}],"inLanguage":"en-US"},{"@type":"Organization","@id":"https:\/\/www.prijedordanas.com\/#organization","name":"PrijedorDanas.com","url":"https:\/\/www.prijedordanas.com\/","logo":{"@type":"ImageObject","inLanguage":"en-US","@id":"https:\/\/www.prijedordanas.com\/#\/schema\/logo\/image\/","url":"http:\/\/www.prijedordanas.com\/wp-content\/uploads\/2021\/12\/logopng.png","contentUrl":"http:\/\/www.prijedordanas.com\/wp-content\/uploads\/2021\/12\/logopng.png","width":1019,"height":776,"caption":"PrijedorDanas.com"},"image":{"@id":"https:\/\/www.prijedordanas.com\/#\/schema\/logo\/image\/"},"sameAs":["https:\/\/www.facebook.com\/PrijedorDanasCom\/"]},{"@type":"Person","@id":"https:\/\/www.prijedordanas.com\/#\/schema\/person\/4e08ccf29b506ca916ff86d46bb700e6","name":"admin","image":{"@type":"ImageObject","inLanguage":"en-US","@id":"https:\/\/www.prijedordanas.com\/#\/schema\/person\/image\/","url":"https:\/\/secure.gravatar.com\/avatar\/1d3fc949d550f0b53a5f0d51e06dfd79?s=96&d=mm&r=g","contentUrl":"https:\/\/secure.gravatar.com\/avatar\/1d3fc949d550f0b53a5f0d51e06dfd79?s=96&d=mm&r=g","caption":"admin"},"url":"https:\/\/www.prijedordanas.com\/?author=1"}]}},"_links":{"self":[{"href":"https:\/\/www.prijedordanas.com\/index.php?rest_route=\/wp\/v2\/posts\/249850"}],"collection":[{"href":"https:\/\/www.prijedordanas.com\/index.php?rest_route=\/wp\/v2\/posts"}],"about":[{"href":"https:\/\/www.prijedordanas.com\/index.php?rest_route=\/wp\/v2\/types\/post"}],"author":[{"embeddable":true,"href":"https:\/\/www.prijedordanas.com\/index.php?rest_route=\/wp\/v2\/users\/1"}],"replies":[{"embeddable":true,"href":"https:\/\/www.prijedordanas.com\/index.php?rest_route=%2Fwp%2Fv2%2Fcomments&post=249850"}],"version-history":[{"count":1,"href":"https:\/\/www.prijedordanas.com\/index.php?rest_route=\/wp\/v2\/posts\/249850\/revisions"}],"predecessor-version":[{"id":249853,"href":"https:\/\/www.prijedordanas.com\/index.php?rest_route=\/wp\/v2\/posts\/249850\/revisions\/249853"}],"wp:attachment":[{"href":"https:\/\/www.prijedordanas.com\/index.php?rest_route=%2Fwp%2Fv2%2Fmedia&parent=249850"}],"wp:term":[{"taxonomy":"category","embeddable":true,"href":"https:\/\/www.prijedordanas.com\/index.php?rest_route=%2Fwp%2Fv2%2Fcategories&post=249850"},{"taxonomy":"post_tag","embeddable":true,"href":"https:\/\/www.prijedordanas.com\/index.php?rest_route=%2Fwp%2Fv2%2Ftags&post=249850"}],"curies":[{"name":"wp","href":"https:\/\/api.w.org\/{rel}","templated":true}]}}